{"id":529196,"date":"2025-03-03T09:27:44","date_gmt":"2025-03-03T13:27:44","guid":{"rendered":"https:\/\/diarioelpopular.com\/?p=529196"},"modified":"2025-03-03T09:27:44","modified_gmt":"2025-03-03T13:27:44","slug":"canada-post-y-el-sindicato-dicen-que-no-se-llego-a-ningun-acuerdo-durante-las-negociaciones-mediadas-este-fin-de-semana","status":"publish","type":"post","link":"https:\/\/diarioelpopular.com\/index.php\/2025\/03\/03\/canada-post-y-el-sindicato-dicen-que-no-se-llego-a-ningun-acuerdo-durante-las-negociaciones-mediadas-este-fin-de-semana\/","title":{"rendered":"Canada Post y el sindicato dicen que no se lleg\u00f3 a ning\u00fan acuerdo durante las negociaciones mediadas este fin de semana"},"content":{"rendered":"<div id=\"attachment_529197\" style=\"width: 646px\" class=\"wp-caption alignnone\"><img loading=\"lazy\" decoding=\"async\" aria-describedby=\"caption-attachment-529197\" class=\"wp-image-529197 size-custom-full-size\" src=\"https:\/\/diarioelpopular.com\/wp-content\/uploads\/2025\/03\/Screen-Shot-2025-03-03-at-8.24.29-AM-636x477.png\" alt=\"\" width=\"636\" height=\"477\" srcset=\"https:\/\/diarioelpopular.com\/wp-content\/uploads\/2025\/03\/Screen-Shot-2025-03-03-at-8.24.29-AM-636x477.png 636w, https:\/\/diarioelpopular.com\/wp-content\/uploads\/2025\/03\/Screen-Shot-2025-03-03-at-8.24.29-AM-300x225.png 300w, https:\/\/diarioelpopular.com\/wp-content\/uploads\/2025\/03\/Screen-Shot-2025-03-03-at-8.24.29-AM-768x576.png 768w, https:\/\/diarioelpopular.com\/wp-content\/uploads\/2025\/03\/Screen-Shot-2025-03-03-at-8.24.29-AM-97x73.png 97w, https:\/\/diarioelpopular.com\/wp-content\/uploads\/2025\/03\/Screen-Shot-2025-03-03-at-8.24.29-AM.png 840w\" sizes=\"auto, (max-width: 636px) 100vw, 636px\" \/><p id=\"caption-attachment-529197\" class=\"wp-caption-text\">Trabajadores de Canada Post caminando por las l\u00edneas de piquete en la planta de clasificaci\u00f3n de Toronto South Central en Eastern Ave. el lunes 2 de diciembre de 2024. Foto de Jack Boland \/ Toronto Sun<\/p><\/div>\n<p>&nbsp;<\/p>\n<p>&nbsp;<\/p>\n<p>&nbsp;<\/p>\n<ul>\n<li><em><strong>Canada Post acusa al sindicato que representa a sus m\u00e1s de 55.000 trabajadores de mostrar \u201cpoco movimiento significativo\u201d durante las negociaciones mediadas este fin de semana para poner fin a una disputa laboral que llev\u00f3 a los empleados a volver al trabajo a finales del a\u00f1o pasado, causando grandes problemas a los ciudadanos y p\u00e9rdidas a la econom\u00eda<\/strong><\/em><\/li>\n<\/ul>\n<p>&nbsp;<\/p>\n<p>Un comunicado de Canada Post del domingo dijo que la corporaci\u00f3n de la Corona present\u00f3 \u201cun modelo de entrega de fin de semana viable y asequible\u201d que dice que la har\u00eda competitiva para la entrega de paquetes, utilizando una fuerza laboral dedicada a tiempo parcial.<\/p>\n<p>Pero anota que el Sindicato Canadiense de Trabajadores Postales \u201cno reconoci\u00f3 los desaf\u00edos significativos\u201d que enfrenta Canada Post y dice que est\u00e1 decepcionado de que no se haya podido llegar a ning\u00fan acuerdo este fin de semana.<\/p>\n<p>El sindicato dijo en su propia declaraci\u00f3n del domingo que Canada Post \u201csigui\u00f3 presionando para realizar reducciones serias\u201d que, seg\u00fan afirma, destrozar\u00edan sus acuerdos, \u201char\u00edan estallar el trabajo a tiempo parcial y temporal\u201d y amenazar\u00edan los empleos a tiempo completo.<\/p>\n<p>Ambas partes iniciaron conversaciones mediadas despu\u00e9s de una huelga nacional que termin\u00f3 en diciembre cuando el gobierno orden\u00f3 a la junta laboral que ordenara a los empleados que volvieran al trabajo si no se pod\u00eda llegar a un acuerdo antes de fin de a\u00f1o.<\/p>\n<p>Las dos partes tambi\u00e9n est\u00e1n en medio de audiencias como parte de una investigaci\u00f3n federal que analiza los problemas estructurales y comerciales que enfrenta Canada Post, y el sindicato dice que continuar\u00e1 con su impugnaci\u00f3n constitucional ante la Junta de Relaciones Industriales de Canad\u00e1 de la orden de regreso al trabajo de diciembre.<\/p>\n<p>&nbsp;<\/p>\n","protected":false},"excerpt":{"rendered":"<p>&nbsp; &nbsp; &nbsp; Canada Post acusa al sindicato que representa a sus m\u00e1s de 55.000 trabajadores de mostrar \u201cpoco movimiento significativo\u201d durante las negociaciones mediadas&hellip;<\/p>\n","protected":false},"author":99,"featured_media":529197,"comment_status":"open","ping_status":"open","sticky":false,"template":"","format":"standard","meta":{"footnotes":""},"categories":[21],"tags":[],"class_list":["post-529196","post","type-post","status-publish","format-standard","has-post-thumbnail","hentry","category-canada"],"_links":{"self":[{"href":"https:\/\/diarioelpopular.com\/index.php\/wp-json\/wp\/v2\/posts\/529196","targetHints":{"allow":["GET"]}}],"collection":[{"href":"https:\/\/diarioelpopular.com\/index.php\/wp-json\/wp\/v2\/posts"}],"about":[{"href":"https:\/\/diarioelpopular.com\/index.php\/wp-json\/wp\/v2\/types\/post"}],"author":[{"embeddable":true,"href":"https:\/\/diarioelpopular.com\/index.php\/wp-json\/wp\/v2\/users\/99"}],"replies":[{"embeddable":true,"href":"https:\/\/diarioelpopular.com\/index.php\/wp-json\/wp\/v2\/comments?post=529196"}],"version-history":[{"count":1,"href":"https:\/\/diarioelpopular.com\/index.php\/wp-json\/wp\/v2\/posts\/529196\/revisions"}],"predecessor-version":[{"id":529198,"href":"https:\/\/diarioelpopular.com\/index.php\/wp-json\/wp\/v2\/posts\/529196\/revisions\/529198"}],"wp:featuredmedia":[{"embeddable":true,"href":"https:\/\/diarioelpopular.com\/index.php\/wp-json\/wp\/v2\/media\/529197"}],"wp:attachment":[{"href":"https:\/\/diarioelpopular.com\/index.php\/wp-json\/wp\/v2\/media?parent=529196"}],"wp:term":[{"taxonomy":"category","embeddable":true,"href":"https:\/\/diarioelpopular.com\/index.php\/wp-json\/wp\/v2\/categories?post=529196"},{"taxonomy":"post_tag","embeddable":true,"href":"https:\/\/diarioelpopular.com\/index.php\/wp-json\/wp\/v2\/tags?post=529196"}],"curies":[{"name":"wp","href":"https:\/\/api.w.org\/{rel}","templated":true}]}}