{"id":529203,"date":"2025-03-03T10:05:23","date_gmt":"2025-03-03T14:05:23","guid":{"rendered":"https:\/\/diarioelpopular.com\/?p=529203"},"modified":"2025-03-03T10:05:23","modified_gmt":"2025-03-03T14:05:23","slug":"de-gaza-a-los-idiotas-dos-imaginarios-distopicos","status":"publish","type":"post","link":"https:\/\/diarioelpopular.com\/index.php\/2025\/03\/03\/de-gaza-a-los-idiotas-dos-imaginarios-distopicos\/","title":{"rendered":"De Gaza a \u201clos idiotas\u201d: dos imaginarios dist\u00f3picos"},"content":{"rendered":"<div id=\"attachment_529205\" style=\"width: 646px\" class=\"wp-caption alignnone\"><img loading=\"lazy\" decoding=\"async\" aria-describedby=\"caption-attachment-529205\" class=\"wp-image-529205 size-custom-full-size\" src=\"https:\/\/diarioelpopular.com\/wp-content\/uploads\/2025\/03\/Screen-Shot-2025-03-03-at-9.04.18-AM-636x371.png\" alt=\"\" width=\"636\" height=\"371\" srcset=\"https:\/\/diarioelpopular.com\/wp-content\/uploads\/2025\/03\/Screen-Shot-2025-03-03-at-9.04.18-AM-636x371.png 636w, https:\/\/diarioelpopular.com\/wp-content\/uploads\/2025\/03\/Screen-Shot-2025-03-03-at-9.04.18-AM-300x175.png 300w, https:\/\/diarioelpopular.com\/wp-content\/uploads\/2025\/03\/Screen-Shot-2025-03-03-at-9.04.18-AM-768x448.png 768w, https:\/\/diarioelpopular.com\/wp-content\/uploads\/2025\/03\/Screen-Shot-2025-03-03-at-9.04.18-AM-125x73.png 125w, https:\/\/diarioelpopular.com\/wp-content\/uploads\/2025\/03\/Screen-Shot-2025-03-03-at-9.04.18-AM.png 978w\" sizes=\"auto, (max-width: 636px) 100vw, 636px\" \/><p id=\"caption-attachment-529205\" class=\"wp-caption-text\">Tres im\u00e1genes del rid\u00edculo y eg\u00f3latra v\u00eddeo que Trump subi\u00f3 a Truth y a Instagram.<\/p><\/div>\n<p>&nbsp;<\/p>\n<p>&nbsp;<\/p>\n<h4 class=\"a_st\"><em>&#8211; El lenguaje sirve para construir una realidad delirante o para evitar un disparate<\/em><\/h4>\n<p>&nbsp;<\/p>\n<p class=\"\">Donald Trump, como un complemento m\u00e1s su enorme ego, comparti\u00f3<a href=\"https:\/\/elpais.com\/videos\/2025-02-26\/gaza-transformada-en-un-resort-turistico-trump-difunde-un-video-con-ia-que-recrea-su-proyecto-de-la-riviera-de-oriente-proximo.html\" target=\"_blank\" rel=\"noopener\" data-link-track-dtm=\"\" data-mrf-link=\"https:\/\/elpais.com\/videos\/2025-02-26\/gaza-transformada-en-un-resort-turistico-trump-difunde-un-video-con-ia-que-recrea-su-proyecto-de-la-riviera-de-oriente-proximo.html\">\u00a0el v\u00eddeo en su red social, Truth.\u00a0<\/a>No dio detalles sobre su origen ni especific\u00f3 con qu\u00e9 tecnolog\u00eda de inteligencia artificial se gener\u00f3. As\u00ed que solo cabe intuir las instrucciones que el creador tuvo que transmitir al programa, en las que deben de mezclarse localizaciones como Gaza, nombres propios como los del mismo Trump, Elon Musk o Benjamin Netanyahu,\u00a0<a href=\"https:\/\/truthsocial.com\/@realDonaldTrump\/posts\/114068387897265338\" target=\"_blank\" rel=\"noopener\" data-link-track-dtm=\"\" data-mrf-link=\"https:\/\/truthsocial.com\/@realDonaldTrump\/posts\/114068387897265338\">conceptos como lujo, turismo, fiesta, o vocablos como playa, piscina, estatua, oro, c\u00f3cteles,<\/a>\u00a0comida.<\/p>\n<p class=\"\">Antes que construir realidades, las palabras edifican imaginarios. Y la animaci\u00f3n sobre Gaza publicada por el presidente de Estados Unidos consolida un imaginario. La propuesta de levantar en la Franja una \u201cRiviera de Oriente Pr\u00f3ximo\u201d fue\u00a0<a href=\"https:\/\/elpais.com\/internacional\/2025-02-10\/trump-insiste-en-hacerse-con-el-control-de-gaza-y-se-declara-comprometido-a-comprarla-y-poseerla.html\" target=\"_blank\" rel=\"noopener\" data-link-track-dtm=\"\" data-mrf-link=\"https:\/\/elpais.com\/internacional\/2025-02-10\/trump-insiste-en-hacerse-con-el-control-de-gaza-y-se-declara-comprometido-a-comprarla-y-poseerla.html\">una de las primeras provocaciones del magnate\u00a0<\/a>republicano tras su regreso a la Casa Blanca. El dislate, sin embargo, se quedar\u00e1 en el repertorio de fantas\u00edas macabras de 2025 y, pese al airado rechazo generalizado, recibi\u00f3 el aplauso, o al menos la difusi\u00f3n, de una multitud de usuarios partidarios de MAGA.<\/p>\n<p class=\"\">Otro desprop\u00f3sito relacionado con las palabras, los imaginarios y las realidades ha marcado la actualidad pol\u00edtica de Argentina en los \u00faltimos d\u00edas. El pasado 14 de enero, el Gobierno del ultraderechista Javier Milei public\u00f3 en el\u00a0<i>Bolet\u00edn Oficial de la Rep\u00fablica\u00a0<\/i><a href=\"https:\/\/elpais.com\/argentina\/2025-02-27\/idiota-imbecil-debil-mental-el-gobierno-de-milei-resucita-insultos-para-clasificar-la-discapacidad.html\" target=\"_blank\" rel=\"noopener\" data-link-track-dtm=\"\" data-mrf-link=\"https:\/\/elpais.com\/argentina\/2025-02-27\/idiota-imbecil-debil-mental-el-gobierno-de-milei-resucita-insultos-para-clasificar-la-discapacidad.html\">una nueva tabla que clasifica los grados de discapacidad intelectual\u00a0<\/a>seg\u00fan un criterio que pisotea un siglo de psiquiatr\u00eda, medicina y ciencia. El cambio, una aut\u00e9ntica obscenidad ling\u00fc\u00edsitica, enterraba las categor\u00edas de discapacidad intelectual leve, moderada, grave o profunda y recuperaba los calificaciones de \u201cidiota\u201d, \u201cimb\u00e9cil\u201d, \u201cd\u00e9bil mental profundo, moderado o leve\u201d. Ah\u00ed se pas\u00f3 de revoluciones.<\/p>\n<p class=\"\">La condena fue pr\u00e1cticamente un\u00e1nime. Hubo quien record\u00f3 que la Alemania nazi buscaba complicidad social para justificar\u00a0<a href=\"https:\/\/elpais.com\/cultura\/2021-09-27\/los-discapacitados-las-victimas-olvidadas-del-nazismo.html\" target=\"_blank\" rel=\"noopener\" data-link-track-dtm=\"\" data-mrf-link=\"https:\/\/elpais.com\/cultura\/2021-09-27\/los-discapacitados-las-victimas-olvidadas-del-nazismo.html\">el exterminio sistem\u00e1tico de las personas discapacitadas\u00a0<\/a>por suponer una carga para las arcas p\u00fablicas. La indignaci\u00f3n ante la deshumanizaci\u00f3n del lenguaje por decreto corri\u00f3 como la p\u00f3lvora en X y otras redes sociales. El periodista y escritor Mart\u00edn Caparr\u00f3s aplic\u00f3 los mismos calificativos al trabajo del Gobierno. Amnist\u00eda Internacional opt\u00f3 por el humor y public\u00f3 un mensaje acompa\u00f1ado de im\u00e1genes de la Edad Media: \u201cEl Medioevo horrorizado con el trato de Milei a las personas con discapacidad\u201d.<\/p>\n<p class=\"\">La modificaci\u00f3n recogida por el\u00a0<i>Bolet\u00edn Oficial\u00a0<\/i>no tuvo repercusi\u00f3n hasta la denuncia de un perfil de X llamado Arrepentidos de Milei, que alcanz\u00f3 el mill\u00f3n y medio de visualizaciones. Ante la presi\u00f3n social, la Agencia Nacional De Discapacidad (Andis) rectific\u00f3 y asegur\u00f3 que modificar\u00eda la resoluci\u00f3n en cuesti\u00f3n.<\/p>\n<p class=\"\">El director del organismo, Diego Spagnuolo, difundi\u00f3 una disculpa a medias: \u201cQuiero dejar en claro que la publicaci\u00f3n de los t\u00e9rminos en cuesti\u00f3n no tuvo ninguna intenci\u00f3n discriminatoria, sino que se trat\u00f3 de un error derivado del uso de conceptos pertenecientes a una terminolog\u00eda obsoleta. La Resoluci\u00f3n 187\/2025 ser\u00e1 modificada siguiendo los est\u00e1ndares m\u00e9dicos y normativos vigentes\u201d. Spagnuolo afirm\u00f3 tambi\u00e9n que \u201clas personas responsables por lo que pas\u00f3 ya fueron desvinculadas de ANDIS\u201d.<\/p>\n<p class=\"\">Sin embargo, los usuarios recordaron que el principal responsable es el propio director de la agencia, ya que firm\u00f3 la orden. A eso se a\u00f1ade que la Asociaci\u00f3n Civil por la Igualdad y la Justicia (ACIJ) y otras organizaciones enviaron a principios de febrero una carta a Spagnuolo para exigir una derogaci\u00f3n de la resoluci\u00f3n. Esto es, las autoridades no hicieron nada hasta que el cambio del baremo se convirti\u00f3 en un esc\u00e1ndalo p\u00fablico. \u201cEl lenguaje y los modos en los que nos referimos a las otras personas no son inocuos, sino que tienen impactos concretos en las pol\u00edticas, en las pr\u00e1cticas y en las culturas\u201d, se lee en el texto. De Gaza a Argentina, las palabras han fabricado dos imaginarios dist\u00f3picos. En el caso del v\u00eddeo de\u00a0<i>la Riviera<\/i>\u00a0de Oriente Pr\u00f3ximo, las redes sociales han contribuido a magnificarlo, creando una condici\u00f3n de posibilidad para una realidad delirante. En el segundo, han evitado un disparate.<\/p>\n","protected":false},"excerpt":{"rendered":"<p>&nbsp; &nbsp; &#8211; El lenguaje sirve para construir una realidad delirante o para evitar un disparate &nbsp; Donald Trump, como un complemento m\u00e1s su enorme&hellip;<\/p>\n","protected":false},"author":99,"featured_media":529205,"comment_status":"open","ping_status":"open","sticky":false,"template":"","format":"standard","meta":{"footnotes":""},"categories":[24],"tags":[],"class_list":["post-529203","post","type-post","status-publish","format-standard","has-post-thumbnail","hentry","category-mundo"],"_links":{"self":[{"href":"https:\/\/diarioelpopular.com\/index.php\/wp-json\/wp\/v2\/posts\/529203","targetHints":{"allow":["GET"]}}],"collection":[{"href":"https:\/\/diarioelpopular.com\/index.php\/wp-json\/wp\/v2\/posts"}],"about":[{"href":"https:\/\/diarioelpopular.com\/index.php\/wp-json\/wp\/v2\/types\/post"}],"author":[{"embeddable":true,"href":"https:\/\/diarioelpopular.com\/index.php\/wp-json\/wp\/v2\/users\/99"}],"replies":[{"embeddable":true,"href":"https:\/\/diarioelpopular.com\/index.php\/wp-json\/wp\/v2\/comments?post=529203"}],"version-history":[{"count":1,"href":"https:\/\/diarioelpopular.com\/index.php\/wp-json\/wp\/v2\/posts\/529203\/revisions"}],"predecessor-version":[{"id":529206,"href":"https:\/\/diarioelpopular.com\/index.php\/wp-json\/wp\/v2\/posts\/529203\/revisions\/529206"}],"wp:featuredmedia":[{"embeddable":true,"href":"https:\/\/diarioelpopular.com\/index.php\/wp-json\/wp\/v2\/media\/529205"}],"wp:attachment":[{"href":"https:\/\/diarioelpopular.com\/index.php\/wp-json\/wp\/v2\/media?parent=529203"}],"wp:term":[{"taxonomy":"category","embeddable":true,"href":"https:\/\/diarioelpopular.com\/index.php\/wp-json\/wp\/v2\/categories?post=529203"},{"taxonomy":"post_tag","embeddable":true,"href":"https:\/\/diarioelpopular.com\/index.php\/wp-json\/wp\/v2\/tags?post=529203"}],"curies":[{"name":"wp","href":"https:\/\/api.w.org\/{rel}","templated":true}]}}