{"id":529220,"date":"2025-03-03T10:36:04","date_gmt":"2025-03-03T14:36:04","guid":{"rendered":"https:\/\/diarioelpopular.com\/?p=529220"},"modified":"2025-03-03T10:36:04","modified_gmt":"2025-03-03T14:36:04","slug":"los-indigenas-quieren-copresidir-la-cop30-los-tendra-en-cuenta-la-primera-cumbre-climatica-amazonica","status":"publish","type":"post","link":"https:\/\/diarioelpopular.com\/index.php\/2025\/03\/03\/los-indigenas-quieren-copresidir-la-cop30-los-tendra-en-cuenta-la-primera-cumbre-climatica-amazonica\/","title":{"rendered":"Los ind\u00edgenas quieren copresidir la COP30: \u00bflos tendr\u00e1 en cuenta la primera cumbre clim\u00e1tica amaz\u00f3nica?"},"content":{"rendered":"<div id=\"attachment_529221\" style=\"width: 1210px\" class=\"wp-caption alignnone\"><img loading=\"lazy\" decoding=\"async\" aria-describedby=\"caption-attachment-529221\" class=\"wp-image-529221 size-custom-big-size\" src=\"https:\/\/diarioelpopular.com\/wp-content\/uploads\/2025\/03\/Screen-Shot-2025-03-03-at-9.35.21-AM-1200x801.png\" alt=\"\" width=\"1200\" height=\"801\" srcset=\"https:\/\/diarioelpopular.com\/wp-content\/uploads\/2025\/03\/Screen-Shot-2025-03-03-at-9.35.21-AM-1200x801.png 1200w, https:\/\/diarioelpopular.com\/wp-content\/uploads\/2025\/03\/Screen-Shot-2025-03-03-at-9.35.21-AM-300x200.png 300w, https:\/\/diarioelpopular.com\/wp-content\/uploads\/2025\/03\/Screen-Shot-2025-03-03-at-9.35.21-AM-768x513.png 768w, https:\/\/diarioelpopular.com\/wp-content\/uploads\/2025\/03\/Screen-Shot-2025-03-03-at-9.35.21-AM-636x425.png 636w, https:\/\/diarioelpopular.com\/wp-content\/uploads\/2025\/03\/Screen-Shot-2025-03-03-at-9.35.21-AM-109x73.png 109w, https:\/\/diarioelpopular.com\/wp-content\/uploads\/2025\/03\/Screen-Shot-2025-03-03-at-9.35.21-AM.png 1024w\" sizes=\"auto, (max-width: 1200px) 100vw, 1200px\" \/><p id=\"caption-attachment-529221\" class=\"wp-caption-text\">Un ind\u00edgena del Amazonas toca un instrumento en la Zona Verde de la COP16 este lunes, en Cali, Colombia, el 21 de octubre de 2024. Ernesto Guzm\u00e1n (EFE)<\/p><\/div>\n<p>&nbsp;<\/p>\n<p>&nbsp;<\/p>\n<h4 class=\"a_st\"><em>&#8211; El G9, una coalici\u00f3n de l\u00edderes de los nueve pa\u00edses que comparten la Amazonia, demanda prohibir la exploraci\u00f3n de hidrocarburos en la selva tropical m\u00e1s grande del mundo<\/em><\/h4>\n<p>&nbsp;<\/p>\n<p class=\"\">En noviembre de 2024, al margen de las conversaciones\u00a0<a href=\"https:\/\/elpais.com\/clima-y-medio-ambiente\/2025-02-28\/los-paises-acuerdan-una-hoja-de-ruta-para-la-financiacion-de-la-proteccion-de-la-biodiversidad.html\" target=\"_blank\" rel=\"noopener\" data-link-track-dtm=\"\" data-mrf-link=\"https:\/\/elpais.com\/clima-y-medio-ambiente\/2025-02-28\/los-paises-acuerdan-una-hoja-de-ruta-para-la-financiacion-de-la-proteccion-de-la-biodiversidad.html\">internacionales sobre biodiversidad<\/a>\u00a0(COP16) que se hicieron en Cali, Colombia, ind\u00edgenas de los nueve pa\u00edses amaz\u00f3nicos\u00a0<a href=\"https:\/\/elpais.com\/america-futura\/2024-11-01\/cop16-la-ultima-oportunidad-para-evitar-que-la-amazonia-llegue-a-su-punto-de-no-retorno.html\" target=\"_blank\" rel=\"noopener\" data-link-track-dtm=\"\" data-mrf-link=\"https:\/\/elpais.com\/america-futura\/2024-11-01\/cop16-la-ultima-oportunidad-para-evitar-que-la-amazonia-llegue-a-su-punto-de-no-retorno.html\">crearon el G-9.<\/a>\u00a0Imitando coaliciones como el G-20 o el G-7, los pueblos de la selva tropical m\u00e1s grande del mundo se integraron para negociar en bloque.<\/p>\n<p class=\"\">Su sincronizaci\u00f3n fue oportuna: a finales de este a\u00f1o se celebrar\u00e1 en Brasil la Cumbre de Cambio Clim\u00e1tico de Naciones Unidas (<a href=\"https:\/\/elpais.com\/america\/2024-12-04\/brasil-ante-la-cop30.html\" target=\"_blank\" rel=\"noopener\" data-link-track-dtm=\"\" data-mrf-link=\"https:\/\/elpais.com\/america\/2024-12-04\/brasil-ante-la-cop30.html\">COP30<\/a>). Su sede, la ciudad de Bel\u00e9n do Para, fue propuesta por el presidente Luiz In\u00e1cio Lula da Silva para albergar la primera cumbre amaz\u00f3nica de la historia. Ese ser\u00e1 tambi\u00e9n el escenario en el que el G-9 medir\u00e1 sus fuerzas.<\/p>\n<p class=\"\">\u201cDesde la COP16 hemos venido fortaleci\u00e9ndonos\u201d, cuenta Toya Manchineri, director Ejecutivo de la Coordinadora Conjunta de Organizaciones Ind\u00edgenas de la Amazonia Brasile\u00f1a (Coiab), que hace parte del G-9. Hace una semana, el grupo se reuni\u00f3 en Manaos y la pr\u00f3xima semana lo har\u00e1 en Guyana con el prop\u00f3sito de que no se repita una historia que, dicen, sucede en todas las cumbres ambientales. Se habla de la importancia de los ind\u00edgenas en la conservaci\u00f3n, sobre sus territorios y c\u00f3mo los resguardan de la codicia por extraer. Pero, aunque tienen voz, no tienen voto en las decisiones finales. \u201cLa cuesti\u00f3n de la participaci\u00f3n no llega al piso, hasta las bases\u201d, asegura.<\/p>\n<p class=\"\">Por eso, el G-9 ha elevado al Gobierno de Brasil y al presidente de la COP30, el embajador Andr\u00e9 Corr\u00eaa do Lago, la petici\u00f3n de que esta organizaci\u00f3n de ind\u00edgenas amaz\u00f3nicos tenga la copresidencia de la cumbre. \u201cNo permitiremos que se tomen decisiones vitales sobre el futuro del planeta sin nuestra plena participaci\u00f3n. La Amazonia, nuestro hogar sagrado, no puede ser tratada como un escenario m\u00e1s en las discusiones sobre el clima. Debe ser el epicentro de estas negociaciones\u201d, aclaran en un comunicado que dej\u00f3 la reuni\u00f3n en Manaos.<\/p>\n<p class=\"\">Que el G9 logre la copresidencia de la COP30 no parece ser algo viable. En una entrevista que Corr\u00eaa do Lago dio a varios medios, explic\u00f3 que lo que est\u00e1n haciendo es trabajar de la mano con la ministra de Pueblos Ind\u00edgenas de Brasil,\u00a0<a href=\"https:\/\/elpais.com\/sociedad\/2019\/08\/20\/actualidad\/1566321378_818654.html\" target=\"_blank\" rel=\"noopener\" data-link-track-dtm=\"\" data-mrf-link=\"https:\/\/elpais.com\/sociedad\/2019\/08\/20\/actualidad\/1566321378_818654.html\">S\u00f4nia Guajajara<\/a>, sobre c\u00f3mo la cumbre puede tener un consejo especial de pueblos ind\u00edgenas que acompa\u00f1e el proceso. \u201cObviamente, los ind\u00edgenas tendr\u00e1n un papel en esta COP30, como nunca lo han tenido en otras\u201d, se\u00f1al\u00f3. \u201cQueremos que est\u00e9n mucho m\u00e1s presentes y que no solo tengan que luchar por estos espacios cuando se trata de temas que los conciernen, sino sobre todos. Y los temas de bosques y forestales ser\u00e1n esenciales en esta cumbre\u201d.<\/p>\n<p class=\"\">Para Manchineri, esa es una respuesta inconclusa, a medias. Adem\u00e1s, explica que tienen m\u00e1s demandas. Durante la COP30 quieren que se llegue a un acuerdo para ponerle fin a la prospecci\u00f3n de petr\u00f3leo y otros hidrocarburos en la Amazonia, algo por lo que llevan abogando varios a\u00f1os. \u201cDurante este \u00faltimo mandato, Lula ha vuelto a insistir con el petr\u00f3leo y eso agrava la relaci\u00f3n con los pueblos ind\u00edgenas, adem\u00e1s de poner a la regi\u00f3n en un camino de destrucci\u00f3n en la que no hay vuelta atr\u00e1s\u201d, dice el l\u00edder de Coiab. \u201cEs una contradicci\u00f3n. El\u00a0<a href=\"https:\/\/elpais.com\/america-futura\/2024-11-28\/brasil-revela-su-plan-climatico-se-compromete-a-reducir-emisiones-hasta-un-67-para-2035.html\" target=\"_blank\" rel=\"noopener\" data-link-track-dtm=\"\" data-mrf-link=\"https:\/\/elpais.com\/america-futura\/2024-11-28\/brasil-revela-su-plan-climatico-se-compromete-a-reducir-emisiones-hasta-un-67-para-2035.html\">Gobierno alberga la cumbre<\/a>, elige una ciudad amaz\u00f3nica y dice que ser\u00e1 amaz\u00f3nica. Pero, a la vez, apoya que se levanten territorios ind\u00edgenas para explorar hidrocarburos\u201d.<\/p>\n<p class=\"\">El movimiento que hizo Brasil en enero, al aprobar ser<a href=\"https:\/\/elpais.com\/america\/2023-12-11\/la-entrada-de-brasil-en-la-opep-como-observador-pone-en-cuestion-el-compromiso-de-lula-ante-la-crisis-climatica.html\" target=\"_blank\" rel=\"noopener\" data-link-track-dtm=\"\" data-mrf-link=\"https:\/\/elpais.com\/america\/2023-12-11\/la-entrada-de-brasil-en-la-opep-como-observador-pone-en-cuestion-el-compromiso-de-lula-ante-la-crisis-climatica.html\">\u00a0parte de la OPEP+<\/a>, un grupo de naciones exportadoras de petr\u00f3leo, ha ca\u00eddo mal entre varios grupos ambientalistas y de cambio clim\u00e1tico. Sin embargo, para Corr\u00eaa do Lago, es una conversaci\u00f3n que debe darse en el pa\u00eds ante de llevarla a esferas internacionales.<\/p>\n<p class=\"\">\u201cCreo que primero tenemos que dejar que Brasil tenga esta reflexi\u00f3n interna sobre qu\u00e9 hacer con el hecho de que ahora somos tanto productores como exportadores considerables de petr\u00f3leo y de que hay una perspectiva de que este combustible f\u00f3sil se encuentra tambi\u00e9n en el margen ecuatorial al norte del Amazonas\u201d, asegura. No es el \u00fanico pa\u00eds de los nueve que le preocupa al G9. \u201cEl \u00fanico que se ha pronunciado en contra es\u00a0<a href=\"https:\/\/elpais.com\/america-futura\/2024-01-08\/lula-y-petro-lo-que-en-politica-une-el-bosque-que-no-lo-separe-el-petroleo.html\" target=\"_blank\" rel=\"noopener\" data-link-track-dtm=\"\" data-mrf-link=\"https:\/\/elpais.com\/america-futura\/2024-01-08\/lula-y-petro-lo-que-en-politica-une-el-bosque-que-no-lo-separe-el-petroleo.html\">Gustavo Petro, presidente de Colombia\u201d<\/a>, recuerda Manchineri. \u201cLo ha dicho en varios escenarios, incluyendo la COP16 en Cali\u201d.<\/p>\n<p class=\"\">La agenda de la COP30, insiste, tiene que estar marcada por las peticiones ind\u00edgenas. Para \u00e9l, \u201cque sea una cumbre Amaz\u00f3nica no se puede quedar en algo simb\u00f3lico\u201d. El G-9 espera que los pa\u00edses y la ONU empiecen a tener en cuenta a las organizaciones ind\u00edgenas y sus propios mecanismos financieros, incluidos los fondos ind\u00edgenas que ya existen, para asignarles recursos para la acci\u00f3n clim\u00e1tica. \u201cNi el 1% de estos recursos llegan a nosotros directamente. Van a grandes ONG y, despu\u00e9s, s\u00ed a nosotros\u201d, comenta Manchineri, recordando que, por ejemplo, Coiab tiene el fondo Pod\u00e1ali que es administrado por ind\u00edgenas y tiene consultores externos, tanto ind\u00edgenas como no ind\u00edgenas, para saber c\u00f3mo dirigir estos recursos.<\/p>\n<p class=\"\">A casi 9 meses de que se inaugure, el pulso por la COP30 ya empieza. Entre los principales retos que tendr\u00e1 la cumbre clim\u00e1tica estar\u00e1 el de negociar con Estados Unidos, que se saldr\u00e1 oficialmente del Acuerdo de Par\u00eds en enero de 2026, dos meses despu\u00e9s de que se celebre. \u201cEl impacto ser\u00e1 importante\u201d, comenta Corr\u00eaa do Lago. \u201cHay que recordar que el Acuerdo de Par\u00eds se dise\u00f1\u00f3 para que Estados Unidos no tuviera que ratificarlo en el Congreso\u201d. Que el pa\u00eds que hist\u00f3ricamente m\u00e1s ha contribuido al cambio clim\u00e1tico se aparte de la lucha es otra de las nuevas e intricadas condiciones que la cumbre amaz\u00f3nica tendr\u00e1 que navegar.<\/p>\n","protected":false},"excerpt":{"rendered":"<p>&nbsp; &nbsp; &#8211; El G9, una coalici\u00f3n de l\u00edderes de los nueve pa\u00edses que comparten la Amazonia, demanda prohibir la exploraci\u00f3n de hidrocarburos en la&hellip;<\/p>\n","protected":false},"author":99,"featured_media":529221,"comment_status":"open","ping_status":"open","sticky":false,"template":"","format":"standard","meta":{"footnotes":""},"categories":[23],"tags":[],"class_list":["post-529220","post","type-post","status-publish","format-standard","has-post-thumbnail","hentry","category-latinoamerica"],"_links":{"self":[{"href":"https:\/\/diarioelpopular.com\/index.php\/wp-json\/wp\/v2\/posts\/529220","targetHints":{"allow":["GET"]}}],"collection":[{"href":"https:\/\/diarioelpopular.com\/index.php\/wp-json\/wp\/v2\/posts"}],"about":[{"href":"https:\/\/diarioelpopular.com\/index.php\/wp-json\/wp\/v2\/types\/post"}],"author":[{"embeddable":true,"href":"https:\/\/diarioelpopular.com\/index.php\/wp-json\/wp\/v2\/users\/99"}],"replies":[{"embeddable":true,"href":"https:\/\/diarioelpopular.com\/index.php\/wp-json\/wp\/v2\/comments?post=529220"}],"version-history":[{"count":1,"href":"https:\/\/diarioelpopular.com\/index.php\/wp-json\/wp\/v2\/posts\/529220\/revisions"}],"predecessor-version":[{"id":529222,"href":"https:\/\/diarioelpopular.com\/index.php\/wp-json\/wp\/v2\/posts\/529220\/revisions\/529222"}],"wp:featuredmedia":[{"embeddable":true,"href":"https:\/\/diarioelpopular.com\/index.php\/wp-json\/wp\/v2\/media\/529221"}],"wp:attachment":[{"href":"https:\/\/diarioelpopular.com\/index.php\/wp-json\/wp\/v2\/media?parent=529220"}],"wp:term":[{"taxonomy":"category","embeddable":true,"href":"https:\/\/diarioelpopular.com\/index.php\/wp-json\/wp\/v2\/categories?post=529220"},{"taxonomy":"post_tag","embeddable":true,"href":"https:\/\/diarioelpopular.com\/index.php\/wp-json\/wp\/v2\/tags?post=529220"}],"curies":[{"name":"wp","href":"https:\/\/api.w.org\/{rel}","templated":true}]}}