{"id":529256,"date":"2025-03-04T10:32:39","date_gmt":"2025-03-04T14:32:39","guid":{"rendered":"https:\/\/diarioelpopular.com\/?p=529256"},"modified":"2025-03-04T10:32:39","modified_gmt":"2025-03-04T14:32:39","slug":"el-candidato-liberal-mark-carney-y-la-verdad-no-parecen-conocerse","status":"publish","type":"post","link":"https:\/\/diarioelpopular.com\/index.php\/2025\/03\/04\/el-candidato-liberal-mark-carney-y-la-verdad-no-parecen-conocerse\/","title":{"rendered":"El candidato liberal Mark Carney y la verdad no parecen conocerse"},"content":{"rendered":"<div id=\"attachment_529257\" style=\"width: 646px\" class=\"wp-caption alignnone\"><img loading=\"lazy\" decoding=\"async\" aria-describedby=\"caption-attachment-529257\" class=\"wp-image-529257 size-custom-full-size\" src=\"https:\/\/diarioelpopular.com\/wp-content\/uploads\/2025\/03\/Screen-Shot-2025-03-04-at-9.21.04-AM-636x476.png\" alt=\"\" width=\"636\" height=\"476\" srcset=\"https:\/\/diarioelpopular.com\/wp-content\/uploads\/2025\/03\/Screen-Shot-2025-03-04-at-9.21.04-AM-636x476.png 636w, https:\/\/diarioelpopular.com\/wp-content\/uploads\/2025\/03\/Screen-Shot-2025-03-04-at-9.21.04-AM-300x225.png 300w, https:\/\/diarioelpopular.com\/wp-content\/uploads\/2025\/03\/Screen-Shot-2025-03-04-at-9.21.04-AM-768x575.png 768w, https:\/\/diarioelpopular.com\/wp-content\/uploads\/2025\/03\/Screen-Shot-2025-03-04-at-9.21.04-AM-97x73.png 97w, https:\/\/diarioelpopular.com\/wp-content\/uploads\/2025\/03\/Screen-Shot-2025-03-04-at-9.21.04-AM.png 844w\" sizes=\"auto, (max-width: 636px) 100vw, 636px\" \/><p id=\"caption-attachment-529257\" class=\"wp-caption-text\">El una y otra vez mentiroso Mark Carney, que aspira a ser nuestro primer ministro. \u00a1Una farsa!<\/p><\/div>\n<p>&nbsp;<\/p>\n<p>&nbsp;<\/p>\n<ul>\n<li><em><strong>Carney sigue, una vez m\u00e1s, intentando atribuirse el m\u00e9rito de cosas que no hizo.<\/strong><\/em><\/li>\n<\/ul>\n<p>&nbsp;<\/p>\n<p>Por\u00a0<span class=\"published-by__author\"><a href=\"https:\/\/torontosun.com\/author\/blilleypostmedia\/\">Brian Lilley<\/a><\/span><\/p>\n<p>Mark Carney, el candidato l\u00edder del Partido Liberal y probable pr\u00f3ximo mentiroso primer ministro de Canad\u00e1, est\u00e1 siendo objeto de innumerables burlas en Internet, y se lo merece. Carney, al parecer, es parco en la verdad, tiene mala memoria y no est\u00e1 familiarizado con el octavo mandamiento de la Biblia.<\/p>\n<p>Es por eso que se r\u00eden de \u00e9l por una serie de declaraciones tontas que dan la impresi\u00f3n de que no sabr\u00eda la verdad ni aunque le mordieran en la cara. Desde su \u201cexperiencia\u201d en equilibrar el presupuesto, su \u201cexperiencia\u201d en salvar la econom\u00eda de Canad\u00e1, su trato con Trump o su afirmaci\u00f3n de que Canad\u00e1 suministra a Estados Unidos la mayor\u00eda de sus semiconductores, Carney y la verdad simplemente no son compatibles.<\/p>\n<p>\u201cFue un privilegio para m\u00ed trabajar con Paul Martin cuando equilibraba las cuentas y las manten\u00eda equilibradas\u201d, dijo Carney durante el debate en ingl\u00e9s de la semana pasada para el liderazgo liberal.<\/p>\n<p>Carney incluso public\u00f3 un videoclip de esa declaraci\u00f3n, una forma de jactarse de su tiempo trabajando con Martin para equilibrar el presupuesto durante el gobierno de Chretien. Excepto que nunca trabaj\u00f3 para el gobierno en ese momento. En los a\u00f1os 90, cuando el equipo Chretien-Martin estaba acabando con los d\u00e9ficits de Canad\u00e1, Carney estaba trabajando para Goldman Sachs o estudiando en Oxford, seg\u00fan el a\u00f1o.<\/p>\n<p>No se incorpor\u00f3 al departamento de finanzas de Ottawa hasta 2004, seis a\u00f1os despu\u00e9s del primer presupuesto equilibrado.<\/p>\n<p>El lunes, Stephen Harper envi\u00f3 un correo electr\u00f3nico a los miembros del Partido Conservador en el que cuestionaba el intento de Carney de atribuirse el m\u00e9rito de la reacci\u00f3n de su gobierno a la crisis financiera de 2008-09. Carney ha tratado de regodearse en el resplandor de las afirmaciones de que salv\u00f3 la econom\u00eda canadiense en ese momento. Est\u00e1 utilizando esa supuesta experiencia para ganar a como d\u00e9 lugar el liderazgo liberal, convertirse en el pr\u00f3ximo primer ministro y tratar\u00e1 de utilizarla en una elecci\u00f3n general para decir que es el hombre con la experiencia para enfrentarse a Donald Trump.<\/p>\n<p>Harper, que nombr\u00f3 a Carney gobernador del Banco de Canad\u00e1 y trabaj\u00f3 estrechamente con \u00e9l durante la crisis financiera, est\u00e1 harto de lo que equivale a robar valor financiero.<\/p>\n<p>\u201cHe escuchado, cada vez con m\u00e1s incredulidad, los intentos de Mark Carney de atribuirse el m\u00e9rito de cosas con las que tuvo poco o nada que ver en aquel entonces\u201d, escribi\u00f3 Harper. \u201cLo ha hecho a expensas del difunto Jim Flaherty, uno de los m\u00e1s grandes ministros de finanzas de la historia de Canad\u00e1, que lamentablemente no est\u00e1 aqu\u00ed para defender su historial\u201d.<\/p>\n<p>Harper dijo que, si bien Carney formaba parte del equipo, \u201cla experiencia de Carney NO es la gesti\u00f3n diaria de la econom\u00eda de Canad\u00e1 durante la crisis financiera mundial\u201d. Harper continu\u00f3 diciendo que las decisiones dif\u00edciles y el trabajo pesado de la respuesta canadiense a la crisis fueron asumidos por Flaherty.<\/p>\n<p>Nada de esto parece estar hundiendo el ego de Carney. El hombre se compar\u00f3 con Churchill en una reciente parada de campa\u00f1a en Barrie, diciendo que la guerra comercial con Estados Unidos es como si los nazis estuvieran tratando de apoderarse de Europa y que \u00e9l es igual que el hombre que gan\u00f3 la Batalla de Inglaterra y, en \u00faltima instancia, la guerra.<\/p>\n<p>\u201cConozco al presidente, he tratado con el presidente en el pasado cuando estaba en su primer mandato\u201d, dijo Carney en Barrie la semana pasada.<\/p>\n<p>Durante el primer mandato de Trump, Carney fue gobernador del Banco de Inglaterra y no habr\u00eda tenido interacciones oficiales con Trump. Tal vez se conocieron en una recepci\u00f3n en una conferencia internacional. Eso no es lo mismo que conocerlo, pero como hemos establecido, Carney y la verdad simplemente no son amigos, de hecho, no parecen conocerse en absoluto.<\/p>\n<p>Finalmente, Carney, el economista maestro, trat\u00f3 de afirmar que Canad\u00e1 tiene influencia debido a todos los semiconductores que exportamos a Estados Unidos.<\/p>\n<p>\u201cTodos necesitan semiconductores. Todos vienen de Canad\u00e1\u201d, dijo Carney la semana pasada. Otra mentira m\u00e1s.<\/p>\n<p>El problema es que Canad\u00e1 es responsable apenas del 0,79% de todas las importaciones estadounidenses de semiconductores, mientras que la gran mayor\u00eda proviene de Asia y una empresa taiwanesa acaba de anunciar una inversi\u00f3n de 100.000 millones de d\u00f3lares en la fabricaci\u00f3n de estos productos en Estados Unidos.<\/p>\n<p>El argumento de venta de Carney a los votantes es que dice tener la experiencia y la inteligencia necesarias para lidiar con Trump y los aranceles.<\/p>\n<p>Con todas sus afirmaciones falsas y declaraciones tontas, eso es algo que los votantes deber\u00edan dudar en este momento.<\/p>\n","protected":false},"excerpt":{"rendered":"<p>&nbsp; &nbsp; Carney sigue, una vez m\u00e1s, intentando atribuirse el m\u00e9rito de cosas que no hizo. &nbsp; Por\u00a0Brian Lilley Mark Carney, el candidato l\u00edder del&hellip;<\/p>\n","protected":false},"author":99,"featured_media":529257,"comment_status":"open","ping_status":"open","sticky":false,"template":"","format":"standard","meta":{"footnotes":""},"categories":[21],"tags":[],"class_list":["post-529256","post","type-post","status-publish","format-standard","has-post-thumbnail","hentry","category-canada"],"_links":{"self":[{"href":"https:\/\/diarioelpopular.com\/index.php\/wp-json\/wp\/v2\/posts\/529256","targetHints":{"allow":["GET"]}}],"collection":[{"href":"https:\/\/diarioelpopular.com\/index.php\/wp-json\/wp\/v2\/posts"}],"about":[{"href":"https:\/\/diarioelpopular.com\/index.php\/wp-json\/wp\/v2\/types\/post"}],"author":[{"embeddable":true,"href":"https:\/\/diarioelpopular.com\/index.php\/wp-json\/wp\/v2\/users\/99"}],"replies":[{"embeddable":true,"href":"https:\/\/diarioelpopular.com\/index.php\/wp-json\/wp\/v2\/comments?post=529256"}],"version-history":[{"count":1,"href":"https:\/\/diarioelpopular.com\/index.php\/wp-json\/wp\/v2\/posts\/529256\/revisions"}],"predecessor-version":[{"id":529258,"href":"https:\/\/diarioelpopular.com\/index.php\/wp-json\/wp\/v2\/posts\/529256\/revisions\/529258"}],"wp:featuredmedia":[{"embeddable":true,"href":"https:\/\/diarioelpopular.com\/index.php\/wp-json\/wp\/v2\/media\/529257"}],"wp:attachment":[{"href":"https:\/\/diarioelpopular.com\/index.php\/wp-json\/wp\/v2\/media?parent=529256"}],"wp:term":[{"taxonomy":"category","embeddable":true,"href":"https:\/\/diarioelpopular.com\/index.php\/wp-json\/wp\/v2\/categories?post=529256"},{"taxonomy":"post_tag","embeddable":true,"href":"https:\/\/diarioelpopular.com\/index.php\/wp-json\/wp\/v2\/tags?post=529256"}],"curies":[{"name":"wp","href":"https:\/\/api.w.org\/{rel}","templated":true}]}}