{"id":529262,"date":"2025-03-04T10:57:47","date_gmt":"2025-03-04T14:57:47","guid":{"rendered":"https:\/\/diarioelpopular.com\/?p=529262"},"modified":"2025-03-04T10:57:47","modified_gmt":"2025-03-04T14:57:47","slug":"mexico-lleva-su-batalla-contra-el-trafico-de-armas-al-supremo-de-estados-unidos","status":"publish","type":"post","link":"https:\/\/diarioelpopular.com\/index.php\/2025\/03\/04\/mexico-lleva-su-batalla-contra-el-trafico-de-armas-al-supremo-de-estados-unidos\/","title":{"rendered":"M\u00e9xico lleva su batalla contra el tr\u00e1fico de armas al Supremo de Estados Unidos"},"content":{"rendered":"<div id=\"attachment_529263\" style=\"width: 646px\" class=\"wp-caption alignnone\"><img loading=\"lazy\" decoding=\"async\" aria-describedby=\"caption-attachment-529263\" class=\"wp-image-529263 size-custom-full-size\" src=\"https:\/\/diarioelpopular.com\/wp-content\/uploads\/2025\/03\/Screen-Shot-2025-03-04-at-9.57.02-AM-636x424.png\" alt=\"\" width=\"636\" height=\"424\" srcset=\"https:\/\/diarioelpopular.com\/wp-content\/uploads\/2025\/03\/Screen-Shot-2025-03-04-at-9.57.02-AM-636x424.png 636w, https:\/\/diarioelpopular.com\/wp-content\/uploads\/2025\/03\/Screen-Shot-2025-03-04-at-9.57.02-AM-300x200.png 300w, https:\/\/diarioelpopular.com\/wp-content\/uploads\/2025\/03\/Screen-Shot-2025-03-04-at-9.57.02-AM-768x512.png 768w, https:\/\/diarioelpopular.com\/wp-content\/uploads\/2025\/03\/Screen-Shot-2025-03-04-at-9.57.02-AM-1200x800.png 1200w, https:\/\/diarioelpopular.com\/wp-content\/uploads\/2025\/03\/Screen-Shot-2025-03-04-at-9.57.02-AM-110x73.png 110w, https:\/\/diarioelpopular.com\/wp-content\/uploads\/2025\/03\/Screen-Shot-2025-03-04-at-9.57.02-AM.png 1024w\" sizes=\"auto, (max-width: 636px) 100vw, 636px\" \/><p id=\"caption-attachment-529263\" class=\"wp-caption-text\">Un hombre sostiene un rifle durante la convenci\u00f3n anual de la Asociaci\u00f3n Nacional del Rifle (NRA) en Dallas, Texas, en mayo de 2024. Carlos Barria (Reuters)<\/p><\/div>\n<p>&nbsp;<\/p>\n<p>&nbsp;<\/p>\n<h4 class=\"a_st\"><em>&#8211; El Gobierno de Sheinbaum presenta por primera vez sus argumentos ante el Alto Tribunal, un paso crucial para definir si tiene derecho a sentar a los gigantes de la industria de las armas en el banquillo de los acusados<\/em><\/h4>\n<p>&nbsp;<\/p>\n<p class=\"\">El\u00a0<a href=\"https:\/\/elpais.com\/mexico\/2024-10-05\/del-escepticismo-al-supremo-de-estados-unidos-el-largo-camino-de-mexico-para-exigir-justicia-contra-la-industria-de-las-armas.html\" data-link-track-dtm=\"\" data-mrf-link=\"https:\/\/elpais.com\/mexico\/2024-10-05\/del-escepticismo-al-supremo-de-estados-unidos-el-largo-camino-de-mexico-para-exigir-justicia-contra-la-industria-de-las-armas.html\">litigio de M\u00e9xico contra el tr\u00e1fico de armas<\/a>\u00a0que provienen de Estados Unidos vive horas decisivas.<\/p>\n<p class=\"\">El Supremo de Estados Unidos tiene previsto escuchar este martes los argumentos del Gobierno de\u00a0<a href=\"https:\/\/elpais.com\/mexico\/2025-02-20\/sheinbaum-apela-a-la-soberania-tras-la-designacion-de-los-carteles-como-terroristas-con-mexico-es-colaboracion-no-injerencismo.html\" data-link-track-dtm=\"\" data-mrf-link=\"https:\/\/elpais.com\/mexico\/2025-02-20\/sheinbaum-apela-a-la-soberania-tras-la-designacion-de-los-carteles-como-terroristas-con-mexico-es-colaboracion-no-injerencismo.html\">Claudia Sheinbaum<\/a>\u00a0y de los gigantes de la multimillonaria industria armament\u00edstica, el \u00faltimo paso antes de que se defina si las autoridades mexicanas tienen el derecho a demandar a ocho de las marcas m\u00e1s conocidas del sector en los tribunales de ese pa\u00eds.<\/p>\n<p class=\"\">En paralelo a la cita crucial ante el Poder Judicial, Sheinbaum y su Gabinete trabajan en un acuerdo de \u00faltimo momento para evitar\u00a0<a href=\"https:\/\/elpais.com\/mexico\/economia\/2025-03-03\/sheinbaum-sobre-los-aranceles-de-trump-hay-que-tener-temple-serenidad-y-paciencia.html\" data-link-track-dtm=\"\" data-mrf-link=\"https:\/\/elpais.com\/mexico\/economia\/2025-03-03\/sheinbaum-sobre-los-aranceles-de-trump-hay-que-tener-temple-serenidad-y-paciencia.html\">la imposici\u00f3n de aranceles del 25% anunciados por Donald Trump<\/a>, justo cuando vence la pausa concedida por el republicano, con el objetivo de conseguir, al menos, una nueva pr\u00f3rroga en medio de las presiones de la Casa Blanca, que ha llegado tarde.<\/p>\n<p class=\"\">En un acto sin precedentes, M\u00e9xico\u00a0<a href=\"https:\/\/elpais.com\/mexico\/2021-08-04\/mexico-demanda-a-11-companias-en-ee-uu-por-facilitar-el-trafico-ilegal-de-armas.html\" data-link-track-dtm=\"\" data-mrf-link=\"https:\/\/elpais.com\/mexico\/2021-08-04\/mexico-demanda-a-11-companias-en-ee-uu-por-facilitar-el-trafico-ilegal-de-armas.html\">demand\u00f3 originalmente a 11 pesos pesados en una corte de Massachusetts en agosto de 2021<\/a>, como Glock, Beretta y Smith &amp; Wesson. La base del litigio es que las compa\u00f1\u00edas acusadas se hab\u00edan beneficiado de pr\u00e1cticas comerciales negligentes que han alimentado el poder de fuego de los c\u00e1rteles de la droga. En compensaci\u00f3n, se exige un pago en el orden de los miles de millones de d\u00f3lares por la ola de violencia que azota al pa\u00eds.<\/p>\n<p class=\"\">El juez, como era de esperarse, rechaz\u00f3 el primer intento del Gobierno mexicano en octubre de 2022, debido a que Estados Unidos tiene leyes acomodadas que protegen a la industria armament\u00edstica de recursos legales y les dan inmunidad por motivos de seguridad nacional. Las autoridades recurrieron el fallo con \u00e9xito ante una corte de apelaciones en enero del a\u00f1o pasado y en octubre, el Supremo atrajo el caso para decidir si el litigio pod\u00eda avanzar o era descartado de forma definitiva. La decisi\u00f3n est\u00e1 prevista para mediados de 2025, pero lo que pase en esta audiencia puede inclinar la balanza del caso.<\/p>\n<p class=\"\">Al margen del frente legal, el Gobierno mexicano ha llevado el litigio a la mesa bilateral de negociaciones para enfrentar las presiones diplom\u00e1ticas de Washington en el combate al crimen organizado y al tr\u00e1fico de fentanilo. Despu\u00e9s de lograr un primer acuerdo para frenar los aranceles el pasado 3 de febrero, Sheinbaum asegur\u00f3 que la Administraci\u00f3n de Trump estaba dispuesta a colaborar contra el tr\u00e1fico de armas, aunque Washington excluy\u00f3 convenientemente esa parte de sus comunicados oficiales. La llegada del republicano ha llenado de incertidumbre el proceso legal, por la enorme influencia pol\u00edtica de la industria y el derecho constitucional de portar armas, ampliamente defendido por las bases que apoyan al presidente.<\/p>\n<p class=\"\">El principal argumento de M\u00e9xico es que alrededor del 74% de las armas incautadas en su territorio provienen de Estados Unidos, de acuerdo con el \u00faltimo informe de los reguladores estadounidenses. \u201cEs un elemento sustantivo porque ya hay una instituci\u00f3n de Estados Unidos que lo est\u00e1 reconociendo y el juicio es en Estados Unidos\u201d, se\u00f1al\u00f3 la presidente hace un par de semanas. Tambi\u00e9n apunt\u00f3 que la designaci\u00f3n de los c\u00e1rteles como grupos terroristas puede fortalecer la demanda, al prever penas m\u00e1s graves para las empresas que tengan v\u00ednculos econ\u00f3micos con estas organizaciones.<\/p>\n<p class=\"\">\u201cEste es el inicio, la punta de lanza, de algo que puede permitir estrategias de litigio mucho m\u00e1s amplias en el futuro\u201d, apunt\u00f3 Pablo Arrocha, el funcionario que encabeza la causa mexicana, en un foro especializado por el Centro de investigaci\u00f3n y Docencia Econ\u00f3micas la semana pasada.<\/p>\n<p class=\"\">Arrocha se dijo listo para enfrentar cualquier escenario y confi\u00f3 en que la brecha abierta por la Administraci\u00f3n anterior tenga continuidad. La clave del reclamo mexicano es demostrar que existe un v\u00ednculo causal entre la conducta de las armer\u00edas y el da\u00f1o que causaron en el pa\u00eds latinoamericano. El c\u00e1lculo oficial es que cerca de 200.000 fusiles cruzan la frontera de forma ilegal.<\/p>\n<p class=\"\">Adem\u00e1s del blindaje legal que favorece a las compa\u00f1\u00edas demandadas, ocho de los once ministros del Supremo estadounidense son de tendencia conservadora. \u201cEs un espacio hostil para los intereses de M\u00e9xico\u201d, afirma el periodista John Lindsay Poland, con m\u00e1s de una d\u00e9cada de experiencia en el tema.<\/p>\n<p class=\"\">El especialista asegura que el alto tribunal suele favorecer las empresas, pero considera que la cruzada del pa\u00eds latinoamericano va m\u00e1s all\u00e1 del terreno legal y ha ayudado a cambiar la narrativa sobre la ola de inseguridad que se vive en su territorio. \u201cLa demanda ha logrado centrar la responsabilidad en el papel de la industria de las armas en la violencia\u201d, agrega.<\/p>\n<p class=\"\">Alejandro Celorio, que lider\u00f3 el equipo legal de M\u00e9xico hasta octubre pasado, se\u00f1ala, en cambio, que una interpretaci\u00f3n conservadora de las leyes puede propiciar un fallo favorable para que avance el caso y espera que el alto tribunal no se contamine con las cuestiones pol\u00edticas que lo rodean. \u201cM\u00e9xico llega muy fortalecido despu\u00e9s de varios a\u00f1os de insistir en el tema\u201d, comenta. \u201cLa estrategia que planteamos en un inicio se ha cumplido, sab\u00edamos que las armer\u00edas iban a defenderse con u\u00f1as y dientes, y que el asunto iba a llegar a estas instancias\u201d, agrega.<\/p>\n<p class=\"\">\u201cEs un momento muy sensible para Estados Unidos, en un contexto pol\u00edtico plagado de retos y un contexto cultural, estrictamente ajeno, pero igualmente relevante para la causa mexicana\u201d, afirma Le\u00f3n Castellanos-Jankiewicz, especialista en Derecho Internacional del Asser Institute de La Haya.<\/p>\n<p class=\"\">El experto en Derecho Internacional conf\u00eda en que el camino recorrido por las autoridades mexicanas tenga un efecto de disuasi\u00f3n en las pr\u00e1cticas de los fabricantes de armas y que tengan mayor cuidado en que sus productos no acaben en las manos equivocadas. \u201cEl costo para las empresas ha aumentado\u201d, coincide Poland. \u201cLa mera identificaci\u00f3n de las compa\u00f1\u00edas sugiere nuevas estrategias de incidencia, presi\u00f3n social, cambios de leyes estatales y la educaci\u00f3n de la comunidad\u201d, agrega. \u201cEsta lucha ha creado puntos de coincidencia entre el Gobierno mexicano y organizaciones de la sociedad civil que no se han dado en otros asuntos\u201d.<\/p>\n<p class=\"\">El fallo puede impactar directamente en la relaci\u00f3n bilateral y en el margen diplom\u00e1tico del Gobierno de Sheinbaum frente a Trump. A pesar de que M\u00e9xico tiene otra demanda abierta contra cinco distribuidoras de armas en un tribunal de Arizona, una decisi\u00f3n desfavorable puede sentar un precedente que limite futuras acciones legales en Estados Unidos y echar por tierra casi cuatro a\u00f1os de esfuerzos. Al contrario, si el caso avanza puede abrirse una puerta para que otros pa\u00edses de Latinoam\u00e9rica y el Caribe se sumen a la causa de M\u00e9xico, as\u00ed como las v\u00edctimas de la violencia armada y los tiroteos en ese pa\u00eds. La \u00faltima palabra est\u00e1 en manos del Supremo, mientras se viven momentos cr\u00edticos entre ambos pa\u00edses.<\/p>\n","protected":false},"excerpt":{"rendered":"<p>&nbsp; &nbsp; &#8211; El Gobierno de Sheinbaum presenta por primera vez sus argumentos ante el Alto Tribunal, un paso crucial para definir si tiene derecho&hellip;<\/p>\n","protected":false},"author":99,"featured_media":529263,"comment_status":"open","ping_status":"open","sticky":false,"template":"","format":"standard","meta":{"footnotes":""},"categories":[23],"tags":[],"class_list":["post-529262","post","type-post","status-publish","format-standard","has-post-thumbnail","hentry","category-latinoamerica"],"_links":{"self":[{"href":"https:\/\/diarioelpopular.com\/index.php\/wp-json\/wp\/v2\/posts\/529262","targetHints":{"allow":["GET"]}}],"collection":[{"href":"https:\/\/diarioelpopular.com\/index.php\/wp-json\/wp\/v2\/posts"}],"about":[{"href":"https:\/\/diarioelpopular.com\/index.php\/wp-json\/wp\/v2\/types\/post"}],"author":[{"embeddable":true,"href":"https:\/\/diarioelpopular.com\/index.php\/wp-json\/wp\/v2\/users\/99"}],"replies":[{"embeddable":true,"href":"https:\/\/diarioelpopular.com\/index.php\/wp-json\/wp\/v2\/comments?post=529262"}],"version-history":[{"count":1,"href":"https:\/\/diarioelpopular.com\/index.php\/wp-json\/wp\/v2\/posts\/529262\/revisions"}],"predecessor-version":[{"id":529264,"href":"https:\/\/diarioelpopular.com\/index.php\/wp-json\/wp\/v2\/posts\/529262\/revisions\/529264"}],"wp:featuredmedia":[{"embeddable":true,"href":"https:\/\/diarioelpopular.com\/index.php\/wp-json\/wp\/v2\/media\/529263"}],"wp:attachment":[{"href":"https:\/\/diarioelpopular.com\/index.php\/wp-json\/wp\/v2\/media?parent=529262"}],"wp:term":[{"taxonomy":"category","embeddable":true,"href":"https:\/\/diarioelpopular.com\/index.php\/wp-json\/wp\/v2\/categories?post=529262"},{"taxonomy":"post_tag","embeddable":true,"href":"https:\/\/diarioelpopular.com\/index.php\/wp-json\/wp\/v2\/tags?post=529262"}],"curies":[{"name":"wp","href":"https:\/\/api.w.org\/{rel}","templated":true}]}}