{"id":529284,"date":"2025-03-05T08:53:52","date_gmt":"2025-03-05T12:53:52","guid":{"rendered":"https:\/\/diarioelpopular.com\/?p=529284"},"modified":"2025-03-05T08:53:52","modified_gmt":"2025-03-05T12:53:52","slug":"venta-de-viviendas-cae-debido-a-que-los-costos-de-las-hipotecas-y-la-guerra-comercial-pesan-sobre-los-compradores","status":"publish","type":"post","link":"https:\/\/diarioelpopular.com\/index.php\/2025\/03\/05\/venta-de-viviendas-cae-debido-a-que-los-costos-de-las-hipotecas-y-la-guerra-comercial-pesan-sobre-los-compradores\/","title":{"rendered":"Venta de viviendas cae debido a que los costos de las hipotecas y la guerra comercial pesan sobre los compradores"},"content":{"rendered":"<p><img loading=\"lazy\" decoding=\"async\" class=\"alignnone size-custom-full-size wp-image-529285\" src=\"https:\/\/diarioelpopular.com\/wp-content\/uploads\/2025\/03\/Screen-Shot-2025-03-05-at-7.51.39-AM-636x390.png\" alt=\"\" width=\"636\" height=\"390\" srcset=\"https:\/\/diarioelpopular.com\/wp-content\/uploads\/2025\/03\/Screen-Shot-2025-03-05-at-7.51.39-AM-636x390.png 636w, https:\/\/diarioelpopular.com\/wp-content\/uploads\/2025\/03\/Screen-Shot-2025-03-05-at-7.51.39-AM-300x185.png 300w, https:\/\/diarioelpopular.com\/wp-content\/uploads\/2025\/03\/Screen-Shot-2025-03-05-at-7.51.39-AM-768x471.png 768w, https:\/\/diarioelpopular.com\/wp-content\/uploads\/2025\/03\/Screen-Shot-2025-03-05-at-7.51.39-AM-119x73.png 119w, https:\/\/diarioelpopular.com\/wp-content\/uploads\/2025\/03\/Screen-Shot-2025-03-05-at-7.51.39-AM.png 868w\" sizes=\"auto, (max-width: 636px) 100vw, 636px\" \/><\/p>\n<p>&nbsp;<\/p>\n<ul>\n<li><em><strong>Las ventas de viviendas cayeron m\u00e1s de una cuarta parte en febrero en comparaci\u00f3n con el a\u00f1o anterior a pesar de que los compradores mantienen un poder de negociaci\u00f3n &#8220;sustancial&#8221;.<\/strong><\/em><\/li>\n<\/ul>\n<p>&nbsp;<\/p>\n<p>La Junta Regional de Bienes Ra\u00edces de Toronto dijo que se vendieron 4.037 viviendas el mes pasado, un 27,4 por ciento menos en comparaci\u00f3n con las 5.562 de febrero de 2024. Las ventas bajaron un 28,5 por ciento con respecto a enero sobre una base ajustada estacionalmente.<\/p>\n<p>El precio de venta promedio disminuy\u00f3 un 2,2 por ciento en comparaci\u00f3n con el a\u00f1o anterior a $ 1.084.547, ya que el precio de referencia compuesto, destinado a representar la vivienda t\u00edpica, baj\u00f3 un 1,8 por ciento a\u00f1o tras a\u00f1o.<\/p>\n<p>Mientras tanto, 12.066 propiedades se listaron por primera vez en el GTA el mes pasado, un 5,4 por ciento m\u00e1s en comparaci\u00f3n con el a\u00f1o pasado, ya que el inventario total en la regi\u00f3n se dispar\u00f3 un 76 por ciento a 19.536.<\/p>\n<p>La junta dijo que una disminuci\u00f3n anticipada en los costos de endeudamiento en los pr\u00f3ximos meses deber\u00eda mejorar la asequibilidad, ya que algunos compradores siguen preocupados por los pagos mensuales actuales de una propiedad t\u00edpica.<\/p>\n<p>El analista jefe de mercado de TRREB, Jason Mercer, dice que los factores macroecon\u00f3micos como la relaci\u00f3n comercial en peligro de Canad\u00e1 con los EE. UU. tambi\u00e9n est\u00e1n asustando a los posibles compradores que est\u00e1n adoptando &#8220;una actitud de esperar y ver qu\u00e9 pasa con la compra de una casa&#8221;.<\/p>\n","protected":false},"excerpt":{"rendered":"<p>&nbsp; Las ventas de viviendas cayeron m\u00e1s de una cuarta parte en febrero en comparaci\u00f3n con el a\u00f1o anterior a pesar de que los compradores&hellip;<\/p>\n","protected":false},"author":99,"featured_media":529285,"comment_status":"open","ping_status":"open","sticky":false,"template":"","format":"standard","meta":{"footnotes":""},"categories":[21,11191],"tags":[],"class_list":["post-529284","post","type-post","status-publish","format-standard","has-post-thumbnail","hentry","category-canada","category-top-news"],"_links":{"self":[{"href":"https:\/\/diarioelpopular.com\/index.php\/wp-json\/wp\/v2\/posts\/529284","targetHints":{"allow":["GET"]}}],"collection":[{"href":"https:\/\/diarioelpopular.com\/index.php\/wp-json\/wp\/v2\/posts"}],"about":[{"href":"https:\/\/diarioelpopular.com\/index.php\/wp-json\/wp\/v2\/types\/post"}],"author":[{"embeddable":true,"href":"https:\/\/diarioelpopular.com\/index.php\/wp-json\/wp\/v2\/users\/99"}],"replies":[{"embeddable":true,"href":"https:\/\/diarioelpopular.com\/index.php\/wp-json\/wp\/v2\/comments?post=529284"}],"version-history":[{"count":1,"href":"https:\/\/diarioelpopular.com\/index.php\/wp-json\/wp\/v2\/posts\/529284\/revisions"}],"predecessor-version":[{"id":529286,"href":"https:\/\/diarioelpopular.com\/index.php\/wp-json\/wp\/v2\/posts\/529284\/revisions\/529286"}],"wp:featuredmedia":[{"embeddable":true,"href":"https:\/\/diarioelpopular.com\/index.php\/wp-json\/wp\/v2\/media\/529285"}],"wp:attachment":[{"href":"https:\/\/diarioelpopular.com\/index.php\/wp-json\/wp\/v2\/media?parent=529284"}],"wp:term":[{"taxonomy":"category","embeddable":true,"href":"https:\/\/diarioelpopular.com\/index.php\/wp-json\/wp\/v2\/categories?post=529284"},{"taxonomy":"post_tag","embeddable":true,"href":"https:\/\/diarioelpopular.com\/index.php\/wp-json\/wp\/v2\/tags?post=529284"}],"curies":[{"name":"wp","href":"https:\/\/api.w.org\/{rel}","templated":true}]}}