{"id":529295,"date":"2025-03-05T09:28:22","date_gmt":"2025-03-05T13:28:22","guid":{"rendered":"https:\/\/diarioelpopular.com\/?p=529295"},"modified":"2025-03-05T09:28:22","modified_gmt":"2025-03-05T13:28:22","slug":"dos-adolescentes-de-3-acusados-tras-apunalamiento-en-la-estacion-victoria-park","status":"publish","type":"post","link":"https:\/\/diarioelpopular.com\/index.php\/2025\/03\/05\/dos-adolescentes-de-3-acusados-tras-apunalamiento-en-la-estacion-victoria-park\/","title":{"rendered":"Dos adolescentes, de 3 acusados tras apu\u00f1alamiento en la estaci\u00f3n Victoria Park"},"content":{"rendered":"<p><img loading=\"lazy\" decoding=\"async\" class=\"alignnone size-custom-full-size wp-image-529297\" src=\"https:\/\/diarioelpopular.com\/wp-content\/uploads\/2025\/03\/Screen-Shot-2025-03-05-at-8.25.34-AM-636x476.png\" alt=\"\" width=\"636\" height=\"476\" srcset=\"https:\/\/diarioelpopular.com\/wp-content\/uploads\/2025\/03\/Screen-Shot-2025-03-05-at-8.25.34-AM-636x476.png 636w, https:\/\/diarioelpopular.com\/wp-content\/uploads\/2025\/03\/Screen-Shot-2025-03-05-at-8.25.34-AM-300x225.png 300w, https:\/\/diarioelpopular.com\/wp-content\/uploads\/2025\/03\/Screen-Shot-2025-03-05-at-8.25.34-AM-768x575.png 768w, https:\/\/diarioelpopular.com\/wp-content\/uploads\/2025\/03\/Screen-Shot-2025-03-05-at-8.25.34-AM-97x73.png 97w, https:\/\/diarioelpopular.com\/wp-content\/uploads\/2025\/03\/Screen-Shot-2025-03-05-at-8.25.34-AM.png 844w\" sizes=\"auto, (max-width: 636px) 100vw, 636px\" \/><\/p>\n<p>&nbsp;<\/p>\n<ul>\n<li><em><strong>Tres delincuentes, incluidos dos j\u00f3venes, enfrentan cargos de agresi\u00f3n despu\u00e9s de un apu\u00f1alamiento el fin de semana en la estaci\u00f3n Victoria Park.<\/strong><\/em><\/li>\n<\/ul>\n<p>&nbsp;<\/p>\n<p>La polic\u00eda de Toronto dijo que los oficiales respondieron a la estaci\u00f3n TTC el s\u00e1bado alrededor de las 7:30 p.m. despu\u00e9s de un altercado que involucr\u00f3 a la v\u00edctima y tres atacantes en el \u00e1rea de la bah\u00eda de autobuses. La v\u00edctima, un hombre de 44 a\u00f1os, fue apu\u00f1alado en la espalda baja y llevado a un hospital con heridas graves pero que no pusieron en peligro su vida.<\/p>\n<p>Los tres sospechosos huyeron del lugar.<\/p>\n<p>La polic\u00eda dijo que identific\u00f3 a uno de ellos el lunes y arrest\u00f3 a uno de 15 a\u00f1os por agresi\u00f3n agravada, agresi\u00f3n con un arma, posesi\u00f3n de un arma para un prop\u00f3sito peligroso y porte de un arma oculta.<\/p>\n<p>El martes se arrest\u00f3 a otros dos sospechosos y se los acus\u00f3 de agresi\u00f3n agravada, agresi\u00f3n con un arma, posesi\u00f3n de un arma con un prop\u00f3sito peligroso y portaci\u00f3n de un arma oculta.<\/p>\n<p>La polic\u00eda dijo que no se estaba identificando al adulto para proteger la identidad de los j\u00f3venes delincuentes.<\/p>\n<p>Cualquier persona que tenga informaci\u00f3n puede comunicarse con la polic\u00eda al 416-808-4100 o con Crime Stoppers de forma an\u00f3nima al 416-222-TIPS (8477) o 222tips.com.<\/p>\n","protected":false},"excerpt":{"rendered":"<p>&nbsp; Tres delincuentes, incluidos dos j\u00f3venes, enfrentan cargos de agresi\u00f3n despu\u00e9s de un apu\u00f1alamiento el fin de semana en la estaci\u00f3n Victoria Park. &nbsp; La&hellip;<\/p>\n","protected":false},"author":99,"featured_media":529297,"comment_status":"open","ping_status":"open","sticky":false,"template":"","format":"standard","meta":{"footnotes":""},"categories":[11364],"tags":[],"class_list":["post-529295","post","type-post","status-publish","format-standard","has-post-thumbnail","hentry","category-toronto-gta"],"_links":{"self":[{"href":"https:\/\/diarioelpopular.com\/index.php\/wp-json\/wp\/v2\/posts\/529295","targetHints":{"allow":["GET"]}}],"collection":[{"href":"https:\/\/diarioelpopular.com\/index.php\/wp-json\/wp\/v2\/posts"}],"about":[{"href":"https:\/\/diarioelpopular.com\/index.php\/wp-json\/wp\/v2\/types\/post"}],"author":[{"embeddable":true,"href":"https:\/\/diarioelpopular.com\/index.php\/wp-json\/wp\/v2\/users\/99"}],"replies":[{"embeddable":true,"href":"https:\/\/diarioelpopular.com\/index.php\/wp-json\/wp\/v2\/comments?post=529295"}],"version-history":[{"count":1,"href":"https:\/\/diarioelpopular.com\/index.php\/wp-json\/wp\/v2\/posts\/529295\/revisions"}],"predecessor-version":[{"id":529298,"href":"https:\/\/diarioelpopular.com\/index.php\/wp-json\/wp\/v2\/posts\/529295\/revisions\/529298"}],"wp:featuredmedia":[{"embeddable":true,"href":"https:\/\/diarioelpopular.com\/index.php\/wp-json\/wp\/v2\/media\/529297"}],"wp:attachment":[{"href":"https:\/\/diarioelpopular.com\/index.php\/wp-json\/wp\/v2\/media?parent=529295"}],"wp:term":[{"taxonomy":"category","embeddable":true,"href":"https:\/\/diarioelpopular.com\/index.php\/wp-json\/wp\/v2\/categories?post=529295"},{"taxonomy":"post_tag","embeddable":true,"href":"https:\/\/diarioelpopular.com\/index.php\/wp-json\/wp\/v2\/tags?post=529295"}],"curies":[{"name":"wp","href":"https:\/\/api.w.org\/{rel}","templated":true}]}}