{"id":529306,"date":"2025-03-05T16:36:26","date_gmt":"2025-03-05T20:36:26","guid":{"rendered":"https:\/\/diarioelpopular.com\/?p=529306"},"modified":"2025-03-05T16:36:26","modified_gmt":"2025-03-05T20:36:26","slug":"trump-quiere-que-la-economia-de-canada-colapse-para-anexionarnos-la-dura-respuesta-de-trudeau-a-los-aranceles-de-estados-unidos","status":"publish","type":"post","link":"https:\/\/diarioelpopular.com\/index.php\/2025\/03\/05\/trump-quiere-que-la-economia-de-canada-colapse-para-anexionarnos-la-dura-respuesta-de-trudeau-a-los-aranceles-de-estados-unidos\/","title":{"rendered":"&#8220;Trump quiere que la econom\u00eda de Canad\u00e1 colapse para anexionarnos&#8221;: la dura respuesta de Trudeau a los aranceles de Estados Unidos"},"content":{"rendered":"<p><img loading=\"lazy\" decoding=\"async\" class=\"alignnone size-custom-full-size wp-image-529307\" src=\"https:\/\/diarioelpopular.com\/wp-content\/uploads\/2025\/03\/Screen-Shot-2025-03-05-at-3.35.56-PM-636x360.png\" alt=\"\" width=\"636\" height=\"360\" srcset=\"https:\/\/diarioelpopular.com\/wp-content\/uploads\/2025\/03\/Screen-Shot-2025-03-05-at-3.35.56-PM-636x360.png 636w, https:\/\/diarioelpopular.com\/wp-content\/uploads\/2025\/03\/Screen-Shot-2025-03-05-at-3.35.56-PM-300x170.png 300w, https:\/\/diarioelpopular.com\/wp-content\/uploads\/2025\/03\/Screen-Shot-2025-03-05-at-3.35.56-PM-768x434.png 768w, https:\/\/diarioelpopular.com\/wp-content\/uploads\/2025\/03\/Screen-Shot-2025-03-05-at-3.35.56-PM-129x73.png 129w, https:\/\/diarioelpopular.com\/wp-content\/uploads\/2025\/03\/Screen-Shot-2025-03-05-at-3.35.56-PM.png 1024w\" sizes=\"auto, (max-width: 636px) 100vw, 636px\" \/><\/p>\n<p>&nbsp;<\/p>\n<div class=\"bbc-19j92fr ebmt73l0\" dir=\"ltr\">\n<ul>\n<li class=\"bbc-hhl7in e17g058b0\" dir=\"ltr\"><em><b>El primer ministro Justin Trudeau, critic\u00f3 duramente los aranceles que ha impuesto a su pa\u00eds el presidente estadounidense Donald Trump.<\/b><\/em><\/li>\n<\/ul>\n<\/div>\n<div class=\"bbc-19j92fr ebmt73l0\" dir=\"ltr\">\n<p dir=\"ltr\">\n<p class=\"bbc-hhl7in e17g058b0\" dir=\"ltr\">Trudeau calific\u00f3 estos aranceles como &#8220;algo muy tonto&#8221; y prometi\u00f3 emprender una &#8220;lucha implacable&#8221; para proteger la econom\u00eda canadiense.<\/p>\n<\/div>\n<div class=\"bbc-19j92fr ebmt73l0\" dir=\"ltr\">\n<p class=\"bbc-hhl7in e17g058b0\" dir=\"ltr\">Trump ha impuesto aranceles del 25% a los productos que ingresan a Estados Unidos desde Canad\u00e1 y M\u00e9xico, y ha aumentado los grav\u00e1menes sobre los bienes procedentes de China.<\/p>\n<\/div>\n<div class=\"bbc-19j92fr ebmt73l0\" dir=\"ltr\">\n<p class=\"bbc-hhl7in e17g058b0\" dir=\"ltr\">El primer ministro canadiense anunci\u00f3 aranceles de represalia a las exportaciones estadounidenses y advirti\u00f3 que una guerra comercial ser\u00eda costosa para ambos pa\u00edses.<\/p>\n<\/div>\n<div class=\"bbc-19j92fr ebmt73l0\" dir=\"ltr\">\n<p class=\"bbc-hhl7in e17g058b0\" dir=\"ltr\">Pero Trump fue a\u00fan m\u00e1s lejos en una publicaci\u00f3n en Truth Social: &#8220;Por favor, expl\u00edquenle al gobernador Trudeau, de Canad\u00e1, que cuando impone un arancel de represalia a EE. UU., \u00a1nuestro arancel rec\u00edproco aumentar\u00e1 inmediatamente en una cantidad similar!&#8221;<\/p>\n<\/div>\n<div class=\"bbc-1n4f7vm ebmt73l0\" dir=\"ltr\"><\/div>\n<div class=\"bbc-19j92fr ebmt73l0\" dir=\"ltr\">\n<h2 id=\"No-habr\u00e1-ganadores\" class=\"bbc-1lgzob2 eglt09e0\" tabindex=\"-1\">&#8220;No habr\u00e1 ganadores&#8221;<\/h2>\n<\/div>\n<div class=\"bbc-19j92fr ebmt73l0\" dir=\"ltr\">\n<p class=\"bbc-hhl7in e17g058b0\" dir=\"ltr\">Trudeau acus\u00f3 al presidente estadounidense de planear &#8220;un colapso total de la econom\u00eda canadiense porque eso facilitar\u00eda anexionarnos&#8221;.<\/p>\n<\/div>\n<div class=\"bbc-19j92fr ebmt73l0\" dir=\"ltr\">\n<p class=\"bbc-hhl7in e17g058b0\" dir=\"ltr\">&#8220;Eso nunca va a suceder. Nunca seremos el estado n\u00famero 51&#8221;, declar\u00f3 a los periodistas este martes, y agreg\u00f3 que &#8220;este es un momento para contraatacar con fuerza y demostrar que en una pelea con Canad\u00e1 no habr\u00e1 ganadores&#8221;.<\/p>\n<\/div>\n<div class=\"bbc-19j92fr ebmt73l0\" dir=\"ltr\">\n<p class=\"bbc-hhl7in e17g058b0\" dir=\"ltr\">Indic\u00f3 que el principal objetivo de Canad\u00e1 sigue siendo conseguir que se levanten los aranceles para que &#8220;no duren ni un segundo m\u00e1s de lo necesario&#8221;.<\/p>\n<p dir=\"ltr\">\n<\/div>\n<p><iframe loading=\"lazy\" id=\"flourish-id-24c7f485\" class=\"bbc-axsk9o\" title=\"Interactive or visual content\" src=\"https:\/\/flo.uri.sh\/visualisation\/21442913\/embed?auto=1\" width=\"700\" height=\"575\" frameborder=\"0\" scrolling=\"no\" data-mce-fragment=\"1\"><\/iframe><\/p>\n<div class=\"bbc-19j92fr ebmt73l0\" dir=\"ltr\">\n<p dir=\"ltr\">\n<p class=\"bbc-hhl7in e17g058b0\" dir=\"ltr\">Trump aleg\u00f3 que est\u00e1 protegiendo los empleos y la industria manufacturera de Estados Unidos, y tratando de prevenir la migraci\u00f3n ilegal y el tr\u00e1fico de drogas.<\/p>\n<\/div>\n<div class=\"bbc-19j92fr ebmt73l0\" dir=\"ltr\">\n<p class=\"bbc-hhl7in e17g058b0\" dir=\"ltr\">Asegur\u00f3 que su meta es tomar medidas dr\u00e1sticas contra el poderoso opioide sint\u00e9tico fentanilo, de cuya entrada a Estados unidos culpa a otros pa\u00edses.<\/p>\n<\/div>\n<div class=\"bbc-19j92fr ebmt73l0\" dir=\"ltr\">\n<p class=\"bbc-hhl7in e17g058b0\" dir=\"ltr\">En respuesta a las acusaciones, Trudeau dijo que &#8220;no hay justificaci\u00f3n&#8221; para los nuevos aranceles, porque menos del 1% del fentanilo interceptado en la frontera estadounidense proviene de Canad\u00e1.<\/p>\n<\/div>\n<div class=\"bbc-19j92fr ebmt73l0\" dir=\"ltr\">\n<p class=\"bbc-hhl7in e17g058b0\" dir=\"ltr\">Tambi\u00e9n coincidi\u00f3 con Trudeau la presidente mexicana Claudia Sheinbaum, quien dijo que no hay &#8220;motivo, raz\u00f3n ni justificaci\u00f3n&#8221; para la medida de Trump.<\/p>\n<\/div>\n<div class=\"bbc-19j92fr ebmt73l0\" dir=\"ltr\">\n<p class=\"bbc-hhl7in e17g058b0\" dir=\"ltr\">Sheinbaum tambi\u00e9n prometi\u00f3 tomar sus propias &#8220;medidas arancelarias y no arancelarias&#8221;, pero adelant\u00f3 que se dar\u00e1n m\u00e1s detalles el domingo.<\/p>\n<\/div>\n<div class=\"bbc-19j92fr ebmt73l0\" dir=\"ltr\">\n<h2 id=\"Temores-inflacionistas\" class=\"bbc-1lgzob2 eglt09e0\" tabindex=\"-1\">Temores inflacionistas<\/h2>\n<\/div>\n<div class=\"bbc-19j92fr ebmt73l0\" dir=\"ltr\">\n<p class=\"bbc-hhl7in e17g058b0\" dir=\"ltr\">Expertos vaticinan que los aranceles de Trump probablemente har\u00e1n subir los precios para los consumidores en Estados Unidos y en el extranjero.<\/p>\n<\/div>\n<div class=\"bbc-19j92fr ebmt73l0\" dir=\"ltr\">\n<p class=\"bbc-hhl7in e17g058b0\" dir=\"ltr\">Los tres pa\u00edses afectados son los principales socios comerciales de EE.UU., y las medidas de represalia han provocado temores a una guerra comercial m\u00e1s amplia.<\/p>\n<\/div>\n<div class=\"bbc-19j92fr ebmt73l0\" dir=\"ltr\">\n<p class=\"bbc-hhl7in e17g058b0\" dir=\"ltr\">Los aranceles son un impuesto a las importaciones de otros pa\u00edses para protegerse contra la competencia m\u00e1s barata de otros lugares e impulsar las empresas y los empleos en el pa\u00eds.<\/p>\n<p dir=\"ltr\">\n<\/div>\n<figure class=\"bbc-1qn0xuy\">\n<div class=\"bbc-18ywsw9\">\n<div style=\"width: 1034px\" class=\"wp-caption alignnone\"><img loading=\"lazy\" decoding=\"async\" class=\"bbc-139onq\" src=\"https:\/\/ichef.bbci.co.uk\/ace\/ws\/640\/cpsprodpb\/1858\/live\/5a6af180-f951-11ef-8c03-7dfdbeeb2526.jpg.webp\" alt=\"Trump y Trudeau\" width=\"1024\" height=\"683\" \/><p class=\"wp-caption-text\">Fuente de la imagen,Getty Images.\u00a0\u00a0Trump y Trudeau en una imagen de 2019.<\/p><\/div>\n<p class=\"bbc-by8ykd\" role=\"text\">\n<\/div>\n<\/figure>\n<div class=\"bbc-19j92fr ebmt73l0\" dir=\"ltr\">\n<p dir=\"ltr\">\n<p class=\"bbc-hhl7in e17g058b0\" dir=\"ltr\">Las medidas de represalia de Canad\u00e1 incluyen un arancel rec\u00edproco del 25% que se impondr\u00e1 a productos estadounidenses por valor de 155.000 millones de d\u00f3lares canadienses (US$107.000 millones).<\/p>\n<\/div>\n<div class=\"bbc-19j92fr ebmt73l0\" dir=\"ltr\">\n<p class=\"bbc-hhl7in e17g058b0\" dir=\"ltr\">Un primer gravamen a productos valorados en 30.000 millones de d\u00f3lares canadienses entr\u00f3 en vigor de inmediato, mientras los restantes sobre bienes por 125.000 millones de d\u00f3lares canadienses se aplicar\u00e1n dentro de 21 d\u00edas.<\/p>\n<\/div>\n<div class=\"bbc-19j92fr ebmt73l0\" dir=\"ltr\">\n<p class=\"bbc-hhl7in e17g058b0\" dir=\"ltr\">El ministro de Inmigraci\u00f3n de Canad\u00e1, Marc Miller, advirti\u00f3 que hasta un mill\u00f3n de puestos de trabajo en Canad\u00e1 estar\u00edan en riesgo si se implementan los aranceles, dada la fuerte interrelaci\u00f3n comercial entre los dos pa\u00edses.<\/p>\n<\/div>\n<div class=\"bbc-19j92fr ebmt73l0\" dir=\"ltr\">\n<p class=\"bbc-hhl7in e17g058b0\" dir=\"ltr\">&#8220;No podemos reemplazar una econom\u00eda que es responsable del 80% de nuestro comercio de la noche a la ma\u00f1ana y eso va a doler&#8221;, afirm\u00f3 este lunes.<\/p>\n<\/div>\n<div class=\"bbc-19j92fr ebmt73l0\" dir=\"ltr\">\n<h2 id=\"La-respuesta-de-los-empresarios-canadienses\" class=\"bbc-1lgzob2 eglt09e0\" tabindex=\"-1\">La respuesta de los empresarios canadienses<\/h2>\n<\/div>\n<div class=\"bbc-19j92fr ebmt73l0\" dir=\"ltr\">\n<p class=\"bbc-hhl7in e17g058b0\" dir=\"ltr\">En declaraciones a la agencia de noticias AFP, un empleado de una f\u00e1brica de autom\u00f3viles en Ontario declar\u00f3 que la gente est\u00e1 &#8220;bastante asustada&#8221; por la posibilidad de despidos.<\/p>\n<\/div>\n<div class=\"bbc-19j92fr ebmt73l0\" dir=\"ltr\">\n<p class=\"bbc-hhl7in e17g058b0\" dir=\"ltr\">&#8220;Acabo de comprar mi primera casa&#8221;, indic\u00f3 Joel Soleski, y confes\u00f3 temer la posibilidad de tener que &#8220;buscar trabajo en otro lugar&#8221;.<\/p>\n<\/div>\n<div class=\"bbc-19j92fr ebmt73l0\" dir=\"ltr\">\n<p class=\"bbc-hhl7in e17g058b0\" dir=\"ltr\">Este sector es uno de los que podr\u00eda verse gravemente afectado por el nuevo r\u00e9gimen arancelario en Am\u00e9rica del Norte.<\/p>\n<\/div>\n<div class=\"bbc-19j92fr ebmt73l0\" dir=\"ltr\">\n<p class=\"bbc-hhl7in e17g058b0\" dir=\"ltr\">Las piezas de autom\u00f3viles suelen cruzar la frontera entre Estados Unidos y Canad\u00e1 varias veces durante el proceso de fabricaci\u00f3n, por lo que podr\u00edan ser gravadas en m\u00faltiples ocasiones.<\/p>\n<p dir=\"ltr\">\n<\/div>\n<figure class=\"bbc-1qn0xuy\">\n<div class=\"bbc-18ywsw9\">\n<div style=\"width: 2129px\" class=\"wp-caption alignnone\"><img loading=\"lazy\" decoding=\"async\" class=\"bbc-139onq\" src=\"https:\/\/ichef.bbci.co.uk\/ace\/ws\/640\/cpsprodpb\/51d6\/live\/d8661290-f951-11ef-8c03-7dfdbeeb2526.jpg.webp\" alt=\"Trabajador en planta de autom\u00f3viles\" width=\"2119\" height=\"1414\" \/><p class=\"wp-caption-text\">Fuente de la imagen,Getty Images.\u00a0\u00a0Muchos trabajadores del sector automovil\u00edstico canadiense temen perder sus empleos.<\/p><\/div>\n<p class=\"bbc-by8ykd\" role=\"text\">\n<\/div>\n<\/figure>\n<div class=\"bbc-19j92fr ebmt73l0\" dir=\"ltr\">\n<p dir=\"ltr\">\n<p class=\"bbc-hhl7in e17g058b0\" dir=\"ltr\">El premier, Doug Ford, cuya provincia alberga la industria de fabricaci\u00f3n de autom\u00f3viles, explic\u00f3 a la prensa que anticipa que las plantas de ensamblaje &#8220;cierren en ambos lados de la frontera&#8221; como resultado de los aranceles.<\/p>\n<\/div>\n<div class=\"bbc-19j92fr ebmt73l0\" dir=\"ltr\">\n<p class=\"bbc-hhl7in e17g058b0\" dir=\"ltr\">Los aranceles fueron calificados como &#8220;imprudentes&#8221; por la C\u00e1mara de Comercio Canadiense, cuya presidente, Candace Laing, advirti\u00f3 que la medida obligar\u00eda tanto a Canad\u00e1 como a Estados Unidos a una &#8220;recesi\u00f3n, p\u00e9rdida de empleos y desastre econ\u00f3mico&#8221;.<\/p>\n<\/div>\n<div class=\"bbc-19j92fr ebmt73l0\" dir=\"ltr\">\n<p class=\"bbc-hhl7in e17g058b0\" dir=\"ltr\">Laing advirti\u00f3 que tambi\u00e9n aumentar\u00edan los precios para los estadounidenses y obligar\u00edan a las empresas de EE.UU. a encontrar proveedores alternativos que, seg\u00fan ella, &#8220;son menos fiables que los canadienses&#8221;.<\/p>\n<\/div>\n<div class=\"bbc-19j92fr ebmt73l0\" dir=\"ltr\">\n<p class=\"bbc-hhl7in e17g058b0\" dir=\"ltr\">Los l\u00edderes provinciales de Canad\u00e1 han prometido sus propias respuestas.<\/p>\n<\/div>\n<div class=\"bbc-19j92fr ebmt73l0\" dir=\"ltr\">\n<p class=\"bbc-hhl7in e17g058b0\" dir=\"ltr\">El premier de Ontario plante\u00f3 la posibilidad de cortar el suministro el\u00e9ctrico canadiense y las exportaciones de n\u00edquel de alto grado a los EE. UU., as\u00ed como imponer un impuesto del 25% a las exportaciones de electricidad a hogares en Michigan, Nueva York y Minnesota.<\/p>\n<\/div>\n<div class=\"bbc-19j92fr ebmt73l0\" dir=\"ltr\">\n<p class=\"bbc-hhl7in e17g058b0\" dir=\"ltr\">Canad\u00e1 exporta suficiente electricidad como para abastecer a unos seis millones de hogares estadounidenses.<\/p>\n<\/div>\n<div class=\"bbc-19j92fr ebmt73l0\" dir=\"ltr\">\n<p class=\"bbc-hhl7in e17g058b0\" dir=\"ltr\">Ontario y otras provincias tambi\u00e9n han tomado medidas para eliminar los licores fabricados en los EE.UU. de sus estantes.<\/p>\n<\/div>\n<div class=\"bbc-19j92fr ebmt73l0\" dir=\"ltr\">\n<p class=\"bbc-hhl7in e17g058b0\" dir=\"ltr\">En Nove Scotia, el premier Tim Houston explic\u00f3 que su provincia prohibir\u00e1 a las empresas estadounidenses participar en licitaciones para contratos provinciales, al igual que Ontario.<\/p>\n<\/div>\n<div class=\"bbc-19j92fr ebmt73l0\" dir=\"ltr\">\n<p class=\"bbc-hhl7in e17g058b0\" dir=\"ltr\">Doug Ford tambi\u00e9n anunci\u00f3 que se cancelar\u00e1 un contrato de 100 millones de d\u00f3lares canadienses (US$68 millones) con la empresa de internet satelital Starlink de Elon Musk.<\/p>\n<\/div>\n<div class=\"bbc-19j92fr ebmt73l0\" dir=\"ltr\">\n<p class=\"bbc-hhl7in e17g058b0\" dir=\"ltr\">Mientras tanto, China -que ahora enfrenta aranceles del 20% despu\u00e9s de que Trump duplicara un gravamen anterior- ha prometido luchar hasta el final en cualquier guerra comercial.<\/p>\n<\/div>\n<div class=\"bbc-19j92fr ebmt73l0\" dir=\"ltr\">\n<p class=\"bbc-hhl7in e17g058b0\" dir=\"ltr\">Pek\u00edn ha anunciado sus propias medidas de respuesta, que incluyen aranceles a una variedad de productos agr\u00edcolas y alimenticios estadounidenses.<\/p>\n<\/div>\n","protected":false},"excerpt":{"rendered":"<p>&nbsp; El primer ministro Justin Trudeau, critic\u00f3 duramente los aranceles que ha impuesto a su pa\u00eds el presidente estadounidense Donald Trump. Trudeau calific\u00f3 estos aranceles&hellip;<\/p>\n","protected":false},"author":99,"featured_media":529307,"comment_status":"open","ping_status":"open","sticky":false,"template":"","format":"standard","meta":{"footnotes":""},"categories":[21,11191],"tags":[],"class_list":["post-529306","post","type-post","status-publish","format-standard","has-post-thumbnail","hentry","category-canada","category-top-news"],"_links":{"self":[{"href":"https:\/\/diarioelpopular.com\/index.php\/wp-json\/wp\/v2\/posts\/529306","targetHints":{"allow":["GET"]}}],"collection":[{"href":"https:\/\/diarioelpopular.com\/index.php\/wp-json\/wp\/v2\/posts"}],"about":[{"href":"https:\/\/diarioelpopular.com\/index.php\/wp-json\/wp\/v2\/types\/post"}],"author":[{"embeddable":true,"href":"https:\/\/diarioelpopular.com\/index.php\/wp-json\/wp\/v2\/users\/99"}],"replies":[{"embeddable":true,"href":"https:\/\/diarioelpopular.com\/index.php\/wp-json\/wp\/v2\/comments?post=529306"}],"version-history":[{"count":1,"href":"https:\/\/diarioelpopular.com\/index.php\/wp-json\/wp\/v2\/posts\/529306\/revisions"}],"predecessor-version":[{"id":529308,"href":"https:\/\/diarioelpopular.com\/index.php\/wp-json\/wp\/v2\/posts\/529306\/revisions\/529308"}],"wp:featuredmedia":[{"embeddable":true,"href":"https:\/\/diarioelpopular.com\/index.php\/wp-json\/wp\/v2\/media\/529307"}],"wp:attachment":[{"href":"https:\/\/diarioelpopular.com\/index.php\/wp-json\/wp\/v2\/media?parent=529306"}],"wp:term":[{"taxonomy":"category","embeddable":true,"href":"https:\/\/diarioelpopular.com\/index.php\/wp-json\/wp\/v2\/categories?post=529306"},{"taxonomy":"post_tag","embeddable":true,"href":"https:\/\/diarioelpopular.com\/index.php\/wp-json\/wp\/v2\/tags?post=529306"}],"curies":[{"name":"wp","href":"https:\/\/api.w.org\/{rel}","templated":true}]}}