{"id":529309,"date":"2025-03-05T16:38:58","date_gmt":"2025-03-05T20:38:58","guid":{"rendered":"https:\/\/diarioelpopular.com\/?p=529309"},"modified":"2025-03-05T16:38:58","modified_gmt":"2025-03-05T20:38:58","slug":"milei-propone-bajar-hasta-los-10-anos-la-edad-de-imputabilidad-por-delitos-penales","status":"publish","type":"post","link":"https:\/\/diarioelpopular.com\/index.php\/2025\/03\/05\/milei-propone-bajar-hasta-los-10-anos-la-edad-de-imputabilidad-por-delitos-penales\/","title":{"rendered":"Milei propone bajar hasta los 10 a\u00f1os la edad de imputabilidad por delitos penales"},"content":{"rendered":"<div id=\"attachment_529310\" style=\"width: 646px\" class=\"wp-caption alignnone\"><img loading=\"lazy\" decoding=\"async\" aria-describedby=\"caption-attachment-529310\" class=\"wp-image-529310 size-custom-full-size\" src=\"https:\/\/diarioelpopular.com\/wp-content\/uploads\/2025\/03\/Screen-Shot-2025-03-05-at-3.38.21-PM-636x425.png\" alt=\"\" width=\"636\" height=\"425\" srcset=\"https:\/\/diarioelpopular.com\/wp-content\/uploads\/2025\/03\/Screen-Shot-2025-03-05-at-3.38.21-PM-636x425.png 636w, https:\/\/diarioelpopular.com\/wp-content\/uploads\/2025\/03\/Screen-Shot-2025-03-05-at-3.38.21-PM-300x200.png 300w, https:\/\/diarioelpopular.com\/wp-content\/uploads\/2025\/03\/Screen-Shot-2025-03-05-at-3.38.21-PM-768x513.png 768w, https:\/\/diarioelpopular.com\/wp-content\/uploads\/2025\/03\/Screen-Shot-2025-03-05-at-3.38.21-PM-1200x801.png 1200w, https:\/\/diarioelpopular.com\/wp-content\/uploads\/2025\/03\/Screen-Shot-2025-03-05-at-3.38.21-PM-109x73.png 109w, https:\/\/diarioelpopular.com\/wp-content\/uploads\/2025\/03\/Screen-Shot-2025-03-05-at-3.38.21-PM.png 1024w\" sizes=\"auto, (max-width: 636px) 100vw, 636px\" \/><p id=\"caption-attachment-529310\" class=\"wp-caption-text\">Polic\u00edas afuera de una c\u00e1rcel en Buenos Aires, en 2020. Marcos Brindicci (Getty Images)<\/p><\/div>\n<p>&nbsp;<\/p>\n<p>&nbsp;<\/p>\n<h4 class=\"a_st\"><em>&#8211; El presidente ultra de Argentina apuesta al discurso de \u201cmano dura\u201d para recuperar la iniciativa tras el impacto del esc\u00e1ndalo por la criptomoneda $Libra<\/em><\/h4>\n<p>&nbsp;<\/p>\n<p class=\"\">Envuelto en el esc\u00e1ndalo y la investigaci\u00f3n judicial por el fraude con\u00a0<a href=\"https:\/\/elpais.com\/argentina\/2025-02-19\/el-escandalo-de-la-criptomoneda-libra-coloca-a-milei-ante-su-peor-crisis-en-mas-de-un-ano-de-gobierno.html\" data-link-track-dtm=\"\" data-mrf-link=\"https:\/\/elpais.com\/argentina\/2025-02-19\/el-escandalo-de-la-criptomoneda-libra-coloca-a-milei-ante-su-peor-crisis-en-mas-de-un-ano-de-gobierno.html\">la criptomoneda $Libra,<\/a>\u00a0Javier Milei busca recuperar la centralidad pol\u00edtica y apuesta al discurso de \u201cmano dura\u201d contra los delincuentes. El presidente argentino plante\u00f3 la necesidad de bajar la edad de imputabilidad de los menores \u2014hoy fijada en los 16 a\u00f1os\u2014 y propuso llevarla a los 10 a\u00f1os. El Gobierno ultra pretende que el Congreso inicie la discusi\u00f3n la pr\u00f3xima semana.<\/p>\n<p class=\"\">El debate suele reabrirse en Argentina, acicateado por casos que involucran a delincuentes juveniles. Esta vez se trata de la muerte de\u00a0<a href=\"https:\/\/elpais.com\/argentina\/2025-03-01\/milei-amenaza-con-una-intervencion-federal-a-la-provincia-de-buenos-aires-poderoso-bastion-del-peronismo.html\" data-link-track-dtm=\"\" data-mrf-link=\"https:\/\/elpais.com\/argentina\/2025-03-01\/milei-amenaza-con-una-intervencion-federal-a-la-provincia-de-buenos-aires-poderoso-bastion-del-peronismo.html\">una ni\u00f1a de siete a\u00f1os<\/a>, Kim G\u00f3mez, v\u00edctima de dos adolescentes que hab\u00edan robado un auto. El hecho fue tomado por Milei para cuestionar a uno de los principales referentes de la oposici\u00f3n a su Gobierno, el peronista Axel Kicillof, gobernador de Buenos Aires, la provincia donde ocurri\u00f3 el crimen la semana pasada.<\/p>\n<p class=\"\">\u201cUno de los asesinos de Kim tiene 14 a\u00f1os y goza de ser inimputable, no se lo puede juzgar. El otro criminal cometi\u00f3 delitos siendo menor de 16 a\u00f1os, lo cual significa que con nuestra ley de imputabilidad no hubiera estado libre. Necesitamos bajar la edad de imputabilidad y no solo eso, necesitamos agravar todas las penas del c\u00f3digo penal\u201d, dijo Milei en la\u00a0<a href=\"https:\/\/elpais.com\/argentina\/2025-03-02\/milei-asegura-que-esta-dispuesto-a-sacar-a-argentina-de-mercosur.html\" data-link-track-dtm=\"\" data-mrf-link=\"https:\/\/elpais.com\/argentina\/2025-03-02\/milei-asegura-que-esta-dispuesto-a-sacar-a-argentina-de-mercosur.html\">apertura de las sesiones parlamentarias<\/a>, el \u00faltimo s\u00e1bado. En su discurso abog\u00f3 por la aprobaci\u00f3n del proyecto presentado el a\u00f1o pasado por el Ejecutivo, que propone que a partir de los 13 a\u00f1os las personas puedan ser acusadas y juzgadas por delitos penales.<\/p>\n<p class=\"\">Un d\u00eda despu\u00e9s fue m\u00e1s all\u00e1: \u201cNosotros mandamos el proyecto de baja de imputabilidad a 13 a\u00f1os. Y la verdad es que cuando empezamos a mirar los n\u00fameros, tambi\u00e9n lo podr\u00edamos llevar a 10\u2033, enfatiz\u00f3 el domingo, en una entrevista con el canal\u00a0<i>La Naci\u00f3n+<\/i>. \u201cDelito de adulto, pena de adulto\u201d, remarc\u00f3 el mandatario ultraderechista.<\/p>\n<p class=\"\">El r\u00e9gimen penal vigente en Argentina establece que los menores de 16 a\u00f1os no pueden ser juzgados. Entre los 16 y los 18 solo pueden ser procesados en casos de delitos graves de acci\u00f3n p\u00fablica o que prevean una pena superior a los dos a\u00f1os de prisi\u00f3n. Las penas de detenci\u00f3n en c\u00e1rcel com\u00fan est\u00e1n previstas a partir de los 18; antes, la privaci\u00f3n de la libertad debe cumplirse en institutos para menores.<\/p>\n<p class=\"\">Tras las declaraciones de Milei, el oficialismo y sus aliados en el Congreso pretenden reabrir el debate sobre un nuevo r\u00e9gimen penal juvenil y convocaron para el pr\u00f3ximo mi\u00e9rcoles a un plenario de comisiones de la C\u00e1mara de Diputados. El partido de Milei, La Libertad Avanza, cuenta con respaldo de parte del PRO, la fuerza liderada por el expresidente\u00a0<a href=\"https:\/\/elpais.com\/argentina\/2025-02-03\/diez-anos-despues-de-llegar-al-gobierno-el-partido-de-macri-debate-como-sobrevivir-a-milei.html\" data-link-track-dtm=\"\" data-mrf-link=\"https:\/\/elpais.com\/argentina\/2025-02-03\/diez-anos-despues-de-llegar-al-gobierno-el-partido-de-macri-debate-como-sobrevivir-a-milei.html\">Mauricio Macri<\/a>, pero tambi\u00e9n enfrenta la resistencia y propuestas divergentes de legisladores del peronismo, la izquierda y otras bancadas. De hecho, en el Congreso ya fueron presentados m\u00e1s de una decena de proyectos para reformar el actual r\u00e9gimen penal y no parece allanado el camino hacia un dictamen mayoritario.<\/p>\n<p class=\"\">Si bien la inseguridad es un tema sensible para la opini\u00f3n p\u00fablica, las estad\u00edsticas oficiales muestran que Argentina tiene la tasa de homicidios m\u00e1s baja de Sudam\u00e9rica. Un informe preliminar del Sistema Nacional de Informaci\u00f3n Criminal, difundido por el Gobierno en enero pasado, detalla que el pa\u00eds sufri\u00f3 cuatro homicidios cada 100.000 habitantes en 2024, lejos de los asesinatos registrados en otras naciones de la regi\u00f3n como Ecuador (38 casos), Colombia (26) o Brasil (21).<\/p>\n<p class=\"\">En cuanto a la participaci\u00f3n de menores en delitos judicializados, las \u00faltimas cifras disponibles corresponden al primer semestre del a\u00f1o pasado. La\u00a0<a href=\"https:\/\/www.csjn.gov.ar\/bgd\/\" target=\"_blank\" rel=\"noopener\" data-link-track-dtm=\"\" data-mrf-link=\"https:\/\/www.csjn.gov.ar\/bgd\/\">Base General de Datos\u00a0<\/a>de la Corte Suprema indica que en ese lapso 907 ni\u00f1os y adolescentes enfrentaron causas penales en la Justicia Nacional de Menores. La gran mayor\u00eda de los expedientes, un 84%, se centr\u00f3 en delitos contra la propiedad, en especial robos y hurtos. Entre los hechos m\u00e1s graves se destacaron 17 causas iniciadas por delitos contra las personas que involucraron a un total de 39 menores: la mayor parte de los casos fueron por lesiones (59%) y hubo cinco causas por homicidios (29%), tres en grado de tentativa y dos consumados. De todo ese universo de delincuencia juvenil, el 60,1% de los acusados ten\u00eda 16 o 17 a\u00f1os al momento del hecho; un 38% ten\u00eda entre 13 y 15; y un 1,9% ten\u00eda 12 a\u00f1os o menos.<\/p>\n","protected":false},"excerpt":{"rendered":"<p>&nbsp; &nbsp; &#8211; El presidente ultra de Argentina apuesta al discurso de \u201cmano dura\u201d para recuperar la iniciativa tras el impacto del esc\u00e1ndalo por la&hellip;<\/p>\n","protected":false},"author":99,"featured_media":529310,"comment_status":"open","ping_status":"open","sticky":false,"template":"","format":"standard","meta":{"footnotes":""},"categories":[23],"tags":[],"class_list":["post-529309","post","type-post","status-publish","format-standard","has-post-thumbnail","hentry","category-latinoamerica"],"_links":{"self":[{"href":"https:\/\/diarioelpopular.com\/index.php\/wp-json\/wp\/v2\/posts\/529309","targetHints":{"allow":["GET"]}}],"collection":[{"href":"https:\/\/diarioelpopular.com\/index.php\/wp-json\/wp\/v2\/posts"}],"about":[{"href":"https:\/\/diarioelpopular.com\/index.php\/wp-json\/wp\/v2\/types\/post"}],"author":[{"embeddable":true,"href":"https:\/\/diarioelpopular.com\/index.php\/wp-json\/wp\/v2\/users\/99"}],"replies":[{"embeddable":true,"href":"https:\/\/diarioelpopular.com\/index.php\/wp-json\/wp\/v2\/comments?post=529309"}],"version-history":[{"count":1,"href":"https:\/\/diarioelpopular.com\/index.php\/wp-json\/wp\/v2\/posts\/529309\/revisions"}],"predecessor-version":[{"id":529311,"href":"https:\/\/diarioelpopular.com\/index.php\/wp-json\/wp\/v2\/posts\/529309\/revisions\/529311"}],"wp:featuredmedia":[{"embeddable":true,"href":"https:\/\/diarioelpopular.com\/index.php\/wp-json\/wp\/v2\/media\/529310"}],"wp:attachment":[{"href":"https:\/\/diarioelpopular.com\/index.php\/wp-json\/wp\/v2\/media?parent=529309"}],"wp:term":[{"taxonomy":"category","embeddable":true,"href":"https:\/\/diarioelpopular.com\/index.php\/wp-json\/wp\/v2\/categories?post=529309"},{"taxonomy":"post_tag","embeddable":true,"href":"https:\/\/diarioelpopular.com\/index.php\/wp-json\/wp\/v2\/tags?post=529309"}],"curies":[{"name":"wp","href":"https:\/\/api.w.org\/{rel}","templated":true}]}}