{"id":529318,"date":"2025-03-06T09:18:15","date_gmt":"2025-03-06T13:18:15","guid":{"rendered":"https:\/\/diarioelpopular.com\/?p=529318"},"modified":"2025-03-06T09:18:15","modified_gmt":"2025-03-06T13:18:15","slug":"se-veran-subir-algunos-precios-de-los-alimentos-debido-a-los-aranceles-pero-no-todos-a-la-vez","status":"publish","type":"post","link":"https:\/\/diarioelpopular.com\/index.php\/2025\/03\/06\/se-veran-subir-algunos-precios-de-los-alimentos-debido-a-los-aranceles-pero-no-todos-a-la-vez\/","title":{"rendered":"Se ver\u00e1n subir algunos precios de los alimentos debido a los aranceles, pero no todos a la vez"},"content":{"rendered":"<p><img loading=\"lazy\" decoding=\"async\" class=\"alignnone size-custom-full-size wp-image-529319\" src=\"https:\/\/diarioelpopular.com\/wp-content\/uploads\/2025\/03\/Screen-Shot-2025-03-06-at-8.17.31-AM-636x365.png\" alt=\"\" width=\"636\" height=\"365\" srcset=\"https:\/\/diarioelpopular.com\/wp-content\/uploads\/2025\/03\/Screen-Shot-2025-03-06-at-8.17.31-AM-636x365.png 636w, https:\/\/diarioelpopular.com\/wp-content\/uploads\/2025\/03\/Screen-Shot-2025-03-06-at-8.17.31-AM-300x172.png 300w, https:\/\/diarioelpopular.com\/wp-content\/uploads\/2025\/03\/Screen-Shot-2025-03-06-at-8.17.31-AM-768x441.png 768w, https:\/\/diarioelpopular.com\/wp-content\/uploads\/2025\/03\/Screen-Shot-2025-03-06-at-8.17.31-AM-1200x689.png 1200w, https:\/\/diarioelpopular.com\/wp-content\/uploads\/2025\/03\/Screen-Shot-2025-03-06-at-8.17.31-AM-127x73.png 127w, https:\/\/diarioelpopular.com\/wp-content\/uploads\/2025\/03\/Screen-Shot-2025-03-06-at-8.17.31-AM.png 1024w\" sizes=\"auto, (max-width: 636px) 100vw, 636px\" \/><\/p>\n<p>&nbsp;<\/p>\n<ul>\n<li><em><strong>Ahora que Canad\u00e1 y Estados Unidos est\u00e1n en una guerra comercial, gracias a este \u00faltimo, los consumidores pueden esperar que algunos precios suban en las tiendas de comestibles, pero no en todos los productos ni todos a la vez.<\/strong><\/em><\/li>\n<\/ul>\n<p>&nbsp;<\/p>\n<p>Gary Sands, de la Federaci\u00f3n de Comerciantes Independientes, dice que las tiendas ya est\u00e1n recibiendo solicitudes de aumento de precios de algunos de sus proveedores.<\/p>\n<p>Despu\u00e9s de que el presidente estadounidense Donald Trump promulgara el martes aranceles radicales sobre los productos canadienses, Canad\u00e1 respondi\u00f3 con sus propios aranceles sobre una amplia gama de importaciones estadounidenses.<\/p>\n<p>Estos incluyen productos alimenticios como jugo de naranja, mantequilla de man\u00ed, alcohol y caf\u00e9.<\/p>\n<p>El profesor de econom\u00eda alimentaria de la Universidad de Guelph, Mike Von Massow, dice que una vez que la segunda ronda de aranceles de represalia de Canad\u00e1 entre en juego a finales de este mes, los efectos probablemente ser\u00e1n m\u00e1s pronunciados en las tiendas de comestibles.<\/p>\n<p>El gobierno canadiense dice que la segunda ronda incluir\u00eda frutas y verduras, carne de res, cerdo y productos l\u00e1cteos.<\/p>\n","protected":false},"excerpt":{"rendered":"<p>&nbsp; Ahora que Canad\u00e1 y Estados Unidos est\u00e1n en una guerra comercial, gracias a este \u00faltimo, los consumidores pueden esperar que algunos precios suban en&hellip;<\/p>\n","protected":false},"author":99,"featured_media":529319,"comment_status":"open","ping_status":"open","sticky":false,"template":"","format":"standard","meta":{"footnotes":""},"categories":[21,11191],"tags":[],"class_list":["post-529318","post","type-post","status-publish","format-standard","has-post-thumbnail","hentry","category-canada","category-top-news"],"_links":{"self":[{"href":"https:\/\/diarioelpopular.com\/index.php\/wp-json\/wp\/v2\/posts\/529318","targetHints":{"allow":["GET"]}}],"collection":[{"href":"https:\/\/diarioelpopular.com\/index.php\/wp-json\/wp\/v2\/posts"}],"about":[{"href":"https:\/\/diarioelpopular.com\/index.php\/wp-json\/wp\/v2\/types\/post"}],"author":[{"embeddable":true,"href":"https:\/\/diarioelpopular.com\/index.php\/wp-json\/wp\/v2\/users\/99"}],"replies":[{"embeddable":true,"href":"https:\/\/diarioelpopular.com\/index.php\/wp-json\/wp\/v2\/comments?post=529318"}],"version-history":[{"count":1,"href":"https:\/\/diarioelpopular.com\/index.php\/wp-json\/wp\/v2\/posts\/529318\/revisions"}],"predecessor-version":[{"id":529320,"href":"https:\/\/diarioelpopular.com\/index.php\/wp-json\/wp\/v2\/posts\/529318\/revisions\/529320"}],"wp:featuredmedia":[{"embeddable":true,"href":"https:\/\/diarioelpopular.com\/index.php\/wp-json\/wp\/v2\/media\/529319"}],"wp:attachment":[{"href":"https:\/\/diarioelpopular.com\/index.php\/wp-json\/wp\/v2\/media?parent=529318"}],"wp:term":[{"taxonomy":"category","embeddable":true,"href":"https:\/\/diarioelpopular.com\/index.php\/wp-json\/wp\/v2\/categories?post=529318"},{"taxonomy":"post_tag","embeddable":true,"href":"https:\/\/diarioelpopular.com\/index.php\/wp-json\/wp\/v2\/tags?post=529318"}],"curies":[{"name":"wp","href":"https:\/\/api.w.org\/{rel}","templated":true}]}}