{"id":529330,"date":"2025-03-06T10:07:03","date_gmt":"2025-03-06T14:07:03","guid":{"rendered":"https:\/\/diarioelpopular.com\/?p=529330"},"modified":"2025-03-06T10:07:03","modified_gmt":"2025-03-06T14:07:03","slug":"buscan-a-delincuente-no-identificado-hasta-el-momento-por-allanamiento-a-una-casa-en-riverdale","status":"publish","type":"post","link":"https:\/\/diarioelpopular.com\/index.php\/2025\/03\/06\/buscan-a-delincuente-no-identificado-hasta-el-momento-por-allanamiento-a-una-casa-en-riverdale\/","title":{"rendered":"Buscan a delincuente no identificado, hasta el momento, por allanamiento a una casa en Riverdale"},"content":{"rendered":"<div id=\"attachment_529332\" style=\"width: 646px\" class=\"wp-caption alignnone\"><img loading=\"lazy\" decoding=\"async\" aria-describedby=\"caption-attachment-529332\" class=\"wp-image-529332 size-custom-full-size\" src=\"https:\/\/diarioelpopular.com\/wp-content\/uploads\/2025\/03\/Screen-Shot-2025-03-06-at-9.06.06-AM-636x474.png\" alt=\"\" width=\"636\" height=\"474\" srcset=\"https:\/\/diarioelpopular.com\/wp-content\/uploads\/2025\/03\/Screen-Shot-2025-03-06-at-9.06.06-AM-636x474.png 636w, https:\/\/diarioelpopular.com\/wp-content\/uploads\/2025\/03\/Screen-Shot-2025-03-06-at-9.06.06-AM-300x223.png 300w, https:\/\/diarioelpopular.com\/wp-content\/uploads\/2025\/03\/Screen-Shot-2025-03-06-at-9.06.06-AM-768x572.png 768w, https:\/\/diarioelpopular.com\/wp-content\/uploads\/2025\/03\/Screen-Shot-2025-03-06-at-9.06.06-AM-98x73.png 98w, https:\/\/diarioelpopular.com\/wp-content\/uploads\/2025\/03\/Screen-Shot-2025-03-06-at-9.06.06-AM.png 846w\" sizes=\"auto, (max-width: 636px) 100vw, 636px\" \/><p id=\"caption-attachment-529332\" class=\"wp-caption-text\">Se insta a cualquier persona que tenga informaci\u00f3n sobre la identidad o el paradero de este ladr\u00f3n a que llame a la polic\u00eda al 416-808-2510 o a Crime Stoppers de forma an\u00f3nima al 1-800-222-TIPS (8477).<\/p><\/div>\n<p>&nbsp;<\/p>\n<p>&nbsp;<\/p>\n<ul>\n<li><em><strong>El ladr\u00f3n armado con un cuchillo irrumpi\u00f3 en la casa en medio de la noche y atac\u00f3 a un ocupante antes de huir con las manos vac\u00edas<\/strong><\/em><\/li>\n<\/ul>\n<p>&nbsp;<\/p>\n<p>Se busca a un ladr\u00f3n por un aterrador allanamiento a punta de cuchillo en Riverdale el martes de madrugada.<\/p>\n<p>La polic\u00eda de Toronto dijo que los oficiales respondieron a un allanamiento en curso en el \u00e1rea de Broadview Ave. y Gerrard St. E. alrededor de las 3 a.m.<\/p>\n<p>\u201cUn delincuente se meti\u00f3 a una residencia forzando la puerta trasera\u201d, dijo el agente Viktor Sarudi en un comunicado publicado el mi\u00e9rcoles. \u201cSac\u00f3 un cuchillo y se enfrent\u00f3 a la v\u00edctima\u201d.<\/p>\n<p>Dijo que el invasor \u201cagredi\u00f3 a la v\u00edctima\u201d y huy\u00f3 del \u00e1rea con las manos vac\u00edas.<\/p>\n<p>Los investigadores de la Brigada de Atracos han publicado im\u00e1genes del ladr\u00f3n con la esperanza de que los miembros del p\u00fablico puedan reconocerlo y presentarse para ayudar a identificarlo.<\/p>\n<p>Se trata de un hombre blanco, de unos 20 a\u00f1os, de aproximadamente 1,80 metros de altura y aspecto desali\u00f1ado.<\/p>\n<p>&nbsp;<\/p>\n","protected":false},"excerpt":{"rendered":"<p>&nbsp; &nbsp; El ladr\u00f3n armado con un cuchillo irrumpi\u00f3 en la casa en medio de la noche y atac\u00f3 a un ocupante antes de huir&hellip;<\/p>\n","protected":false},"author":99,"featured_media":529332,"comment_status":"open","ping_status":"open","sticky":false,"template":"","format":"standard","meta":{"footnotes":""},"categories":[11364],"tags":[],"class_list":["post-529330","post","type-post","status-publish","format-standard","has-post-thumbnail","hentry","category-toronto-gta"],"_links":{"self":[{"href":"https:\/\/diarioelpopular.com\/index.php\/wp-json\/wp\/v2\/posts\/529330","targetHints":{"allow":["GET"]}}],"collection":[{"href":"https:\/\/diarioelpopular.com\/index.php\/wp-json\/wp\/v2\/posts"}],"about":[{"href":"https:\/\/diarioelpopular.com\/index.php\/wp-json\/wp\/v2\/types\/post"}],"author":[{"embeddable":true,"href":"https:\/\/diarioelpopular.com\/index.php\/wp-json\/wp\/v2\/users\/99"}],"replies":[{"embeddable":true,"href":"https:\/\/diarioelpopular.com\/index.php\/wp-json\/wp\/v2\/comments?post=529330"}],"version-history":[{"count":1,"href":"https:\/\/diarioelpopular.com\/index.php\/wp-json\/wp\/v2\/posts\/529330\/revisions"}],"predecessor-version":[{"id":529333,"href":"https:\/\/diarioelpopular.com\/index.php\/wp-json\/wp\/v2\/posts\/529330\/revisions\/529333"}],"wp:featuredmedia":[{"embeddable":true,"href":"https:\/\/diarioelpopular.com\/index.php\/wp-json\/wp\/v2\/media\/529332"}],"wp:attachment":[{"href":"https:\/\/diarioelpopular.com\/index.php\/wp-json\/wp\/v2\/media?parent=529330"}],"wp:term":[{"taxonomy":"category","embeddable":true,"href":"https:\/\/diarioelpopular.com\/index.php\/wp-json\/wp\/v2\/categories?post=529330"},{"taxonomy":"post_tag","embeddable":true,"href":"https:\/\/diarioelpopular.com\/index.php\/wp-json\/wp\/v2\/tags?post=529330"}],"curies":[{"name":"wp","href":"https:\/\/api.w.org\/{rel}","templated":true}]}}