{"id":529350,"date":"2025-03-06T10:54:27","date_gmt":"2025-03-06T14:54:27","guid":{"rendered":"https:\/\/diarioelpopular.com\/?p=529350"},"modified":"2025-03-06T10:54:27","modified_gmt":"2025-03-06T14:54:27","slug":"es-mucho-peor-que-cruzar-el-darien-las-peligrosas-rutas-maritimas-desde-panama-a-colombia-que-usan-los-migrantes-venezolanos-que-regresan-a-su-pais","status":"publish","type":"post","link":"https:\/\/diarioelpopular.com\/index.php\/2025\/03\/06\/es-mucho-peor-que-cruzar-el-darien-las-peligrosas-rutas-maritimas-desde-panama-a-colombia-que-usan-los-migrantes-venezolanos-que-regresan-a-su-pais\/","title":{"rendered":"&#8220;Es mucho peor que cruzar el Dari\u00e9n&#8221;: las peligrosas rutas mar\u00edtimas desde Panam\u00e1 a Colombia que usan los migrantes venezolanos que regresan a su pa\u00eds"},"content":{"rendered":"<div id=\"attachment_529351\" style=\"width: 646px\" class=\"wp-caption alignnone\"><img loading=\"lazy\" decoding=\"async\" aria-describedby=\"caption-attachment-529351\" class=\"wp-image-529351 size-custom-full-size\" src=\"https:\/\/diarioelpopular.com\/wp-content\/uploads\/2025\/03\/Screen-Shot-2025-03-06-at-9.53.53-AM-636x363.png\" alt=\"\" width=\"636\" height=\"363\" srcset=\"https:\/\/diarioelpopular.com\/wp-content\/uploads\/2025\/03\/Screen-Shot-2025-03-06-at-9.53.53-AM-636x363.png 636w, https:\/\/diarioelpopular.com\/wp-content\/uploads\/2025\/03\/Screen-Shot-2025-03-06-at-9.53.53-AM-300x171.png 300w, https:\/\/diarioelpopular.com\/wp-content\/uploads\/2025\/03\/Screen-Shot-2025-03-06-at-9.53.53-AM-768x439.png 768w, https:\/\/diarioelpopular.com\/wp-content\/uploads\/2025\/03\/Screen-Shot-2025-03-06-at-9.53.53-AM-128x73.png 128w, https:\/\/diarioelpopular.com\/wp-content\/uploads\/2025\/03\/Screen-Shot-2025-03-06-at-9.53.53-AM.png 1024w\" sizes=\"auto, (max-width: 636px) 100vw, 636px\" \/><p id=\"caption-attachment-529351\" class=\"wp-caption-text\">Cientos de migrantes est\u00e1n yendo en lancha de Panam\u00e1 hasta Colombia en su camino de regreso a Venezuela.<\/p><\/div>\n<p>&nbsp;<\/p>\n<p>&nbsp;<\/p>\n<div class=\"bbc-19j92fr ebmt73l0\" dir=\"ltr\">\n<ul>\n<li class=\"bbc-hhl7in e17g058b0\" dir=\"ltr\"><em><b>&#8220;Si pudiera devolver el tiempo, jam\u00e1s pasar\u00eda por eso&#8221;, dice Carlos*, un migrante venezolano, refiri\u00e9ndose a la ruta que hizo en lancha desde Panam\u00e1 hasta Colombia.<\/b><\/em><\/li>\n<\/ul>\n<\/div>\n<div class=\"bbc-19j92fr ebmt73l0\" dir=\"ltr\">\n<p dir=\"ltr\">\n<p class=\"bbc-hhl7in e17g058b0\" dir=\"ltr\">\u00c9l es uno de los cientos de migrantes que decidieron regresar a su pa\u00eds a ra\u00edz de que Donald Trump eliminara las opciones que ten\u00edan para cruzar la frontera de Estados Unidos legalmente como solicitantes de asilo.<\/p>\n<\/div>\n<div class=\"bbc-19j92fr ebmt73l0\" dir=\"ltr\">\n<p class=\"bbc-hhl7in e17g058b0\" dir=\"ltr\">La lancha en la que iba este lunes con su esposa y sus hijos de 8 y 12 a\u00f1os desde Puerto Obald\u00eda, Panam\u00e1, hasta Capurgan\u00e1, Colombia, se qued\u00f3 varada en mar abierto.<\/p>\n<\/div>\n<div class=\"bbc-19j92fr ebmt73l0\" dir=\"ltr\">\n<p class=\"bbc-hhl7in e17g058b0\" dir=\"ltr\">&#8220;Le entr\u00f3 agua al motor y quedamos flotando a mar abierto&#8221;, relata Carlos. &#8220;Llamaron a un lanchero para que nos fuera a rescatar, pero cuando lleg\u00f3, choc\u00f3 con nuestra lancha, se mont\u00f3 encima de nosotros y casi nos volteamos&#8221;.<\/p>\n<\/div>\n<div class=\"bbc-19j92fr ebmt73l0\" dir=\"ltr\">\n<p class=\"bbc-hhl7in e17g058b0\" dir=\"ltr\">El choque le abri\u00f3 un hueco a la lancha, por el que se empez\u00f3 a entrar el agua. Afortunadamente, otra embarcaci\u00f3n los rescat\u00f3 y los llev\u00f3 de vuelta a Puerto Obald\u00eda.<\/p>\n<\/div>\n<div class=\"bbc-1n4f7vm ebmt73l0\" dir=\"ltr\"><\/div>\n<div class=\"bbc-19j92fr ebmt73l0\" dir=\"ltr\">\n<p class=\"bbc-hhl7in e17g058b0\" dir=\"ltr\">M\u00e1s tarde, y tras algunas reparaciones, Carlos y su familia volvieron a zarpar en la misma lancha y lograron llegar a Capurgan\u00e1.<\/p>\n<\/div>\n<div class=\"bbc-19j92fr ebmt73l0\" dir=\"ltr\">\n<p class=\"bbc-hhl7in e17g058b0\" dir=\"ltr\">El trayecto entre Panam\u00e1 y Colombia es el m\u00e1s complicado del viaje entre Norteam\u00e9rica y Suram\u00e9rica porque no hay carreteras que unan a los dos pa\u00edses.<\/p>\n<\/div>\n<div class=\"bbc-19j92fr ebmt73l0\" dir=\"ltr\">\n<p class=\"bbc-hhl7in e17g058b0\" dir=\"ltr\">La gran mayor\u00eda de los migrantes atravesaron de ida la peligrosa selva del Dari\u00e9n, una traves\u00eda en la cual murieron 84 personas en 2023 y 55 en 2024, seg\u00fan cifras del gobierno de Panam\u00e1.<\/p>\n<\/div>\n<div class=\"bbc-19j92fr ebmt73l0\" dir=\"ltr\">\n<p class=\"bbc-hhl7in e17g058b0\" dir=\"ltr\">Ahora, para evitar hacerlo de nuevo y por las fuertes restricciones que ha implementado Panam\u00e1 al tr\u00e1nsito por el Dari\u00e9n, est\u00e1n cruzando por mar.<\/p>\n<\/div>\n<div class=\"bbc-19j92fr ebmt73l0\" dir=\"ltr\">\n<p class=\"bbc-hhl7in e17g058b0\" dir=\"ltr\">Para Carlos, lo que vivi\u00f3 en la lancha fue mucho peor que vivi\u00f3 hace seis meses en la selva. La define como una experiencia &#8220;traum\u00e1tica&#8221;.<\/p>\n<\/div>\n<div class=\"bbc-19j92fr ebmt73l0\" dir=\"ltr\">\n<p class=\"bbc-hhl7in e17g058b0\" dir=\"ltr\">&#8220;La lancha en mar abierto brinca m\u00e1s de un metro y cae como si estuvieran tir\u00e1ndote de golpe al piso. Sientes como si te estuvieran dando un golpe con un palo en la espalda, en las piernas&#8221;.<\/p>\n<\/div>\n<div class=\"bbc-19j92fr ebmt73l0\" dir=\"ltr\">\n<p class=\"bbc-hhl7in e17g058b0\" dir=\"ltr\">El choque no fue el \u00fanico incidente que vivi\u00f3 en la ruta. En un momento, se quedaron sin combustible. Y en otro, el patr\u00f3n perdi\u00f3 el control del volante y la lancha se lade\u00f3 tanto que Carlos qued\u00f3 parcialmente sumergido en el agua.<\/p>\n<\/div>\n<div class=\"bbc-19j92fr ebmt73l0\" dir=\"ltr\">\n<p class=\"bbc-hhl7in e17g058b0\" dir=\"ltr\">Su prioridad cuando iba en la lancha, sin embargo, era mantener agarrados a sus hijos y distraerlos del miedo que sent\u00edan.<\/p>\n<\/div>\n<div class=\"bbc-19j92fr ebmt73l0\" dir=\"ltr\">\n<p class=\"bbc-hhl7in e17g058b0\" dir=\"ltr\">&#8220;Yo lo pienso ahorita y digo: \u00bfc\u00f3mo pudimos exponer nuestras vidas as\u00ed?&#8221;.<\/p>\n<p dir=\"ltr\">\n<\/div>\n<figure class=\"bbc-1qn0xuy\">\n<div class=\"bbc-18ywsw9\"><img loading=\"lazy\" decoding=\"async\" class=\"bbc-139onq\" src=\"https:\/\/ichef.bbci.co.uk\/ace\/ws\/640\/cpsprodpb\/f0e3\/live\/68410b20-f850-11ef-896e-d7e7fb1719a4.png.webp\" sizes=\"auto, (min-width: 1008px) 760px, 100vw\" srcset=\"https:\/\/ichef.bbci.co.uk\/ace\/ws\/240\/cpsprodpb\/f0e3\/live\/68410b20-f850-11ef-896e-d7e7fb1719a4.png.webp 240w, https:\/\/ichef.bbci.co.uk\/ace\/ws\/320\/cpsprodpb\/f0e3\/live\/68410b20-f850-11ef-896e-d7e7fb1719a4.png.webp 320w, https:\/\/ichef.bbci.co.uk\/ace\/ws\/480\/cpsprodpb\/f0e3\/live\/68410b20-f850-11ef-896e-d7e7fb1719a4.png.webp 480w, https:\/\/ichef.bbci.co.uk\/ace\/ws\/624\/cpsprodpb\/f0e3\/live\/68410b20-f850-11ef-896e-d7e7fb1719a4.png.webp 624w, https:\/\/ichef.bbci.co.uk\/ace\/ws\/640\/cpsprodpb\/f0e3\/live\/68410b20-f850-11ef-896e-d7e7fb1719a4.png.webp 640w\" alt=\"Mapa de las rutas del flujo inverso\" width=\"640\" height=\"1088\" \/><\/div>\n<\/figure>\n<div class=\"bbc-19j92fr ebmt73l0\" dir=\"ltr\">\n<p dir=\"ltr\">\n<p class=\"bbc-hhl7in e17g058b0\" dir=\"ltr\">Seg\u00fan el presidente de Panam\u00e1, Jos\u00e9 Ra\u00fal Mulino, m\u00e1s de 2.200 migrantes llegaron a ese pa\u00eds durante febrero en su camino de regreso hacia Venezuela.<\/p>\n<\/div>\n<div class=\"bbc-19j92fr ebmt73l0\" dir=\"ltr\">\n<p class=\"bbc-hhl7in e17g058b0\" dir=\"ltr\">No se sabe cu\u00e1ntos de ellos han salido en lanchas hacia Colombia, pero estas se han convertido en el principal medio de transporte para los migrantes que regresan.<\/p>\n<\/div>\n<div class=\"bbc-19j92fr ebmt73l0\" dir=\"ltr\">\n<p class=\"bbc-hhl7in e17g058b0\" dir=\"ltr\">El s\u00e1bado 22 de febrero una lancha que zarp\u00f3 de Cart\u00ed, en la comarca ind\u00edgena Guna Yala, naufrag\u00f3 con 21 pasajeros \u201419 de ellos migrantes\u2014 en medio de la noche.<\/p>\n<\/div>\n<div class=\"bbc-19j92fr ebmt73l0\" dir=\"ltr\">\n<p class=\"bbc-hhl7in e17g058b0\" dir=\"ltr\">El Servicio Nacional de Fronteras de Panam\u00e1 confirm\u00f3 que logr\u00f3 rescatar a 20 de ellos, pero una ni\u00f1a venezolana de 8 a\u00f1os falleci\u00f3.<\/p>\n<\/div>\n<div class=\"bbc-19j92fr ebmt73l0\" dir=\"ltr\">\n<p class=\"bbc-hhl7in e17g058b0\" dir=\"ltr\">Seg\u00fan un experto, la ruta que siguen las lanchas que transportan migrantes no es particularmente dif\u00edcil.<\/p>\n<\/div>\n<div class=\"bbc-19j92fr ebmt73l0\" dir=\"ltr\">\n<p class=\"bbc-hhl7in e17g058b0\" dir=\"ltr\">Sin embargo, los vientos alisios, que son m\u00e1s intensos entre enero y abril, s\u00ed provocan mareas altas que pueden ser amenazantes para las lanchas abiertas, como aquellas en las que se trasladan los migrantes. No son embarcaciones dise\u00f1adas para trayectos tan largos.<\/p>\n<\/div>\n<div class=\"bbc-19j92fr ebmt73l0\" dir=\"ltr\">\n<p class=\"bbc-hhl7in e17g058b0\" dir=\"ltr\">A pesar de los riesgos, en TikTok y grupos de WhatsApp, cientos de migrantes venezolanos se alientan mutuamente a realizar el viaje y se felicitan cuando logran llegar al otro lado.<\/p>\n<\/div>\n<div class=\"bbc-19j92fr ebmt73l0\" dir=\"ltr\">\n<p class=\"bbc-hhl7in e17g058b0\" dir=\"ltr\">&#8220;Es una tranquilidad que no tiene precio llegar a Necocl\u00ed (Colombia)&#8221;, escribe uno de ellos. &#8220;Ni aunque me pagaran $5.000 (unos US$245) semanales, me quedaba un d\u00eda m\u00e1s en M\u00e9xico&#8221;, escribe otro.<\/p>\n<\/div>\n<div class=\"bbc-19j92fr ebmt73l0\" dir=\"ltr\">\n<h2 id=\"Las-rutas\" class=\"bbc-1lgzob2 eglt09e0\" tabindex=\"-1\">Las rutas<\/h2>\n<\/div>\n<div class=\"bbc-19j92fr ebmt73l0\" dir=\"ltr\">\n<p class=\"bbc-hhl7in e17g058b0\" dir=\"ltr\">Las rutas mar\u00edtimas improvisadas que han usado cientos de migrantes en las \u00faltimas semanas para llegar a Colombia arrancan desde dos puntos: uno en la comarca de Guna Yala y otro en la provincia de Col\u00f3n, en Panam\u00e1.<\/p>\n<\/div>\n<div class=\"bbc-19j92fr ebmt73l0\" dir=\"ltr\">\n<p class=\"bbc-hhl7in e17g058b0\" dir=\"ltr\">Guna Yala es una comarca ind\u00edgena en el noreste del pa\u00eds que se extiende a lo largo de la costa Caribe desde la frontera con Colombia. Es, por ende, el lugar m\u00e1s cercano desde donde llegar por mar a Necocl\u00ed.<\/p>\n<\/div>\n<div class=\"bbc-19j92fr ebmt73l0\" dir=\"ltr\">\n<p class=\"bbc-hhl7in e17g058b0\" dir=\"ltr\">Desde que ocurri\u00f3 el naufragio del 21 de febrero, sin embargo, dejaron de zarpar lanchas desde Guna Yala y se traslad\u00f3 todo el transporte de migrantes a la provincia de Col\u00f3n, seg\u00fan informan fuentes en el terreno.<\/p>\n<\/div>\n<div class=\"bbc-19j92fr ebmt73l0\" dir=\"ltr\">\n<p class=\"bbc-hhl7in e17g058b0\" dir=\"ltr\">Las autoridades ind\u00edgenas de Guna Yala dijeron que, desde antes del naufragio, hab\u00edan advertido de que a su territorio estaban llegando decenas de migrantes en carros particulares, taxis y a pie para embarcarse en las lanchas.<\/p>\n<\/div>\n<div class=\"bbc-19j92fr ebmt73l0\" dir=\"ltr\">\n<p class=\"bbc-hhl7in e17g058b0\" dir=\"ltr\">&#8220;Lamentablemente, Gunayala no est\u00e1 en condiciones de recibir y atender a esos seres humanos en condiciones adecuadas, y nos sorprende que ni las Naciones Unidas ni el gobierno de Panam\u00e1 hayan puesto recursos para un albergue, botes, carros o alimentaci\u00f3n para atender estas personas&#8221;, dec\u00eda un comunicado del Congreso General Gunayala.<\/p>\n<\/div>\n<div class=\"bbc-19j92fr ebmt73l0\" dir=\"ltr\">\n<p class=\"bbc-hhl7in e17g058b0\" dir=\"ltr\">Las embarcaciones desde Guna Yala zarpaban en Cart\u00ed y llegaban hasta Puerto Obald\u00eda, un corregimiento muy cerca de la frontera con Colombia. Ese trayecto toma al menos 7 horas.<\/p>\n<\/div>\n<div class=\"bbc-19j92fr ebmt73l0\" dir=\"ltr\">\n<p class=\"bbc-hhl7in e17g058b0\" dir=\"ltr\">A pesar de que la instrucci\u00f3n expresa de las autoridades de Guna Yala es no navegar despu\u00e9s de las 5:00 pm, la lancha que naufrag\u00f3 el 22 de febrero viajaba en medio de la noche.<\/p>\n<p dir=\"ltr\">\n<\/div>\n<figure class=\"bbc-1qn0xuy\">\n<div class=\"bbc-18ywsw9\">\n<div style=\"width: 1034px\" class=\"wp-caption alignnone\"><img loading=\"lazy\" decoding=\"async\" class=\"bbc-139onq\" src=\"https:\/\/ichef.bbci.co.uk\/ace\/ws\/640\/cpsprodpb\/47c3\/live\/5b66e920-f85e-11ef-b809-97b36d89f5f9.jpg.webp\" alt=\"Lancha con migrantes en el muelle de Puerto Cart\u00ed, Panam\u00e1\" width=\"1024\" height=\"576\" \/><p class=\"wp-caption-text\">Fuente de la imagen,Getty Images.\u00a0\u00a0La embarcaci\u00f3n en las lanchas en Puerto Cart\u00ed el 21 de febrero al parecer fue vigilada por miembros de la fuerza p\u00fablica paname\u00f1a.<\/p><\/div>\n<p class=\"bbc-by8ykd\" role=\"text\">\n<\/div>\n<\/figure>\n<div class=\"bbc-19j92fr ebmt73l0\" dir=\"ltr\">\n<p dir=\"ltr\">\n<p class=\"bbc-hhl7in e17g058b0\" dir=\"ltr\">Las autoridades paname\u00f1as han negado informar de cu\u00e1l ha sido su papel en el transporte de los migrantes que van de norte a sur.<\/p>\n<\/div>\n<div class=\"bbc-19j92fr ebmt73l0\" dir=\"ltr\">\n<p class=\"bbc-hhl7in e17g058b0\" dir=\"ltr\">Sin embargo, fotos que tom\u00f3 la agencia de noticias AFP en Puerto Cart\u00ed el 21 de febrero mostraban a miembros de la fuerza p\u00fablica paname\u00f1a vigilando el muelle mientras los migrantes embarcaban.<\/p>\n<\/div>\n<div class=\"bbc-19j92fr ebmt73l0\" dir=\"ltr\">\n<p class=\"bbc-hhl7in e17g058b0\" dir=\"ltr\">Ese mismo d\u00eda y de ese mismo lugar zarp\u00f3 la embarcaci\u00f3n que naufrag\u00f3.<\/p>\n<\/div>\n<div class=\"bbc-19j92fr ebmt73l0\" dir=\"ltr\">\n<h2 id=\"US300-hasta-Necocl\u00ed\" class=\"bbc-1lgzob2 eglt09e0\" tabindex=\"-1\">US$300 hasta Necocl\u00ed<\/h2>\n<\/div>\n<div class=\"bbc-19j92fr ebmt73l0\" dir=\"ltr\">\n<p class=\"bbc-hhl7in e17g058b0\" dir=\"ltr\">La otra ruta, que es por la que avanzan hacia su destino casi todos los migrantes desde que ocurri\u00f3 el naufragio, arranca en Miramar, un corregimiento en la provincia de Col\u00f3n.<\/p>\n<\/div>\n<div class=\"bbc-19j92fr ebmt73l0\" dir=\"ltr\">\n<p class=\"bbc-hhl7in e17g058b0\" dir=\"ltr\">Ah\u00ed, los migrantes abordan una primera lancha que para en Gaigirgordub, una isla en la comarca de Guna Yala, y llega hasta Puerto Obald\u00eda. Es un viaje que toma aproximadamente unas 9 horas.<\/p>\n<\/div>\n<div class=\"bbc-19j92fr ebmt73l0\" dir=\"ltr\">\n<p class=\"bbc-hhl7in e17g058b0\" dir=\"ltr\">&#8220;Realmente hay que vivirlo para poder entenderlo&#8221;, cont\u00f3 Rafael*, otro migrante que realiz\u00f3 la traves\u00eda.<\/p>\n<\/div>\n<div class=\"bbc-19j92fr ebmt73l0\" dir=\"ltr\">\n<p class=\"bbc-hhl7in e17g058b0\" dir=\"ltr\">&#8220;Tu vida depende depende de otra persona, a a la que no le importan tus miedos o los golpes que est\u00e1s sufriendo. Ellos solo quieren llegar&#8221;.<\/p>\n<\/div>\n<div class=\"bbc-19j92fr ebmt73l0\" dir=\"ltr\">\n<p class=\"bbc-hhl7in e17g058b0\" dir=\"ltr\">&#8220;Hab\u00eda un conductor de una lancha que iba a toda mecha y tomando licor&#8221;, agreg\u00f3.<\/p>\n<\/div>\n<div class=\"bbc-19j92fr ebmt73l0\" dir=\"ltr\">\n<p class=\"bbc-hhl7in e17g058b0\" dir=\"ltr\">Seg\u00fan los testimonios, en Puerto Obald\u00eda los migrantes se quedan una noche. Ah\u00ed, hay un puesto de control de las autoridades paname\u00f1as donde les revisan los documentos.<\/p>\n<\/div>\n<div class=\"bbc-19j92fr ebmt73l0\" dir=\"ltr\">\n<p class=\"bbc-hhl7in e17g058b0\" dir=\"ltr\">Los transportistas les dicen que la comida y el hospedaje de esa noche est\u00e1n incluidos en el precio que pagan, pero eso no es as\u00ed, seg\u00fan Rafael.<\/p>\n<\/div>\n<div class=\"bbc-19j92fr ebmt73l0\" dir=\"ltr\">\n<p class=\"bbc-hhl7in e17g058b0\" dir=\"ltr\">&#8220;No te dan agua, ni siquiera agua dulce para que te puedas ba\u00f1ar&#8221;, dijo.<\/p>\n<\/div>\n<div class=\"bbc-19j92fr ebmt73l0\" dir=\"ltr\">\n<p class=\"bbc-hhl7in e17g058b0\" dir=\"ltr\">Al d\u00eda siguiente, otra lancha los lleva desde all\u00ed hasta Capurgan\u00e1, un trayecto que toma unos 25 minutos.<\/p>\n<\/div>\n<div class=\"bbc-19j92fr ebmt73l0\" dir=\"ltr\">\n<p class=\"bbc-hhl7in e17g058b0\" dir=\"ltr\">En Capurgan\u00e1, cambian nuevamente de lancha a otra m\u00e1s grande para ir hacia Necocl\u00ed o Turbo, dos municipios colombianos relativamente bien conectados desde donde los migrantes pueden continuar su camino por tierra.<\/p>\n<\/div>\n<div class=\"bbc-19j92fr ebmt73l0\" dir=\"ltr\">\n<p class=\"bbc-hhl7in e17g058b0\" dir=\"ltr\">Seg\u00fan Carlos, la lancha que lo llev\u00f3 de Capurgan\u00e1 a Necocl\u00ed ten\u00eda capacidad para 63 personas, pero en ella iban 68.<\/p>\n<\/div>\n<div class=\"bbc-19j92fr ebmt73l0\" dir=\"ltr\">\n<p class=\"bbc-hhl7in e17g058b0\" dir=\"ltr\">En grupos de Whatsapp, algunos migrantes afirman que los patrones de las lanchas les hab\u00edan vendido un paquete que supuestamente los llevar\u00eda hasta Necocl\u00ed pero terminaron dej\u00e1ndolos en Puerto Obald\u00eda, a mitad de camino.<\/p>\n<p dir=\"ltr\">\n<\/div>\n<figure class=\"bbc-1qn0xuy\">\n<div class=\"bbc-18ywsw9\">\n<div style=\"width: 1034px\" class=\"wp-caption alignnone\"><img loading=\"lazy\" decoding=\"async\" class=\"bbc-139onq\" src=\"https:\/\/ichef.bbci.co.uk\/ace\/ws\/640\/cpsprodpb\/a1c4\/live\/988b53a0-f84e-11ef-83da-2fe2e32e5a75.jpg.webp\" alt=\"Migrantes venezolanos en una lancha en Puerto Carti\" width=\"1024\" height=\"576\" \/><p class=\"wp-caption-text\">Fuente de la imagen,Getty Images.\u00a0\u00a0Seg\u00fan el gobierno paname\u00f1o, son m\u00e1s de 2.900 los migrantes que han llegado a Panam\u00e1 en el &#8220;flujo inverso&#8221; desde M\u00e9xico.<\/p><\/div>\n<p class=\"bbc-by8ykd\" role=\"text\">\n<\/div>\n<\/figure>\n<div class=\"bbc-19j92fr ebmt73l0\" dir=\"ltr\">\n<p class=\"bbc-hhl7in e17g058b0\" dir=\"ltr\">El paso entre Panam\u00e1 y Colombia es lo m\u00e1s caro de todo el viaje desde M\u00e9xico hasta Venezuela.<\/p>\n<\/div>\n<div class=\"bbc-19j92fr ebmt73l0\" dir=\"ltr\">\n<p class=\"bbc-hhl7in e17g058b0\" dir=\"ltr\">Las lanchas cobran aproximadamente unos US$300 por persona por llevar a los migrantes desde el Caribe paname\u00f1o hasta Necocl\u00ed.<\/p>\n<\/div>\n<div class=\"bbc-19j92fr ebmt73l0\" dir=\"ltr\">\n<p class=\"bbc-hhl7in e17g058b0\" dir=\"ltr\">A eso se suman otros US$200 que les cuesta m\u00e1s o menos a cada uno llegar desde Tapachula, M\u00e9xico, hasta Panam\u00e1, un trayecto que hacen en autob\u00fas y toma m\u00e1s o menos cinco d\u00edas.<\/p>\n<\/div>\n<div class=\"bbc-19j92fr ebmt73l0\" dir=\"ltr\">\n<p class=\"bbc-hhl7in e17g058b0\" dir=\"ltr\">Reunir ese dinero en M\u00e9xico, sobre todo para las familias con ni\u00f1os, es muy dif\u00edcil, seg\u00fan los testimonios.<\/p>\n<\/div>\n<div class=\"bbc-19j92fr ebmt73l0\" dir=\"ltr\">\n<p class=\"bbc-hhl7in e17g058b0\" dir=\"ltr\">Por ende, muchos que no tienen c\u00f3mo pagar el precio de las lanchas han quedado varados en albergues en la provincia del Dari\u00e9n.<\/p>\n<\/div>\n<div class=\"bbc-19j92fr ebmt73l0\" dir=\"ltr\">\n<p class=\"bbc-hhl7in e17g058b0\" dir=\"ltr\">Es el caso de Adrianyela, una migrante que logr\u00f3 llegar con su hija de dos a\u00f1os hasta Panam\u00e1 con el dinero que gan\u00f3 vendiendo dulces, pidiendo en la calle y limpiando vidrios en el camino.<\/p>\n<\/div>\n<div class=\"bbc-19j92fr ebmt73l0\" dir=\"ltr\">\n<p class=\"bbc-hhl7in e17g058b0\" dir=\"ltr\">Como no tiene la cantidad necesaria para seguir, lleva dos semanas en la Estaci\u00f3n Temporal de Recepci\u00f3n de Migrantes de Lajas Blancas, de donde no tiene como salir y donde la infraestructura es muy precaria.<\/p>\n<\/div>\n<div class=\"bbc-19j92fr ebmt73l0\" dir=\"ltr\">\n<p class=\"bbc-hhl7in e17g058b0\" dir=\"ltr\">El presidente Mulino ha dicho en varias ocasiones que est\u00e1 trabajando para llegar a un acuerdo con Colombia que permita que los migrantes venezolanos que se encuentran en albergues paname\u00f1os, como Adrianyela, sean trasladados en vuelos humanitarios hasta C\u00facuta.<\/p>\n<\/div>\n<div class=\"bbc-19j92fr ebmt73l0\" dir=\"ltr\">\n<p class=\"bbc-hhl7in e17g058b0\" dir=\"ltr\">Sin embargo, por el momento no se conoce ning\u00fan acuerdo binacional para que Colombia reciba a migrantes provenientes de Panam\u00e1.<\/p>\n<\/div>\n<div class=\"bbc-19j92fr ebmt73l0\" dir=\"ltr\">\n<p class=\"bbc-hhl7in e17g058b0\" dir=\"ltr\">Al consultar a Migraci\u00f3n Colombia y a la Canciller\u00eda colombiana en qu\u00e9 punto se encuentra esa negociaci\u00f3n y qu\u00e9 medidas se est\u00e1n tomando ante la llegada de migrantes de regreso,se negaron a dar respuesta.<\/p>\n<p dir=\"ltr\">\n<\/div>\n<figure class=\"bbc-1qn0xuy\">\n<div class=\"bbc-18ywsw9\">\n<div style=\"width: 1034px\" class=\"wp-caption alignnone\"><img loading=\"lazy\" decoding=\"async\" class=\"bbc-139onq\" src=\"https:\/\/ichef.bbci.co.uk\/ace\/ws\/640\/cpsprodpb\/5be7\/live\/409cd6e0-f84f-11ef-83da-2fe2e32e5a75.jpg.webp\" alt=\"Lancha con migrantes\" width=\"1024\" height=\"576\" \/><p class=\"wp-caption-text\">Fuente de la imagen,Getty Images.\u00a0\u00a0Los migrantes venezolanos han zarpado desde muelles en la provincia de Col\u00f3n y la comarca Guna Yala.<\/p><\/div>\n<p class=\"bbc-by8ykd\" role=\"text\">\n<\/div>\n<\/figure>\n<div class=\"bbc-19j92fr ebmt73l0\" dir=\"ltr\">\n<p class=\"bbc-hhl7in e17g058b0\" dir=\"ltr\">A muchos de los migrantes, la alternativa que les queda es pedirles a sus familiares y amigos que les env\u00eden dinero dinero para poder continuar su camino.<\/p>\n<\/div>\n<div class=\"bbc-19j92fr ebmt73l0\" dir=\"ltr\">\n<p class=\"bbc-hhl7in e17g058b0\" dir=\"ltr\">&#8220;Los familiares por nosotros hasta se endeudan con tal de vernos a nosotros bien&#8221;, dec\u00eda uno de los migrantes en un grupo de Whatsapp.<\/p>\n<\/div>\n<div class=\"bbc-19j92fr ebmt73l0\" dir=\"ltr\">\n<p class=\"bbc-hhl7in e17g058b0\" dir=\"ltr\">&#8220;Cuando uno anda loco por irse, no le importa el costo ni de los pasajes de bus ni de las lanchas. Lo importante es llegar bien, abrazar a la familia y a los hijos&#8221;, escrib\u00eda otro.<\/p>\n<\/div>\n<div class=\"bbc-19j92fr ebmt73l0\" dir=\"ltr\">\n<p class=\"bbc-hhl7in e17g058b0\" dir=\"ltr\">Con todo y los riesgos, subirse a una de esas lanchas es el mayor deseo de muchos migrantes en la medida en que los acercan a la posibilidad de rehacer su vida luego de meses viajando, sin poder llegar a su destino final, EE.UU.<\/p>\n<\/div>\n<div class=\"bbc-19j92fr ebmt73l0\" dir=\"ltr\">\n<p class=\"bbc-hhl7in e17g058b0\" dir=\"ltr\">A pesar de que la situaci\u00f3n econ\u00f3mica y pol\u00edtica en Venezuela por la que decidieron migrar sigue igual, volver para muchos de los migrantes es la manera de dejar atr\u00e1s meses en los que se han enfrentado a xenofobia, robos, estafas e incluso secuestros.<\/p>\n<\/div>\n<div class=\"bbc-19j92fr ebmt73l0\" dir=\"ltr\">\n<p class=\"bbc-hhl7in e17g058b0\" dir=\"ltr\">&#8220;Por todo lo que viv\u00ed, estoy superemocionado de llegar a Venezuela&#8221;, dice Carlos.<\/p>\n<\/div>\n<div class=\"bbc-19j92fr ebmt73l0\" dir=\"ltr\">\n<p class=\"bbc-hhl7in e17g058b0\" dir=\"ltr\">&#8220;Los migrantes solo queremos regresar a casa y dejar atr\u00e1s tantas penurias y frustraciones&#8221;, concluye Rafael.<\/p>\n<\/div>\n<div class=\"bbc-19j92fr ebmt73l0\" dir=\"ltr\">\n<p class=\"bbc-hhl7in e17g058b0\" dir=\"ltr\"><i class=\"bbc-h1y5j7 eih42320\">*Los nombres fueron cambiados por petici\u00f3n de los migrantes.<\/i><\/p>\n<\/div>\n","protected":false},"excerpt":{"rendered":"<p>&nbsp; &nbsp; &#8220;Si pudiera devolver el tiempo, jam\u00e1s pasar\u00eda por eso&#8221;, dice Carlos*, un migrante venezolano, refiri\u00e9ndose a la ruta que hizo en lancha desde&hellip;<\/p>\n","protected":false},"author":99,"featured_media":529351,"comment_status":"open","ping_status":"open","sticky":false,"template":"","format":"standard","meta":{"footnotes":""},"categories":[23],"tags":[],"class_list":["post-529350","post","type-post","status-publish","format-standard","has-post-thumbnail","hentry","category-latinoamerica"],"_links":{"self":[{"href":"https:\/\/diarioelpopular.com\/index.php\/wp-json\/wp\/v2\/posts\/529350","targetHints":{"allow":["GET"]}}],"collection":[{"href":"https:\/\/diarioelpopular.com\/index.php\/wp-json\/wp\/v2\/posts"}],"about":[{"href":"https:\/\/diarioelpopular.com\/index.php\/wp-json\/wp\/v2\/types\/post"}],"author":[{"embeddable":true,"href":"https:\/\/diarioelpopular.com\/index.php\/wp-json\/wp\/v2\/users\/99"}],"replies":[{"embeddable":true,"href":"https:\/\/diarioelpopular.com\/index.php\/wp-json\/wp\/v2\/comments?post=529350"}],"version-history":[{"count":1,"href":"https:\/\/diarioelpopular.com\/index.php\/wp-json\/wp\/v2\/posts\/529350\/revisions"}],"predecessor-version":[{"id":529352,"href":"https:\/\/diarioelpopular.com\/index.php\/wp-json\/wp\/v2\/posts\/529350\/revisions\/529352"}],"wp:featuredmedia":[{"embeddable":true,"href":"https:\/\/diarioelpopular.com\/index.php\/wp-json\/wp\/v2\/media\/529351"}],"wp:attachment":[{"href":"https:\/\/diarioelpopular.com\/index.php\/wp-json\/wp\/v2\/media?parent=529350"}],"wp:term":[{"taxonomy":"category","embeddable":true,"href":"https:\/\/diarioelpopular.com\/index.php\/wp-json\/wp\/v2\/categories?post=529350"},{"taxonomy":"post_tag","embeddable":true,"href":"https:\/\/diarioelpopular.com\/index.php\/wp-json\/wp\/v2\/tags?post=529350"}],"curies":[{"name":"wp","href":"https:\/\/api.w.org\/{rel}","templated":true}]}}