{"id":529357,"date":"2025-03-06T11:30:00","date_gmt":"2025-03-06T15:30:00","guid":{"rendered":"https:\/\/diarioelpopular.com\/?p=529357"},"modified":"2025-03-06T11:30:00","modified_gmt":"2025-03-06T15:30:00","slug":"la-pesca-industrial-pone-en-peligro-las-areas-marinas-protegidas-de-peru","status":"publish","type":"post","link":"https:\/\/diarioelpopular.com\/index.php\/2025\/03\/06\/la-pesca-industrial-pone-en-peligro-las-areas-marinas-protegidas-de-peru\/","title":{"rendered":"La pesca industrial pone en peligro las \u00e1reas marinas protegidas de Per\u00fa"},"content":{"rendered":"<div id=\"attachment_529358\" style=\"width: 1210px\" class=\"wp-caption alignnone\"><img loading=\"lazy\" decoding=\"async\" aria-describedby=\"caption-attachment-529358\" class=\"wp-image-529358 size-custom-big-size\" src=\"https:\/\/diarioelpopular.com\/wp-content\/uploads\/2025\/03\/Screen-Shot-2025-03-06-at-10.29.14-AM-1200x801.png\" alt=\"\" width=\"1200\" height=\"801\" srcset=\"https:\/\/diarioelpopular.com\/wp-content\/uploads\/2025\/03\/Screen-Shot-2025-03-06-at-10.29.14-AM-1200x801.png 1200w, https:\/\/diarioelpopular.com\/wp-content\/uploads\/2025\/03\/Screen-Shot-2025-03-06-at-10.29.14-AM-300x200.png 300w, https:\/\/diarioelpopular.com\/wp-content\/uploads\/2025\/03\/Screen-Shot-2025-03-06-at-10.29.14-AM-768x512.png 768w, https:\/\/diarioelpopular.com\/wp-content\/uploads\/2025\/03\/Screen-Shot-2025-03-06-at-10.29.14-AM-636x424.png 636w, https:\/\/diarioelpopular.com\/wp-content\/uploads\/2025\/03\/Screen-Shot-2025-03-06-at-10.29.14-AM-109x73.png 109w, https:\/\/diarioelpopular.com\/wp-content\/uploads\/2025\/03\/Screen-Shot-2025-03-06-at-10.29.14-AM.png 1024w\" sizes=\"auto, (max-width: 1200px) 100vw, 1200px\" \/><p id=\"caption-attachment-529358\" class=\"wp-caption-text\">Vista de la Reserva Nacional de Paracas, al sur de Lima, Per\u00fa. Sebasti\u00e1n Casta\u00f1eda<\/p><\/div>\n<p>&nbsp;<\/p>\n<p>&nbsp;<\/p>\n<h4 class=\"a_st\"><em>&#8211; El organismo encargado de las \u00e1reas protegidas ha sido denunciado por pesqueras industriales que quieren faenar en zonas protegidas por su valor ecosist\u00e9mico<\/em><\/h4>\n<p>&nbsp;<\/p>\n<p class=\"\">Frente al mar de Laguna Grande, una bah\u00eda natural situada al interior de la\u00a0<a href=\"https:\/\/elpais.com\/elpais\/2018\/05\/08\/album\/1525772427_299226.html\" data-link-track-dtm=\"\" data-mrf-link=\"https:\/\/elpais.com\/elpais\/2018\/05\/08\/album\/1525772427_299226.html\">Reserva Nacional de Paracas<\/a>, 360 kil\u00f3metros al sur de Lima, Carmen Arenas, una mujer de 56 a\u00f1os que se gana la vida recolectando macroalgas pardas y con la\u00a0<a href=\"https:\/\/elpais.com\/america-futura\/2024-08-09\/los-danos-del-atrapar-y-soltar-asi-impacta-la-pesca-recreativa-a-los-oceanos-de-centroamerica.html\" data-link-track-dtm=\"\" data-mrf-link=\"https:\/\/elpais.com\/america-futura\/2024-08-09\/los-danos-del-atrapar-y-soltar-asi-impacta-la-pesca-recreativa-a-los-oceanos-de-centroamerica.html\">pesca artesanal<\/a>\u00a0lamenta, con cierta angustia, que siente \u201cla intromisi\u00f3n\u201d de la pesca industrial. \u201cSi tenemos anchovetas, hay buena cantidad de aves en las islas. Y si hay aves, hay abono, que va a la pradera submarina, donde est\u00e1n las algas. Pero si no las hay, las aves migran y todo se afecta\u201d, explica. La presencia de este peque\u00f1o pez (<i>Engraulins ringens<\/i>) es crucial: alimenta a peces m\u00e1s grandes y a lobos marinos.<\/p>\n<p class=\"\">Tambi\u00e9n es la presa principal de la flota industrial que ahora ronda por la reserva, un \u00e1rea natural protegida (ANP) creada en 1975, que tiene 335.000 hect\u00e1reas, de las que el 65% est\u00e1n en el mar. Otras amenazas son la pesca con chinchorro, una red de arrastre que barre el fondo marino, la pesca con dinamita, que destruye especies de todo tama\u00f1o, y el turismo informal.<\/p>\n<p>&nbsp;<\/p>\n<figure class=\"a_m a_m-h \">\n<p><div style=\"width: 424px\" class=\"wp-caption alignnone\"><img loading=\"lazy\" decoding=\"async\" class=\"_re lazyload a_m-h\" src=\"https:\/\/imagenes.elpais.com\/resizer\/v2\/NBRUBJ7YVJBZ3PNN5IYLIRY2UM.JPG?auth=1701ee5b7000d3eb9ac8f332094703cca3be657eca7388ca50afc030bf3e4756&amp;width=414\" sizes=\"auto, (min-width:1199px) 1155px,(min-width:1001px) calc(100vw - 44px),(min-width:768px) 767px, 100vw\" srcset=\"https:\/\/imagenes.elpais.com\/resizer\/v2\/NBRUBJ7YVJBZ3PNN5IYLIRY2UM.JPG?auth=1701ee5b7000d3eb9ac8f332094703cca3be657eca7388ca50afc030bf3e4756&amp;width=414 414w,https:\/\/imagenes.elpais.com\/resizer\/v2\/NBRUBJ7YVJBZ3PNN5IYLIRY2UM.JPG?auth=1701ee5b7000d3eb9ac8f332094703cca3be657eca7388ca50afc030bf3e4756&amp;width=828 640w,https:\/\/imagenes.elpais.com\/resizer\/v2\/NBRUBJ7YVJBZ3PNN5IYLIRY2UM.JPG?auth=1701ee5b7000d3eb9ac8f332094703cca3be657eca7388ca50afc030bf3e4756&amp;width=980 1000w,https:\/\/imagenes.elpais.com\/resizer\/v2\/NBRUBJ7YVJBZ3PNN5IYLIRY2UM.JPG?auth=1701ee5b7000d3eb9ac8f332094703cca3be657eca7388ca50afc030bf3e4756&amp;width=1960 1960w\" alt=\"Reserva Nacional de Paracas\" width=\"414\" height=\"276\" \/><p class=\"wp-caption-text\">Lobos de mar en el \u00e1rea natural protegida de Punta Coles en el Departamento de Moquegua, Per\u00fa.Sebasti\u00e1n Casta\u00f1eda<\/p><\/div><figcaption class=\"a_m_p\"><\/figcaption><\/figure>\n<p>&nbsp;<\/p>\n<p class=\"\">Paracas es una de las seis ANP que abarcan ecosistemas oce\u00e1nicos en Per\u00fa. Las otras son la Reserva Nacional de Islas y Puntas Guaneras, la Zona Reservada de Anc\u00f3n, la Reserva Nacional San Fernando, la reci\u00e9n creada\u00a0<a href=\"https:\/\/elpais.com\/america-futura\/2024-04-10\/una-decada-esperando-la-ley-que-proteja-el-mar-que-produce-la-mayoria-del-pescado-que-se-consume-en-peru.html\" data-link-track-dtm=\"\" data-mrf-link=\"https:\/\/elpais.com\/america-futura\/2024-04-10\/una-decada-esperando-la-ley-que-proteja-el-mar-que-produce-la-mayoria-del-pescado-que-se-consume-en-peru.html\">Reserva Nacional Mar Tropical de Grau<\/a>\u00a0y la\u00a0<a href=\"https:\/\/elpais.com\/planeta-futuro\/2021-01-26\/mensajes-del-fondo-del-mar.html\" data-link-track-dtm=\"\" data-mrf-link=\"https:\/\/elpais.com\/planeta-futuro\/2021-01-26\/mensajes-del-fondo-del-mar.html\">Reserva Nacional Dorsal de Nasca<\/a>, enteramente marina. Todas ellas representan el 7,89% de todo el mar peruano, una cifra baja si se le compara con\u00a0<a href=\"https:\/\/elpais.com\/chile\/2023-06-18\/la-vocacion-oceanica-de-chile-y-la-proteccion-de-altamar.html\" data-link-track-dtm=\"\" data-mrf-link=\"https:\/\/elpais.com\/chile\/2023-06-18\/la-vocacion-oceanica-de-chile-y-la-proteccion-de-altamar.html\">Chile, que tiene el 41% de su mar protegido<\/a>, o con Brasil, donde es el 26%. Seg\u00fan el bi\u00f3logo Carlos Zavalaga, protegerlas es fundamental para disminuir los \u201cefectos antropog\u00e9nicos sobre la gran cantidad de especies que albergan\u201d.<\/p>\n<p class=\"\">En teor\u00eda, la ley peruana resguarda estas zonas al prohibir \u201cla extracci\u00f3n de mayor escala, ya sea marina o continental, dentro de las \u00c1reas Naturales Protegidas, cualquiera que sea su nivel\u201d. Por m\u00e1s de 22 a\u00f1os, nadie cuestion\u00f3 dicha prohibici\u00f3n. Sin embargo, en octubre del 2023, la Sociedad Nacional de Pesquer\u00eda (SNP), una organizaci\u00f3n gremial privada, solicit\u00f3 una autorizaci\u00f3n para pescar en Paracas.<\/p>\n<p class=\"\">Su argumento principal fue que exist\u00edan \u201cderechos preexistentes\u201d. Es decir, que ya faenaban all\u00ed antes de que la reserva fuera establecida, algo que cuestionan abogados ambientalistas como C\u00e9sar Ipenza, que sostiene que ese derecho no puede extenderse a cualquier lado, y que la pesca industrial no es compatible con un \u00e1rea marina protegida.<\/p>\n<p class=\"\">Un informe del Servicio Nacional de \u00c1reas Naturales Protegidas por el Estado<i>\u00a0(<\/i>Sernanp) del a\u00f1o 2020 espec\u00edfica que dentro de esta reserva s\u00f3lo hay identificados derechos preexistentes de pesca artesanal, \u201cno de pesca de mayor escala\u201d. Como esta instituci\u00f3n neg\u00f3 la autorizaci\u00f3n, la SNP la demand\u00f3 judicialmente en enero del 2024. Sernanp gan\u00f3 la disputa en una primera instancia y a\u00fan est\u00e1 pendiente el fallo final.<\/p>\n<p>&nbsp;<\/p>\n<figure class=\"a_m a_m-h \">\n<p><div style=\"width: 424px\" class=\"wp-caption alignnone\"><img loading=\"lazy\" decoding=\"async\" class=\"_re lazyload a_m-h\" src=\"https:\/\/imagenes.elpais.com\/resizer\/v2\/HK27JQCJTBBYNI2RVRY3Y3W6YM.JPG?auth=e5dace3ffd5b494815fcc3cd28ed4bc2978f7720a0a6134dc9fe72de211f1590&amp;width=414\" sizes=\"auto, (min-width:1199px) 1155px,(min-width:1001px) calc(100vw - 44px),(min-width:768px) 767px, 100vw\" srcset=\"https:\/\/imagenes.elpais.com\/resizer\/v2\/HK27JQCJTBBYNI2RVRY3Y3W6YM.JPG?auth=e5dace3ffd5b494815fcc3cd28ed4bc2978f7720a0a6134dc9fe72de211f1590&amp;width=414 414w,https:\/\/imagenes.elpais.com\/resizer\/v2\/HK27JQCJTBBYNI2RVRY3Y3W6YM.JPG?auth=e5dace3ffd5b494815fcc3cd28ed4bc2978f7720a0a6134dc9fe72de211f1590&amp;width=828 640w,https:\/\/imagenes.elpais.com\/resizer\/v2\/HK27JQCJTBBYNI2RVRY3Y3W6YM.JPG?auth=e5dace3ffd5b494815fcc3cd28ed4bc2978f7720a0a6134dc9fe72de211f1590&amp;width=980 1000w,https:\/\/imagenes.elpais.com\/resizer\/v2\/HK27JQCJTBBYNI2RVRY3Y3W6YM.JPG?auth=e5dace3ffd5b494815fcc3cd28ed4bc2978f7720a0a6134dc9fe72de211f1590&amp;width=1960 1960w\" alt=\"Reserva Nacional de Paracas\" width=\"414\" height=\"256\" \/><p class=\"wp-caption-text\">Flota pesquera en el puerto de Chimbote.Sebasti\u00e1n Casta\u00f1eda<\/p><\/div><figcaption class=\"a_m_p\"><\/figcaption><\/figure>\n<h3 class=\"\">Reservas no tan reservadas<\/h3>\n<p class=\"\">Entretanto, la pesca industrial ya ha entrado a la reserva de Paracas de forma ilegal. De acuerdo con la organizaci\u00f3n Artisonal, que tiene un sistema para monitorear el mar peruano, en 2020, acaso aprovechando la falta de vigilancia por la pandemia, los pesqueros industriales ingresaron 99 veces a esta ANP, algunos en dos ocasiones como una embarcaci\u00f3n de nombre<i>\u00a0Guanay.<\/i><\/p>\n<p class=\"\">Esas incursiones implicaron igual n\u00famero de procedimientos sancionatorios por parte del Ministerio de la Producci\u00f3n (Produce), que regula la actividad pesquera en el Per\u00fa. Las empresas sancionadas por extraer recursos en \u00e1reas reservadas son 11, de las cuales ocho pertenecen a la SNP. Todas las multas han sido apeladas judicialmente.<\/p>\n<p class=\"\">En un comunicado enviado a Am\u00e9rica Futura, la SNP asegura que Paracas \u201cno es un \u00e1rea intangible\u201d y que, por tanto, all\u00ed se pueden desarrollar actividades econ\u00f3micas \u201cen armon\u00eda con la finalidad de la reserva\u201d. De acuerdo con la ley peruana, esto es posible siempre y cuando se determine con anterioridad, apunta Ipenza, algo que por ahora no ha sucedido. Adem\u00e1s, la gremial se\u00f1ala que la pesca industrial \u201cno tiene impacto negativo en la zona protegida\u201d, una afirmaci\u00f3n que rebaten los pescadores artesanales y los investigadores.<\/p>\n<figure class=\"a_m a_m-h \">\n<p><div style=\"width: 424px\" class=\"wp-caption alignnone\"><img loading=\"lazy\" decoding=\"async\" class=\"_re lazyload a_m-h\" src=\"https:\/\/imagenes.elpais.com\/resizer\/v2\/MCDAQQJHBJBQJAO7IT7GNSK4OY.JPG?auth=80acb86147d38713e606fa84ac7475ed62df207ce2204b65dd3647af1c5c7991&amp;width=414\" sizes=\"auto, (min-width:1199px) 1155px,(min-width:1001px) calc(100vw - 44px),(min-width:768px) 767px, 100vw\" srcset=\"https:\/\/imagenes.elpais.com\/resizer\/v2\/MCDAQQJHBJBQJAO7IT7GNSK4OY.JPG?auth=80acb86147d38713e606fa84ac7475ed62df207ce2204b65dd3647af1c5c7991&amp;width=414 414w,https:\/\/imagenes.elpais.com\/resizer\/v2\/MCDAQQJHBJBQJAO7IT7GNSK4OY.JPG?auth=80acb86147d38713e606fa84ac7475ed62df207ce2204b65dd3647af1c5c7991&amp;width=828 640w,https:\/\/imagenes.elpais.com\/resizer\/v2\/MCDAQQJHBJBQJAO7IT7GNSK4OY.JPG?auth=80acb86147d38713e606fa84ac7475ed62df207ce2204b65dd3647af1c5c7991&amp;width=980 1000w,https:\/\/imagenes.elpais.com\/resizer\/v2\/MCDAQQJHBJBQJAO7IT7GNSK4OY.JPG?auth=80acb86147d38713e606fa84ac7475ed62df207ce2204b65dd3647af1c5c7991&amp;width=1960 1960w\" alt=\"Reserva Nacional de Paracas\" width=\"414\" height=\"276\" \/><p class=\"wp-caption-text\">Desembarco de pescado en la caleta Santa Rosa en Lambayeque, ubicada a 789 km al norte de Lima.Sebasti\u00e1n Casta\u00f1eda<\/p><\/div><figcaption class=\"a_m_p\"><\/figcaption><\/figure>\n<p>&nbsp;<\/p>\n<p class=\"\">\u201cLos industriales son los que m\u00e1s da\u00f1o hacen al medio ambiente\u201d, expresa Jos\u00e9 Hern\u00e1ndez, alias\u00a0<i>Mundini<\/i>, un maricultor que cosecha conchas de abanico (<i>Argopecten purpuratus<\/i>) en la reserva. Seg\u00fan dice, las redes grandes afectan bancos de este molusco bivalvo. Manuel Barrientos, presidente del Sindicato de Pescadores Artesanales del distrito de San Andr\u00e9s, cuyos miembros faenan en la reserva, coincide en que las \u201cembarcaciones son de gran envergadura y sus aparejos tambi\u00e9n, por lo que arrasan todo en el fondo\u201d.<\/p>\n<p class=\"\">Manuel Bartra, del grupo\u00a0<i>Protejamos Paracas,<\/i>\u00a0sostiene que permitir la pesca industrial en la reserva \u201ces como poner una discoteca junto a un colegio\u201d. Por su pate el bi\u00f3logo Zavalaga afirma que, muchas aves, peces y mam\u00edferos marinos dependen de la anchoveta, la captura principal de la flota industrial, y que, si esta entra en esta ANP, \u201csus interacciones con estas especies ser\u00e1n perjudiciales\u201d.<\/p>\n<h3 class=\"\">Marea de contradicciones<\/h3>\n<p class=\"\">Uno de los meollos del problema, propiciado por el propio Estado peruano, es que cuando en 2021 se crea la\u00a0<a href=\"https:\/\/elpais.com\/planeta-futuro\/2021-01-26\/mensajes-del-fondo-del-mar.html\" data-link-track-dtm=\"\" data-mrf-link=\"https:\/\/elpais.com\/planeta-futuro\/2021-01-26\/mensajes-del-fondo-del-mar.html\">Dorsal de Nasca,<\/a>\u00a0una cordillera submarina protegida en la costa peruana, s\u00ed se autoriza en ella la pesca industrial, en contra de la normativa del Sernanp. En esta reserva, las flotas de mayor escala pueden pescar el bacalao de profundidad, un pez que es capturado con palangre (l\u00ednea de pescar con cientos de anzuelos).<\/p>\n<p class=\"\">Tal actividad puede da\u00f1ar la cordillera submarina que est\u00e1 debajo, y por la cual se cre\u00f3 esta ANP. Lo mismo pasa en la Reserva del Mar Tropical de Grau, creada en abril del 2024, sobre 115.675 hect\u00e1reas netamente marinas. All\u00ed tambi\u00e9n puede penetrar la flota industrial, para pescar en el Banco de M\u00e1ncora, una de las zonas de m\u00e1s alta biodiversidad en el mar peruano.<\/p>\n<p class=\"\">Un\u00a0<a href=\"https:\/\/revistas.cientifica.edu.pe\/index.php\/southsustainability\/article\/view\/1848\" target=\"_blank\" rel=\"noopener\" data-link-track-dtm=\"\" data-mrf-link=\"https:\/\/revistas.cientifica.edu.pe\/index.php\/southsustainability\/article\/view\/1848\">editorial<\/a>\u00a0de la revista\u00a0<i>South Sustainability<\/i>, de abril de 2024, expresa su preocupaci\u00f3n por la Dorsal de Nasca, manifestando que la pesca industrial juega \u201cen contra a la conservaci\u00f3n de los ecosistemas marinos del norte del Per\u00fa\u201d. \u201cCualquier actividad pesquera genera alteraciones en la biodiversidad con repercusiones a diferentes niveles de la red tr\u00f3fica\u201d, a\u00f1ade.<\/p>\n<p>&nbsp;<\/p>\n<figure class=\"a_m a_m-h \">\n<p><div style=\"width: 424px\" class=\"wp-caption alignnone\"><img loading=\"lazy\" decoding=\"async\" class=\"_re lazyload a_m-h\" src=\"https:\/\/imagenes.elpais.com\/resizer\/v2\/NSGBSTDJQBFQTHOIVH5TIZDJOI.JPG?auth=09f16a944803596fe0415e471238afdd42701244445b1b430d4eac7159c5decc&amp;width=414\" sizes=\"auto, (min-width:1199px) 1155px,(min-width:1001px) calc(100vw - 44px),(min-width:768px) 767px, 100vw\" srcset=\"https:\/\/imagenes.elpais.com\/resizer\/v2\/NSGBSTDJQBFQTHOIVH5TIZDJOI.JPG?auth=09f16a944803596fe0415e471238afdd42701244445b1b430d4eac7159c5decc&amp;width=414 414w,https:\/\/imagenes.elpais.com\/resizer\/v2\/NSGBSTDJQBFQTHOIVH5TIZDJOI.JPG?auth=09f16a944803596fe0415e471238afdd42701244445b1b430d4eac7159c5decc&amp;width=828 640w,https:\/\/imagenes.elpais.com\/resizer\/v2\/NSGBSTDJQBFQTHOIVH5TIZDJOI.JPG?auth=09f16a944803596fe0415e471238afdd42701244445b1b430d4eac7159c5decc&amp;width=980 1000w,https:\/\/imagenes.elpais.com\/resizer\/v2\/NSGBSTDJQBFQTHOIVH5TIZDJOI.JPG?auth=09f16a944803596fe0415e471238afdd42701244445b1b430d4eac7159c5decc&amp;width=1960 1960w\" alt=\"Reserva Nacional de Paracas\" width=\"414\" height=\"233\" \/><p class=\"wp-caption-text\">Planta procesadora de pescado, cerca de la Reserva Nacional de Paracas.Sebasti\u00e1n Casta\u00f1eda<\/p><\/div><figcaption class=\"a_m_p\"><\/figcaption><\/figure>\n<p>&nbsp;<\/p>\n<p class=\"\">Adem\u00e1s, el pa\u00eds est\u00e1 distanci\u00e1ndose de varios consensos globales relacionados con el mar. La Uni\u00f3n Internacional para la Conservaci\u00f3n de la Naturaleza (UICN), a la que pertenece el Per\u00fa, no reconoce las ANP donde haya actividades de pesca industrial. Para esta instituci\u00f3n, por lo tanto, las reservas Dorsal de Nasca y Mar Territorial de Grau no lo ser\u00edan.<\/p>\n<p class=\"\">Por \u00faltimo, el Estado peruano es parte del acuerdo adoptado en Montreal el 2022, en la Conferencia de las Partes No.14 del Convenio de las Naciones Unidas sobre Diversidad Biol\u00f3gica. Seg\u00fan este, para el a\u00f1o 2030, se tendr\u00eda que proteger el 30% de los ecosistemas acu\u00e1ticos y terrestres. La contradictoria legislaci\u00f3n ambiental peruana parece ir hacia otro puerto. \u201cSi la pesca industrial prospera, lo har\u00e1 a costa de la conservaci\u00f3n\u201d, sentencia Bartra.<\/p>\n","protected":false},"excerpt":{"rendered":"<p>&nbsp; &nbsp; &#8211; El organismo encargado de las \u00e1reas protegidas ha sido denunciado por pesqueras industriales que quieren faenar en zonas protegidas por su valor&hellip;<\/p>\n","protected":false},"author":99,"featured_media":529358,"comment_status":"open","ping_status":"open","sticky":false,"template":"","format":"standard","meta":{"footnotes":""},"categories":[23],"tags":[],"class_list":["post-529357","post","type-post","status-publish","format-standard","has-post-thumbnail","hentry","category-latinoamerica"],"_links":{"self":[{"href":"https:\/\/diarioelpopular.com\/index.php\/wp-json\/wp\/v2\/posts\/529357","targetHints":{"allow":["GET"]}}],"collection":[{"href":"https:\/\/diarioelpopular.com\/index.php\/wp-json\/wp\/v2\/posts"}],"about":[{"href":"https:\/\/diarioelpopular.com\/index.php\/wp-json\/wp\/v2\/types\/post"}],"author":[{"embeddable":true,"href":"https:\/\/diarioelpopular.com\/index.php\/wp-json\/wp\/v2\/users\/99"}],"replies":[{"embeddable":true,"href":"https:\/\/diarioelpopular.com\/index.php\/wp-json\/wp\/v2\/comments?post=529357"}],"version-history":[{"count":1,"href":"https:\/\/diarioelpopular.com\/index.php\/wp-json\/wp\/v2\/posts\/529357\/revisions"}],"predecessor-version":[{"id":529359,"href":"https:\/\/diarioelpopular.com\/index.php\/wp-json\/wp\/v2\/posts\/529357\/revisions\/529359"}],"wp:featuredmedia":[{"embeddable":true,"href":"https:\/\/diarioelpopular.com\/index.php\/wp-json\/wp\/v2\/media\/529358"}],"wp:attachment":[{"href":"https:\/\/diarioelpopular.com\/index.php\/wp-json\/wp\/v2\/media?parent=529357"}],"wp:term":[{"taxonomy":"category","embeddable":true,"href":"https:\/\/diarioelpopular.com\/index.php\/wp-json\/wp\/v2\/categories?post=529357"},{"taxonomy":"post_tag","embeddable":true,"href":"https:\/\/diarioelpopular.com\/index.php\/wp-json\/wp\/v2\/tags?post=529357"}],"curies":[{"name":"wp","href":"https:\/\/api.w.org\/{rel}","templated":true}]}}