{"id":529382,"date":"2025-03-07T09:17:50","date_gmt":"2025-03-07T13:17:50","guid":{"rendered":"https:\/\/diarioelpopular.com\/?p=529382"},"modified":"2025-03-07T09:17:50","modified_gmt":"2025-03-07T13:17:50","slug":"un-adolescente-perece-bajo-las-balas-tras-un-tiroteo-en-stoney-creek","status":"publish","type":"post","link":"https:\/\/diarioelpopular.com\/index.php\/2025\/03\/07\/un-adolescente-perece-bajo-las-balas-tras-un-tiroteo-en-stoney-creek\/","title":{"rendered":"Un adolescente perece bajo las balas tras un tiroteo en Stoney Creek"},"content":{"rendered":"<p><img loading=\"lazy\" decoding=\"async\" class=\"alignnone size-custom-full-size wp-image-529383\" src=\"https:\/\/diarioelpopular.com\/wp-content\/uploads\/2025\/03\/Screen-Shot-2025-03-07-at-8.13.38-AM-636x360.png\" alt=\"\" width=\"636\" height=\"360\" srcset=\"https:\/\/diarioelpopular.com\/wp-content\/uploads\/2025\/03\/Screen-Shot-2025-03-07-at-8.13.38-AM-636x360.png 636w, https:\/\/diarioelpopular.com\/wp-content\/uploads\/2025\/03\/Screen-Shot-2025-03-07-at-8.13.38-AM-300x170.png 300w, https:\/\/diarioelpopular.com\/wp-content\/uploads\/2025\/03\/Screen-Shot-2025-03-07-at-8.13.38-AM-768x435.png 768w, https:\/\/diarioelpopular.com\/wp-content\/uploads\/2025\/03\/Screen-Shot-2025-03-07-at-8.13.38-AM-129x73.png 129w, https:\/\/diarioelpopular.com\/wp-content\/uploads\/2025\/03\/Screen-Shot-2025-03-07-at-8.13.38-AM.png 854w\" sizes=\"auto, (max-width: 636px) 100vw, 636px\" \/><\/p>\n<p>&nbsp;<\/p>\n<ul>\n<li><em><strong>Un joven de 16 a\u00f1os muri\u00f3 tras un tiroteo en Stoney Creek la madrugada del jueves, confirm\u00f3 la polic\u00eda de Hamilton que investiga los motivo de este nuevo hecho<\/strong><\/em><\/li>\n<\/ul>\n<p>&nbsp;<\/p>\n<p>Los agentes dijeron que el adolescente fue alcanzado por disparos alrededor de las 4:20 a. m. en la zona de la autopista 8 y Fruitland Road.<\/p>\n<p>Las autoridades indagan las circunstancias por las que el adolescente andaba a esas horas de la madrugada y cuya identidad no se ha revelado, fue trasladado al hospital con heridas graves. M\u00e1s tarde falleci\u00f3, confirm\u00f3 la polic\u00eda.<\/p>\n<p>No hay m\u00e1s detalles disponibles de inmediato.<\/p>\n<p>La polic\u00eda de Hamilton dice que proporcionar\u00e1 una actualizaci\u00f3n este viernes.<\/p>\n","protected":false},"excerpt":{"rendered":"<p>&nbsp; Un joven de 16 a\u00f1os muri\u00f3 tras un tiroteo en Stoney Creek la madrugada del jueves, confirm\u00f3 la polic\u00eda de Hamilton que investiga los&hellip;<\/p>\n","protected":false},"author":99,"featured_media":529383,"comment_status":"open","ping_status":"open","sticky":false,"template":"","format":"standard","meta":{"footnotes":""},"categories":[11364],"tags":[],"class_list":["post-529382","post","type-post","status-publish","format-standard","has-post-thumbnail","hentry","category-toronto-gta"],"_links":{"self":[{"href":"https:\/\/diarioelpopular.com\/index.php\/wp-json\/wp\/v2\/posts\/529382","targetHints":{"allow":["GET"]}}],"collection":[{"href":"https:\/\/diarioelpopular.com\/index.php\/wp-json\/wp\/v2\/posts"}],"about":[{"href":"https:\/\/diarioelpopular.com\/index.php\/wp-json\/wp\/v2\/types\/post"}],"author":[{"embeddable":true,"href":"https:\/\/diarioelpopular.com\/index.php\/wp-json\/wp\/v2\/users\/99"}],"replies":[{"embeddable":true,"href":"https:\/\/diarioelpopular.com\/index.php\/wp-json\/wp\/v2\/comments?post=529382"}],"version-history":[{"count":1,"href":"https:\/\/diarioelpopular.com\/index.php\/wp-json\/wp\/v2\/posts\/529382\/revisions"}],"predecessor-version":[{"id":529384,"href":"https:\/\/diarioelpopular.com\/index.php\/wp-json\/wp\/v2\/posts\/529382\/revisions\/529384"}],"wp:featuredmedia":[{"embeddable":true,"href":"https:\/\/diarioelpopular.com\/index.php\/wp-json\/wp\/v2\/media\/529383"}],"wp:attachment":[{"href":"https:\/\/diarioelpopular.com\/index.php\/wp-json\/wp\/v2\/media?parent=529382"}],"wp:term":[{"taxonomy":"category","embeddable":true,"href":"https:\/\/diarioelpopular.com\/index.php\/wp-json\/wp\/v2\/categories?post=529382"},{"taxonomy":"post_tag","embeddable":true,"href":"https:\/\/diarioelpopular.com\/index.php\/wp-json\/wp\/v2\/tags?post=529382"}],"curies":[{"name":"wp","href":"https:\/\/api.w.org\/{rel}","templated":true}]}}