{"id":529393,"date":"2025-03-07T10:04:27","date_gmt":"2025-03-07T14:04:27","guid":{"rendered":"https:\/\/diarioelpopular.com\/?p=529393"},"modified":"2025-03-07T10:04:27","modified_gmt":"2025-03-07T14:04:27","slug":"otro-cafiche-de-brampton-a-manos-de-la-policia-por-trata-de-personas-y-prostitucion","status":"publish","type":"post","link":"https:\/\/diarioelpopular.com\/index.php\/2025\/03\/07\/otro-cafiche-de-brampton-a-manos-de-la-policia-por-trata-de-personas-y-prostitucion\/","title":{"rendered":"Otro cafiche de Brampton a manos de la polic\u00eda\u00a0por trata de personas y prostituci\u00f3n"},"content":{"rendered":"<p><img loading=\"lazy\" decoding=\"async\" class=\"alignnone size-custom-full-size wp-image-529395\" src=\"https:\/\/diarioelpopular.com\/wp-content\/uploads\/2025\/03\/Screen-Shot-2025-03-07-at-9.02.11-AM.png\" alt=\"\" width=\"438\" height=\"328\" srcset=\"https:\/\/diarioelpopular.com\/wp-content\/uploads\/2025\/03\/Screen-Shot-2025-03-07-at-9.02.11-AM.png 438w, https:\/\/diarioelpopular.com\/wp-content\/uploads\/2025\/03\/Screen-Shot-2025-03-07-at-9.02.11-AM-300x225.png 300w, https:\/\/diarioelpopular.com\/wp-content\/uploads\/2025\/03\/Screen-Shot-2025-03-07-at-9.02.11-AM-97x73.png 97w\" sizes=\"auto, (max-width: 438px) 100vw, 438px\" \/><\/p>\n<header class=\"article-header article-header--story\" aria-label=\"Beginning of Article\">\n<div class=\"article-header__detail\"><\/div>\n<\/header>\n<p>Javon McBean, de 25 a\u00f1os, de Brampton, enfrenta 11 cargos por\u00a0 \u00a0 \u00a0 \u00a0 \u00a0 \u00a0 \u00a0 \u00a0 \u00a0 \u00a0 \u00a0 \u00a0 \u00a0 \u00a0 \u00a0 \u00a0 \u00a0 \u00a0 \u00a0 \u00a0 \u00a0 \u00a0 \u00a0 \u00a0 \u00a0 \u00a0 \u00a0 \u00a0 \u00a0 \u00a0 \u00a0 \u00a0 \u00a0 \u00a0 \u00a0 \u00a0 \u00a0 \u00a0 \u00a0 \u00a0 \u00a0 \u00a0 \u00a0 \u00a0 \u00a0trata de personas y prostituci\u00f3n. Foto de la Polic\u00eda Regional de Peel<\/p>\n<p>&nbsp;<\/p>\n<ul>\n<li><em><strong>Un delincuente de Brampton de 25 a\u00f1os enfrenta 11 cargos en relaci\u00f3n con una investigaci\u00f3n relacionada con la trata de personas y la prostituci\u00f3n que comenz\u00f3 en febrero de 2025.<\/strong><\/em><\/li>\n<\/ul>\n<p>&nbsp;<\/p>\n<p>La polic\u00eda regional de Peel afirma que la v\u00edctima estaba involucrada en el comercio sexual despu\u00e9s de que el cafiche, que por diversas razones, la reclutara y explotara, se quedara con sus ganancias y la trasladara por todo el pa\u00eds durante varios a\u00f1os.<\/p>\n<p>El lunes, Javon McBean fue arrestado y acusado de 11 delitos, incluidos siete cargos relacionados con la trata, adem\u00e1s de confinamiento forzoso, agresi\u00f3n, estrangulamiento y asesinato o lesi\u00f3n de animales.<\/p>\n<p>Los investigadores est\u00e1n preocupados por la posibilidad de que haya otras presuntas v\u00edctimas e instan a cualquier persona que tenga informaci\u00f3n a llamar a la polic\u00eda al 905-453-2121, ext. 3555, o a Crime Stoppers de forma an\u00f3nima al 1-800-222-TIPS (8477).<\/p>\n","protected":false},"excerpt":{"rendered":"<p>Javon McBean, de 25 a\u00f1os, de Brampton, enfrenta 11 cargos por\u00a0 \u00a0 \u00a0 \u00a0 \u00a0 \u00a0 \u00a0 \u00a0 \u00a0 \u00a0 \u00a0 \u00a0 \u00a0 \u00a0 \u00a0&hellip;<\/p>\n","protected":false},"author":99,"featured_media":529395,"comment_status":"open","ping_status":"open","sticky":false,"template":"","format":"standard","meta":{"footnotes":""},"categories":[11364],"tags":[],"class_list":["post-529393","post","type-post","status-publish","format-standard","has-post-thumbnail","hentry","category-toronto-gta"],"_links":{"self":[{"href":"https:\/\/diarioelpopular.com\/index.php\/wp-json\/wp\/v2\/posts\/529393","targetHints":{"allow":["GET"]}}],"collection":[{"href":"https:\/\/diarioelpopular.com\/index.php\/wp-json\/wp\/v2\/posts"}],"about":[{"href":"https:\/\/diarioelpopular.com\/index.php\/wp-json\/wp\/v2\/types\/post"}],"author":[{"embeddable":true,"href":"https:\/\/diarioelpopular.com\/index.php\/wp-json\/wp\/v2\/users\/99"}],"replies":[{"embeddable":true,"href":"https:\/\/diarioelpopular.com\/index.php\/wp-json\/wp\/v2\/comments?post=529393"}],"version-history":[{"count":1,"href":"https:\/\/diarioelpopular.com\/index.php\/wp-json\/wp\/v2\/posts\/529393\/revisions"}],"predecessor-version":[{"id":529396,"href":"https:\/\/diarioelpopular.com\/index.php\/wp-json\/wp\/v2\/posts\/529393\/revisions\/529396"}],"wp:featuredmedia":[{"embeddable":true,"href":"https:\/\/diarioelpopular.com\/index.php\/wp-json\/wp\/v2\/media\/529395"}],"wp:attachment":[{"href":"https:\/\/diarioelpopular.com\/index.php\/wp-json\/wp\/v2\/media?parent=529393"}],"wp:term":[{"taxonomy":"category","embeddable":true,"href":"https:\/\/diarioelpopular.com\/index.php\/wp-json\/wp\/v2\/categories?post=529393"},{"taxonomy":"post_tag","embeddable":true,"href":"https:\/\/diarioelpopular.com\/index.php\/wp-json\/wp\/v2\/tags?post=529393"}],"curies":[{"name":"wp","href":"https:\/\/api.w.org\/{rel}","templated":true}]}}