{"id":529539,"date":"2025-03-10T08:53:58","date_gmt":"2025-03-10T12:53:58","guid":{"rendered":"https:\/\/diarioelpopular.com\/?p=529539"},"modified":"2025-03-10T08:53:58","modified_gmt":"2025-03-10T12:53:58","slug":"oro-a-cualquier-costo-el-aumento-del-precio-del-metal-multiplica-los-crimenes-ambientales","status":"publish","type":"post","link":"https:\/\/diarioelpopular.com\/index.php\/2025\/03\/10\/oro-a-cualquier-costo-el-aumento-del-precio-del-metal-multiplica-los-crimenes-ambientales\/","title":{"rendered":"Oro a cualquier costo: el aumento del precio del metal multiplica los cr\u00edmenes ambientales"},"content":{"rendered":"<div id=\"attachment_529541\" style=\"width: 1210px\" class=\"wp-caption alignnone\"><img loading=\"lazy\" decoding=\"async\" aria-describedby=\"caption-attachment-529541\" class=\"wp-image-529541 size-custom-big-size\" src=\"https:\/\/diarioelpopular.com\/wp-content\/uploads\/2025\/03\/Screen-Shot-2025-03-10-at-8.53.17-AM-1200x819.png\" alt=\"\" width=\"1200\" height=\"819\" srcset=\"https:\/\/diarioelpopular.com\/wp-content\/uploads\/2025\/03\/Screen-Shot-2025-03-10-at-8.53.17-AM-1200x819.png 1200w, https:\/\/diarioelpopular.com\/wp-content\/uploads\/2025\/03\/Screen-Shot-2025-03-10-at-8.53.17-AM-300x205.png 300w, https:\/\/diarioelpopular.com\/wp-content\/uploads\/2025\/03\/Screen-Shot-2025-03-10-at-8.53.17-AM-768x524.png 768w, https:\/\/diarioelpopular.com\/wp-content\/uploads\/2025\/03\/Screen-Shot-2025-03-10-at-8.53.17-AM-636x434.png 636w, https:\/\/diarioelpopular.com\/wp-content\/uploads\/2025\/03\/Screen-Shot-2025-03-10-at-8.53.17-AM-80x55.png 80w, https:\/\/diarioelpopular.com\/wp-content\/uploads\/2025\/03\/Screen-Shot-2025-03-10-at-8.53.17-AM-107x73.png 107w, https:\/\/diarioelpopular.com\/wp-content\/uploads\/2025\/03\/Screen-Shot-2025-03-10-at-8.53.17-AM.png 1024w\" sizes=\"auto, (max-width: 1200px) 100vw, 1200px\" \/><p id=\"caption-attachment-529541\" class=\"wp-caption-text\">Un \u00e1rea devastada a causa de la miner\u00eda ilegal en el territorio ind\u00edgena Yanomami, en Roraima, Brasil, el 11 de febrero de 2023. Edmar Barros (AP)<\/p><\/div>\n<p>&nbsp;<\/p>\n<p>&nbsp;<\/p>\n<h4 class=\"a_st\"><em>&#8211; A finales de febrero, su valor increment\u00f3 57% en relaci\u00f3n con el mismo per\u00edodo del a\u00f1o anterior. Este escenario ha tentado a\u00fan m\u00e1s a quienes lo explotan ilegalmente<\/em><\/h4>\n<p>&nbsp;<\/p>\n<p class=\"\">En el suroeste del Estado de Par\u00e1, en Brasil, bajo las aguas vastas y oscurecidas del r\u00edo Tapaj\u00f3s, que serpentean lentamente entre la densa selva\u00a0<a href=\"https:\/\/elpais.com\/america-futura\/2025-03-03\/los-indigenas-quieren-copresidir-la-cop30-los-tendra-en-cuenta-la-primera-cumbre-climatica-amazonica.html\" target=\"_blank\" rel=\"noopener\" data-link-track-dtm=\"\" data-mrf-link=\"https:\/\/elpais.com\/america-futura\/2025-03-03\/los-indigenas-quieren-copresidir-la-cop30-los-tendra-en-cuenta-la-primera-cumbre-climatica-amazonica.html\">amaz\u00f3nica<\/a>, se arrastra una desdicha sigilosa. Con la corriente fluvial, se esparce el\u00a0<a href=\"https:\/\/elpais.com\/america-futura\/2023-05-02\/el-dilema-del-mercurio-el-metal-que-da-de-comer-y-envenena-a-la-amazonia-boliviana.html\" target=\"_blank\" rel=\"noopener\" data-link-track-dtm=\"\" data-mrf-link=\"https:\/\/elpais.com\/america-futura\/2023-05-02\/el-dilema-del-mercurio-el-metal-que-da-de-comer-y-envenena-a-la-amazonia-boliviana.html\">mercurio<\/a>: un veneno invisible que no mata con la inmediatez de una bala, pero que deja, como sentencia no anunciada, un rastro de violenta disrupci\u00f3n en cada cuerpo que alcanza.<\/p>\n<p class=\"\">Siete a\u00f1os atr\u00e1s, los habitantes de la tierra ind\u00edgena Munduruku, que pertenecen a la regi\u00f3n del Tapaj\u00f3s, empezaron a notar un aumento significativo de fen\u00f3menos raros de salud que despertaron una amplia preocupaci\u00f3n entre las comunidades. Algunos ni\u00f1os nac\u00edan con par\u00e1lisis cerebral, otros enfrentaban dificultades severas para caminar, mientras que muchos adultos hab\u00edan desarrollado crisis de temblores, p\u00e9rdida de visi\u00f3n y problemas neurol\u00f3gicos, como fallos de la memoria.<\/p>\n<p class=\"\">\u201cNo entend\u00edamos qu\u00e9 estaba pasando, por qu\u00e9 tantas personas estaban teniendo estos problemas\u201d, dice a Am\u00e9rica Futura Alessandra Korap Munduruku, l\u00edder ind\u00edgena y activista socioambiental. \u201cTen\u00edamos sospechas de la relaci\u00f3n de estos problemas con la\u00a0<a href=\"https:\/\/elpais.com\/economia\/negocios\/2025-02-22\/los-narcos-brasilenos-van-a-por-el-oro-de-la-amazonia.html\" target=\"_blank\" rel=\"noopener\" data-link-track-dtm=\"\" data-mrf-link=\"https:\/\/elpais.com\/economia\/negocios\/2025-02-22\/los-narcos-brasilenos-van-a-por-el-oro-de-la-amazonia.html\">miner\u00eda<\/a>, pero necesit\u00e1bamos ayuda\u201d.<\/p>\n<p class=\"\">Fue en 2018 cuando el pueblo Munduruku decidi\u00f3 solicitarle a la Funda\u00e7\u00e3o Oswaldo Cruz (Fiocruz) una investigaci\u00f3n sobre el estado de salud de sus miembros. Con el an\u00e1lisis de muestras de cabello de residentes de tres aldeas Munduruku, as\u00ed como de peces de los afluentes del r\u00edo que ba\u00f1a a estas comunidades,\u00a0<a href=\"https:\/\/www.ufopa.edu.br\/media\/file\/site\/ufopa\/documentos\/2020\/226fa7f4de179c4dc5ac6f21d706dc94.pdf\" data-link-track-dtm=\"\" data-mrf-link=\"https:\/\/www.ufopa.edu.br\/media\/file\/site\/ufopa\/documentos\/2020\/226fa7f4de179c4dc5ac6f21d706dc94.pdf\">los investigadores descubrieron<\/a>\u00a0que seis de cada diez personas analizadas estaban contaminadas con niveles de mercurio m\u00e1s elevados que lo recomendado por normas internacionales de seguridad, lo que les provocaba trastornos irreversibles de salud. Adem\u00e1s, el pescado, la fuente de alimentaci\u00f3n m\u00e1s accesible de la regi\u00f3n, era uno de los principales conductores de la sustancia t\u00f3xica. \u201cEl r\u00edo estaba enfermo y los estaba enfermando a todos\u201d, dice Korap.<\/p>\n<p class=\"\">\u201cObservamos adultos con alteraciones neurol\u00f3gicas graves asociadas a una alta contaminaci\u00f3n por mercurio\u201d, comenta Paulo Basta, m\u00e9dico y uno de los investigadores a cargo del estudio de la Fiocruz. \u201cVimos ni\u00f1os con discapacidades en los principales hitos del desarrollo: tardaban en sentarse, gatear, ponerse de pie o hablar las primeras palabras. Algunos presentaron anomal\u00edas cong\u00e9nitas\u201d, asegura el cient\u00edfico. \u201cSolemos decir que estas poblaciones viven en un estado de vulnerabilidad socioambiental. Pero adem\u00e1s de las vulnerabilidades hist\u00f3ricas, est\u00e1 ocurriendo una superposici\u00f3n de factores relacionados con la miner\u00eda y a la contaminaci\u00f3n que agravan su situaci\u00f3n\u201d.<\/p>\n<p>&nbsp;<\/p>\n<figure class=\"a_m a_m-h \">\n<p><div style=\"width: 424px\" class=\"wp-caption alignnone\"><img loading=\"lazy\" decoding=\"async\" class=\"_re lazyload a_m-h\" src=\"https:\/\/imagenes.elpais.com\/resizer\/v2\/AQ2R4YHYUFE3NO2Y2ILHFNSHTU.jpg?auth=44d728c15cbe101cff5f4ea1b919dae44f30ca360839cdd9baf46682d0129bc3&amp;width=414\" sizes=\"auto, (min-width:1199px) 1155px,(min-width:1001px) calc(100vw - 44px),(min-width:768px) 767px, 100vw\" srcset=\"https:\/\/imagenes.elpais.com\/resizer\/v2\/AQ2R4YHYUFE3NO2Y2ILHFNSHTU.jpg?auth=44d728c15cbe101cff5f4ea1b919dae44f30ca360839cdd9baf46682d0129bc3&amp;width=414 414w,https:\/\/imagenes.elpais.com\/resizer\/v2\/AQ2R4YHYUFE3NO2Y2ILHFNSHTU.jpg?auth=44d728c15cbe101cff5f4ea1b919dae44f30ca360839cdd9baf46682d0129bc3&amp;width=828 640w,https:\/\/imagenes.elpais.com\/resizer\/v2\/AQ2R4YHYUFE3NO2Y2ILHFNSHTU.jpg?auth=44d728c15cbe101cff5f4ea1b919dae44f30ca360839cdd9baf46682d0129bc3&amp;width=980 1000w,https:\/\/imagenes.elpais.com\/resizer\/v2\/AQ2R4YHYUFE3NO2Y2ILHFNSHTU.jpg?auth=44d728c15cbe101cff5f4ea1b919dae44f30ca360839cdd9baf46682d0129bc3&amp;width=1960 1960w\" alt=\"Un minero muestra el oro extra\u00eddo ilegalmente en el territorio Yanomami antes de las operaciones previstas en Alto Alegre, Estado de Roraima, Brasil, en febrero de 2023. \" width=\"414\" height=\"277\" \/><p class=\"wp-caption-text\">Un minero muestra el oro extra\u00eddo ilegalmente en el territorio Yanomami antes de las operaciones previstas en Alto Alegre, Estado de Roraima, Brasil, en febrero de 2023.Edmar Barros (AP)<\/p><\/div><figcaption class=\"a_m_p\"><\/figcaption><\/figure>\n<p>&nbsp;<\/p>\n<p class=\"\">El mercurio es com\u00fanmente utilizado por los garimpeiros para extraer oro. La sustancia se junta a los granos del mineral y al agua, formando una amalgama met\u00e1lica que luego es calentada, evaporando el mercurio para obtener el oro puro. Desde 1980, el pueblo ind\u00edgena Munduruku ha sufrido las consecuencias de la invasi\u00f3n de buscadores\u00a0<a href=\"https:\/\/elpais.com\/america-colombia\/2022-09-12\/el-85-del-oro-que-exporta-colombia-es-ilegal.html\" target=\"_blank\" rel=\"noopener\" data-link-track-dtm=\"\" data-mrf-link=\"https:\/\/elpais.com\/america-colombia\/2022-09-12\/el-85-del-oro-que-exporta-colombia-es-ilegal.html\">ilegales de oro<\/a>. Pero, en a\u00f1os recientes, el aumento de su precio ha disparado el inter\u00e9s por estas actividades il\u00edcitas en tierras protegidas por el Estado brasile\u00f1o, as\u00ed como en otros pa\u00edses de Am\u00e9rica del Sur.<\/p>\n<p class=\"\">En diciembre de 2024, una operaci\u00f3n de la Polic\u00eda Federal brasile\u00f1a desmantel\u00f3 un esquema de tr\u00e1fico de oro extra\u00eddo de forma irregular de tierras ind\u00edgenas, incluyendo la Munduruku. El grupo criminal reclutaba a ciudadanos de diversas naciones para despachar maletas cargadas con oro en vuelos comerciales. Las autoridades estiman que estos individuos retiraron del Estado de Par\u00e1 cerca de una tonelada de oro, con un valor estimado de m\u00e1s de 686 millones de d\u00f3lares. \u201cEstamos viviendo un momento de muchos ataques. Los garimpeiros vienen, destruyen el r\u00edo, toman el oro, y se van luego de enfermarnos a todos\u201d, dice Korap, que ha notado un aumento de la actividad minera ilegal cerca de su tierra.<\/p>\n<p class=\"\">El Comisario de la Polic\u00eda Federal brasile\u00f1a, Adriano Sombra, que lidera las acciones contra cr\u00edmenes ambientales de la instituci\u00f3n en el norte del pa\u00eds, afirma que con el a<a href=\"https:\/\/cincodias.elpais.com\/mercados\/materias-primas\/oro\/\" target=\"_blank\" rel=\"noopener\" data-link-track-dtm=\"\" data-mrf-link=\"https:\/\/cincodias.elpais.com\/mercados\/materias-primas\/oro\/\">umento reciente<\/a>\u00a0del precio del oro, las organizaciones criminales han visto un mayor incentivo para invertir en minas ilegales en territorios de dif\u00edcil acceso geogr\u00e1fico.<\/p>\n<p class=\"\">\u201cHemos tenido que intensificar las operaciones en los \u00faltimos meses. Muchos criminales recurren m\u00e1s al tr\u00e1fico transfronterizo por carretera, lo que antes era visto como demasiado arriesgado. Si antes para muchos no val\u00eda la pena asumir los riesgos de ser detenido en la frontera con el mineral ilegal, ahora el precio los incentiva\u201d, dice Sombra.<\/p>\n<p class=\"\">En lo que va de a\u00f1o, la cotizaci\u00f3n de la onza de oro ha subido de forma notable, alcanzando un m\u00e1ximo hist\u00f3rico de 2.954,95 d\u00f3lares a finales de febrero, un incremento de 57,7% en relaci\u00f3n con el valor que registr\u00f3 el metal precioso en el mismo per\u00edodo del a\u00f1o anterior.<\/p>\n<p class=\"\">\u201cEl oro ya era, antes del aumento de precios, un mecanismo ideal para actividades il\u00edcitas, ya que permite mover valor con gran facilidad fuera del sector financiero\u201d, dice David Soud, director de Investigaci\u00f3n y An\u00e1lisis de la consultora IR Concilium. \u201cEl incremento en su precio ha hecho que el oro sea a\u00fan m\u00e1s atractivo, ya que ha concentrado a\u00fan m\u00e1s la riqueza\u201d, comenta.<\/p>\n<p>&nbsp;<\/p>\n<figure class=\"a_m a_m-h \">\n<p><div style=\"width: 424px\" class=\"wp-caption alignnone\"><img loading=\"lazy\" decoding=\"async\" class=\"_re lazyload a_m-h\" src=\"https:\/\/imagenes.elpais.com\/resizer\/v2\/HBS44JID7GPUCQCN6JK5ORE7VY.jpg?auth=abf9e9cddb1cf92869efe97a78bd6cebb54d2963301703b86252c47eba96b159&amp;width=414\" sizes=\"auto, (min-width:1199px) 1155px,(min-width:1001px) calc(100vw - 44px),(min-width:768px) 767px, 100vw\" srcset=\"https:\/\/imagenes.elpais.com\/resizer\/v2\/HBS44JID7GPUCQCN6JK5ORE7VY.jpg?auth=abf9e9cddb1cf92869efe97a78bd6cebb54d2963301703b86252c47eba96b159&amp;width=414 414w,https:\/\/imagenes.elpais.com\/resizer\/v2\/HBS44JID7GPUCQCN6JK5ORE7VY.jpg?auth=abf9e9cddb1cf92869efe97a78bd6cebb54d2963301703b86252c47eba96b159&amp;width=828 640w,https:\/\/imagenes.elpais.com\/resizer\/v2\/HBS44JID7GPUCQCN6JK5ORE7VY.jpg?auth=abf9e9cddb1cf92869efe97a78bd6cebb54d2963301703b86252c47eba96b159&amp;width=980 1000w,https:\/\/imagenes.elpais.com\/resizer\/v2\/HBS44JID7GPUCQCN6JK5ORE7VY.jpg?auth=abf9e9cddb1cf92869efe97a78bd6cebb54d2963301703b86252c47eba96b159&amp;width=1960 1960w\" alt=\"Un oficial de la Fuerza Nacional de Seguridad P\u00fablica de Brasil junto a un motor de bomba de extracci\u00f3n de oro en la tierra ind\u00edgena Munduruku, en el Estado de Par\u00e1, Brasil, en noviembre pasado.\" width=\"414\" height=\"276\" \/><p class=\"wp-caption-text\">Un oficial de la Fuerza Nacional de Seguridad P\u00fablica de Brasil junto a un motor de bomba de extracci\u00f3n de oro en la tierra ind\u00edgena Munduruku, en el Estado de Par\u00e1, Brasil, en noviembre pasado.Adriano Machado (REUTERS)<\/p><\/div><figcaption class=\"a_m_p\"><\/figcaption><\/figure>\n<p>&nbsp;<\/p>\n<p class=\"\">En tiempos de agitaci\u00f3n pol\u00edtica, guerras y una econom\u00eda global d\u00e9bil, algunos individuos, compa\u00f1\u00edas y naciones acuden al oro para preservar sus fortunas. Pero al mismo tiempo, el oro se usa en algunos lugares para eludir sanciones internacionales o lavar dinero il\u00edcito. \u201cEl problema surge cuando no hay transparencia\u201d, dice Julia Yansura, directora del Programa de Delitos Ambientales y Finanzas Il\u00edcitas de la FACT Coalition. \u201cOrganizaciones criminales est\u00e1n cada vez m\u00e1s utilizando el oro para acelerar el movimiento de sus finanzas il\u00edcitas, y el impacto de esto tiende a expandirse a pa\u00edses diferentes de donde el oro es extra\u00eddo\u201d.<\/p>\n<p class=\"\">Seg\u00fan Soud, los grupos criminales suelen lavar el oro extra\u00eddo ilegalmente muy r\u00e1pidamente despu\u00e9s que sale de la mina. \u201cSe falsifican los registros, se inventan mineros que no existen y las minas son tan remotas que el Estado no puede mover recursos para verificarlas\u201d, explica. \u201cLas mismas personas suelen estar detr\u00e1s de muchas empresas, las establecen por un corto per\u00edodo de tiempo, luego cierran la compa\u00f1\u00eda de fachada y abren otras nuevas\u201d.<\/p>\n<p class=\"\">\u201cEl oro est\u00e1 satisfaciendo todas las necesidades log\u00edsticas del crimen organizado\u201d, a\u00f1ade. Yansura. \u201cY el impacto va m\u00e1s all\u00e1 de lo financiero\u201d. En pa\u00edses como Brasil, medidas como la implementaci\u00f3n de registros fiscales electr\u00f3nicos y el fin de la \u201cpresunci\u00f3n de buena fe\u201d en declaraciones mineras para la venta en el mercado formal ayudaron a estrangular el tr\u00e1fico de oro ilegal. Pero los especialistas entrevistados por Am\u00e9rica Futura sostienen que una vez que el precio del mineral aumenta a valores hist\u00f3ricos, las nociones de riesgo se ampl\u00edan y el crimen prolifera por el mayor lucro.<\/p>\n<p class=\"\">Para Yansura, la lucha contra el tr\u00e1fico ilegal de oro tiene que comenzar por la ampliaci\u00f3n del control sobre las personas jur\u00eddicas formales que mueven los recursos. \u201cEs importante abordar este problema desde el lado financiero. La mayor\u00eda de los pa\u00edses intentan atacar el desaf\u00edo golpeando las operaciones, pero eso no es efectivo. Esto es algo que va a requerir una mayor coordinaci\u00f3n regional en el futuro\u201d. \u201cEstas pr\u00e1cticas dejan un tipo de degradaci\u00f3n ambiental que recae sobre la sociedad. La deforestaci\u00f3n masiva, la contaminaci\u00f3n de las aguas y la violencia son consecuencias directas de ellas, y hay que pararlas\u201d, dice Larissa Rodrigues, directora de Investigaci\u00f3n del Instituto Escolhas.<\/p>\n","protected":false},"excerpt":{"rendered":"<p>&nbsp; &nbsp; &#8211; A finales de febrero, su valor increment\u00f3 57% en relaci\u00f3n con el mismo per\u00edodo del a\u00f1o anterior. Este escenario ha tentado a\u00fan&hellip;<\/p>\n","protected":false},"author":99,"featured_media":529541,"comment_status":"open","ping_status":"open","sticky":false,"template":"","format":"standard","meta":{"footnotes":""},"categories":[23],"tags":[],"class_list":["post-529539","post","type-post","status-publish","format-standard","has-post-thumbnail","hentry","category-latinoamerica"],"_links":{"self":[{"href":"https:\/\/diarioelpopular.com\/index.php\/wp-json\/wp\/v2\/posts\/529539","targetHints":{"allow":["GET"]}}],"collection":[{"href":"https:\/\/diarioelpopular.com\/index.php\/wp-json\/wp\/v2\/posts"}],"about":[{"href":"https:\/\/diarioelpopular.com\/index.php\/wp-json\/wp\/v2\/types\/post"}],"author":[{"embeddable":true,"href":"https:\/\/diarioelpopular.com\/index.php\/wp-json\/wp\/v2\/users\/99"}],"replies":[{"embeddable":true,"href":"https:\/\/diarioelpopular.com\/index.php\/wp-json\/wp\/v2\/comments?post=529539"}],"version-history":[{"count":1,"href":"https:\/\/diarioelpopular.com\/index.php\/wp-json\/wp\/v2\/posts\/529539\/revisions"}],"predecessor-version":[{"id":529542,"href":"https:\/\/diarioelpopular.com\/index.php\/wp-json\/wp\/v2\/posts\/529539\/revisions\/529542"}],"wp:featuredmedia":[{"embeddable":true,"href":"https:\/\/diarioelpopular.com\/index.php\/wp-json\/wp\/v2\/media\/529541"}],"wp:attachment":[{"href":"https:\/\/diarioelpopular.com\/index.php\/wp-json\/wp\/v2\/media?parent=529539"}],"wp:term":[{"taxonomy":"category","embeddable":true,"href":"https:\/\/diarioelpopular.com\/index.php\/wp-json\/wp\/v2\/categories?post=529539"},{"taxonomy":"post_tag","embeddable":true,"href":"https:\/\/diarioelpopular.com\/index.php\/wp-json\/wp\/v2\/tags?post=529539"}],"curies":[{"name":"wp","href":"https:\/\/api.w.org\/{rel}","templated":true}]}}