{"id":529560,"date":"2025-03-11T08:37:39","date_gmt":"2025-03-11T12:37:39","guid":{"rendered":"https:\/\/diarioelpopular.com\/?p=529560"},"modified":"2025-03-11T08:37:39","modified_gmt":"2025-03-11T12:37:39","slug":"pasajero-de-ttc-fue-agredido-sexualmente-en-un-autobus-policias","status":"publish","type":"post","link":"https:\/\/diarioelpopular.com\/index.php\/2025\/03\/11\/pasajero-de-ttc-fue-agredido-sexualmente-en-un-autobus-policias\/","title":{"rendered":"Pasajero de TTC fue agredido sexualmente en un autob\u00fas: polic\u00edas"},"content":{"rendered":"<p><img loading=\"lazy\" decoding=\"async\" class=\"alignnone size-custom-full-size wp-image-529561\" src=\"https:\/\/diarioelpopular.com\/wp-content\/uploads\/2025\/03\/Screen-Shot-2025-03-11-at-8.32.02-AM.png\" alt=\"\" width=\"254\" height=\"190\" srcset=\"https:\/\/diarioelpopular.com\/wp-content\/uploads\/2025\/03\/Screen-Shot-2025-03-11-at-8.32.02-AM.png 254w, https:\/\/diarioelpopular.com\/wp-content\/uploads\/2025\/03\/Screen-Shot-2025-03-11-at-8.32.02-AM-98x73.png 98w\" sizes=\"auto, (max-width: 254px) 100vw, 254px\" \/><\/p>\n<p>Los oficiales publicaron esta imagen<\/p>\n<p>de su sospechoso.<\/p>\n<p>&nbsp;<\/p>\n<p>&nbsp;<\/p>\n<ul>\n<li><em><strong>Un pasajero de la TTC fue agredido sexualmente despu\u00e9s de subirse a un autob\u00fas en la estaci\u00f3n Finch, seg\u00fan la polic\u00eda de Toronto. Los oficiales publicaron esta imagen de su sospechoso.<\/strong><\/em><\/li>\n<\/ul>\n<p>Un pasajero de la TTC fue agredido sexualmente despu\u00e9s de subirse a un autob\u00fas en la estaci\u00f3n Finch, seg\u00fan la polic\u00eda de Toronto.<\/p>\n<p>Un hombre se sent\u00f3 junto a la v\u00edctima alrededor de las 5 p. m. del viernes pasado en la parte trasera del autob\u00fas donde tuvo lugar la agresi\u00f3n sexual, dijo la polic\u00eda.<\/p>\n<p>El sospechoso, descrito como de 50 a 60 a\u00f1os, de complexi\u00f3n mediana y bigote, sali\u00f3 del autob\u00fas en Yonge St., cerca de Steeles Ave. La polic\u00eda dijo que huy\u00f3 por Yonge St.<\/p>\n<p>&nbsp;<\/p>\n","protected":false},"excerpt":{"rendered":"<p>Los oficiales publicaron esta imagen de su sospechoso. &nbsp; &nbsp; Un pasajero de la TTC fue agredido sexualmente despu\u00e9s de subirse a un autob\u00fas en&hellip;<\/p>\n","protected":false},"author":99,"featured_media":529561,"comment_status":"open","ping_status":"open","sticky":false,"template":"","format":"standard","meta":{"footnotes":""},"categories":[11364],"tags":[],"class_list":["post-529560","post","type-post","status-publish","format-standard","has-post-thumbnail","hentry","category-toronto-gta"],"_links":{"self":[{"href":"https:\/\/diarioelpopular.com\/index.php\/wp-json\/wp\/v2\/posts\/529560","targetHints":{"allow":["GET"]}}],"collection":[{"href":"https:\/\/diarioelpopular.com\/index.php\/wp-json\/wp\/v2\/posts"}],"about":[{"href":"https:\/\/diarioelpopular.com\/index.php\/wp-json\/wp\/v2\/types\/post"}],"author":[{"embeddable":true,"href":"https:\/\/diarioelpopular.com\/index.php\/wp-json\/wp\/v2\/users\/99"}],"replies":[{"embeddable":true,"href":"https:\/\/diarioelpopular.com\/index.php\/wp-json\/wp\/v2\/comments?post=529560"}],"version-history":[{"count":1,"href":"https:\/\/diarioelpopular.com\/index.php\/wp-json\/wp\/v2\/posts\/529560\/revisions"}],"predecessor-version":[{"id":529562,"href":"https:\/\/diarioelpopular.com\/index.php\/wp-json\/wp\/v2\/posts\/529560\/revisions\/529562"}],"wp:featuredmedia":[{"embeddable":true,"href":"https:\/\/diarioelpopular.com\/index.php\/wp-json\/wp\/v2\/media\/529561"}],"wp:attachment":[{"href":"https:\/\/diarioelpopular.com\/index.php\/wp-json\/wp\/v2\/media?parent=529560"}],"wp:term":[{"taxonomy":"category","embeddable":true,"href":"https:\/\/diarioelpopular.com\/index.php\/wp-json\/wp\/v2\/categories?post=529560"},{"taxonomy":"post_tag","embeddable":true,"href":"https:\/\/diarioelpopular.com\/index.php\/wp-json\/wp\/v2\/tags?post=529560"}],"curies":[{"name":"wp","href":"https:\/\/api.w.org\/{rel}","templated":true}]}}