{"id":529580,"date":"2025-03-11T09:32:55","date_gmt":"2025-03-11T13:32:55","guid":{"rendered":"https:\/\/diarioelpopular.com\/?p=529580"},"modified":"2025-03-11T09:32:55","modified_gmt":"2025-03-11T13:32:55","slug":"ha-sido-una-jornada-brutal-la-bolsa-de-wall-street-sufre-fuertes-caidas-gracias-a-trump-y-los-temores-a-una-recesion-en-estados-unidos","status":"publish","type":"post","link":"https:\/\/diarioelpopular.com\/index.php\/2025\/03\/11\/ha-sido-una-jornada-brutal-la-bolsa-de-wall-street-sufre-fuertes-caidas-gracias-a-trump-y-los-temores-a-una-recesion-en-estados-unidos\/","title":{"rendered":"&#8220;Ha sido una jornada brutal&#8221;: la bolsa de Wall Street sufre fuertes ca\u00eddas gracias a Trump y los temores a una recesi\u00f3n en Estados Unidos"},"content":{"rendered":"<p><img loading=\"lazy\" decoding=\"async\" class=\"alignnone size-custom-full-size wp-image-529581\" src=\"https:\/\/diarioelpopular.com\/wp-content\/uploads\/2025\/03\/Screen-Shot-2025-03-11-at-9.32.31-AM-636x357.png\" alt=\"\" width=\"636\" height=\"357\" srcset=\"https:\/\/diarioelpopular.com\/wp-content\/uploads\/2025\/03\/Screen-Shot-2025-03-11-at-9.32.31-AM-636x357.png 636w, https:\/\/diarioelpopular.com\/wp-content\/uploads\/2025\/03\/Screen-Shot-2025-03-11-at-9.32.31-AM-300x169.png 300w, https:\/\/diarioelpopular.com\/wp-content\/uploads\/2025\/03\/Screen-Shot-2025-03-11-at-9.32.31-AM-768x431.png 768w, https:\/\/diarioelpopular.com\/wp-content\/uploads\/2025\/03\/Screen-Shot-2025-03-11-at-9.32.31-AM-130x73.png 130w, https:\/\/diarioelpopular.com\/wp-content\/uploads\/2025\/03\/Screen-Shot-2025-03-11-at-9.32.31-AM.png 1024w\" sizes=\"auto, (max-width: 636px) 100vw, 636px\" \/><\/p>\n<p>&nbsp;<\/p>\n<div class=\"bbc-19j92fr ebmt73l0\" dir=\"ltr\">\n<ul>\n<li class=\"bbc-hhl7in e17g058b0\" dir=\"ltr\"><em><b>La bolsa de Estados Unidos se vio sacudida este lunes por los crecientes temores a una posible desaceleraci\u00f3n econ\u00f3mica que analistas vinculan a la guerra comercial iniciada por Donald Trump.<\/b><\/em><\/li>\n<\/ul>\n<\/div>\n<div class=\"bbc-19j92fr ebmt73l0\" dir=\"ltr\">\n<p dir=\"ltr\">\n<p class=\"bbc-hhl7in e17g058b0\" dir=\"ltr\">El \u00edndice S&amp;P 500, que incluye a las mayores empresas estadounidenses, cay\u00f3 un 2,69% al cierre de la sesi\u00f3n, mientras que el Dow Jones perdi\u00f3 un 2,08%.<\/p>\n<\/div>\n<div class=\"bbc-19j92fr ebmt73l0\" dir=\"ltr\">\n<p class=\"bbc-hhl7in e17g058b0\" dir=\"ltr\">El Nasdaq se hundi\u00f3 un 4,0% al cierre de las operaciones, su mayor desplome diario desde 2022, y hubo fuertes p\u00e9rdidas en otros mercados, con las acciones tecnol\u00f3gicas sufriendo las mayores ca\u00eddas.<\/p>\n<\/div>\n<div class=\"bbc-19j92fr ebmt73l0\" dir=\"ltr\">\n<p class=\"bbc-hhl7in e17g058b0\" dir=\"ltr\">&#8220;Ha sido una jornada brutal en Wall Street, una jornada burs\u00e1til demoledora y con ca\u00eddas generalizadas en todos los sectores&#8221;, describi\u00f3 Erin Delmore, corresponsal de negocios en Am\u00e9rica del Norte de BBC News.<\/p>\n<\/div>\n<section class=\"bbc-geybui\" role=\"region\" aria-label=\"Publicidad 2\" aria-hidden=\"true\" data-e2e=\"advertisement\">\n<div id=\"dotcom-mpu\" class=\"dotcom-ad active\" aria-hidden=\"true\">\n<div class=\"dotcom-ad-inner\"><\/div>\n<\/div>\n<\/section>\n<div class=\"bbc-19j92fr ebmt73l0\" dir=\"ltr\">\n<p class=\"bbc-hhl7in e17g058b0\" dir=\"ltr\">Las acciones de Tesla perdieron alrededor de un 15,4% de su valor, mientras que las del fabricante de semiconductores Nvidia cayeron m\u00e1s de un 5%.<\/p>\n<\/div>\n<div class=\"bbc-1n4f7vm ebmt73l0\" dir=\"ltr\"><\/div>\n<div class=\"bbc-19j92fr ebmt73l0\" dir=\"ltr\">\n<p class=\"bbc-hhl7in e17g058b0\" dir=\"ltr\">Otros valores tecnol\u00f3gicos importantes como Meta, Amazon y Alphabet (Google), tambi\u00e9n se hundieron.<\/p>\n<\/div>\n<div class=\"bbc-19j92fr ebmt73l0\" dir=\"ltr\">\n<h2 id=\"Un-per\u00edodo-de-transici\u00f3n-seg\u00fan-Trump\" class=\"bbc-1lgzob2 eglt09e0\" tabindex=\"-1\">Un &#8220;per\u00edodo de transici\u00f3n&#8221; seg\u00fan Trump<\/h2>\n<\/div>\n<div class=\"bbc-19j92fr ebmt73l0\" dir=\"ltr\">\n<p class=\"bbc-hhl7in e17g058b0\" dir=\"ltr\">Las ca\u00eddas se produjeron despu\u00e9s de que el presidente Donald Trump eludiera en una entrevista las preguntas sobre si la econom\u00eda estadounidense se enfrenta a una recesi\u00f3n o a un aumento de los precios como resultado de sus medidas arancelarias.<\/p>\n<\/div>\n<div class=\"bbc-19j92fr ebmt73l0\" dir=\"ltr\">\n<p class=\"bbc-hhl7in e17g058b0\" dir=\"ltr\">En su lugar, Trump advirti\u00f3 de la existencia de un &#8220;per\u00edodo de transici\u00f3n&#8221;.<\/p>\n<p dir=\"ltr\">\n<\/div>\n<figure class=\"bbc-1qn0xuy\">\n<div class=\"bbc-18ywsw9\">\n<div style=\"width: 1034px\" class=\"wp-caption alignnone\"><img loading=\"lazy\" decoding=\"async\" class=\"bbc-139onq\" src=\"https:\/\/ichef.bbci.co.uk\/ace\/ws\/640\/cpsprodpb\/f31f\/live\/83434020-fe0c-11ef-a8b1-950887ddc6e5.jpg.webp\" alt=\"Trump\" width=\"1024\" height=\"683\" \/><p class=\"wp-caption-text\">Fuente de la imagen,Getty Images.\u00a0Trump eludi\u00f3 negar la posibilidad de una recesi\u00f3n.<\/p><\/div>\n<p class=\"bbc-by8ykd\" role=\"text\">\n<\/div>\n<\/figure>\n<div class=\"bbc-19j92fr ebmt73l0\" dir=\"ltr\">\n<p dir=\"ltr\">\n<p class=\"bbc-hhl7in e17g058b0\" dir=\"ltr\">&#8220;Odio predecir cosas as\u00ed (\u2026) Hay un per\u00edodo de transici\u00f3n porque lo que estamos haciendo es muy grande. Estamos trayendo riqueza de vuelta a Estados Unidos. Eso es algo importante&#8221;, afirm\u00f3 en una entrevista con Fox, News,\u00a0canal alcag\u00fcete, grabada el jueves y transmitida este domingo.<\/p>\n<\/div>\n<div class=\"bbc-19j92fr ebmt73l0\" dir=\"ltr\">\n<p class=\"bbc-hhl7in e17g058b0\" dir=\"ltr\">&#8220;Lleva un poco de tiempo, pero creo que deber\u00eda ser genial para nosotros&#8221;, a\u00f1adi\u00f3.<\/p>\n<\/div>\n<div class=\"bbc-19j92fr ebmt73l0\" dir=\"ltr\">\n<p class=\"bbc-hhl7in e17g058b0\" dir=\"ltr\">Trump no ha hecho nuevos comentarios sobre la econom\u00eda desde la emisi\u00f3n de esa entrevista, mientras sus principales funcionarios y asesores han tratado de calmar los temores de los mercados.<\/p>\n<\/div>\n<div class=\"bbc-19j92fr ebmt73l0\" dir=\"ltr\">\n<p class=\"bbc-hhl7in e17g058b0\" dir=\"ltr\">El secretario de Comercio, Howard Lutnick, insisti\u00f3 en que no habr\u00e1 contracci\u00f3n en Estados Unidos, aunque reconoci\u00f3 que pueden subir los precios de algunos bienes.<\/p>\n<\/div>\n<div class=\"bbc-19j92fr ebmt73l0\" dir=\"ltr\">\n<p class=\"bbc-hhl7in e17g058b0\" dir=\"ltr\">Tras el cierre de la bolsa el lunes, un representante de la Casa Blanca declar\u00f3 a los periodistas: &#8220;Estamos observando una fuerte divergencia entre los impulsos de los inversores en el mercado de valores y lo que realmente estamos viendo desarrollarse en las compa\u00f1\u00edas y los l\u00edderes empresariales&#8221;.<\/p>\n<\/div>\n<div class=\"bbc-19j92fr ebmt73l0\" dir=\"ltr\">\n<p class=\"bbc-hhl7in e17g058b0\" dir=\"ltr\">&#8220;Esto \u00faltimo es obviamente m\u00e1s significativo que lo primero en lo que espera a la econom\u00eda en el medio y largo plazo&#8221;, agreg\u00f3.<\/p>\n<p dir=\"ltr\">\n<\/div>\n<figure class=\"bbc-1qn0xuy\">\n<div class=\"bbc-18ywsw9\">\n<div style=\"width: 1034px\" class=\"wp-caption alignnone\"><img loading=\"lazy\" decoding=\"async\" class=\"bbc-139onq\" src=\"https:\/\/ichef.bbci.co.uk\/ace\/ws\/640\/cpsprodpb\/87e0\/live\/e5718720-fe0c-11ef-b50e-9d086302645f.jpg.webp\" alt=\"Hombre en Wall Street\" width=\"1024\" height=\"683\" \/><p class=\"wp-caption-text\">Fuente de la imagen,Getty Images.\u00a0\u00a0Las acciones tecnol\u00f3gicas sufrieron los mayores desplomes este lunes.<\/p><\/div>\n<p class=\"bbc-by8ykd\" role=\"text\">\n<\/div>\n<\/figure>\n<div class=\"bbc-19j92fr ebmt73l0\" dir=\"ltr\">\n<p dir=\"ltr\">\n<p class=\"bbc-hhl7in e17g058b0\" dir=\"ltr\">En otra declaraci\u00f3n posterior, el portavoz de la Casa Blanca, Kush Desai, asegur\u00f3 que los &#8220;l\u00edderes de la industria&#8221; hab\u00edan respondido a la agenda de Trump, incluyendo los aranceles, &#8220;con billones en compromisos de inversi\u00f3n&#8221;.<\/p>\n<\/div>\n<div class=\"bbc-19j92fr ebmt73l0\" dir=\"ltr\">\n<p class=\"bbc-hhl7in e17g058b0\" dir=\"ltr\">&#8220;El desplome ven\u00eda gest\u00e1ndose desde hace un tiempo (\u2026) Durante las \u00faltimas semanas las bolsas han acumulado descensos tras un per\u00edodo de euforia que sigui\u00f3 a la elecci\u00f3n de Donald Trump&#8221;, analiz\u00f3 la corresponsal de negocios en Am\u00e9rica del Norte de BBC News.<\/p>\n<\/div>\n<div class=\"bbc-19j92fr ebmt73l0\" dir=\"ltr\">\n<p class=\"bbc-hhl7in e17g058b0\" dir=\"ltr\">Agreg\u00f3 que &#8220;ese impulso comenz\u00f3 a desvanecerse recientemente, y la semana pasada el panorama se complic\u00f3 a\u00fan m\u00e1s con la escalada en la guerra comercial&#8221;.<\/p>\n<\/div>\n<div class=\"bbc-19j92fr ebmt73l0\" dir=\"ltr\">\n<h2 id=\"Temores-inflacionistas\" class=\"bbc-1lgzob2 eglt09e0\" tabindex=\"-1\">Temores inflacionistas<\/h2>\n<\/div>\n<div class=\"bbc-19j92fr ebmt73l0\" dir=\"ltr\">\n<p class=\"bbc-hhl7in e17g058b0\" dir=\"ltr\">Existen crecientes temores entre los analistas econ\u00f3micos a una desaceleraci\u00f3n del crecimiento y un aumento de los precios en EE.UU.<\/p>\n<\/div>\n<div class=\"bbc-19j92fr ebmt73l0\" dir=\"ltr\">\n<p class=\"bbc-hhl7in e17g058b0\" dir=\"ltr\">La semana pasada los principales mercados estadounidenses retrocedieron hasta el nivel previo a la victoria electoral de Trump el pasado noviembre, pese a que esta hab\u00eda sido bien recibida al principio por los inversores por las esperanzas de recortes de impuestos y una regulaci\u00f3n m\u00e1s suave.<\/p>\n<\/div>\n<div class=\"bbc-19j92fr ebmt73l0\" dir=\"ltr\">\n<p class=\"bbc-hhl7in e17g058b0\" dir=\"ltr\">Los inversores temen que los aranceles -impuestos que se aplican sobre los bienes extranjeros cuando entran en el pa\u00eds- provoquen un aumento de los precios y, en \u00faltima instancia, afecten al crecimiento de la mayor econom\u00eda del mundo.<\/p>\n<\/div>\n<div class=\"bbc-19j92fr ebmt73l0\" dir=\"ltr\">\n<p class=\"bbc-hhl7in e17g058b0\" dir=\"ltr\">&#8220;El nivel de aranceles que Trump est\u00e1 imponiendo creo que, sin duda, tendr\u00e1 que causar inflaci\u00f3n en alg\u00fan momento&#8221;, declar\u00f3 Rachel Winter, gerente de inversiones de Killik &amp; Co, al programa Today de BBC Radio 4.<\/p>\n<\/div>\n<div class=\"bbc-19j92fr ebmt73l0\" dir=\"ltr\">\n<p class=\"bbc-hhl7in e17g058b0\" dir=\"ltr\">La ca\u00edda del precio de las acciones de Tesla se vincula a la incertidumbre sobre los planes arancelarios, que podr\u00edan afectar a Canad\u00e1 y M\u00e9xico, mercados clave para las piezas de autom\u00f3viles.<\/p>\n<\/div>\n<div class=\"bbc-19j92fr ebmt73l0\" dir=\"ltr\">\n<p class=\"bbc-hhl7in e17g058b0\" dir=\"ltr\">El aumento de los aranceles podr\u00eda aumentar los costos de producci\u00f3n y los precios en este y otros sectores.<\/p>\n<p dir=\"ltr\">\n<\/div>\n<figure class=\"bbc-1qn0xuy\">\n<div class=\"bbc-18ywsw9\">\n<div style=\"width: 1034px\" class=\"wp-caption alignnone\"><img loading=\"lazy\" decoding=\"async\" class=\"bbc-139onq\" src=\"https:\/\/ichef.bbci.co.uk\/ace\/ws\/640\/cpsprodpb\/8feb\/live\/b5bb2c20-fe0c-11ef-a8b1-950887ddc6e5.jpg.webp\" alt=\"F\u00e1brica de Tesla\" width=\"1024\" height=\"682\" \/><p class=\"wp-caption-text\">Fuente de la imagen,Getty Images.\u00a0Tesla sufri\u00f3 una de las mayores ca\u00eddas de la jornada y de su historia.<\/p><\/div>\n<\/div>\n<\/figure>\n<div class=\"bbc-19j92fr ebmt73l0\" dir=\"ltr\">\n<p dir=\"ltr\">\n<p class=\"bbc-hhl7in e17g058b0\" dir=\"ltr\">El economista Mohamed El-Erian, por su parte, afirm\u00f3 que los inversores hab\u00edan sido optimistas sobre los planes de desregulaci\u00f3n y reducci\u00f3n de impuestos de Trump, subestimando la probabilidad de una guerra comercial.<\/p>\n<\/div>\n<div class=\"bbc-19j92fr ebmt73l0\" dir=\"ltr\">\n<p class=\"bbc-hhl7in e17g058b0\" dir=\"ltr\">Opin\u00f3 que las recientes ca\u00eddas en el mercado de valores, que comenzaron la semana pasada, reflejan el ajuste entre ambos factores.<\/p>\n<\/div>\n<div class=\"bbc-19j92fr ebmt73l0\" dir=\"ltr\">\n<p class=\"bbc-hhl7in e17g058b0\" dir=\"ltr\">&#8220;Es un cambio completo en lo que esperaba el mercado&#8221;, agreg\u00f3, se\u00f1alando que los inversores tambi\u00e9n est\u00e1n respondiendo a las se\u00f1ales de que las empresas y hogares est\u00e1n comenzando a posponer el gasto en plena incertidumbre, lo que podr\u00eda da\u00f1ar el crecimiento econ\u00f3mico.<\/p>\n<\/div>\n<div class=\"bbc-19j92fr ebmt73l0\" dir=\"ltr\">\n<h2 id=\"Ca\u00eddas-tambi\u00e9n-en-Europa\" class=\"bbc-1lgzob2 eglt09e0\" tabindex=\"-1\">Ca\u00eddas tambi\u00e9n en Europa<\/h2>\n<\/div>\n<div class=\"bbc-19j92fr ebmt73l0\" dir=\"ltr\">\n<p class=\"bbc-hhl7in e17g058b0\" dir=\"ltr\">Kevin Hassett, asesor econ\u00f3mico de Trump, lanz\u00f3 argumentos contra quienes proyectan un panorama sombr\u00edo.<\/p>\n<\/div>\n<div class=\"bbc-19j92fr ebmt73l0\" dir=\"ltr\">\n<p class=\"bbc-hhl7in e17g058b0\" dir=\"ltr\">En una entrevista con CNBC, Hassett afirm\u00f3 que hab\u00eda muchas razones para ser optimistas sobre la econom\u00eda estadounidense, y aleg\u00f3 que los aranceles impuestos a Canad\u00e1, M\u00e9xico y China ya estaban llevando manufactura y empleos a Estados Unidos.<\/p>\n<\/div>\n<div class=\"bbc-19j92fr ebmt73l0\" dir=\"ltr\">\n<p class=\"bbc-hhl7in e17g058b0\" dir=\"ltr\">&#8220;Hay muchas razones para ser extremadamente optimistas sobre el futuro de la econom\u00eda&#8221;, sentenci\u00f3.<\/p>\n<\/div>\n<div class=\"bbc-19j92fr ebmt73l0\" dir=\"ltr\">\n<p class=\"bbc-hhl7in e17g058b0\" dir=\"ltr\">Admiti\u00f3, sin embargo, que hubo algunos &#8220;fallos en los datos&#8221; de este trimestre, que atribuy\u00f3 al efecto moment\u00e1neo de los aranceles de Trump y a la &#8220;herencia de Biden&#8221;.<\/p>\n<\/div>\n<div class=\"bbc-19j92fr ebmt73l0\" dir=\"ltr\">\n<p class=\"bbc-hhl7in e17g058b0\" dir=\"ltr\">Las acciones europeas cerraron a la baja el lunes, con el CAC de Francia y los \u00edndices FTSE de Londres alrededor de un 0,9% a la baja, mientras el DAX de Alemania perdi\u00f3 un 1,75%.<\/p>\n<\/div>\n<div class=\"bbc-19j92fr ebmt73l0\" dir=\"ltr\">\n<p class=\"bbc-hhl7in e17g058b0\" dir=\"ltr\">Susannah Streeter, responsable de dinero y mercados de la firma de corretaje de bolsa Hargreaves Lansdown, atribuy\u00f3 estos descensos a la &#8220;inquietud por el impacto de los aranceles de Trump&#8221;.<\/p>\n<\/div>\n<div class=\"bbc-19j92fr ebmt73l0\" dir=\"ltr\">\n<p class=\"bbc-hhl7in e17g058b0\" dir=\"ltr\">A\u00f1adi\u00f3 que las preocupaciones sobre la posibilidad de que la econom\u00eda estadounidense entre en recesi\u00f3n inquietan a los inversores.<\/p>\n<\/div>\n<div class=\"bbc-19j92fr ebmt73l0\" dir=\"ltr\">\n<h2 id=\"La-guerra-de-aranceles\" class=\"bbc-1lgzob2 eglt09e0\" tabindex=\"-1\">La guerra de aranceles<\/h2>\n<\/div>\n<div class=\"bbc-19j92fr ebmt73l0\" dir=\"ltr\">\n<p class=\"bbc-hhl7in e17g058b0\" dir=\"ltr\">Trump anunci\u00f3 sus medidas arancelarias despu\u00e9s de acusar a China, M\u00e9xico y Canad\u00e1 de no hacer lo suficiente para detener el flujo de drogas ilegales y migrantes a EE.UU. Los tres pa\u00edses han rechazado las acusaciones.<\/p>\n<\/div>\n<div class=\"bbc-19j92fr ebmt73l0\" dir=\"ltr\">\n<p class=\"bbc-hhl7in e17g058b0\" dir=\"ltr\">La semana pasada impuso nuevos aranceles del 25% a las importaciones de M\u00e9xico y Canad\u00e1, pero dos d\u00edas despu\u00e9s los paus\u00f3 un mes.<\/p>\n<\/div>\n<div class=\"bbc-19j92fr ebmt73l0\" dir=\"ltr\">\n<p class=\"bbc-hhl7in e17g058b0\" dir=\"ltr\">Trump tambi\u00e9n duplic\u00f3 un arancel general a los productos de China para gravarlos al 20%.<\/p>\n<\/div>\n<div class=\"bbc-19j92fr ebmt73l0\" dir=\"ltr\">\n<p class=\"bbc-hhl7in e17g058b0\" dir=\"ltr\">Estados Unidos enfrenta ahora represalias, incluidos los nuevos aranceles de China contra productos agr\u00edcolas estadounidenses que entraron en vigor el lunes.<\/p>\n<\/div>\n<div class=\"bbc-19j92fr ebmt73l0\" dir=\"ltr\">\n<p class=\"bbc-hhl7in e17g058b0\" dir=\"ltr\">Esto significa que las exportaciones estadounidenses, -entre otras pollo, carne de res, cerdo, trigo y soja- enfrentan impuestos extra del 10% al 15%.<\/p>\n<\/div>\n<div class=\"bbc-19j92fr ebmt73l0\" dir=\"ltr\">\n<p class=\"bbc-hhl7in e17g058b0\" dir=\"ltr\">El premier de Ontario, Doug Ford, quien gobierna la provincia m\u00e1s poblada de Canad\u00e1, implant\u00f3 este lunes la aplicaci\u00f3n un recargo del 25% a las exportaciones de energ\u00eda a Estados Unidos.<\/p>\n<\/div>\n<div class=\"bbc-19j92fr ebmt73l0\" dir=\"ltr\">\n<p class=\"bbc-hhl7in e17g058b0\" dir=\"ltr\">Ford hab\u00eda anunciado esta medida la semana pasada como represalia por los aranceles de Trump.<\/p>\n<\/div>\n<div class=\"bbc-19j92fr ebmt73l0\" dir=\"ltr\">\n<p class=\"bbc-hhl7in e17g058b0\" dir=\"ltr\">Si Trump escala la situaci\u00f3n, advirti\u00f3, &#8220;no dudar\u00e9 en cortar la electricidad por completo&#8221;.<\/p>\n<\/div>\n","protected":false},"excerpt":{"rendered":"<p>&nbsp; La bolsa de Estados Unidos se vio sacudida este lunes por los crecientes temores a una posible desaceleraci\u00f3n econ\u00f3mica que analistas vinculan a la&hellip;<\/p>\n","protected":false},"author":99,"featured_media":529581,"comment_status":"open","ping_status":"open","sticky":false,"template":"","format":"standard","meta":{"footnotes":""},"categories":[24],"tags":[],"class_list":["post-529580","post","type-post","status-publish","format-standard","has-post-thumbnail","hentry","category-mundo"],"_links":{"self":[{"href":"https:\/\/diarioelpopular.com\/index.php\/wp-json\/wp\/v2\/posts\/529580","targetHints":{"allow":["GET"]}}],"collection":[{"href":"https:\/\/diarioelpopular.com\/index.php\/wp-json\/wp\/v2\/posts"}],"about":[{"href":"https:\/\/diarioelpopular.com\/index.php\/wp-json\/wp\/v2\/types\/post"}],"author":[{"embeddable":true,"href":"https:\/\/diarioelpopular.com\/index.php\/wp-json\/wp\/v2\/users\/99"}],"replies":[{"embeddable":true,"href":"https:\/\/diarioelpopular.com\/index.php\/wp-json\/wp\/v2\/comments?post=529580"}],"version-history":[{"count":1,"href":"https:\/\/diarioelpopular.com\/index.php\/wp-json\/wp\/v2\/posts\/529580\/revisions"}],"predecessor-version":[{"id":529582,"href":"https:\/\/diarioelpopular.com\/index.php\/wp-json\/wp\/v2\/posts\/529580\/revisions\/529582"}],"wp:featuredmedia":[{"embeddable":true,"href":"https:\/\/diarioelpopular.com\/index.php\/wp-json\/wp\/v2\/media\/529581"}],"wp:attachment":[{"href":"https:\/\/diarioelpopular.com\/index.php\/wp-json\/wp\/v2\/media?parent=529580"}],"wp:term":[{"taxonomy":"category","embeddable":true,"href":"https:\/\/diarioelpopular.com\/index.php\/wp-json\/wp\/v2\/categories?post=529580"},{"taxonomy":"post_tag","embeddable":true,"href":"https:\/\/diarioelpopular.com\/index.php\/wp-json\/wp\/v2\/tags?post=529580"}],"curies":[{"name":"wp","href":"https:\/\/api.w.org\/{rel}","templated":true}]}}