{"id":529584,"date":"2025-03-11T09:39:02","date_gmt":"2025-03-11T13:39:02","guid":{"rendered":"https:\/\/diarioelpopular.com\/?p=529584"},"modified":"2025-03-11T09:39:02","modified_gmt":"2025-03-11T13:39:02","slug":"estamos-en-una-era-dominada-por-formas-extremas-de-crueldad-que-ademas-no-estan-ocultas-y-se-reciben-con-cierto-nivel-de-alegria","status":"publish","type":"post","link":"https:\/\/diarioelpopular.com\/index.php\/2025\/03\/11\/estamos-en-una-era-dominada-por-formas-extremas-de-crueldad-que-ademas-no-estan-ocultas-y-se-reciben-con-cierto-nivel-de-alegria\/","title":{"rendered":"&#8220;Estamos en una era dominada por formas extremas de crueldad, que adem\u00e1s no est\u00e1n ocultas y se reciben con cierto nivel de alegr\u00eda&#8221;"},"content":{"rendered":"<p><img loading=\"lazy\" decoding=\"async\" class=\"alignnone size-custom-full-size wp-image-529585\" src=\"https:\/\/diarioelpopular.com\/wp-content\/uploads\/2025\/03\/Screen-Shot-2025-03-11-at-9.38.31-AM-636x355.png\" alt=\"\" width=\"636\" height=\"355\" srcset=\"https:\/\/diarioelpopular.com\/wp-content\/uploads\/2025\/03\/Screen-Shot-2025-03-11-at-9.38.31-AM-636x355.png 636w, https:\/\/diarioelpopular.com\/wp-content\/uploads\/2025\/03\/Screen-Shot-2025-03-11-at-9.38.31-AM-300x167.png 300w, https:\/\/diarioelpopular.com\/wp-content\/uploads\/2025\/03\/Screen-Shot-2025-03-11-at-9.38.31-AM-768x429.png 768w, https:\/\/diarioelpopular.com\/wp-content\/uploads\/2025\/03\/Screen-Shot-2025-03-11-at-9.38.31-AM-131x73.png 131w, https:\/\/diarioelpopular.com\/wp-content\/uploads\/2025\/03\/Screen-Shot-2025-03-11-at-9.38.31-AM.png 1024w\" sizes=\"auto, (max-width: 636px) 100vw, 636px\" \/><\/p>\n<p>&nbsp;<\/p>\n<p>&nbsp;<\/p>\n<div class=\"bbc-19j92fr ebmt73l0\" dir=\"ltr\">\n<ul>\n<li class=\"bbc-hhl7in e17g058b0\" dir=\"ltr\"><em><b>El v\u00eddeo en la cuenta oficial de la Casa Blanca en la red social X que muestra a deportados siendo esposados de manos y pies y encadenados.<\/b><\/em><\/li>\n<\/ul>\n<\/div>\n<div class=\"bbc-19j92fr ebmt73l0\" dir=\"ltr\">\n<p dir=\"ltr\">\n<p class=\"bbc-hhl7in e17g058b0\" dir=\"ltr\">Las palabras de Donald Trump con las que anuncia la ampliaci\u00f3n del centro de detenci\u00f3n de migrantes en la base de Guant\u00e1namo para recibir &#8220;a los peores extranjeros ilegales criminales&#8221;.<\/p>\n<\/div>\n<div class=\"bbc-19j92fr ebmt73l0\" dir=\"ltr\">\n<p class=\"bbc-hhl7in e17g058b0\" dir=\"ltr\">Para el acad\u00e9mico Henry A. Giroux todo ello forma parte de lo que \u00e9l ha denominado la &#8220;cultura de la crueldad&#8221;.<\/p>\n<\/div>\n<div class=\"bbc-19j92fr ebmt73l0\" dir=\"ltr\">\n<p class=\"bbc-hhl7in e17g058b0\" dir=\"ltr\">Te\u00f3rico fundador de la pedagog\u00eda cr\u00edtica y director del Centro para la Investigaci\u00f3n del Inter\u00e9s P\u00fablico de la Universidad McMaster (Hamilton, Ontario, Canad\u00e1), Giroux lleva a\u00f1os ahondando en el concepto.<\/p>\n<\/div>\n<div class=\"bbc-19j92fr ebmt73l0\" dir=\"ltr\">\n<p class=\"bbc-hhl7in e17g058b0\" dir=\"ltr\">&#8220;La crueldad parece ser el principio organizador central de la pol\u00edtica hoy&#8221;, le dice el estadounidense-canadiense a BBC Mundo, refiri\u00e9ndose tambi\u00e9n a la idea de que EE.UU. pueda llegar a asumir la &#8220;propiedad&#8221; de Gaza para levantar all\u00ed &#8220;la Riviera de Oriente Medio&#8221;, o la reducci\u00f3n a su m\u00ednima expresi\u00f3n de la Agencia de EE.UU. para el Desarrollo Internacional (USAID), una de las mayores organizaciones de ayuda humanitaria del mundo.<\/p>\n<\/div>\n<div class=\"bbc-1n4f7vm ebmt73l0\" dir=\"ltr\"><\/div>\n<div class=\"bbc-19j92fr ebmt73l0\" dir=\"ltr\">\n<p class=\"bbc-hhl7in e17g058b0\" dir=\"ltr\">Pero no solo en EE.UU., tambi\u00e9n cada vez m\u00e1s a nivel global, subraya.<\/p>\n<\/div>\n<div class=\"bbc-19j92fr ebmt73l0\" dir=\"ltr\">\n<p class=\"bbc-hhl7in e17g058b0\" dir=\"ltr\">El intelectual de izquierda<span role=\"text\"><span data-testid=\"caption-paragraph\">Henry A. Giroux\u00a0<\/span><\/span>que tilda a Trump de &#8220;testaferro de una oligarqu\u00eda&#8221;.<\/p>\n<p dir=\"ltr\">\n<\/div>\n<figure class=\"bbc-1qn0xuy\">\n<div class=\"bbc-18ywsw9\"><img loading=\"lazy\" decoding=\"async\" class=\"bbc-139onq\" src=\"https:\/\/ichef.bbci.co.uk\/ace\/ws\/640\/cpsprodpb\/8de8\/live\/4923ecd0-ef09-11ef-a124-cb71ba209db4.jpg.webp\" sizes=\"auto, (min-width: 1008px) 760px, 100vw\" srcset=\"https:\/\/ichef.bbci.co.uk\/ace\/ws\/240\/cpsprodpb\/8de8\/live\/4923ecd0-ef09-11ef-a124-cb71ba209db4.jpg.webp 240w, https:\/\/ichef.bbci.co.uk\/ace\/ws\/320\/cpsprodpb\/8de8\/live\/4923ecd0-ef09-11ef-a124-cb71ba209db4.jpg.webp 320w, https:\/\/ichef.bbci.co.uk\/ace\/ws\/480\/cpsprodpb\/8de8\/live\/4923ecd0-ef09-11ef-a124-cb71ba209db4.jpg.webp 480w, https:\/\/ichef.bbci.co.uk\/ace\/ws\/624\/cpsprodpb\/8de8\/live\/4923ecd0-ef09-11ef-a124-cb71ba209db4.jpg.webp 624w, https:\/\/ichef.bbci.co.uk\/ace\/ws\/800\/cpsprodpb\/8de8\/live\/4923ecd0-ef09-11ef-a124-cb71ba209db4.jpg.webp 800w\" alt=\"Henry A. Giroux.\" width=\"3285\" height=\"1847\" \/><\/p>\n<p class=\"bbc-by8ykd\" role=\"text\"><span class=\"bbc-m04vo2\">Fuente de la imagen,<\/span><span lang=\"en-GB\">Cortes\u00eda de la Universidad McMaster\u00a0<\/span>Henry A. Giroux.<\/p>\n<\/div>\n<\/figure>\n<figure class=\"bbc-1qn0xuy\">\n<div class=\"bbc-18ywsw9\"><img loading=\"lazy\" decoding=\"async\" class=\"bbc-139onq\" src=\"https:\/\/ichef.bbci.co.uk\/ace\/ws\/640\/cpsprodpb\/8a16\/live\/4fc736c0-ef07-11ef-a319-fb4e7360c4ec.jpg.webp\" sizes=\"auto, (min-width: 1008px) 760px, 100vw\" srcset=\"https:\/\/ichef.bbci.co.uk\/ace\/ws\/240\/cpsprodpb\/8a16\/live\/4fc736c0-ef07-11ef-a319-fb4e7360c4ec.jpg.webp 240w, https:\/\/ichef.bbci.co.uk\/ace\/ws\/320\/cpsprodpb\/8a16\/live\/4fc736c0-ef07-11ef-a319-fb4e7360c4ec.jpg.webp 320w, https:\/\/ichef.bbci.co.uk\/ace\/ws\/480\/cpsprodpb\/8a16\/live\/4fc736c0-ef07-11ef-a319-fb4e7360c4ec.jpg.webp 480w, https:\/\/ichef.bbci.co.uk\/ace\/ws\/624\/cpsprodpb\/8a16\/live\/4fc736c0-ef07-11ef-a319-fb4e7360c4ec.jpg.webp 624w, https:\/\/ichef.bbci.co.uk\/ace\/ws\/800\/cpsprodpb\/8a16\/live\/4fc736c0-ef07-11ef-a319-fb4e7360c4ec.jpg.webp 800w\" alt=\"l\u00ednea gris\" width=\"800\" height=\"100\" \/><\/div>\n<\/figure>\n<div class=\"bbc-19j92fr ebmt73l0\" dir=\"ltr\">\n<p class=\"bbc-hhl7in e17g058b0\" dir=\"ltr\"><b>El t\u00edtulo de tu art\u00edculo m\u00e1s reciente es\u00a0<\/b><a class=\"focusIndicatorReducedWidth bbc-n8oauk e1p3sufg0\" href=\"https:\/\/www.counterpunch.org\/2025\/02\/04\/trumps-theater-of-cruelty\/\" aria-label=\"&quot;El teatro de la crueldad de Trump&quot;, externo\"><b>&#8220;El teatro de la crueldad de Trump&#8221;<\/b><\/a><b>. Podr\u00eda haber descrito su reci\u00e9n estrenada presidencia de distintas formas. \u00bfPor qu\u00e9 eligi\u00f3 definirla as\u00ed?<\/b><\/p>\n<\/div>\n<div class=\"bbc-19j92fr ebmt73l0\" dir=\"ltr\">\n<p class=\"bbc-hhl7in e17g058b0\" dir=\"ltr\">La eleg\u00ed porque es una palabra muy poderosa que, de cierta forma, apunta a un cambio importante en la pol\u00edtica de EE.UU.<\/p>\n<\/div>\n<div class=\"bbc-19j92fr ebmt73l0\" dir=\"ltr\">\n<p class=\"bbc-hhl7in e17g058b0\" dir=\"ltr\">Es que de repente nos encontramos en una era dominada por lo que yo llamar\u00eda formas extremas de crueldad, formas que adem\u00e1s no est\u00e1n ocultas y que parecen ser recibidas con cierto nivel de alegr\u00eda, por no decir un rechazo abyecto a reconocer cu\u00e1n malvadas son estas pol\u00edticas.<\/p>\n<\/div>\n<div class=\"bbc-19j92fr ebmt73l0\" dir=\"ltr\">\n<p class=\"bbc-hhl7in e17g058b0\" dir=\"ltr\">Y en cierta forma creo que se han convertido en el centro mismo de la pol\u00edtica. La crueldad parece ser el principio organizador central de la pol\u00edtica.<\/p>\n<\/div>\n<div class=\"bbc-19j92fr ebmt73l0\" dir=\"ltr\">\n<p class=\"bbc-hhl7in e17g058b0\" dir=\"ltr\"><b>Pero la crueldad no es una novedad en la historia pol\u00edtica de EE.UU. No hay m\u00e1s que remontarse a las leyes Jim Crow de segregaci\u00f3n racial, por poner un ejemplo. \u00bfQu\u00e9 hay de distinto o nuevo hoy?<\/b><\/p>\n<\/div>\n<div class=\"bbc-19j92fr ebmt73l0\" dir=\"ltr\">\n<p class=\"bbc-hhl7in e17g058b0\" dir=\"ltr\">EE.UU. tiene, efectivamente, un largo historial de crueldad. Podr\u00edamos empezar hablando de la eliminaci\u00f3n de la poblaci\u00f3n ind\u00edgena, o la esclavitud, o el internamiento de los japoneses (en campos de concentraci\u00f3n)&#8230;<\/p>\n<\/div>\n<div class=\"bbc-19j92fr ebmt73l0\" dir=\"ltr\">\n<p class=\"bbc-hhl7in e17g058b0\" dir=\"ltr\">Todo eso est\u00e1 ah\u00ed, ese es el legado, aunque en muchos casos parece oculto. La gente trata de no recordar esos momentos de la pol\u00edtica estadounidense.<\/p>\n<\/div>\n<div class=\"bbc-19j92fr ebmt73l0\" dir=\"ltr\">\n<p class=\"bbc-hhl7in e17g058b0\" dir=\"ltr\">Lo que creo que estamos viendo con Trump no es un incidente aislado de crueldad, un momento espec\u00edfico basado en racializaciones o en una forma espec\u00edfica de nativismo, como en la \u00e9poca de la Segunda Guerra Mundial.<\/p>\n<\/div>\n<div class=\"bbc-19j92fr ebmt73l0\" dir=\"ltr\">\n<p class=\"bbc-hhl7in e17g058b0\" dir=\"ltr\">Lo que estamos viendo es un principio de crueldad que afecta todos los aspectos de la vida estadounidense, ya sea en forma de ataques a las escuelas, a los inmigrantes indocumentados o a las personas transg\u00e9nero.<\/p>\n<\/div>\n<div class=\"bbc-19j92fr ebmt73l0\" dir=\"ltr\">\n<p class=\"bbc-hhl7in e17g058b0\" dir=\"ltr\"><b>Pero seg\u00fan usted, \u00bfes un tiempo m\u00e1s cruel s\u00f3lo en la forma, en el lenguaje que se utiliza, que es m\u00e1s obvio y menos pudoroso, o es una cuesti\u00f3n m\u00e1s de fondo?<\/b><\/p>\n<\/div>\n<div class=\"bbc-19j92fr ebmt73l0\" dir=\"ltr\">\n<p class=\"bbc-hhl7in e17g058b0\" dir=\"ltr\">Hoy la crueldad no solo emerge en forma de un lenguaje deshumanizador. Tambi\u00e9n emerge en las pol\u00edticas.<\/p>\n<\/div>\n<div class=\"bbc-19j92fr ebmt73l0\" dir=\"ltr\">\n<p class=\"bbc-hhl7in e17g058b0\" dir=\"ltr\">Y para hablar de la naturaleza hist\u00f3rica de esta crueldad y de d\u00f3nde proviene, me parece que hay que remontarse a la d\u00e9cada de 1980.<\/p>\n<\/div>\n<div class=\"bbc-19j92fr ebmt73l0\" dir=\"ltr\">\n<p class=\"bbc-hhl7in e17g058b0\" dir=\"ltr\"><b>\u00bfQu\u00e9 pas\u00f3 en los 80?<\/b><\/p>\n<\/div>\n<div class=\"bbc-19j92fr ebmt73l0\" dir=\"ltr\">\n<p class=\"bbc-hhl7in e17g058b0\" dir=\"ltr\">Surge el neoliberalismo y empieza un proceso de divorcio del concepto de responsabilidad social. Lo que importa son las ganancias, todo lo dem\u00e1s es visto como una forma de debilidad.<\/p>\n<\/div>\n<div class=\"bbc-19j92fr ebmt73l0\" dir=\"ltr\">\n<p class=\"bbc-hhl7in e17g058b0\" dir=\"ltr\">El concepto de la pol\u00edtica como la posibilidad de comunidad empieza a morir, como tambi\u00e9n empieza a morir cualquier noci\u00f3n viable de lo social.<\/p>\n<p dir=\"ltr\">\n<\/div>\n<figure class=\"bbc-1qn0xuy\">\n<div class=\"bbc-18ywsw9\">\n<div style=\"width: 1034px\" class=\"wp-caption alignnone\"><img loading=\"lazy\" decoding=\"async\" class=\"bbc-139onq\" src=\"https:\/\/ichef.bbci.co.uk\/ace\/ws\/640\/cpsprodpb\/8243\/live\/0546cee0-ef0b-11ef-a819-277e390a7a08.jpg.webp\" alt=\"El presidente Donald Trump firma una orden ejecutiva en el Despacho Oval de la Casa Blanca el 14 de febrero de 2025 en Washington, DC.  (Foto de Andrew Harnik\/Getty Images)\" width=\"1024\" height=\"683\" \/><p class=\"wp-caption-text\">Fuente de la imagen,Getty Images.\u00a0\u00a0Seg\u00fan Henry A. Giroux, el presidente de EE.UU., Donald Trump, es la cabeza visible de una oligarqu\u00eda.<\/p><\/div>\n<p class=\"bbc-by8ykd\" role=\"text\">\n<\/div>\n<\/figure>\n<div class=\"bbc-19j92fr ebmt73l0\" dir=\"ltr\">\n<p dir=\"ltr\">\n<p class=\"bbc-hhl7in e17g058b0\" dir=\"ltr\"><b>Y la crueldad de la que habla, seg\u00fan usted \u00bfes un m\u00e9todo? \u00bfUna estrategia pol\u00edtica? \u00bfUn mecanismo de uni\u00f3n, como apuntan algunos analistas? Hay expertos que incluso dicen que es un fin en s\u00ed mismo.<\/b><\/p>\n<\/div>\n<div class=\"bbc-19j92fr ebmt73l0\" dir=\"ltr\">\n<p class=\"bbc-hhl7in e17g058b0\" dir=\"ltr\">Es una gran pregunta. Yo creo que es un principio organizador central.<\/p>\n<\/div>\n<div class=\"bbc-19j92fr ebmt73l0\" dir=\"ltr\">\n<p class=\"bbc-hhl7in e17g058b0\" dir=\"ltr\">Lo vemos en el lenguaje deshumanizador que usa Trump, pero tambi\u00e9n en sus pol\u00edticas: en la decisi\u00f3n de enviar deportados a Guant\u00e1namo, un s\u00edmbolo absoluto de la tortura que ahora est\u00e1 resucitando; lo vemos en sus pol\u00edticas en lo referente a los programas de diversidad, equidad e inclusi\u00f3n (dise\u00f1ados para fomentar la igualdad en \u00e1mbitos laborales y educativos, especialmente para comunidades hist\u00f3ricamente marginadas, y que quiere eliminar); ya vimos lo que hizo con USAID\u2026<\/p>\n<\/div>\n<div class=\"bbc-19j92fr ebmt73l0\" dir=\"ltr\">\n<p class=\"bbc-hhl7in e17g058b0\" dir=\"ltr\">Es un principio central, una forma de hacer pol\u00edtica que se nutre de odio y de intolerancia. Y no es casual ni es un rasgo de la personalidad.<\/p>\n<\/div>\n<div class=\"bbc-19j92fr ebmt73l0\" dir=\"ltr\">\n<p class=\"bbc-hhl7in e17g058b0\" dir=\"ltr\">Lo que estamos viendo ahora es una fusi\u00f3n de crueldad y pol\u00edtica de maneras nunca antes vistas y celebradas, una crueldad que emerge en el d\u00eda a d\u00eda.<\/p>\n<\/div>\n<div class=\"bbc-19j92fr ebmt73l0\" dir=\"ltr\">\n<p class=\"bbc-hhl7in e17g058b0\" dir=\"ltr\"><b>\u00bfC\u00f3mo definir\u00eda la forma de gobernar de Donald Trump? \u00bfQu\u00e9 tipo de presidencia es la suya?<\/b><\/p>\n<\/div>\n<div class=\"bbc-19j92fr ebmt73l0\" dir=\"ltr\">\n<p class=\"bbc-hhl7in e17g058b0\" dir=\"ltr\">Lo definir\u00eda como un gobierno fascista. La prensa establecida no lo est\u00e1 llamando as\u00ed, aunque a veces se habla de autoritarismo. Pero Joe Biden, al dejar la presidencia, advirti\u00f3 que Trump era fascista, algo que tambi\u00e9n dijeron en su momento generales retirados como John Kelly.<\/p>\n<\/div>\n<div class=\"bbc-19j92fr ebmt73l0\" dir=\"ltr\">\n<p class=\"bbc-hhl7in e17g058b0\" dir=\"ltr\"><i class=\"bbc-h1y5j7 eih42320\">(En sendas entrevistas con The New York Times y The Atlantic en octubre, y despu\u00e9s de a\u00f1os de compartir sus cr\u00edticas hacia Trump con los reporteros de manera m\u00e1s moderada, Kelly, quien fue jefe de gabinete de la Casa Blanca y secretario del Departamento de Seguridad Nacional de Trump, advirti\u00f3 del presunto peligro que supon\u00eda para la democracia estadounidense que el republicano fuera reelegido.<\/i><\/p>\n<\/div>\n<div class=\"bbc-19j92fr ebmt73l0\" dir=\"ltr\">\n<p class=\"bbc-hhl7in e17g058b0\" dir=\"ltr\"><i class=\"bbc-h1y5j7 eih42320\">En declaraciones sin precedentes para un exfuncionario estadounidense de alto nivel, Kelly dijo que Trump encaja en la definici\u00f3n de fascista. &#8220;Ciertamente el expresidente est\u00e1 en el \u00e1rea de la extrema derecha, ciertamente es un autoritario, admira a dictadores, \u00e9l mismo lo ha dicho. As\u00ed que ciertamente cabe en la definici\u00f3n general de fascista, eso seguro&#8221;, le dijo a The New York Times).<\/i><\/p>\n<\/div>\n<div class=\"bbc-19j92fr ebmt73l0\" dir=\"ltr\">\n<p class=\"bbc-hhl7in e17g058b0\" dir=\"ltr\"><b>Si se puede o no aplicar ese t\u00e9rmino a Trump\u00a0<\/b><a class=\"focusIndicatorReducedWidth bbc-n8oauk e1p3sufg0\" href=\"https:\/\/www.bbc.com\/mundo\/articles\/cdxv919xlejo\"><b>genera debate entre historiadores y analistas<\/b><\/a><b>\u00a0pr\u00e1cticamente desde su primera campa\u00f1a presidencial en 2016, y hay quienes advierten que es pol\u00edticamente imprudente tildarlo as\u00ed.<\/b><\/p>\n<\/div>\n<div class=\"bbc-19j92fr ebmt73l0\" dir=\"ltr\">\n<p class=\"bbc-hhl7in e17g058b0\" dir=\"ltr\">El suyo es un gobierno fascista, y te dir\u00e9 por qu\u00e9.<\/p>\n<\/div>\n<div class=\"bbc-19j92fr ebmt73l0\" dir=\"ltr\">\n<p class=\"bbc-hhl7in e17g058b0\" dir=\"ltr\">Lo es porque no cree en el estado de derecho, porque cree que el poder y la violencia son fundamentales para la pol\u00edtica, pero, sobre todo, es fascista porque est\u00e1 organizado en torno al nacionalismo cristiano blanco. Y ese es el n\u00facleo del fascismo.<\/p>\n<\/div>\n<div class=\"bbc-19j92fr ebmt73l0\" dir=\"ltr\">\n<p class=\"bbc-hhl7in e17g058b0\" dir=\"ltr\">Se define un pa\u00eds de una manera muy limitada y exclusiva, y se pone en marcha una pol\u00edtica de lo desechable. Comienza con el lenguaje deshumanizante, sigue con las pol\u00edticas de expulsi\u00f3n de personas, luego se mete a los cr\u00edticos y a otros en las c\u00e1rceles\u2026<\/p>\n<p dir=\"ltr\">\n<\/div>\n<figure class=\"bbc-1qn0xuy\">\n<div class=\"bbc-18ywsw9\">\n<div style=\"width: 1034px\" class=\"wp-caption alignnone\"><img loading=\"lazy\" decoding=\"async\" class=\"bbc-139onq\" src=\"https:\/\/ichef.bbci.co.uk\/ace\/ws\/640\/cpsprodpb\/07c5\/live\/75de33f0-ef0b-11ef-a319-fb4e7360c4ec.jpg.webp\" alt=\"Un inmigrante guatemalteco indocumentado, encadenado por ser acusado como criminal, se prepara para abordar un vuelo de deportaci\u00f3n a la Ciudad de Guatemala, Guatemala, en el Aeropuerto Phoenix-Mesa Gateway el 24 de junio de 2011 en Mesa, Arizona. (Foto de John Moore\/Getty Images)\" width=\"1024\" height=\"683\" \/><p class=\"wp-caption-text\">Fuente de la imagen,Getty Images.\u00a0\u00a0Un inmigrante guatemalteco espera esposado y encadenado el momento de abordar un avi\u00f3n que lo deportar\u00e1 a su pa\u00eds de origen.<\/p><\/div>\n<p class=\"bbc-by8ykd\" role=\"text\">\n<\/div>\n<\/figure>\n<div class=\"bbc-19j92fr ebmt73l0\" dir=\"ltr\">\n<p dir=\"ltr\">\n<p class=\"bbc-hhl7in e17g058b0\" dir=\"ltr\"><b>En su art\u00edculo m\u00e1s reciente sobre la actual presidencia de EE.UU. subraya que &#8220;Trump no gobierna solo&#8221;, sino que es &#8220;el testaferro de una oligarqu\u00eda que abandon\u00f3 incluso la pretensi\u00f3n misma de una democracia&#8221;. Sin embargo, gobierna con el apoyo de la mayor\u00eda de los estadounidenses. En las elecciones de noviembre gan\u00f3 el voto popular, algo que ning\u00fan republicano hab\u00eda logrado desde 2004. \u00bfQu\u00e9 nos dice eso?<\/b><\/p>\n<\/div>\n<div class=\"bbc-19j92fr ebmt73l0\" dir=\"ltr\">\n<p class=\"bbc-hhl7in e17g058b0\" dir=\"ltr\">Nos dice algo que hemos ignorado durante mucho tiempo: que la educaci\u00f3n es central en la pol\u00edtica.<\/p>\n<\/div>\n<div class=\"bbc-19j92fr ebmt73l0\" dir=\"ltr\">\n<p class=\"bbc-hhl7in e17g058b0\" dir=\"ltr\">La educaci\u00f3n puede ser no s\u00f3lo una herramienta de emancipaci\u00f3n, tambi\u00e9n de enorme opresi\u00f3n. Puede inculcar nociones de odio, resentimiento e intolerancia, entre otros.<\/p>\n<\/div>\n<div class=\"bbc-19j92fr ebmt73l0\" dir=\"ltr\">\n<p class=\"bbc-hhl7in e17g058b0\" dir=\"ltr\">Y lo que tenemos hoy por hoy en EE.UU. es un aparato cultural que b\u00e1sicamente se ha convertido en un tsunami de odio e intolerancia dirigido por multimillonarios tecnol\u00f3gicos.<\/p>\n<\/div>\n<div class=\"bbc-19j92fr ebmt73l0\" dir=\"ltr\">\n<p class=\"bbc-hhl7in e17g058b0\" dir=\"ltr\">Lo que hemos visto desde la d\u00e9cada de 1980, dado el control corporativo de los medios de comunicaci\u00f3n, es una maquinaria cultural y de ense\u00f1anza que ha tenido un \u00e9xito enorme a la hora de producir lo que yo llamo ignorancia fabricada.<\/p>\n<\/div>\n<div class=\"bbc-19j92fr ebmt73l0\" dir=\"ltr\">\n<p class=\"bbc-hhl7in e17g058b0\" dir=\"ltr\"><b>\u00bfIgnorancia fabricada?<\/b><\/p>\n<\/div>\n<div class=\"bbc-19j92fr ebmt73l0\" dir=\"ltr\">\n<p class=\"bbc-hhl7in e17g058b0\" dir=\"ltr\">No puedes tener una democracia, ni siquiera una d\u00e9bil, sin un p\u00fablico informado.<\/p>\n<\/div>\n<div class=\"bbc-19j92fr ebmt73l0\" dir=\"ltr\">\n<p class=\"bbc-hhl7in e17g058b0\" dir=\"ltr\">Y lo que la derecha ha aprendido es que, si se controlan los medios de comunicaci\u00f3n y de educaci\u00f3n, no hacen falta ej\u00e9rcitos. Lo que se necesita son modos potentes de persuasi\u00f3n y el control de los sistemas de informaci\u00f3n.<\/p>\n<\/div>\n<div class=\"bbc-19j92fr ebmt73l0\" dir=\"ltr\">\n<p class=\"bbc-hhl7in e17g058b0\" dir=\"ltr\">Ahora, con las redes sociales, estamos en un periodo muy dif\u00edcil en lo referente a ser cr\u00edtico y hacer que el poder rinda cuentas.<\/p>\n<\/div>\n<div class=\"bbc-19j92fr ebmt73l0\" dir=\"ltr\">\n<p class=\"bbc-hhl7in e17g058b0\" dir=\"ltr\">Y todos los elementos del fascismo que vemos surgir en Hungr\u00eda, en Argentina, en Italia no son nuevos, pero se est\u00e1n sucediendo a una escala que me parece casi in\u00e9dita.<\/p>\n<\/div>\n<div class=\"bbc-19j92fr ebmt73l0\" dir=\"ltr\">\n<p class=\"bbc-hhl7in e17g058b0\" dir=\"ltr\"><b>Es un fen\u00f3meno que va m\u00e1s all\u00e1 de EE.UU: partidos extremistas que ganan terreno, la polarizaci\u00f3n del discurso, candidatos que hablan abiertamente de crueldad\u2026 Un l\u00edder regional del partido de extrema derecha Alternativa para Alemania (AfD), Bj\u00f6rne H\u00f6cke, declar\u00f3 abiertamente que se necesita &#8220;una crueldad bien afinada&#8221; para expulsar a migrantes y refugiados de Alemania.<\/b><\/p>\n<\/div>\n<div class=\"bbc-19j92fr ebmt73l0\" dir=\"ltr\">\n<p class=\"bbc-hhl7in e17g058b0\" dir=\"ltr\">Es un fen\u00f3meno global, efectivamente. Pero una cosa es eso y otra es que el pa\u00eds m\u00e1s poderoso del mundo ahora tome la delantera a la hora de reforzar la afirmaci\u00f3n de (el presidente de Hungr\u00eda, Viktor) Orb\u00e1n de que la democracia es demasiado d\u00e9bil. Esto no tiene precedentes.<\/p>\n<\/div>\n<div class=\"bbc-19j92fr ebmt73l0\" dir=\"ltr\">\n<p class=\"bbc-hhl7in e17g058b0\" dir=\"ltr\">Si esto hubiera surgido en los a\u00f1os 70, incluso a principios de los 80, la gente dir\u00eda: &#8220;Es un movimiento marginal&#8221;. Pero ya no lo es. Es un movimiento en el centro de la pol\u00edtica de EE.UU. y en el de la pol\u00edtica global.<\/p>\n<\/div>\n<div class=\"bbc-19j92fr ebmt73l0\" dir=\"ltr\">\n<p class=\"bbc-hhl7in e17g058b0\" dir=\"ltr\"><b>De hecho, algunos ide\u00f3logos como Curtis Yarvin, invitado habitual de medios conservadores y a cuyas ideas ha hecho referencia el vicepresidente JD Vance, argumenta que en EE.UU. la democracia deber\u00eda sustituirse por una &#8220;monarqu\u00eda&#8221; encabezada por lo que \u00e9l llama un CEO, una especie de director ejecutivo. \u00bfQu\u00e9 dir\u00eda a los que, como \u00e9l, defienden que tener a un &#8220;CEO eficiente&#8221; al frente del gobierno es mejor para la gente?<\/b><\/p>\n<\/div>\n<div class=\"bbc-19j92fr ebmt73l0\" dir=\"ltr\">\n<p class=\"bbc-hhl7in e17g058b0\" dir=\"ltr\">Es el cl\u00e1sico ejemplo del tipo de discurso que morir\u00eda en una democracia vibrante. El hecho de que se le d\u00e9 una plataforma a alguien con esas ideas es impactante.<\/p>\n<\/div>\n<div class=\"bbc-19j92fr ebmt73l0\" dir=\"ltr\">\n<p class=\"bbc-hhl7in e17g058b0\" dir=\"ltr\">\u00bfQu\u00e9 dir\u00edas a alguien que defiende que la democracia est\u00e1 muerta y que lo que realmente necesitamos es acostumbrarnos a las dictaduras porque funcionan, y que deben estar encabezadas por gente como Elon Musk?<\/p>\n<\/div>\n<div class=\"bbc-19j92fr ebmt73l0\" dir=\"ltr\">\n<p class=\"bbc-hhl7in e17g058b0\" dir=\"ltr\"><b>Usted ha escrito desde hace a\u00f1os, sobre la &#8220;cultura de la crueldad&#8221;. Y afirma que &#8220;prospera cuando los miedos compartidos sustituyen a las responsabilidades compartidas&#8221;. \u00bfCu\u00e1les son esos miedos y qu\u00e9 responsabilidades compartidas sustituyen?<\/b><\/p>\n<\/div>\n<div class=\"bbc-19j92fr ebmt73l0\" dir=\"ltr\">\n<p class=\"bbc-hhl7in e17g058b0\" dir=\"ltr\">Las responsabilidades que sustituyen son aquellas que se toman en serio los derechos sociales, pol\u00edticos y econ\u00f3micos, y los valores compartidos como la compasi\u00f3n, el cuidado del otro, el sentido de comunidad, el reconocimiento del sufrimiento ajeno y la necesidad de abordarlo y acabar con \u00e9l; la necesidad de eliminar los cimientos del sufrimiento y la violencia.<\/p>\n<\/div>\n<div class=\"bbc-19j92fr ebmt73l0\" dir=\"ltr\">\n<p class=\"bbc-hhl7in e17g058b0\" dir=\"ltr\">Desde el surgimiento del neoliberalismo en la d\u00e9cada de 1980, ese argumento es visto como una debilidad, y la bondad es vista como la virtud de los tontos.<\/p>\n<\/div>\n<div class=\"bbc-19j92fr ebmt73l0\" dir=\"ltr\">\n<p class=\"bbc-hhl7in e17g058b0\" dir=\"ltr\">Debemos preguntarnos qu\u00e9 pas\u00f3 con esos principios, con esas virtudes y valores como la compasi\u00f3n, la confianza, la amabilidad, el cuidado del otro, la justicia, la igualdad y la inclusi\u00f3n, si est\u00e1n o no siendo destruidos, por qui\u00e9n y en inter\u00e9s de qui\u00e9n.<\/p>\n<\/div>\n<div class=\"bbc-19j92fr ebmt73l0\" dir=\"ltr\">\n<p class=\"bbc-hhl7in e17g058b0\" dir=\"ltr\"><b>A lo largo de la historia pol\u00edtica estadounidense, presidentes de uno u otro partido han hecho hincapi\u00e9 en la idea de la autoridad moral de EE.UU., en que debe servir de ejemplo para el mundo. \u00bfSigue siendo as\u00ed?<\/b><\/p>\n<\/div>\n<div class=\"bbc-19j92fr ebmt73l0\" dir=\"ltr\">\n<p class=\"bbc-hhl7in e17g058b0\" dir=\"ltr\">No. En ese sentido EE.UU. se traicion\u00f3 a s\u00ed mismo, cay\u00f3 en una forma de autosabotaje.<\/p>\n<\/div>\n<div class=\"bbc-19j92fr ebmt73l0\" dir=\"ltr\">\n<p class=\"bbc-hhl7in e17g058b0\" dir=\"ltr\">Aunque nunca fue un pa\u00eds verdaderamente democr\u00e1tico: se construy\u00f3 sobre las espaldas de los esclavos, a las mujeres se les neg\u00f3 el derecho al voto durante mucho tiempo, y continuamente ha reinventado una forma de colonialismo que exhibe el nombre de\u00a0<a class=\"focusIndicatorReducedWidth bbc-n8oauk e1p3sufg0\" href=\"https:\/\/www.bbc.com\/mundo\/articles\/c5y8n369q7go\">Destino Manifiesto<\/a>\u00a0o excepcionalismo estadounidense.<\/p>\n<\/div>\n<div class=\"bbc-19j92fr ebmt73l0\" dir=\"ltr\">\n<p class=\"bbc-hhl7in e17g058b0\" dir=\"ltr\">Hoy no hay m\u00e1s que ver lo que ocurre en Gaza. \u00bfC\u00f3mo se puede tomar en serio esta noci\u00f3n del excepcionalismo estadounidense?<\/p>\n<p dir=\"ltr\">\n<\/div>\n<figure class=\"bbc-1qn0xuy\">\n<div class=\"bbc-18ywsw9\">\n<div style=\"width: 1034px\" class=\"wp-caption alignnone\"><img loading=\"lazy\" decoding=\"async\" class=\"bbc-139onq\" src=\"https:\/\/ichef.bbci.co.uk\/ace\/ws\/640\/cpsprodpb\/41c6\/live\/8144caf0-ef0c-11ef-bd1b-d536627785f2.jpg.webp\" alt=\"Una mujer y un ni\u00f1o caminan de la mano entre los edificios destruidos por ataques israel\u00edes en Beit Lahia, una ciudad del norte de la Franja de Gaza, el 18 de febrero de 2025.  (Foto: Abd Khaled\/Anadolu v\u00eda Getty Images) \" width=\"1024\" height=\"683\" \/><p class=\"wp-caption-text\">Fuente de la imagen,Getty Images.\u00a0\u00a0La idea de levantar una &#8220;Riviera de Medio Oriente&#8221; sobre los escombros de Gaza forma parte de la &#8220;cultura de la crueldad&#8221;, seg\u00fan Henry A. Giroux.<\/p><\/div>\n<p class=\"bbc-by8ykd\" role=\"text\">\n<\/div>\n<\/figure>\n<div class=\"bbc-19j92fr ebmt73l0\" dir=\"ltr\">\n<p dir=\"ltr\">\n<p class=\"bbc-hhl7in e17g058b0\" dir=\"ltr\"><b>Es de sobra conocido que el lema de Trump es &#8220;Volver a EE.UU. grande de nuevo&#8221; (<\/b><i class=\"bbc-h1y5j7 eih42320\"><b>Make America Great Again<\/b><\/i><b>, MAGA). \u00bfQu\u00e9 cree que significa la grandeza en este contexto?<\/b><\/p>\n<\/div>\n<div class=\"bbc-19j92fr ebmt73l0\" dir=\"ltr\">\n<p class=\"bbc-hhl7in e17g058b0\" dir=\"ltr\">Creo que significa &#8220;volver EE.UU. blanco de nuevo&#8221;, adem\u00e1s de eliminar todos aquellos derechos que desde la d\u00e9cada de 1950 se fueron consiguiendo para las mujeres, el colectivo LGBTQ, etc\u00e9tera, y revertirlos.<\/p>\n<\/div>\n<div class=\"bbc-19j92fr ebmt73l0\" dir=\"ltr\">\n<p class=\"bbc-hhl7in e17g058b0\" dir=\"ltr\"><b>Sin embargo, aunque el voto blanco fue su voto m\u00e1s fuerte, Trump obtuvo un avance hist\u00f3rico en lo que respecta al apoyo latino en las urnas, sobre todo entre los hombres hispanos.<\/b><\/p>\n<\/div>\n<div class=\"bbc-19j92fr ebmt73l0\" dir=\"ltr\">\n<p class=\"bbc-hhl7in e17g058b0\" dir=\"ltr\">Se debe a varios factores.<\/p>\n<\/div>\n<div class=\"bbc-19j92fr ebmt73l0\" dir=\"ltr\">\n<p class=\"bbc-hhl7in e17g058b0\" dir=\"ltr\">Por una parte, lo democr\u00e1tico como alternativa al fascismo dej\u00f3 de ser atractivo para muchos. La democracia no significa nada cuando no tienes comida, una atenci\u00f3n m\u00e9dica adecuada, un cuidado infantil adecuado. Y en ese estado de ansiedad absoluta, muchos inmigrantes votaron por Trump.<\/p>\n<\/div>\n<div class=\"bbc-19j92fr ebmt73l0\" dir=\"ltr\">\n<p class=\"bbc-hhl7in e17g058b0\" dir=\"ltr\">Y por otra parte, el lenguaje del miedo y la intolerancia ha tenido un \u00e9xito tal en la esfera medi\u00e1tica de Trump que creo que la gente b\u00e1sicamente termin\u00f3 internaliz\u00e1ndolo.<\/p>\n<\/div>\n<div class=\"bbc-19j92fr ebmt73l0\" dir=\"ltr\">\n<p class=\"bbc-hhl7in e17g058b0\" dir=\"ltr\">El problema no es que van a venir otros a quitarles el trabajo. El problema en EE.UU. es una enorme desigualdad y la concentraci\u00f3n del poder en pocas manos, lo que desemboca en menos servicios p\u00fablicos, la destrucci\u00f3n del estado de bienestar y la criminalizaci\u00f3n de los problemas sociales.<\/p>\n<\/div>\n<div class=\"bbc-19j92fr ebmt73l0\" dir=\"ltr\">\n<p class=\"bbc-hhl7in e17g058b0\" dir=\"ltr\">La noci\u00f3n de comunidad se vuelve vac\u00eda porque vives en una sociedad que te dice que el individualismo lo es todo, que todos los problemas son individuales.<\/p>\n<\/div>\n<div class=\"bbc-19j92fr ebmt73l0\" dir=\"ltr\">\n<p class=\"bbc-hhl7in e17g058b0\" dir=\"ltr\">As\u00ed que temes a la horda de invasores. Es el lenguaje del poder y la gente acaba comprando el discurso.<\/p>\n<\/div>\n<div class=\"bbc-19j92fr ebmt73l0\" dir=\"ltr\">\n<p class=\"bbc-hhl7in e17g058b0\" dir=\"ltr\"><b>Pero tambi\u00e9n parece que hay una especie de retroalimentaci\u00f3n en bucle. Cuanto m\u00e1s polarizado es el discurso, m\u00e1s amplia parece ser la base de quienes lo apoyan, y viceversa. \u00bfEs solo una percepci\u00f3n?<\/b><\/p>\n<\/div>\n<div class=\"bbc-19j92fr ebmt73l0\" dir=\"ltr\">\n<p class=\"bbc-hhl7in e17g058b0\" dir=\"ltr\">No, es as\u00ed, absolutamente.<\/p>\n<\/div>\n<div class=\"bbc-19j92fr ebmt73l0\" dir=\"ltr\">\n<p class=\"bbc-hhl7in e17g058b0\" dir=\"ltr\"><b>\u00bfY c\u00f3mo se contrarresta la escalada?<\/b><\/p>\n<\/div>\n<div class=\"bbc-19j92fr ebmt73l0\" dir=\"ltr\">\n<p class=\"bbc-hhl7in e17g058b0\" dir=\"ltr\">Primero que nada, hay que nombrar el problema. No podemos simplemente decir que Trump y su administraci\u00f3n son neofascistas.<\/p>\n<\/div>\n<div class=\"bbc-19j92fr ebmt73l0\" dir=\"ltr\">\n<p class=\"bbc-hhl7in e17g058b0\" dir=\"ltr\">Eso es cierto, pero de lo que realmente tenemos que hablar es de la forma en la que se ha subvertido la democracia y empezar a detallar en el lenguaje de la vida cotidiana en qu\u00e9 impacta esto: malas escuelas, inflaci\u00f3n, precios m\u00e1s altos de los alimentos, intolerancia&#8230;<\/p>\n<\/div>\n<div class=\"bbc-19j92fr ebmt73l0\" dir=\"ltr\">\n<p class=\"bbc-hhl7in e17g058b0\" dir=\"ltr\">Necesitamos resucitar el lenguaje de la democracia en t\u00e9rminos de valores que la gente pueda compartir y con los que pueda identificarse.<\/p>\n<\/div>\n<div class=\"bbc-19j92fr ebmt73l0\" dir=\"ltr\">\n<p class=\"bbc-hhl7in e17g058b0\" dir=\"ltr\">Tambi\u00e9n necesitamos un movimiento de clase trabajadora multirracial y amplio. Los movimientos aislados no sirven. Y una demostraci\u00f3n masiva de resistencia colectiva.<\/p>\n<\/div>\n<div class=\"bbc-19j92fr ebmt73l0\" dir=\"ltr\">\n<p class=\"bbc-hhl7in e17g058b0\" dir=\"ltr\"><b>\u00bfCree que es algo que est\u00e1 tomando forma?<\/b><\/p>\n<\/div>\n<div class=\"bbc-19j92fr ebmt73l0\" dir=\"ltr\">\n<p class=\"bbc-hhl7in e17g058b0\" dir=\"ltr\">No veo que vaya a suceder en las pr\u00f3ximas dos semanas, pero (la administraci\u00f3n Trump) est\u00e1 trabajando a una velocidad tal para imponer un grado de fascismo en este pa\u00eds, que creo que los resultados van a ser abrumadores en los pr\u00f3ximos seis meses y, ciertamente, en los pr\u00f3ximos dos a\u00f1os.<\/p>\n<\/div>\n<div class=\"bbc-19j92fr ebmt73l0\" dir=\"ltr\">\n<p class=\"bbc-hhl7in e17g058b0\" dir=\"ltr\">Esto generar\u00e1 una enorme cantidad de resentimiento y la gente va a despertar. Y el grupo que m\u00e1s va a despertar es el de los j\u00f3venes, j\u00f3venes que se sienten alejados de la pol\u00edtica de Trump y que se dan cuenta que est\u00e1n siendo excluidos del guion de la democracia.<\/p>\n<\/div>\n<div class=\"bbc-19j92fr ebmt73l0\" dir=\"ltr\">\n<p class=\"bbc-hhl7in e17g058b0\" dir=\"ltr\">Todo es venganza. Es la pol\u00edtica de la venganza, el odio, la crueldad y el racismo. de Trump.<\/p>\n<\/div>\n","protected":false},"excerpt":{"rendered":"<p>&nbsp; &nbsp; El v\u00eddeo en la cuenta oficial de la Casa Blanca en la red social X que muestra a deportados siendo esposados de manos&hellip;<\/p>\n","protected":false},"author":99,"featured_media":529585,"comment_status":"open","ping_status":"open","sticky":false,"template":"","format":"standard","meta":{"footnotes":""},"categories":[24],"tags":[],"class_list":["post-529584","post","type-post","status-publish","format-standard","has-post-thumbnail","hentry","category-mundo"],"_links":{"self":[{"href":"https:\/\/diarioelpopular.com\/index.php\/wp-json\/wp\/v2\/posts\/529584","targetHints":{"allow":["GET"]}}],"collection":[{"href":"https:\/\/diarioelpopular.com\/index.php\/wp-json\/wp\/v2\/posts"}],"about":[{"href":"https:\/\/diarioelpopular.com\/index.php\/wp-json\/wp\/v2\/types\/post"}],"author":[{"embeddable":true,"href":"https:\/\/diarioelpopular.com\/index.php\/wp-json\/wp\/v2\/users\/99"}],"replies":[{"embeddable":true,"href":"https:\/\/diarioelpopular.com\/index.php\/wp-json\/wp\/v2\/comments?post=529584"}],"version-history":[{"count":1,"href":"https:\/\/diarioelpopular.com\/index.php\/wp-json\/wp\/v2\/posts\/529584\/revisions"}],"predecessor-version":[{"id":529586,"href":"https:\/\/diarioelpopular.com\/index.php\/wp-json\/wp\/v2\/posts\/529584\/revisions\/529586"}],"wp:featuredmedia":[{"embeddable":true,"href":"https:\/\/diarioelpopular.com\/index.php\/wp-json\/wp\/v2\/media\/529585"}],"wp:attachment":[{"href":"https:\/\/diarioelpopular.com\/index.php\/wp-json\/wp\/v2\/media?parent=529584"}],"wp:term":[{"taxonomy":"category","embeddable":true,"href":"https:\/\/diarioelpopular.com\/index.php\/wp-json\/wp\/v2\/categories?post=529584"},{"taxonomy":"post_tag","embeddable":true,"href":"https:\/\/diarioelpopular.com\/index.php\/wp-json\/wp\/v2\/tags?post=529584"}],"curies":[{"name":"wp","href":"https:\/\/api.w.org\/{rel}","templated":true}]}}