{"id":529644,"date":"2025-03-13T09:30:24","date_gmt":"2025-03-13T13:30:24","guid":{"rendered":"https:\/\/diarioelpopular.com\/?p=529644"},"modified":"2025-03-13T09:30:24","modified_gmt":"2025-03-13T13:30:24","slug":"varios-adolescentes-arrestados-luego-incendiar-16-vehiculos-en-markham","status":"publish","type":"post","link":"https:\/\/diarioelpopular.com\/index.php\/2025\/03\/13\/varios-adolescentes-arrestados-luego-incendiar-16-vehiculos-en-markham\/","title":{"rendered":"Varios adolescentes, arrestados luego incendiar 16 veh\u00edculos en Markham"},"content":{"rendered":"<p><img loading=\"lazy\" decoding=\"async\" class=\"alignnone size-custom-full-size wp-image-529645\" src=\"https:\/\/diarioelpopular.com\/wp-content\/uploads\/2025\/03\/Screen-Shot-2025-03-13-at-9.20.55-AM-636x480.png\" alt=\"\" width=\"636\" height=\"480\" srcset=\"https:\/\/diarioelpopular.com\/wp-content\/uploads\/2025\/03\/Screen-Shot-2025-03-13-at-9.20.55-AM-636x480.png 636w, https:\/\/diarioelpopular.com\/wp-content\/uploads\/2025\/03\/Screen-Shot-2025-03-13-at-9.20.55-AM-300x226.png 300w, https:\/\/diarioelpopular.com\/wp-content\/uploads\/2025\/03\/Screen-Shot-2025-03-13-at-9.20.55-AM-97x73.png 97w, https:\/\/diarioelpopular.com\/wp-content\/uploads\/2025\/03\/Screen-Shot-2025-03-13-at-9.20.55-AM.png 742w\" sizes=\"auto, (max-width: 636px) 100vw, 636px\" \/><\/p>\n<p>&nbsp;<\/p>\n<ul>\n<li><em><strong>Uno de 17 a\u00f1os y una joven de 17 a\u00f1os, entre otros, enfrentan un n\u00famero de cargos derivados de la investigaci\u00f3n por incendio provocado de 2025.<\/strong><\/em><\/li>\n<\/ul>\n<p>&nbsp;<\/p>\n<p>Uno de 18 a\u00f1os, dos meas de 17 a\u00f1os, adem\u00e1s una joven de 17 a\u00f1os enfrentan cargos derivados de una investigaci\u00f3n que culmin\u00f3 con el incendio provocado de m\u00e1s de una docena de veh\u00edculos en Markham a principios de este a\u00f1o.<\/p>\n<p>La Polic\u00eda Regional de York inform\u00f3 que los agentes respondieron a un incendio provocado deliberadamente en la zona de Green Lane y Guardsman Rd., al noreste de Bayview Ave. y John St., alrededor de las 5:00 a. m. del 27 de enero de 2025.<\/p>\n<p>&#8220;Un total de 16 veh\u00edculos resultaron da\u00f1ados por el incendio y se utiliz\u00f3 un acelerante para avivar las llamas&#8221;, declar\u00f3 el agente James Dickson en un comunicado emitido el mi\u00e9rcoles, a\u00f1adiendo que los da\u00f1os causados \u200b\u200bpor el incendio superaron los 300.000 d\u00f3lares.<\/p>\n<p>Dijo que los investigadores posteriormente descubrieron que un veh\u00edculo relacionado con el incendio, fue robado de la zona de las avenidas Midland-Lawrence antes del incendio.<\/p>\n<p>Cuando los j\u00f3venes delincuentes fueron arrestados, explic\u00f3 que se encontr\u00f3 a uno de ellos con un arma oculta.<\/p>\n<p>Posteriormente, se ejecutaron \u00f3rdenes de registro en dos residencias, una en Toronto y otra en Hamilton, y se recuper\u00f3 un dispositivo electr\u00f3nico utilizado para cometer el robo de veh\u00edculos.<\/p>\n<p>Entre los arrestados se encontraba Muhammad Hassan Choudhry, de 18 a\u00f1os, residente de Hamilton. Los otros por raz\u00f3n de la edad no pueden ser identificados,\u00a0seg\u00fan la Ley de Justicia Penal Juvenil.<\/p>\n<p>En el momento del delito, la polic\u00eda afirma que Choudhry estaba sujeto a condiciones de libertad condicional y compromisos judiciales por otra serie de delitos no relacionados que ahora se encuentran en los tribunales.<\/p>\n<p>Se le acusa de incendio provocado con da\u00f1os a la propiedad; posesi\u00f3n de material incendiario; robo de un veh\u00edculo motorizado por valor superior a 5.000 d\u00f3lares; da\u00f1os a la propiedad por valor superior a 5.000 d\u00f3lares; dos cargos de uso de disfraz con intenci\u00f3n; posesi\u00f3n de bienes obtenidos mediante un delito por valor superior a 5.000 d\u00f3lares. Posesi\u00f3n de un dispositivo electr\u00f3nico para el robo de un veh\u00edculo motorizado; dos cargos por incumplimiento de un compromiso judicial y dos por incumplimiento de una orden judicial de liberaci\u00f3n bajo fianza.<\/p>\n<p>Uno de 17 a\u00f1os de Toronto est\u00e1 acusado de incendio provocado con da\u00f1os a la propiedad; posesi\u00f3n de material incendiario; robo de un veh\u00edculo motorizado por valor superior a 5.000 d\u00f3lares; y otros delitos.<\/p>\n<p>La joven de 17 a\u00f1os de Toronto est\u00e1 acusada de posesi\u00f3n de bienes obtenidos mediante delito.<\/p>\n<p>Y un\u00a0 \u00faltimo de 17 a\u00f1os de Toronto est\u00e1 acusado de posesi\u00f3n de un arma con fines peligrosos.ultimo.<\/p>\n","protected":false},"excerpt":{"rendered":"<p>&nbsp; Uno de 17 a\u00f1os y una joven de 17 a\u00f1os, entre otros, enfrentan un n\u00famero de cargos derivados de la investigaci\u00f3n por incendio provocado&hellip;<\/p>\n","protected":false},"author":99,"featured_media":529645,"comment_status":"open","ping_status":"open","sticky":false,"template":"","format":"standard","meta":{"footnotes":""},"categories":[11364],"tags":[],"class_list":["post-529644","post","type-post","status-publish","format-standard","has-post-thumbnail","hentry","category-toronto-gta"],"_links":{"self":[{"href":"https:\/\/diarioelpopular.com\/index.php\/wp-json\/wp\/v2\/posts\/529644","targetHints":{"allow":["GET"]}}],"collection":[{"href":"https:\/\/diarioelpopular.com\/index.php\/wp-json\/wp\/v2\/posts"}],"about":[{"href":"https:\/\/diarioelpopular.com\/index.php\/wp-json\/wp\/v2\/types\/post"}],"author":[{"embeddable":true,"href":"https:\/\/diarioelpopular.com\/index.php\/wp-json\/wp\/v2\/users\/99"}],"replies":[{"embeddable":true,"href":"https:\/\/diarioelpopular.com\/index.php\/wp-json\/wp\/v2\/comments?post=529644"}],"version-history":[{"count":1,"href":"https:\/\/diarioelpopular.com\/index.php\/wp-json\/wp\/v2\/posts\/529644\/revisions"}],"predecessor-version":[{"id":529646,"href":"https:\/\/diarioelpopular.com\/index.php\/wp-json\/wp\/v2\/posts\/529644\/revisions\/529646"}],"wp:featuredmedia":[{"embeddable":true,"href":"https:\/\/diarioelpopular.com\/index.php\/wp-json\/wp\/v2\/media\/529645"}],"wp:attachment":[{"href":"https:\/\/diarioelpopular.com\/index.php\/wp-json\/wp\/v2\/media?parent=529644"}],"wp:term":[{"taxonomy":"category","embeddable":true,"href":"https:\/\/diarioelpopular.com\/index.php\/wp-json\/wp\/v2\/categories?post=529644"},{"taxonomy":"post_tag","embeddable":true,"href":"https:\/\/diarioelpopular.com\/index.php\/wp-json\/wp\/v2\/tags?post=529644"}],"curies":[{"name":"wp","href":"https:\/\/api.w.org\/{rel}","templated":true}]}}