{"id":529683,"date":"2025-03-14T09:04:26","date_gmt":"2025-03-14T13:04:26","guid":{"rendered":"https:\/\/diarioelpopular.com\/?p=529683"},"modified":"2025-03-14T09:04:26","modified_gmt":"2025-03-14T13:04:26","slug":"cadena-perpetua-por-grotescos-asesinatos-de-su-ex-esposa-e-hija","status":"publish","type":"post","link":"https:\/\/diarioelpopular.com\/index.php\/2025\/03\/14\/cadena-perpetua-por-grotescos-asesinatos-de-su-ex-esposa-e-hija\/","title":{"rendered":"Cadena perpetua por grotescos asesinatos de su ex-esposa e hija"},"content":{"rendered":"<div id=\"attachment_529685\" style=\"width: 646px\" class=\"wp-caption alignnone\"><img loading=\"lazy\" decoding=\"async\" aria-describedby=\"caption-attachment-529685\" class=\"wp-image-529685 size-custom-full-size\" src=\"https:\/\/diarioelpopular.com\/wp-content\/uploads\/2025\/03\/Screen-Shot-2025-03-14-at-8.53.01-AM-636x477.png\" alt=\"\" width=\"636\" height=\"477\" srcset=\"https:\/\/diarioelpopular.com\/wp-content\/uploads\/2025\/03\/Screen-Shot-2025-03-14-at-8.53.01-AM-636x477.png 636w, https:\/\/diarioelpopular.com\/wp-content\/uploads\/2025\/03\/Screen-Shot-2025-03-14-at-8.53.01-AM-300x225.png 300w, https:\/\/diarioelpopular.com\/wp-content\/uploads\/2025\/03\/Screen-Shot-2025-03-14-at-8.53.01-AM-97x73.png 97w, https:\/\/diarioelpopular.com\/wp-content\/uploads\/2025\/03\/Screen-Shot-2025-03-14-at-8.53.01-AM.png 752w\" sizes=\"auto, (max-width: 636px) 100vw, 636px\" \/><p id=\"caption-attachment-529685\" class=\"wp-caption-text\">Godfrey Sig-Od, de 48 a\u00f1os, asesin\u00f3 su ex-esposa Elvie Sig-Od, de 44 a\u00f1os, y su hija, Ang\u00e9lica Sig-Od, de 20 a\u00f1os.<\/p><\/div>\n<p>&nbsp;<\/p>\n<ul>\n<li><em><strong>El doble asesino no deber\u00eda volver a ver la luz del d\u00eda.<\/strong><\/em><\/li>\n<\/ul>\n<p>&nbsp;<\/p>\n<p>Ya es bastante malo que planeara y ejecutara el horrible apu\u00f1alamiento de su ex-esposa Elvie, a quien culpaba de &#8220;enga\u00f1arlo&#8221; cuando en realidad simplemente se negaba a aceptar que su matrimonio hab\u00eda terminado hac\u00eda mucho tiempo.<\/p>\n<div id=\"attachment_529684\" style=\"width: 646px\" class=\"wp-caption alignnone\"><img loading=\"lazy\" decoding=\"async\" aria-describedby=\"caption-attachment-529684\" class=\"wp-image-529684 size-custom-full-size\" src=\"https:\/\/diarioelpopular.com\/wp-content\/uploads\/2025\/03\/Screen-Shot-2025-03-14-at-8.52.39-AM-636x476.png\" alt=\"\" width=\"636\" height=\"476\" srcset=\"https:\/\/diarioelpopular.com\/wp-content\/uploads\/2025\/03\/Screen-Shot-2025-03-14-at-8.52.39-AM-636x476.png 636w, https:\/\/diarioelpopular.com\/wp-content\/uploads\/2025\/03\/Screen-Shot-2025-03-14-at-8.52.39-AM-300x225.png 300w, https:\/\/diarioelpopular.com\/wp-content\/uploads\/2025\/03\/Screen-Shot-2025-03-14-at-8.52.39-AM-98x73.png 98w, https:\/\/diarioelpopular.com\/wp-content\/uploads\/2025\/03\/Screen-Shot-2025-03-14-at-8.52.39-AM.png 756w\" sizes=\"auto, (max-width: 636px) 100vw, 636px\" \/><p id=\"caption-attachment-529684\" class=\"wp-caption-text\">Elvie Sig-Od, de 44 a\u00f1os, y su hija, Ang\u00e9lica, de 20, fueron asesinadas a pu\u00f1aladas el 26 de agosto de 2022. Godfrey Sig-Od se declar\u00f3 inocente de dos cargos de asesinato en segundo grado por la muerte de su exesposa y su hija. (GOFUNDME)<\/p><\/div>\n<p>&nbsp;<\/p>\n<p>Pero ese monstruo ego\u00edsta y egoc\u00e9ntrico tambi\u00e9n mat\u00f3 a su propia hija, Ang\u00e9lica, en lo que el juez calific\u00f3 de un &#8220;ataque brutal y despiadado&#8221;: primero apu\u00f1al\u00f3 a la hermosa joven por la espalda mientras estaba sentada en el asiento del copiloto del Lexus de su madre.<\/p>\n<p>&#8220;Se encontraba en una posici\u00f3n sumamente vulnerable, indefensa y confinada&#8221;, declar\u00f3 el juez del Tribunal Superior Alfred O&#8217;Marra. &#8220;Pero el ataque no termin\u00f3 ah\u00ed&#8221;.<\/p>\n<p>Sig-Od sac\u00f3 del auto a su hija de 20 a\u00f1os, que sangraba, para terminar el trabajo, apu\u00f1al\u00e1ndola una y otra vez con un gran cuchillo de caza mientras yac\u00eda en el suelo en Bathurst St, a la vista de testigos horrorizados. La autopsia revelar\u00eda que su enfurecido padre apu\u00f1al\u00f3 a la pobre ni\u00f1a 19 veces: siete heridas en la cabeza y el cuello, seis en el torso y seis en las extremidades.<\/p>\n<p>&#8220;La mat\u00f3 en la primavera de su vida&#8221;, declar\u00f3 O&#8217;Marra el jueves.<\/p>\n<p>Y Sig-Od nunca ha expresado una palabra de remordimiento. En todo caso, se\u00f1al\u00f3 O&#8217;Marra, el doble asesino se present\u00f3 como la v\u00edctima, testificando: &#8220;Miren lo que me hicieron hacer&#8221;.<\/p>\n<p>El mes pasado, un jurado conden\u00f3 a Sig-Od por asesinato en primer grado por el asesinato de Elvie, de 44 a\u00f1os, ocurrido en agosto de 2022, lo que conlleva una cadena perpetua autom\u00e1tica sin posibilidad de libertad condicional durante 25 a\u00f1os. Sin embargo, el jurado lo declar\u00f3 culpable de asesinato en segundo grado en el caso de su hija, al no creer que implicara la misma planificaci\u00f3n y deliberaci\u00f3n.<\/p>\n<p>El asesinato en segundo grado tambi\u00e9n conlleva una cadena perpetua autom\u00e1tica, pero la posibilidad de obtener libertad condicional puede fijarse entre 10 y 25 a\u00f1os.<\/p>\n<p>El abogado defensor Daniel Brodsky solicit\u00f3 12 a\u00f1os. En una encuesta posterior al veredicto, ocho de los jurados recomendaron el m\u00e1ximo de 25 a\u00f1os, al igual que las fiscales Rochelle Liberman y Victoria Di Iorio en sus alegatos de sentencia.<\/p>\n<p>\u201cAcepto que las recomendaciones transmiten de forma convincente la conmoci\u00f3n y el horror de la comunidad ante el grotesco asesinato de su hija\u201d, declar\u00f3 el juez, \u201clo que requiere un mensaje contundente para denunciar lo que hizo el delincuente\u201d.<\/p>\n<p>Sin embargo, O\u2019Marra consider\u00f3 que 25 a\u00f1os de inelegibilidad para la libertad condicional eran \u201cdemasiado largos\u201d en comparaci\u00f3n con otros casos e impuso 18 a\u00f1os en su lugar.<\/p>\n<p>En definitiva, todo es simb\u00f3lico. Dado que tambi\u00e9n cumple una condena por asesinato en primer grado, Sig-Od no puede solicitar la libertad condicional hasta despu\u00e9s de 25 a\u00f1os.<\/p>\n<p>As\u00ed termina esta tr\u00e1gica historia: otro homicidio dom\u00e9stico que podr\u00eda haberse evitado si la polic\u00eda hubiera hecho su trabajo.<\/p>\n<p>La pareja se cas\u00f3 en 2001 en Filipinas y tuvo a Ang\u00e9lica ese mismo a\u00f1o. Se separaron pr\u00e1cticamente en 2004, cuando Elvie se fue a trabajar a Hong Kong. Al regresar, descubri\u00f3 que su esposo se hab\u00eda juntado con otra mujer y ten\u00eda otro hijo.<\/p>\n<p>Elvie finalmente emigr\u00f3 a Canad\u00e1 para trabajar como asistente personal y trajo a Ang\u00e9lica con ella en 2011. Pr\u00e1cticamente no tuvo contacto con Sig-Od hasta 2019, cuando su suegra la inst\u00f3 a patrocinarlo para que viniera a Canad\u00e1.<\/p>\n<p>Elvie trajo a su asesino aqu\u00ed, y dos a\u00f1os y medio despu\u00e9s, tanto ella como su hija estaban muertas.<\/p>\n<p>Sig-Od, quien fuera portero ocasional y obrero de la construcci\u00f3n, lleg\u00f3 en enero de 2020 y un intento de reconciliaci\u00f3n pronto se desvaneci\u00f3 ante su ira explosiva. Era tan abusivo emocionalmente que Ang\u00e9lica le confes\u00f3 que ten\u00eda pensamientos suicidas.<\/p>\n<p>Madre e hija se reunieron con la polic\u00eda en octubre de 2020 con la esperanza de obtener una orden de alejamiento despu\u00e9s de que Sig-Od dijera que deber\u00eda haber matado a Ang\u00e9lica mucho antes. Les dijeron que tendr\u00edan que solicitarla en el tribunal.<\/p>\n<p>Al mes siguiente, Elvie decidi\u00f3 iniciar los tr\u00e1mites de divorcio y qued\u00f3 con Sig-Od en su trabajo para que firmara los papeles. Cuando lleg\u00f3, \u00e9l le dijo que no solo no firmar\u00eda, sino que planeaba matarla y sacarle los ojos.<\/p>\n<p>Una vez m\u00e1s, Elvie recurri\u00f3 a la polic\u00eda. Prest\u00f3 una declaraci\u00f3n detallada, grabada en video, a la Polic\u00eda Regional de York sobre sus temores y las amenazas de muerte de su ex.<\/p>\n<p>&#8220;Los investigadores presentaron una orden de arresto para Godfrey&#8221;, dijo O&#8217;Marra, &#8220;sin embargo, nunca se entreg\u00f3&#8221;.<\/p>\n<p>Permitiendo que el esposo y padre humillado y rechazado planee su sangrienta venganza.<\/p>\n","protected":false},"excerpt":{"rendered":"<p>&nbsp; El doble asesino no deber\u00eda volver a ver la luz del d\u00eda. &nbsp; Ya es bastante malo que planeara y ejecutara el horrible apu\u00f1alamiento&hellip;<\/p>\n","protected":false},"author":99,"featured_media":529685,"comment_status":"open","ping_status":"open","sticky":false,"template":"","format":"standard","meta":{"footnotes":""},"categories":[11364],"tags":[],"class_list":["post-529683","post","type-post","status-publish","format-standard","has-post-thumbnail","hentry","category-toronto-gta"],"_links":{"self":[{"href":"https:\/\/diarioelpopular.com\/index.php\/wp-json\/wp\/v2\/posts\/529683","targetHints":{"allow":["GET"]}}],"collection":[{"href":"https:\/\/diarioelpopular.com\/index.php\/wp-json\/wp\/v2\/posts"}],"about":[{"href":"https:\/\/diarioelpopular.com\/index.php\/wp-json\/wp\/v2\/types\/post"}],"author":[{"embeddable":true,"href":"https:\/\/diarioelpopular.com\/index.php\/wp-json\/wp\/v2\/users\/99"}],"replies":[{"embeddable":true,"href":"https:\/\/diarioelpopular.com\/index.php\/wp-json\/wp\/v2\/comments?post=529683"}],"version-history":[{"count":1,"href":"https:\/\/diarioelpopular.com\/index.php\/wp-json\/wp\/v2\/posts\/529683\/revisions"}],"predecessor-version":[{"id":529686,"href":"https:\/\/diarioelpopular.com\/index.php\/wp-json\/wp\/v2\/posts\/529683\/revisions\/529686"}],"wp:featuredmedia":[{"embeddable":true,"href":"https:\/\/diarioelpopular.com\/index.php\/wp-json\/wp\/v2\/media\/529685"}],"wp:attachment":[{"href":"https:\/\/diarioelpopular.com\/index.php\/wp-json\/wp\/v2\/media?parent=529683"}],"wp:term":[{"taxonomy":"category","embeddable":true,"href":"https:\/\/diarioelpopular.com\/index.php\/wp-json\/wp\/v2\/categories?post=529683"},{"taxonomy":"post_tag","embeddable":true,"href":"https:\/\/diarioelpopular.com\/index.php\/wp-json\/wp\/v2\/tags?post=529683"}],"curies":[{"name":"wp","href":"https:\/\/api.w.org\/{rel}","templated":true}]}}