{"id":529694,"date":"2025-03-14T09:20:51","date_gmt":"2025-03-14T13:20:51","guid":{"rendered":"https:\/\/diarioelpopular.com\/?p=529694"},"modified":"2025-03-14T09:20:51","modified_gmt":"2025-03-14T13:20:51","slug":"arrestan-a-segundo-responsable-por-asesinato-selectivo-en-vaughan","status":"publish","type":"post","link":"https:\/\/diarioelpopular.com\/index.php\/2025\/03\/14\/arrestan-a-segundo-responsable-por-asesinato-selectivo-en-vaughan\/","title":{"rendered":"Arrestan a segundo responsable por asesinato selectivo en Vaughan"},"content":{"rendered":"<div id=\"attachment_529695\" style=\"width: 646px\" class=\"wp-caption alignnone\"><img loading=\"lazy\" decoding=\"async\" aria-describedby=\"caption-attachment-529695\" class=\"wp-image-529695 size-custom-full-size\" src=\"https:\/\/diarioelpopular.com\/wp-content\/uploads\/2025\/03\/Screen-Shot-2025-03-14-at-9.15.59-AM-636x474.png\" alt=\"\" width=\"636\" height=\"474\" srcset=\"https:\/\/diarioelpopular.com\/wp-content\/uploads\/2025\/03\/Screen-Shot-2025-03-14-at-9.15.59-AM-636x474.png 636w, https:\/\/diarioelpopular.com\/wp-content\/uploads\/2025\/03\/Screen-Shot-2025-03-14-at-9.15.59-AM-300x224.png 300w, https:\/\/diarioelpopular.com\/wp-content\/uploads\/2025\/03\/Screen-Shot-2025-03-14-at-9.15.59-AM-98x73.png 98w, https:\/\/diarioelpopular.com\/wp-content\/uploads\/2025\/03\/Screen-Shot-2025-03-14-at-9.15.59-AM.png 748w\" sizes=\"auto, (max-width: 636px) 100vw, 636px\" \/><p id=\"caption-attachment-529695\" class=\"wp-caption-text\">Jorge Iv\u00e1n Navas, de 57 a\u00f1os, fue asesinado a tiros frente a una vivienda en Woodbridge el 9 de agosto de 2024. Foto: Handout\/Arbor Memorial<\/p><\/div>\n<p>&nbsp;<\/p>\n<p>&nbsp;<\/p>\n<ul>\n<li><em><strong>Un segundo sujeto fue arrestado por un asesinato ocurrido en Vaughan el verano pasado.<\/strong><\/em><\/li>\n<\/ul>\n<p>&nbsp;<\/p>\n<p>La Polic\u00eda Regional de York inform\u00f3 que los agentes acudieron el 9 de agosto de 2024, aproximadamente a las 14:10, a una residencia en la zona de Islington y Kiloran tras recibir un reporte de varios disparos.<\/p>\n<p>Al llegar los agentes, encontraron a un hombre en la entrada de su casa con heridas de bala.<\/p>\n<p>La polic\u00eda inform\u00f3 que Jorge Iv\u00e1n Navas, fue trasladado a un centro de traumatolog\u00eda donde fue declarado muerto.<\/p>\n<p>Una segunda v\u00edctima tambi\u00e9n se encontraba en el lugar, pero solo presentaba heridas leves no causadas por los disparos, a\u00f1adi\u00f3 la polic\u00eda.<\/p>\n<p>Los investigadores descubrieron que dos sujetos llegaron en una camioneta F-150 negra que fue robada, pero que ya fue recuperada por la polic\u00eda.<\/p>\n<p>Este mi\u00e9rcoles, Brandon Cleland, de 31 a\u00f1os y residente de Markham, fue acusado de asesinato en primer grado e intento de asesinato.<\/p>\n<p>A finales de enero, la polic\u00eda acus\u00f3 a Bradley Johnston, de 33 a\u00f1os y residente de Barrie, de asesinato en primer grado.<\/p>\n<p>Tras las investigaciones, los investigadores han determinado que se trat\u00f3 de un asesinato selectivo y que no existe riesgo para la seguridad p\u00fablica. La investigaci\u00f3n contin\u00faa, seg\u00fan inform\u00f3 la polic\u00eda.<\/p>\n<p>Se solicita a cualquier persona que tenga informaci\u00f3n que se comunique con la unidad de homicidios al 1-866-876-5423, ext. 7865, o por correo electr\u00f3nico a homicide@yrp.ca.<\/p>\n","protected":false},"excerpt":{"rendered":"<p>&nbsp; &nbsp; Un segundo sujeto fue arrestado por un asesinato ocurrido en Vaughan el verano pasado. &nbsp; La Polic\u00eda Regional de York inform\u00f3 que los&hellip;<\/p>\n","protected":false},"author":99,"featured_media":529695,"comment_status":"open","ping_status":"open","sticky":false,"template":"","format":"standard","meta":{"footnotes":""},"categories":[11364],"tags":[],"class_list":["post-529694","post","type-post","status-publish","format-standard","has-post-thumbnail","hentry","category-toronto-gta"],"_links":{"self":[{"href":"https:\/\/diarioelpopular.com\/index.php\/wp-json\/wp\/v2\/posts\/529694","targetHints":{"allow":["GET"]}}],"collection":[{"href":"https:\/\/diarioelpopular.com\/index.php\/wp-json\/wp\/v2\/posts"}],"about":[{"href":"https:\/\/diarioelpopular.com\/index.php\/wp-json\/wp\/v2\/types\/post"}],"author":[{"embeddable":true,"href":"https:\/\/diarioelpopular.com\/index.php\/wp-json\/wp\/v2\/users\/99"}],"replies":[{"embeddable":true,"href":"https:\/\/diarioelpopular.com\/index.php\/wp-json\/wp\/v2\/comments?post=529694"}],"version-history":[{"count":1,"href":"https:\/\/diarioelpopular.com\/index.php\/wp-json\/wp\/v2\/posts\/529694\/revisions"}],"predecessor-version":[{"id":529696,"href":"https:\/\/diarioelpopular.com\/index.php\/wp-json\/wp\/v2\/posts\/529694\/revisions\/529696"}],"wp:featuredmedia":[{"embeddable":true,"href":"https:\/\/diarioelpopular.com\/index.php\/wp-json\/wp\/v2\/media\/529695"}],"wp:attachment":[{"href":"https:\/\/diarioelpopular.com\/index.php\/wp-json\/wp\/v2\/media?parent=529694"}],"wp:term":[{"taxonomy":"category","embeddable":true,"href":"https:\/\/diarioelpopular.com\/index.php\/wp-json\/wp\/v2\/categories?post=529694"},{"taxonomy":"post_tag","embeddable":true,"href":"https:\/\/diarioelpopular.com\/index.php\/wp-json\/wp\/v2\/tags?post=529694"}],"curies":[{"name":"wp","href":"https:\/\/api.w.org\/{rel}","templated":true}]}}