{"id":529959,"date":"2025-03-22T11:59:19","date_gmt":"2025-03-22T15:59:19","guid":{"rendered":"https:\/\/diarioelpopular.com\/?p=529959"},"modified":"2025-03-22T11:59:19","modified_gmt":"2025-03-22T15:59:19","slug":"la-escasez-de-medicamentos-en-colombia-desata-la-ira-de-miles-de-pacientes","status":"publish","type":"post","link":"https:\/\/diarioelpopular.com\/index.php\/2025\/03\/22\/la-escasez-de-medicamentos-en-colombia-desata-la-ira-de-miles-de-pacientes\/","title":{"rendered":"La escasez de medicamentos en Colombia desata la ira de miles de pacientes"},"content":{"rendered":"<div id=\"attachment_529960\" style=\"width: 1210px\" class=\"wp-caption alignnone\"><img loading=\"lazy\" decoding=\"async\" aria-describedby=\"caption-attachment-529960\" class=\"wp-image-529960 size-custom-big-size\" src=\"https:\/\/diarioelpopular.com\/wp-content\/uploads\/2025\/03\/Screen-Shot-2025-03-22-at-11.58.34-AM-1200x805.png\" alt=\"\" width=\"1200\" height=\"805\" srcset=\"https:\/\/diarioelpopular.com\/wp-content\/uploads\/2025\/03\/Screen-Shot-2025-03-22-at-11.58.34-AM-1200x805.png 1200w, https:\/\/diarioelpopular.com\/wp-content\/uploads\/2025\/03\/Screen-Shot-2025-03-22-at-11.58.34-AM-300x201.png 300w, https:\/\/diarioelpopular.com\/wp-content\/uploads\/2025\/03\/Screen-Shot-2025-03-22-at-11.58.34-AM-768x515.png 768w, https:\/\/diarioelpopular.com\/wp-content\/uploads\/2025\/03\/Screen-Shot-2025-03-22-at-11.58.34-AM-636x427.png 636w, https:\/\/diarioelpopular.com\/wp-content\/uploads\/2025\/03\/Screen-Shot-2025-03-22-at-11.58.34-AM-80x55.png 80w, https:\/\/diarioelpopular.com\/wp-content\/uploads\/2025\/03\/Screen-Shot-2025-03-22-at-11.58.34-AM-109x73.png 109w, https:\/\/diarioelpopular.com\/wp-content\/uploads\/2025\/03\/Screen-Shot-2025-03-22-at-11.58.34-AM.png 1024w\" sizes=\"auto, (max-width: 1200px) 100vw, 1200px\" \/><p id=\"caption-attachment-529960\" class=\"wp-caption-text\">Un paciente discute con los trabajadores del dispensario de medicamentos Disfarma en medio de la espera de f\u00e1rmacos en Cali, este viernes. Foto Jair F. Coll<\/p><\/div>\n<p>&nbsp;<\/p>\n<p>&nbsp;<\/p>\n<h4 class=\"a_st\"><em>&#8211; El presidente propone allanar los dispensarios que \u201cacaparan\u201d los f\u00e1rmacos, mientras que las aseguradoras acusan al Ejecutivo de desfinanciar el sector<\/em><\/h4>\n<p>&nbsp;<\/p>\n<p class=\"\">Las interminables filas al frente de los dispensarios de medicamentos se han vuelto el paisaje com\u00fan en varias ciudades de Colombia. Las im\u00e1genes de pacientes haciendo plantones o incluso durmiendo en las calles en lugares como Cali, Medell\u00edn o Bogot\u00e1 para reclamar los f\u00e1rmacos muestran la dram\u00e1tica situaci\u00f3n en la que est\u00e1n miles de familias en todo el pa\u00eds ante la escasez de productos para todo tipo de enfermedades, desde el c\u00e1ncer hasta la diabetes. Ante una crisis que estalla,\u00a0<a href=\"https:\/\/elpais.com\/america-colombia\/2025-02-26\/gustavo-petro-falle-al-creer-que-podia-hacer-una-revolucion-gobernando.html\" target=\"_blank\" rel=\"noopener\" data-link-track-dtm=\"\" data-mrf-link=\"https:\/\/elpais.com\/america-colombia\/2025-02-26\/gustavo-petro-falle-al-creer-que-podia-hacer-una-revolucion-gobernando.html\">el presidente Gustavo Petro<\/a>\u00a0ha hecho una advertencia: si no se soluciona la entrega, ordenar\u00e1 allanar los dispensarios, una medida que la fiscal general ha dicho que es ilegal.<\/p>\n<p class=\"\">Los gestores farmac\u00e9uticos \u2014los operadores log\u00edsticos, cadenas de droguer\u00edas y otros establecimientos que distribuyen las medicinas\u2014 est\u00e1n en la mira del Ejecutivo. Para el presidente son culpables de la crisis. \u201cNo permitiremos que los llamados gestores farmac\u00e9uticos, que monopolizaron el mercado de las medicinas y elevaron artificialmente los precios, est\u00e9n acaparando los medicamentos. El acaparamiento va contra la ley\u201d, public\u00f3 en su cuenta de X. Y a\u00f1adi\u00f3: \u201cLleg\u00f3 el momento de democratizar los gestores de la salud\u201d.<\/p>\n<p class=\"\">Horas antes, decenas de pacientes se tomaron la avenida Las Am\u00e9ricas, en Cali, para protestar por el mal servicio del dispensario Disfarma. Se trata de un operador contratado por\u00a0<a href=\"https:\/\/elpais.com\/america-colombia\/2024-04-03\/petro-interviene-la-eps-mas-grande-del-pais-en-respuesta-al-congreso-que-ha-tumbado-su-reforma.html\" target=\"_blank\" rel=\"noopener\" data-link-track-dtm=\"\" data-mrf-link=\"https:\/\/elpais.com\/america-colombia\/2024-04-03\/petro-interviene-la-eps-mas-grande-del-pais-en-respuesta-al-congreso-que-ha-tumbado-su-reforma.html\">la Nueva EPS<\/a>, mayoritariamente estatal e intervenida por el Gobierno, que no da abasto para las necesidades de quienes deben hacer fila por horas para tener la posibilidad de recibir su medicina. Lo mismo han hecho otros colectivos de personas en Bogot\u00e1 o Medell\u00edn. La plataforma Ayer Pacientes Hoy Dolientes ha convocado manifestaciones para \u201calzar la voz por el derecho a la salud\u201d. \u201cNo podemos seguir soportando cirug\u00edas aplazadas, tratamientos negados y medicamentos que nunca llegan. La falta de financiamiento del Gobierno actual al sistema nos est\u00e1 matando\u201d, clamaron los ciudadanos en un encuentro que realizaron la semana pasada en la Plaza de Bol\u00edvar, en la capital.<\/p>\n<p>&nbsp;<\/p>\n<figure class=\"a_m a_m-h \">\n<p><div style=\"width: 424px\" class=\"wp-caption alignnone\"><img loading=\"lazy\" decoding=\"async\" class=\"_re lazyload a_m-h\" src=\"https:\/\/imagenes.elpais.com\/resizer\/v2\/PKQE7V7LQBAG3CL3EOKHES5FUI.jpg?auth=f35d3d320f704356d900d1767277293cb9711223d01d10dc1aee2674c8436e1f&amp;width=414\" sizes=\"auto, (min-width:1199px) 1155px,(min-width:1001px) calc(100vw - 44px),(min-width:768px) 767px, 100vw\" srcset=\"https:\/\/imagenes.elpais.com\/resizer\/v2\/PKQE7V7LQBAG3CL3EOKHES5FUI.jpg?auth=f35d3d320f704356d900d1767277293cb9711223d01d10dc1aee2674c8436e1f&amp;width=414 414w,https:\/\/imagenes.elpais.com\/resizer\/v2\/PKQE7V7LQBAG3CL3EOKHES5FUI.jpg?auth=f35d3d320f704356d900d1767277293cb9711223d01d10dc1aee2674c8436e1f&amp;width=828 640w,https:\/\/imagenes.elpais.com\/resizer\/v2\/PKQE7V7LQBAG3CL3EOKHES5FUI.jpg?auth=f35d3d320f704356d900d1767277293cb9711223d01d10dc1aee2674c8436e1f&amp;width=980 1000w,https:\/\/imagenes.elpais.com\/resizer\/v2\/PKQE7V7LQBAG3CL3EOKHES5FUI.jpg?auth=f35d3d320f704356d900d1767277293cb9711223d01d10dc1aee2674c8436e1f&amp;width=1960 1960w\" alt=\"Pacientes de la Nueva EPS durante el bloqueo de la Avenida de las Am\u00e9ricas, en Cali.\" width=\"414\" height=\"277\" \/><p class=\"wp-caption-text\">Pacientes de la Nueva EPS durante el bloqueo de la Avenida de las Am\u00e9ricas, en Cali. Foto Jair F. Coll<\/p><\/div><figcaption class=\"a_m_p\" aria-hidden=\"true\"><\/figcaption><\/figure>\n<p>&nbsp;<\/p>\n<p class=\"\">La cuesti\u00f3n central para todos es encontrar un culpable. Para el Gobierno, la responsabilidad recae enteramente en las Entidades Promotoras de Salud o EPS, aseguradoras p\u00fablicas o privadas que est\u00e1n encargadas de contratar a los dispensarios. Seg\u00fan Petro, quieren acaparar los medicamentos para \u201csabotear las pol\u00edticas de salud p\u00fablica\u201d. Su versi\u00f3n es que las EPS \u201cse est\u00e1 robando el dinero p\u00fablico\u201d. El Ejecutivo defiende que la soluci\u00f3n es\u00a0<a href=\"https:\/\/elpais.com\/america-colombia\/2024-04-03\/el-congreso-hunde-la-reforma-a-la-salud-y-le-endosa-a-petro-su-peor-derrota-politica.html\" target=\"_blank\" rel=\"noopener\" data-link-track-dtm=\"\" data-mrf-link=\"https:\/\/elpais.com\/america-colombia\/2024-04-03\/el-congreso-hunde-la-reforma-a-la-salud-y-le-endosa-a-petro-su-peor-derrota-politica.html\">su proyecto de reforma al sistema de salud, que se hundi\u00f3 recientemente en el Senado\u00a0<\/a>y pretend\u00eda acabar con las EPS para convertirlas en entidades que solo auditen los cobros que hagan los prestadores al Estado.<\/p>\n<p class=\"\">Por el contrario, para las EPS, los comerciantes y la oposici\u00f3n, la culpa recae sobre el Gobierno, al que acusan de no hacer los pagos suficientes a las aseguradoras para sostener toda la cadena de distribuci\u00f3n. La delegada de usuarios de Nueva EPS en el Valle del Cauca, uno de los departamentos m\u00e1s afectados, dijo en conversaci\u00f3n con Blu Radio que no se han hecho los giros a los prestadores y que estos, por tanto, no pueden realizar las entregas al ritmo de la demanda. \u201cEs la l\u00f3gica. Si usted tiene una tienda, le va a suministrar al cliente que le paga. Al que no, no le entrega porque cu\u00e1ndo va a recuperar su capital\u201d, cuestion\u00f3.<\/p>\n<p>&nbsp;<\/p>\n<figure class=\"a_m a_m-h \">\n<p><div style=\"width: 424px\" class=\"wp-caption alignnone\"><img loading=\"lazy\" decoding=\"async\" class=\"_re lazyload a_m-h\" src=\"https:\/\/imagenes.elpais.com\/resizer\/v2\/QOK5IJGMZJA5XCLVQ7O7NXMNB4.jpg?auth=fd9b6e5f639d03f2fcb3af120de27d2764f8eba1c4cc49aa0d6ff0b73d6ef9dc&amp;width=414\" sizes=\"auto, (min-width:1199px) 1155px,(min-width:1001px) calc(100vw - 44px),(min-width:768px) 767px, 100vw\" srcset=\"https:\/\/imagenes.elpais.com\/resizer\/v2\/QOK5IJGMZJA5XCLVQ7O7NXMNB4.jpg?auth=fd9b6e5f639d03f2fcb3af120de27d2764f8eba1c4cc49aa0d6ff0b73d6ef9dc&amp;width=414 414w,https:\/\/imagenes.elpais.com\/resizer\/v2\/QOK5IJGMZJA5XCLVQ7O7NXMNB4.jpg?auth=fd9b6e5f639d03f2fcb3af120de27d2764f8eba1c4cc49aa0d6ff0b73d6ef9dc&amp;width=828 640w,https:\/\/imagenes.elpais.com\/resizer\/v2\/QOK5IJGMZJA5XCLVQ7O7NXMNB4.jpg?auth=fd9b6e5f639d03f2fcb3af120de27d2764f8eba1c4cc49aa0d6ff0b73d6ef9dc&amp;width=980 1000w,https:\/\/imagenes.elpais.com\/resizer\/v2\/QOK5IJGMZJA5XCLVQ7O7NXMNB4.jpg?auth=fd9b6e5f639d03f2fcb3af120de27d2764f8eba1c4cc49aa0d6ff0b73d6ef9dc&amp;width=1960 1960w\" alt=\"Pacientes de la Nueva EPS hacen fila para la entrega de medicamentos, en Cali.\" width=\"414\" height=\"276\" \/><p class=\"wp-caption-text\">Pacientes de la Nueva EPS hacen fila para la entrega de medicamentos, en Cali. Foto Jair F. Coll<\/p><\/div><figcaption class=\"a_m_p\" aria-hidden=\"true\"><\/figcaption><\/figure>\n<p>&nbsp;<\/p>\n<p class=\"\">Jaime Alberto Cabal, presidente de Fenalco, el principal gremio nacional de comerciantes, refuerza ese argumento: \u201cLa dif\u00edcil situaci\u00f3n actual sobre la falta de entrega obedece principalmente a la deuda acumulada del sistema, hoy cercana a los cuatro billones de pesos [casi 1.00 millones de d\u00f3lares], con una mora que supera los 600 d\u00edas, lo cual afecta el flujo de caja y los recursos disponibles para la compra de medicamentos\u201d, se\u00f1al\u00f3 en un comunicado. A su vez, debati\u00f3 la acusaci\u00f3n del presidente de que las gestoras han aumentado los precios artificialmente. \u201cEl 82% de los medicamentos est\u00e1 sometido a control directo de precios por parte de la Comisi\u00f3n Nacional de Precios de Medicamentos\u201d, dependiente del Ministerio de Salud, explic\u00f3.<\/p>\n<h3 class=\"\">Allanar los dispensarios, la soluci\u00f3n de Petro<\/h3>\n<p class=\"\">Uno de los remedios a corto plazo que propone el presidente Petro es \u201callanar\u201d los dispensarios en donde est\u00e9n los medicamentos sin entregar. \u201cEl Ej\u00e9rcito y la Polic\u00eda tienen que estar disponibles. Y me van a decir que eso es una dictadura y no, eso es la ley de la Rep\u00fablica\u201d, asegur\u00f3. La oposici\u00f3n no tard\u00f3 en responder. La senadora y precandidata presidencial del uribismo Mar\u00eda Fernanda Cabal se opuso a \u201cusar la fuerza p\u00fablica para imponer el desastre\u201d, dijo en X. Seg\u00fan ella, \u201cPetro nos est\u00e1 arrastrando hacia un modelo fracasado, al estilo de Venezuela\u201d.<\/p>\n<p class=\"\">Las afirmaciones de Petro causaron gran revuelo.\u00a0<a href=\"https:\/\/elpais.com\/america-colombia\/2025-02-14\/luz-adriana-camargo-fiscal-general-colombia-es-el-pais-mas-peligroso-del-mundo-para-defender-los-derechos-humanos.html\" target=\"_blank\" rel=\"noopener\" data-link-track-dtm=\"\" data-mrf-link=\"https:\/\/elpais.com\/america-colombia\/2025-02-14\/luz-adriana-camargo-fiscal-general-colombia-es-el-pais-mas-peligroso-del-mundo-para-defender-los-derechos-humanos.html\">La fiscal general, ternada para ese cargo por el presidente, Luz Adriana Camargo<\/a>, aclar\u00f3 durante la rendici\u00f3n de cuentas anual de su entidad este viernes que el mandatario no tiene el poder para dar tal orden. \u201cLa Fiscal\u00eda General de la Naci\u00f3n es la titular de la acci\u00f3n penal, es la \u00fanica que puede ordenar actividades de investigaci\u00f3n y eso debe quedar absolutamente claro\u201d, precis\u00f3. Lo que s\u00ed puede hacer el mandatario es pedirle a las superintendencias de Salud o de Industria y Comercio, parte del Ejecutivo, que hagan inspecciones a las EPS y a los dispensarios, respectivamente.<\/p>\n<p class=\"\">En lo que todos coinciden es en la crisis. \u201cHoy el sistema est\u00e1 colapsado\u201d, manifest\u00f3 esta semana el ministro de Salud, Guillermo Alfonso Jaramillo, durante la primera sesi\u00f3n de la mesa t\u00e9cnica para definir el valor de la UPC (Unidad de Pagos por Capitaci\u00f3n), el monto que paga el Estado a las EPS por cada afiliado. A inicios de a\u00f1o, el Ejecutivo anunci\u00f3 un aumento de 5,36%, apenas por encima de la inflaci\u00f3n, mientras varios actores del sector apuntaban a un incremento de m\u00e1s del 15% para soliviantar la desfinanciaci\u00f3n del sistema. La Corte Constitucional\u00a0<a href=\"https:\/\/elpais.com\/america-colombia\/2025-01-28\/la-corte-constitucional-le-ordena-al-gobierno-de-petro-reajustar-los-pagos-a-las-eps.html\" target=\"_blank\" rel=\"noopener\" data-link-track-dtm=\"\" data-mrf-link=\"https:\/\/elpais.com\/america-colombia\/2025-01-28\/la-corte-constitucional-le-ordena-al-gobierno-de-petro-reajustar-los-pagos-a-las-eps.html\">declar\u00f3 que el monto era insuficiente<\/a>\u00a0y orden\u00f3 la instalaci\u00f3n de una mesa de trabajo que incluyera a todos los actores.<\/p>\n","protected":false},"excerpt":{"rendered":"<p>&nbsp; &nbsp; &#8211; El presidente propone allanar los dispensarios que \u201cacaparan\u201d los f\u00e1rmacos, mientras que las aseguradoras acusan al Ejecutivo de desfinanciar el sector &nbsp;&hellip;<\/p>\n","protected":false},"author":99,"featured_media":529960,"comment_status":"open","ping_status":"open","sticky":false,"template":"","format":"standard","meta":{"footnotes":""},"categories":[23],"tags":[],"class_list":["post-529959","post","type-post","status-publish","format-standard","has-post-thumbnail","hentry","category-latinoamerica"],"_links":{"self":[{"href":"https:\/\/diarioelpopular.com\/index.php\/wp-json\/wp\/v2\/posts\/529959","targetHints":{"allow":["GET"]}}],"collection":[{"href":"https:\/\/diarioelpopular.com\/index.php\/wp-json\/wp\/v2\/posts"}],"about":[{"href":"https:\/\/diarioelpopular.com\/index.php\/wp-json\/wp\/v2\/types\/post"}],"author":[{"embeddable":true,"href":"https:\/\/diarioelpopular.com\/index.php\/wp-json\/wp\/v2\/users\/99"}],"replies":[{"embeddable":true,"href":"https:\/\/diarioelpopular.com\/index.php\/wp-json\/wp\/v2\/comments?post=529959"}],"version-history":[{"count":1,"href":"https:\/\/diarioelpopular.com\/index.php\/wp-json\/wp\/v2\/posts\/529959\/revisions"}],"predecessor-version":[{"id":529961,"href":"https:\/\/diarioelpopular.com\/index.php\/wp-json\/wp\/v2\/posts\/529959\/revisions\/529961"}],"wp:featuredmedia":[{"embeddable":true,"href":"https:\/\/diarioelpopular.com\/index.php\/wp-json\/wp\/v2\/media\/529960"}],"wp:attachment":[{"href":"https:\/\/diarioelpopular.com\/index.php\/wp-json\/wp\/v2\/media?parent=529959"}],"wp:term":[{"taxonomy":"category","embeddable":true,"href":"https:\/\/diarioelpopular.com\/index.php\/wp-json\/wp\/v2\/categories?post=529959"},{"taxonomy":"post_tag","embeddable":true,"href":"https:\/\/diarioelpopular.com\/index.php\/wp-json\/wp\/v2\/tags?post=529959"}],"curies":[{"name":"wp","href":"https:\/\/api.w.org\/{rel}","templated":true}]}}