{"id":530069,"date":"2025-03-26T09:10:29","date_gmt":"2025-03-26T13:10:29","guid":{"rendered":"https:\/\/diarioelpopular.com\/?p=530069"},"modified":"2025-03-26T09:10:29","modified_gmt":"2025-03-26T13:10:29","slug":"estando-tras-las-rejas-por-otros-crimenes-la-policia-lo-imputa-por-doble-tiroteo-en-brampton","status":"publish","type":"post","link":"https:\/\/diarioelpopular.com\/index.php\/2025\/03\/26\/estando-tras-las-rejas-por-otros-crimenes-la-policia-lo-imputa-por-doble-tiroteo-en-brampton\/","title":{"rendered":"Estando tras las rejas por otros cr\u00edmenes, la polic\u00eda lo imputa por doble tiroteo en Brampton"},"content":{"rendered":"<p><img loading=\"lazy\" decoding=\"async\" class=\"alignnone size-custom-full-size wp-image-530070\" src=\"https:\/\/diarioelpopular.com\/wp-content\/uploads\/2025\/03\/Screen-Shot-2025-03-26-at-9.04.36-AM.png\" alt=\"\" width=\"382\" height=\"282\" srcset=\"https:\/\/diarioelpopular.com\/wp-content\/uploads\/2025\/03\/Screen-Shot-2025-03-26-at-9.04.36-AM.png 382w, https:\/\/diarioelpopular.com\/wp-content\/uploads\/2025\/03\/Screen-Shot-2025-03-26-at-9.04.36-AM-300x221.png 300w, https:\/\/diarioelpopular.com\/wp-content\/uploads\/2025\/03\/Screen-Shot-2025-03-26-at-9.04.36-AM-99x73.png 99w\" sizes=\"auto, (max-width: 382px) 100vw, 382px\" \/><\/p>\n<p>Solomon Adu-Twum,<\/p>\n<p>&nbsp;<\/p>\n<ul>\n<li><em><strong>Un delincuente de Toronto de 30 a\u00f1os enfrenta dos cargos de asesinato en segundo grado tras un tiroteo en Brampton el a\u00f1o pasado.<\/strong><\/em><\/li>\n<\/ul>\n<p>&nbsp;<\/p>\n<p>La Polic\u00eda Regional de Peel inform\u00f3 que el 2 de junio de 2024 respondi\u00f3 a un tiroteo en la Avenida Piane, informando\u00a0que se produjo un altercado en un veh\u00edculo entre un sospechoso y dos j\u00f3venes. La polic\u00eda indic\u00f3 que se produjeron disparos y que las dos v\u00edctimas huyeron a pie. Los agentes pudieron localizarlas en las inmediaciones.<\/p>\n<p>La polic\u00eda indic\u00f3 que una de las v\u00edctimas recibi\u00f3 un disparo y fue trasladada a un centro de traumatolog\u00eda en estado cr\u00edtico. Sobrevivi\u00f3 a las heridas. La segunda v\u00edctima, un joven, no sufri\u00f3 lesiones f\u00edsicas.<\/p>\n<p>Tras una extensa investigaci\u00f3n, se determin\u00f3 que el delincuente huy\u00f3 del pa\u00eds poco despu\u00e9s del asalto. Se emiti\u00f3 una orden de arresto en todo Canad\u00e1.<\/p>\n<p>El acusado es Solomon Adu-Twum. Al momento de su arresto el pasado domingo, la polic\u00eda inform\u00f3 que Adu-Twum se encontraba en prisi\u00f3n preventiva por delitos relacionados con armas de fuego.<\/p>\n<p>Se solicita a cualquier persona que tenga informaci\u00f3n que se comunique con la polic\u00eda al 905-453-2121 ext. 2233, o con Peel Crime Stoppers al 1-800-222-TIPS (8477), o en PeelCrimeStoppers.ca.<\/p>\n","protected":false},"excerpt":{"rendered":"<p>Solomon Adu-Twum, &nbsp; Un delincuente de Toronto de 30 a\u00f1os enfrenta dos cargos de asesinato en segundo grado tras un tiroteo en Brampton el a\u00f1o&hellip;<\/p>\n","protected":false},"author":99,"featured_media":530070,"comment_status":"open","ping_status":"open","sticky":false,"template":"","format":"standard","meta":{"footnotes":""},"categories":[11364],"tags":[],"class_list":["post-530069","post","type-post","status-publish","format-standard","has-post-thumbnail","hentry","category-toronto-gta"],"_links":{"self":[{"href":"https:\/\/diarioelpopular.com\/index.php\/wp-json\/wp\/v2\/posts\/530069","targetHints":{"allow":["GET"]}}],"collection":[{"href":"https:\/\/diarioelpopular.com\/index.php\/wp-json\/wp\/v2\/posts"}],"about":[{"href":"https:\/\/diarioelpopular.com\/index.php\/wp-json\/wp\/v2\/types\/post"}],"author":[{"embeddable":true,"href":"https:\/\/diarioelpopular.com\/index.php\/wp-json\/wp\/v2\/users\/99"}],"replies":[{"embeddable":true,"href":"https:\/\/diarioelpopular.com\/index.php\/wp-json\/wp\/v2\/comments?post=530069"}],"version-history":[{"count":1,"href":"https:\/\/diarioelpopular.com\/index.php\/wp-json\/wp\/v2\/posts\/530069\/revisions"}],"predecessor-version":[{"id":530071,"href":"https:\/\/diarioelpopular.com\/index.php\/wp-json\/wp\/v2\/posts\/530069\/revisions\/530071"}],"wp:featuredmedia":[{"embeddable":true,"href":"https:\/\/diarioelpopular.com\/index.php\/wp-json\/wp\/v2\/media\/530070"}],"wp:attachment":[{"href":"https:\/\/diarioelpopular.com\/index.php\/wp-json\/wp\/v2\/media?parent=530069"}],"wp:term":[{"taxonomy":"category","embeddable":true,"href":"https:\/\/diarioelpopular.com\/index.php\/wp-json\/wp\/v2\/categories?post=530069"},{"taxonomy":"post_tag","embeddable":true,"href":"https:\/\/diarioelpopular.com\/index.php\/wp-json\/wp\/v2\/tags?post=530069"}],"curies":[{"name":"wp","href":"https:\/\/api.w.org\/{rel}","templated":true}]}}