{"id":530089,"date":"2025-03-26T09:57:04","date_gmt":"2025-03-26T13:57:04","guid":{"rendered":"https:\/\/diarioelpopular.com\/?p=530089"},"modified":"2025-03-26T09:57:04","modified_gmt":"2025-03-26T13:57:04","slug":"trabajadores-adolescentes-para-reemplazar-a-los-migrantes-en-florida","status":"publish","type":"post","link":"https:\/\/diarioelpopular.com\/index.php\/2025\/03\/26\/trabajadores-adolescentes-para-reemplazar-a-los-migrantes-en-florida\/","title":{"rendered":"Trabajadores adolescentes para reemplazar a los migrantes en Florida"},"content":{"rendered":"<div id=\"attachment_530090\" style=\"width: 1210px\" class=\"wp-caption alignnone\"><img loading=\"lazy\" decoding=\"async\" aria-describedby=\"caption-attachment-530090\" class=\"wp-image-530090 size-custom-big-size\" src=\"https:\/\/diarioelpopular.com\/wp-content\/uploads\/2025\/03\/Screen-Shot-2025-03-26-at-9.56.05-AM-1200x757.png\" alt=\"\" width=\"1200\" height=\"757\" srcset=\"https:\/\/diarioelpopular.com\/wp-content\/uploads\/2025\/03\/Screen-Shot-2025-03-26-at-9.56.05-AM-1200x757.png 1200w, https:\/\/diarioelpopular.com\/wp-content\/uploads\/2025\/03\/Screen-Shot-2025-03-26-at-9.56.05-AM-300x189.png 300w, https:\/\/diarioelpopular.com\/wp-content\/uploads\/2025\/03\/Screen-Shot-2025-03-26-at-9.56.05-AM-768x484.png 768w, https:\/\/diarioelpopular.com\/wp-content\/uploads\/2025\/03\/Screen-Shot-2025-03-26-at-9.56.05-AM-85x55.png 85w, https:\/\/diarioelpopular.com\/wp-content\/uploads\/2025\/03\/Screen-Shot-2025-03-26-at-9.56.05-AM-636x401.png 636w, https:\/\/diarioelpopular.com\/wp-content\/uploads\/2025\/03\/Screen-Shot-2025-03-26-at-9.56.05-AM-116x73.png 116w, https:\/\/diarioelpopular.com\/wp-content\/uploads\/2025\/03\/Screen-Shot-2025-03-26-at-9.56.05-AM.png 1024w\" sizes=\"auto, (max-width: 1200px) 100vw, 1200px\" \/><p id=\"caption-attachment-530090\" class=\"wp-caption-text\">Trabajadores migrantes mexicanos recogen ar\u00e1ndanos durante una cosecha en una granja en Lake Wales, Florida.\u00a0 \u00a0 \u00a0 \u00a0 \u00a0 \u00a0 \u00a0 \u00a0 \u00a0 \u00a0 \u00a0 Foto MARCO BELLO (Reuters)<\/p><\/div>\n<p>&nbsp;<\/p>\n<p>&nbsp;<\/p>\n<h4 class=\"a_st\"><em>&#8211; La \u00faltima idea de Ron DeSantis para paliar la escasez de empleados amenaza con revertir la legislaci\u00f3n que protege los derechos de los menores<\/em><\/h4>\n<p>&nbsp;<\/p>\n<p class=\"\">El gobernador de Florida, Ron DeSantis, tiene una nueva f\u00f3rmula para enfrentar la escasez de trabajadores que aqueja a su Estado y que puede agravarse con la actual persecuci\u00f3n y deportaci\u00f3n de migrantes\u00a0<a href=\"https:\/\/elpais.com\/us\/migracion\/2025-03-25\/estados-unidos-suma-medio-millon-de-nuevos-indocumentados-es-injusto-que-si-biden-me-dio-el-parole-venga-trump-y-me-lo-quite.html\" data-link-track-dtm=\"\" data-mrf-link=\"https:\/\/elpais.com\/us\/migracion\/2025-03-25\/estados-unidos-suma-medio-millon-de-nuevos-indocumentados-es-injusto-que-si-biden-me-dio-el-parole-venga-trump-y-me-lo-quite.html\">indocumentados\u00a0<\/a>en el pa\u00eds: el trabajo de adolescentes. Una ley (<a href=\"https:\/\/www.flsenate.gov\/Session\/Bill\/2025\/918\" target=\"_blank\" rel=\"noopener\" data-link-track-dtm=\"\" data-mrf-link=\"https:\/\/www.flsenate.gov\/Session\/Bill\/2025\/918\">SB 918<\/a>) impulsada por el senador republicano Jay Collins, que se discuti\u00f3 este martes en la legislatura local, amenaza con revertir varias de las principales protecciones de los derechos laborales que existen actualmente. De aprobarse, menores de entre 14 y 17 a\u00f1os tendr\u00e1n permiso para trabajar m\u00e1s de 30 horas a la semana, en horario escolar y en cualquier otro.<\/p>\n<p class=\"\">De acuerdo con\u00a0<a href=\"https:\/\/www.cbsnews.com\/miami\/news\/florida-senate-panel-advances-bill-to-further-roll-back-child-labor-restrictions\/\" target=\"_blank\" rel=\"noopener\" data-link-track-dtm=\"\" data-mrf-link=\"https:\/\/www.cbsnews.com\/miami\/news\/florida-senate-panel-advances-bill-to-further-roll-back-child-labor-restrictions\/\">CBS<\/a>, Collins asegura que los menores en Florida trabajan en entornos seguros, como en la cadena de supermercados Publix, y que sus padres son quienes deben tener la \u00faltima palabra. \u201cEsto es una cuesti\u00f3n de derechos parentales. Los padres conocen mejor a sus hijos\u201d, dijo.<\/p>\n<p class=\"\">La legislaci\u00f3n vigente que Collins propone derogar tampoco destaca por sus restricciones, pero, en alguna medida, protege a los menores de la explotaci\u00f3n laboral y salvaguarda su derecho a la educaci\u00f3n. Proh\u00edbe, por ejemplo, que sus empleadores les asignen turnos nocturnos, antes de las 6.30 de la ma\u00f1ana y despu\u00e9s de las 11.00 de la noche, si al d\u00eda siguiente hay clases; que les sometan a jornadas de ocho horas y semanas de m\u00e1s de 30 horas; que puedan interferir con el tiempo dedicado a la formaci\u00f3n; y que obliguen a trabajar a quienes tienen 16 y 17 a\u00f1os durante m\u00e1s cuatro horas consecutivas sin tener 30 minutos para descansar y alimentarse.<\/p>\n<p class=\"\">Sin esas protecciones m\u00ednimas, los adolescentes de Florida quedar\u00edan incluso m\u00e1s vulnerables de lo que ya est\u00e1n a posibles abusos de padres, tutores o empleadores, al quedar a discreci\u00f3n de estos el respeto a sus derechos como menores y trabajadores. Sin embargo,\u00a0<a href=\"https:\/\/elpais.com\/us\/2025-03-16\/ron-desantis-maniobra-para-hacer-florida-mas-maga-que-trump.html\" data-link-track-dtm=\"\" data-mrf-link=\"https:\/\/elpais.com\/us\/2025-03-16\/ron-desantis-maniobra-para-hacer-florida-mas-maga-que-trump.html\">Ron DeSantis<\/a>\u00a0ha afirmao que no hay nada de malo en que los menores trabajen \u201ca tiempo parcial\u201d. \u201cAs\u00ed era cuando yo era ni\u00f1o\u201d, agreg\u00f3, en referencia a los a\u00f1os ochenta.<\/p>\n<p class=\"\">\u201c\u00bfPor qu\u00e9 decimos que necesitamos importar extranjeros, incluso ilegalmente, cuando antes los adolescentes trabajaban en estos complejos tur\u00edsticos y los estudiantes universitarios deber\u00edan poder hacerlo?\u201d, argument\u00f3 el gobernador, que ha sido un gran defensor de la persecuci\u00f3n de migrantes indocumentados, desde antes de que Donald Trump llegara a la presidencia con dicha bandera.<\/p>\n<p class=\"\">En 2023, Florida aprob\u00f3 una ley que exige a los negocios con m\u00e1s de 25 empleados que verifiquen su estatus migratorio en una base de datos federal conocida como E-Verify, y castiga con multas de 1.000 d\u00f3lares diarios a quienes la incumplan, hasta que puedan demostrar que sus trabajadores cuentan con los documentos para trabajar en el pa\u00eds. Al mismo tiempo, para los empresarios es un reto encontrar mano de obra calificada y no calificada, y el Estado permanece, al menos desde 2021, con\u00a0<a href=\"https:\/\/www.miamiherald.com\/news\/business\/article252204758.html\" target=\"_blank\" rel=\"noopener\" data-link-track-dtm=\"\" data-mrf-link=\"https:\/\/www.miamiherald.com\/news\/business\/article252204758.html\">unos 500.000 puestos de trabajo vacantes<\/a>\u00a0e igual n\u00famero de residentes sin empleo.<\/p>\n<p class=\"\">Pero no todos los senadores est\u00e1n tan seguros de que la soluci\u00f3n a estos desbalances sea promover el trabajo de adolescentes o intentar retroceder unos cuarenta a\u00f1os. El dem\u00f3crata Carlos Guillermo Smith alert\u00f3 que el proyecto de ley de Collins conducir\u00e1 a la explotaci\u00f3n de menores, al desprotegerles frente a sus empleadores, mientras que Tracie Davis, tambi\u00e9n dem\u00f3crata, refiri\u00f3 comentarios de j\u00f3venes que se han manifestado en contra de la iniciativa legislativa y asegur\u00f3 que esto podr\u00eda deteriorar el\u00a0<a href=\"https:\/\/elpais.com\/educacion\/2025-02-08\/creer-que-la-inteligencia-innata-determina-el-rendimiento-educativo-la-trampa-que-perjudica-a-muchos-estudiantes.html\" data-link-track-dtm=\"\" data-mrf-link=\"https:\/\/elpais.com\/educacion\/2025-02-08\/creer-que-la-inteligencia-innata-determina-el-rendimiento-educativo-la-trampa-que-perjudica-a-muchos-estudiantes.html\">desempe\u00f1o acad\u00e9mico de los estudiantes<\/a>\u00a0y funcionar como una presi\u00f3n para que apoyen econ\u00f3micamente a sus familias.<\/p>\n","protected":false},"excerpt":{"rendered":"<p>&nbsp; &nbsp; &#8211; La \u00faltima idea de Ron DeSantis para paliar la escasez de empleados amenaza con revertir la legislaci\u00f3n que protege los derechos de&hellip;<\/p>\n","protected":false},"author":99,"featured_media":530090,"comment_status":"open","ping_status":"open","sticky":false,"template":"","format":"standard","meta":{"footnotes":""},"categories":[24],"tags":[],"class_list":["post-530089","post","type-post","status-publish","format-standard","has-post-thumbnail","hentry","category-mundo"],"_links":{"self":[{"href":"https:\/\/diarioelpopular.com\/index.php\/wp-json\/wp\/v2\/posts\/530089","targetHints":{"allow":["GET"]}}],"collection":[{"href":"https:\/\/diarioelpopular.com\/index.php\/wp-json\/wp\/v2\/posts"}],"about":[{"href":"https:\/\/diarioelpopular.com\/index.php\/wp-json\/wp\/v2\/types\/post"}],"author":[{"embeddable":true,"href":"https:\/\/diarioelpopular.com\/index.php\/wp-json\/wp\/v2\/users\/99"}],"replies":[{"embeddable":true,"href":"https:\/\/diarioelpopular.com\/index.php\/wp-json\/wp\/v2\/comments?post=530089"}],"version-history":[{"count":1,"href":"https:\/\/diarioelpopular.com\/index.php\/wp-json\/wp\/v2\/posts\/530089\/revisions"}],"predecessor-version":[{"id":530091,"href":"https:\/\/diarioelpopular.com\/index.php\/wp-json\/wp\/v2\/posts\/530089\/revisions\/530091"}],"wp:featuredmedia":[{"embeddable":true,"href":"https:\/\/diarioelpopular.com\/index.php\/wp-json\/wp\/v2\/media\/530090"}],"wp:attachment":[{"href":"https:\/\/diarioelpopular.com\/index.php\/wp-json\/wp\/v2\/media?parent=530089"}],"wp:term":[{"taxonomy":"category","embeddable":true,"href":"https:\/\/diarioelpopular.com\/index.php\/wp-json\/wp\/v2\/categories?post=530089"},{"taxonomy":"post_tag","embeddable":true,"href":"https:\/\/diarioelpopular.com\/index.php\/wp-json\/wp\/v2\/tags?post=530089"}],"curies":[{"name":"wp","href":"https:\/\/api.w.org\/{rel}","templated":true}]}}