{"id":530097,"date":"2025-03-26T10:12:40","date_gmt":"2025-03-26T14:12:40","guid":{"rendered":"https:\/\/diarioelpopular.com\/?p=530097"},"modified":"2025-03-26T10:12:40","modified_gmt":"2025-03-26T14:12:40","slug":"el-desprecio-hacia-europa-en-el-chat-del-gabinete-de-defensa-de-trump-horroriza-a-la-union-europea","status":"publish","type":"post","link":"https:\/\/diarioelpopular.com\/index.php\/2025\/03\/26\/el-desprecio-hacia-europa-en-el-chat-del-gabinete-de-defensa-de-trump-horroriza-a-la-union-europea\/","title":{"rendered":"&#8220;El desprecio hacia Europa en el chat del gabinete de Defensa de Trump horroriza a la Uni\u00f3n Europea&#8221;"},"content":{"rendered":"<div id=\"attachment_530098\" style=\"width: 646px\" class=\"wp-caption alignnone\"><img loading=\"lazy\" decoding=\"async\" aria-describedby=\"caption-attachment-530098\" class=\"wp-image-530098 size-custom-full-size\" src=\"https:\/\/diarioelpopular.com\/wp-content\/uploads\/2025\/03\/Screen-Shot-2025-03-26-at-10.12.00-AM-636x357.png\" alt=\"\" width=\"636\" height=\"357\" srcset=\"https:\/\/diarioelpopular.com\/wp-content\/uploads\/2025\/03\/Screen-Shot-2025-03-26-at-10.12.00-AM-636x357.png 636w, https:\/\/diarioelpopular.com\/wp-content\/uploads\/2025\/03\/Screen-Shot-2025-03-26-at-10.12.00-AM-300x169.png 300w, https:\/\/diarioelpopular.com\/wp-content\/uploads\/2025\/03\/Screen-Shot-2025-03-26-at-10.12.00-AM-768x431.png 768w, https:\/\/diarioelpopular.com\/wp-content\/uploads\/2025\/03\/Screen-Shot-2025-03-26-at-10.12.00-AM-130x73.png 130w, https:\/\/diarioelpopular.com\/wp-content\/uploads\/2025\/03\/Screen-Shot-2025-03-26-at-10.12.00-AM.png 1024w\" sizes=\"auto, (max-width: 636px) 100vw, 636px\" \/><p id=\"caption-attachment-530098\" class=\"wp-caption-text\">Los comentarios de los altos funcionarios de EE.UU. preocupan a los principales l\u00edderes europeos.<\/p><\/div>\n<p>&nbsp;<\/p>\n<p>&nbsp;<\/p>\n<div class=\"bbc-19j92fr ebmt73l0\" dir=\"ltr\">\n<ul>\n<li class=\"bbc-hhl7in e17g058b0\" dir=\"ltr\"><em><b>&#8220;Es horrible verlo tan claramente. Pero no sorprende&#8221;.<\/b><\/em><\/li>\n<\/ul>\n<\/div>\n<div class=\"bbc-19j92fr ebmt73l0\" dir=\"ltr\">\n<p dir=\"ltr\">\n<p class=\"bbc-hhl7in e17g058b0\" dir=\"ltr\">As\u00ed reaccion\u00f3 un diplom\u00e1tico europeo frente a lo que parece un profundo y sincero desprecio hacia los aliados del Viejo Continente tras conocerse el lunes la existencia de un chat grupal de altos funcionarios de seguridad y defensa de Estados Unidos.<\/p>\n<\/div>\n<div class=\"bbc-19j92fr ebmt73l0\" dir=\"ltr\">\n<p class=\"bbc-hhl7in e17g058b0\" dir=\"ltr\">El editor de la revista\u00a0<i class=\"bbc-h1y5j7 eih42320\">The Atlantic<\/i>, Jeffrey Goldberg, invitado por accidente al chat en el que se discutieron los ataques planeados contra los rebeldes hut\u00edes en Yemen con el objetivo de desbloquear las rutas comerciales del Canal de Suez, hizo p\u00fablico el franco intercambio.<\/p>\n<\/div>\n<div class=\"bbc-19j92fr ebmt73l0\" dir=\"ltr\">\n<p class=\"bbc-hhl7in e17g058b0\" dir=\"ltr\">En la conversaci\u00f3n sostenida en la aplicaci\u00f3n Signal, el vicepresidente de EE.UU., JD Vance, se\u00f1alaba que solo el 3% del comercio estadounidense pasa por el canal, frente al 40% del comercio europeo.<\/p>\n<\/div>\n<div class=\"bbc-19j92fr ebmt73l0\" dir=\"ltr\">\n<p class=\"bbc-hhl7in e17g058b0\" dir=\"ltr\">Por eso, Vance y el secretario de Defensa, Pete Hegseth, se quejaban de los &#8220;aprovechados&#8221; europeos.<\/p>\n<\/div>\n<div class=\"bbc-1n4f7vm ebmt73l0\" dir=\"ltr\"><\/div>\n<div class=\"bbc-19j92fr ebmt73l0\" dir=\"ltr\">\n<p class=\"bbc-hhl7in e17g058b0\" dir=\"ltr\">La monumental violaci\u00f3n a la seguridad est\u00e1 causando revuelo en EE.UU. y los dem\u00f3cratas exigen la renuncia de Hegseth como respuesta.<\/p>\n<\/div>\n<div class=\"bbc-19j92fr ebmt73l0\" dir=\"ltr\">\n<p class=\"bbc-hhl7in e17g058b0\" dir=\"ltr\">Del otro lado del charco, es decir, del Atl\u00e1ntico, los dirigentes y responsables pol\u00edticos de Europa dicen que sintieron &#8220;dolor de est\u00f3mago&#8221; por lo sucedido, seg\u00fan coment\u00f3 un funcionario de la Uni\u00f3n Europea (UE).<\/p>\n<\/div>\n<div class=\"bbc-19j92fr ebmt73l0\" dir=\"ltr\">\n<p class=\"bbc-hhl7in e17g058b0\" dir=\"ltr\">Los funcionarios citados aqu\u00ed hablan bajo condici\u00f3n de anonimato para poder comentar libremente sobre los tiempos vol\u00e1tiles en las relaciones entre Estados Unidos y Europa.<\/p>\n<\/div>\n<div class=\"bbc-19j92fr ebmt73l0\" dir=\"ltr\">\n<p class=\"bbc-hhl7in e17g058b0\" dir=\"ltr\">No se har\u00e1n declaraciones p\u00fablicas para no complicar a\u00fan m\u00e1s la situaci\u00f3n transatl\u00e1ntica.<\/p>\n<\/div>\n<div class=\"bbc-19j92fr ebmt73l0\" dir=\"ltr\">\n<h2 id=\"Las-cr\u00edticas-a-Europa-\" class=\"bbc-1lgzob2 eglt09e0\" tabindex=\"-1\">Las cr\u00edticas a Europa<\/h2>\n<\/div>\n<div class=\"bbc-19j92fr ebmt73l0\" dir=\"ltr\">\n<p class=\"bbc-hhl7in e17g058b0\" dir=\"ltr\">Ya el mes pasado en M\u00fanich, Alemania, Vance sorprendi\u00f3 a los pol\u00edticos europeos con su discurso en la Conferencia de Seguridad en la que conden\u00f3 a Europa por tener valores equivocados como la protecci\u00f3n de las cl\u00ednicas abortistas y lo que calific\u00f3 como &#8220;censura a la libre expresi\u00f3n&#8221; en los medios de comunicaci\u00f3n y\u00a0<i class=\"bbc-h1y5j7 eih42320\">online<\/i>.<\/p>\n<\/div>\n<div class=\"bbc-19j92fr ebmt73l0\" dir=\"ltr\">\n<p class=\"bbc-hhl7in e17g058b0\" dir=\"ltr\">&#8220;El enemigo interior&#8221;, lo llam\u00f3.<\/p>\n<\/div>\n<div class=\"bbc-19j92fr ebmt73l0\" dir=\"ltr\">\n<p class=\"bbc-hhl7in e17g058b0\" dir=\"ltr\">El chat de Signal conocido este lunes va directo al n\u00facleo de una mezcla de tensiones, malestar y simple temor en Europa, que ya no puede confiar en el gobierno de Trump como el mayor aliado del continente, justo en un momento en el que los europeos se encuentran frente a una Rusia que resurge.<\/p>\n<\/div>\n<div class=\"bbc-19j92fr ebmt73l0\" dir=\"ltr\">\n<p class=\"bbc-hhl7in e17g058b0\" dir=\"ltr\">Europa Occidental ha buscado el respaldo de Estados Unidos en materia de seguridad y defensa desde la Segunda Guerra Mundial.<\/p>\n<\/div>\n<div class=\"bbc-19j92fr ebmt73l0\" dir=\"ltr\">\n<p class=\"bbc-hhl7in e17g058b0\" dir=\"ltr\">Pero es precisamente ese hecho lo que tanto irrita a la administraci\u00f3n Trump y lo que ha consolidado a Europa en su mente como un grupo de &#8220;aprovechados&#8221;.<\/p>\n<\/div>\n<div class=\"bbc-19j92fr ebmt73l0\" dir=\"ltr\">\n<p class=\"bbc-hhl7in e17g058b0\" dir=\"ltr\">Mientras que Estados Unidos destina el 3,7% de su gran PIB a defensa, la mayor\u00eda de los socios europeos de la OTAN han tardado hasta hace poco en aportar siquiera el 2% del PIB.<\/p>\n<\/div>\n<div class=\"bbc-19j92fr ebmt73l0\" dir=\"ltr\">\n<p class=\"bbc-hhl7in e17g058b0\" dir=\"ltr\">Algunos, como las grandes econom\u00edas de Espa\u00f1a e Italia, ni siquiera han llegado a ese nivel, aunque dicen que pronto lo alcanzar\u00e1n.<\/p>\n<p dir=\"ltr\">\n<\/div>\n<figure class=\"bbc-1qn0xuy\">\n<div class=\"bbc-18ywsw9\">\n<div style=\"width: 1034px\" class=\"wp-caption alignnone\"><img loading=\"lazy\" decoding=\"async\" class=\"bbc-139onq\" src=\"https:\/\/ichef.bbci.co.uk\/ace\/ws\/640\/cpsprodpb\/05c2\/live\/c18c3770-09c3-11f0-8f63-470eff1c6b32.jpg.webp\" alt=\"JD Vance. \" width=\"1024\" height=\"576\" \/><p class=\"wp-caption-text\">Fuente de la imagen,Getty Images.\u00a0\u00a0JD Vance cuestion\u00f3 en el chat el rol de los aliados europeos.<\/p><\/div>\n<p class=\"bbc-by8ykd\" role=\"text\">\n<\/div>\n<\/figure>\n<div class=\"bbc-19j92fr ebmt73l0\" dir=\"ltr\">\n<p dir=\"ltr\">\n<p class=\"bbc-hhl7in e17g058b0\" dir=\"ltr\">Europa depende en gran medida de Estados Unidos, entre otras cosas, para temas de inteligencia, capacidad de defensa a\u00e9rea y su paraguas nuclear.<\/p>\n<\/div>\n<div class=\"bbc-19j92fr ebmt73l0\" dir=\"ltr\">\n<p class=\"bbc-hhl7in e17g058b0\" dir=\"ltr\">Con la eliminaci\u00f3n gradual del servicio militar obligatorio en la mayor\u00eda de los pa\u00edses europeos, el continente tambi\u00e9n depende de los cerca de 100.000 soldados estadounidenses listos para el combate, que est\u00e1n a la espera en Europa para ayudar a disuadir a posibles agresores.<\/p>\n<\/div>\n<div class=\"bbc-19j92fr ebmt73l0\" dir=\"ltr\">\n<p class=\"bbc-hhl7in e17g058b0\" dir=\"ltr\">Los europeos se han centrado m\u00e1s en invertir en bienestar y servicios sociales que en defensa -colectiva o de otro tipo- desde el colapso de la Uni\u00f3n Sovi\u00e9tica y el final de la Guerra Fr\u00eda.<\/p>\n<\/div>\n<div class=\"bbc-19j92fr ebmt73l0\" dir=\"ltr\">\n<p class=\"bbc-hhl7in e17g058b0\" dir=\"ltr\">\u00bfPor qu\u00e9 deber\u00eda Estados Unidos asumir la responsabilidad?, se pregunta el gobierno de Trump.<\/p>\n<\/div>\n<div class=\"bbc-19j92fr ebmt73l0\" dir=\"ltr\">\n<p class=\"bbc-hhl7in e17g058b0\" dir=\"ltr\">En el chat grupal filtrado, el asesor de Seguridad Nacional, Michael Waltz, lamenta el estado de las fuerzas navales europeas. &#8220;Tendr\u00e1 que ser Estados Unidos quien reabra estas rutas mar\u00edtimas [de Suez]&#8221;.<\/p>\n<\/div>\n<div class=\"bbc-19j92fr ebmt73l0\" dir=\"ltr\">\n<p class=\"bbc-hhl7in e17g058b0\" dir=\"ltr\">En el chat, los funcionarios debaten c\u00f3mo garantizar que Europa retribuya a Estados Unidos por sus acciones.<\/p>\n<\/div>\n<div class=\"bbc-19j92fr ebmt73l0\" dir=\"ltr\">\n<p class=\"bbc-hhl7in e17g058b0\" dir=\"ltr\">&#8220;Si Estados Unidos logra restaurar la libertad de navegaci\u00f3n a un alto precio, es necesario obtener a cambio una mayor ganancia econ\u00f3mica&#8221;, afirma un mensaje de alguien llamado SM, presuntamente el subjefe de gabinete de la Casa Blanca, Stephen Miller.<\/p>\n<\/div>\n<div class=\"bbc-19j92fr ebmt73l0\" dir=\"ltr\">\n<p class=\"bbc-hhl7in e17g058b0\" dir=\"ltr\">Europa ahora est\u00e1 discutiendo p\u00fablicamente y en voz alta la posibilidad de invertir mucho m\u00e1s dinero en su propia defensa, con la esperanza de mantener a Donald Trump de su lado y a una Rusia agresiva a raya despu\u00e9s de la invasi\u00f3n a Ucrania.<\/p>\n<\/div>\n<div class=\"bbc-19j92fr ebmt73l0\" dir=\"ltr\">\n<h2 id=\"Una-pelea-con-historia-\" class=\"bbc-1lgzob2 eglt09e0\" tabindex=\"-1\">Una pelea con historia<\/h2>\n<\/div>\n<div class=\"bbc-19j92fr ebmt73l0\" dir=\"ltr\">\n<p class=\"bbc-hhl7in e17g058b0\" dir=\"ltr\">Pero la irritaci\u00f3n de Trump con Europa no es nueva.<\/p>\n<\/div>\n<div class=\"bbc-19j92fr ebmt73l0\" dir=\"ltr\">\n<p class=\"bbc-hhl7in e17g058b0\" dir=\"ltr\">El presidente de EE.UU. manifest\u00f3 su descontento durante su primer mandato, cuando estaba furioso por el bajo gasto de defensa de Europa e indignado por el super\u00e1vit comercial de la UE respecto a EE.UU.<\/p>\n<\/div>\n<div class=\"bbc-19j92fr ebmt73l0\" dir=\"ltr\">\n<p class=\"bbc-hhl7in e17g058b0\" dir=\"ltr\">Estados Unidos lleva mucho tiempo siendo enga\u00f1ado y eso debe parar, parec\u00eda ser la lectura de Trump.<\/p>\n<\/div>\n<div class=\"bbc-19j92fr ebmt73l0\" dir=\"ltr\">\n<p class=\"bbc-hhl7in e17g058b0\" dir=\"ltr\">Por eso, tanto antes como ahora, imponer aranceles comerciales fue una de las primeras respuestas de Trump.<\/p>\n<\/div>\n<div class=\"bbc-19j92fr ebmt73l0\" dir=\"ltr\">\n<p class=\"bbc-hhl7in e17g058b0\" dir=\"ltr\">A principios de este mes, Trump amenaz\u00f3 con imponer aranceles exorbitantes del 200% al alcohol europeo en un continuo intercambio comercial y critic\u00f3 a la UE por ser &#8220;abusiva&#8221; y &#8220;hostil&#8221;, al supuestamente aprovecharse de Estados Unidos en cualquier oportunidad.<\/p>\n<p dir=\"ltr\">\n<\/div>\n<figure class=\"bbc-1qn0xuy\">\n<div class=\"bbc-18ywsw9\">\n<div style=\"width: 1034px\" class=\"wp-caption alignnone\"><img loading=\"lazy\" decoding=\"async\" class=\"bbc-139onq\" src=\"https:\/\/ichef.bbci.co.uk\/ace\/ws\/640\/cpsprodpb\/c1b7\/live\/22a704e0-09bf-11f0-93e6-03165654ab4d.jpg.webp\" alt=\"Ursula Von der Leyen y Maros Sefcovic.\" width=\"1024\" height=\"576\" \/><p class=\"wp-caption-text\">Fuente de la imagen,Getty Images.\u00a0\u00a0La presidente de la Comisi\u00f3n Europea, Ursula on der Leyen, y el comisario de Comercio, Maro\u0161 \u0160ef\u010dovi\u010d, intentan evitar los aranceles de EE.UU. a Europa.<\/p><\/div>\n<p class=\"bbc-by8ykd\" role=\"text\">\n<\/div>\n<\/figure>\n<div class=\"bbc-19j92fr ebmt73l0\" dir=\"ltr\">\n<p dir=\"ltr\">\n<p class=\"bbc-hhl7in e17g058b0\" dir=\"ltr\">Coincidiendo de forma inc\u00f3moda con la filtraci\u00f3n del chat de Signal y sus ataques a los europeos, el comisario de Comercio europeo, Maro\u0161 \u0160ef\u010dovi\u010d, jefe de gabinete de la presidente de la Comisi\u00f3n Europea, Ursula von der Leyen, lleg\u00f3 a Washington el martes con la esperanza de lanzar una ofensiva de seducci\u00f3n para intentar evitar una nueva embestida arancelaria.<\/p>\n<\/div>\n<div class=\"bbc-19j92fr ebmt73l0\" dir=\"ltr\">\n<p class=\"bbc-hhl7in e17g058b0\" dir=\"ltr\">En materia de defensa, Trump ha amenazado repetidamente con que Estados Unidos no proteger\u00e1 a los pa\u00edses que &#8220;no paguen&#8221;.<\/p>\n<\/div>\n<div class=\"bbc-19j92fr ebmt73l0\" dir=\"ltr\">\n<p class=\"bbc-hhl7in e17g058b0\" dir=\"ltr\">Su candidato a embajador estadounidense ante la OTAN afirma que eso significa que los europeos tienen que gastar el 5% de su PIB.<\/p>\n<\/div>\n<div class=\"bbc-19j92fr ebmt73l0\" dir=\"ltr\">\n<p class=\"bbc-hhl7in e17g058b0\" dir=\"ltr\">Reino Unido gasta actualmente el 2,3% de su PIB en defensa, con el objetivo de alcanzar el 2,6% para 2027. Francia destina anualmente el 2,1% de su PIB al gasto militar.<\/p>\n<p dir=\"ltr\">\n<\/div>\n<figure class=\"bbc-1qn0xuy\">\n<div class=\"bbc-18ywsw9\">\n<div style=\"width: 1016px\" class=\"wp-caption alignnone\"><img loading=\"lazy\" decoding=\"async\" class=\"bbc-139onq\" src=\"https:\/\/ichef.bbci.co.uk\/ace\/ws\/640\/cpsprodpb\/cb18\/live\/5681b100-09c6-11f0-819c-6df4a0ed7a22.jpg.webp\" alt=\"Donald Trump.\" width=\"1006\" height=\"566\" \/><p class=\"wp-caption-text\">Fuente de la imagen,Getty Images.\u00a0\u00a0Las cr\u00edticas de Trump a Europa empezaron en su primera presidencia.<\/p><\/div>\n<p class=\"bbc-by8ykd\" role=\"text\">\n<\/div>\n<\/figure>\n<div class=\"bbc-19j92fr ebmt73l0\" dir=\"ltr\">\n<p dir=\"ltr\">\n<p class=\"bbc-hhl7in e17g058b0\" dir=\"ltr\">Durante la Guerra Fr\u00eda, el enemigo com\u00fan era la Uni\u00f3n Sovi\u00e9tica, que abarcaba amplias zonas de Europa del Este.<\/p>\n<\/div>\n<div class=\"bbc-19j92fr ebmt73l0\" dir=\"ltr\">\n<p class=\"bbc-hhl7in e17g058b0\" dir=\"ltr\">Estados Unidos quer\u00eda mantener a Europa Occidental cerca y que siguiera dependiendo de Washington militarmente.<\/p>\n<\/div>\n<div class=\"bbc-19j92fr ebmt73l0\" dir=\"ltr\">\n<p class=\"bbc-hhl7in e17g058b0\" dir=\"ltr\">Desde entonces, ha habido una creciente apat\u00eda hacia la OTAN y Europa. En especial, despu\u00e9s de los ataques a las Torres Gemelas del 11 de septiembre de 2001 en Estados Unidos.<\/p>\n<\/div>\n<div class=\"bbc-19j92fr ebmt73l0\" dir=\"ltr\">\n<p class=\"bbc-hhl7in e17g058b0\" dir=\"ltr\">En Washington, la atenci\u00f3n se centr\u00f3 en Irak y Afganist\u00e1n. Y en China.<\/p>\n<\/div>\n<div class=\"bbc-19j92fr ebmt73l0\" dir=\"ltr\">\n<p class=\"bbc-hhl7in e17g058b0\" dir=\"ltr\">El presidente Barack Obama dej\u00f3 claro que quer\u00eda que Asia fuera su prioridad en pol\u00edtica exterior.<\/p>\n<\/div>\n<div class=\"bbc-19j92fr ebmt73l0\" dir=\"ltr\">\n<p class=\"bbc-hhl7in e17g058b0\" dir=\"ltr\">Trump no es, ni mucho menos, el primer presidente estadounidense que se queja de la reticencia de Europa a hacer m\u00e1s por su propia defensa, as\u00ed como a gastar m\u00e1s en ella.<\/p>\n<\/div>\n<div class=\"bbc-19j92fr ebmt73l0\" dir=\"ltr\">\n<p class=\"bbc-hhl7in e17g058b0\" dir=\"ltr\">Pero con Trump, tambi\u00e9n existe una profunda divisi\u00f3n ideol\u00f3gica, en cuanto a los valores sociales, como aludi\u00f3 JD Vance en M\u00fanich, pero no solo eso.<\/p>\n<\/div>\n<div class=\"bbc-19j92fr ebmt73l0\" dir=\"ltr\">\n<p class=\"bbc-hhl7in e17g058b0\" dir=\"ltr\">Trump demuestra -y esto es clave- no solo antipat\u00eda por Europa e impaciencia por terminar con la guerra en Ucrania, sino tambi\u00e9n afinidad con el ruso Vladimir Putin, en un momento en que Europa lo considera una amenaza inmediata para la seguridad y el bienestar de todo el continente.<\/p>\n<\/div>\n","protected":false},"excerpt":{"rendered":"<p>&nbsp; &nbsp; &#8220;Es horrible verlo tan claramente. Pero no sorprende&#8221;. As\u00ed reaccion\u00f3 un diplom\u00e1tico europeo frente a lo que parece un profundo y sincero desprecio&hellip;<\/p>\n","protected":false},"author":99,"featured_media":530098,"comment_status":"open","ping_status":"open","sticky":false,"template":"","format":"standard","meta":{"footnotes":""},"categories":[24],"tags":[],"class_list":["post-530097","post","type-post","status-publish","format-standard","has-post-thumbnail","hentry","category-mundo"],"_links":{"self":[{"href":"https:\/\/diarioelpopular.com\/index.php\/wp-json\/wp\/v2\/posts\/530097","targetHints":{"allow":["GET"]}}],"collection":[{"href":"https:\/\/diarioelpopular.com\/index.php\/wp-json\/wp\/v2\/posts"}],"about":[{"href":"https:\/\/diarioelpopular.com\/index.php\/wp-json\/wp\/v2\/types\/post"}],"author":[{"embeddable":true,"href":"https:\/\/diarioelpopular.com\/index.php\/wp-json\/wp\/v2\/users\/99"}],"replies":[{"embeddable":true,"href":"https:\/\/diarioelpopular.com\/index.php\/wp-json\/wp\/v2\/comments?post=530097"}],"version-history":[{"count":1,"href":"https:\/\/diarioelpopular.com\/index.php\/wp-json\/wp\/v2\/posts\/530097\/revisions"}],"predecessor-version":[{"id":530099,"href":"https:\/\/diarioelpopular.com\/index.php\/wp-json\/wp\/v2\/posts\/530097\/revisions\/530099"}],"wp:featuredmedia":[{"embeddable":true,"href":"https:\/\/diarioelpopular.com\/index.php\/wp-json\/wp\/v2\/media\/530098"}],"wp:attachment":[{"href":"https:\/\/diarioelpopular.com\/index.php\/wp-json\/wp\/v2\/media?parent=530097"}],"wp:term":[{"taxonomy":"category","embeddable":true,"href":"https:\/\/diarioelpopular.com\/index.php\/wp-json\/wp\/v2\/categories?post=530097"},{"taxonomy":"post_tag","embeddable":true,"href":"https:\/\/diarioelpopular.com\/index.php\/wp-json\/wp\/v2\/tags?post=530097"}],"curies":[{"name":"wp","href":"https:\/\/api.w.org\/{rel}","templated":true}]}}