{"id":530388,"date":"2025-04-04T08:44:31","date_gmt":"2025-04-04T12:44:31","guid":{"rendered":"https:\/\/diarioelpopular.com\/?p=530388"},"modified":"2025-04-04T08:44:31","modified_gmt":"2025-04-04T12:44:31","slug":"por-que-mexico-tiene-trato-preferente-ante-los-aranceles-de-trump-y-en-que-se-puede-beneficiar-del-nuevo-orden-comercial","status":"publish","type":"post","link":"https:\/\/diarioelpopular.com\/index.php\/2025\/04\/04\/por-que-mexico-tiene-trato-preferente-ante-los-aranceles-de-trump-y-en-que-se-puede-beneficiar-del-nuevo-orden-comercial\/","title":{"rendered":"Por qu\u00e9 M\u00e9xico tiene &#8220;trato preferente&#8221; ante los aranceles de Trump y en qu\u00e9 se puede beneficiar del nuevo orden comercial"},"content":{"rendered":"<p><img loading=\"lazy\" decoding=\"async\" class=\"alignnone size-custom-full-size wp-image-530389\" src=\"https:\/\/diarioelpopular.com\/wp-content\/uploads\/2025\/04\/Screen-Shot-2025-04-04-at-8.44.00-AM-636x366.png\" alt=\"\" width=\"636\" height=\"366\" srcset=\"https:\/\/diarioelpopular.com\/wp-content\/uploads\/2025\/04\/Screen-Shot-2025-04-04-at-8.44.00-AM-636x366.png 636w, https:\/\/diarioelpopular.com\/wp-content\/uploads\/2025\/04\/Screen-Shot-2025-04-04-at-8.44.00-AM-300x173.png 300w, https:\/\/diarioelpopular.com\/wp-content\/uploads\/2025\/04\/Screen-Shot-2025-04-04-at-8.44.00-AM-768x442.png 768w, https:\/\/diarioelpopular.com\/wp-content\/uploads\/2025\/04\/Screen-Shot-2025-04-04-at-8.44.00-AM-127x73.png 127w, https:\/\/diarioelpopular.com\/wp-content\/uploads\/2025\/04\/Screen-Shot-2025-04-04-at-8.44.00-AM.png 1022w\" sizes=\"auto, (max-width: 636px) 100vw, 636px\" \/><\/p>\n<p>&nbsp;<\/p>\n<div class=\"bbc-19j92fr ebmt73l0\" dir=\"ltr\">\n<ul>\n<li class=\"bbc-hhl7in e17g058b0\" dir=\"ltr\"><em><b>Cuando este jueves, al iniciar su rueda de prensa matutina, un periodista le pregunt\u00f3 a Claudia Sheinbaum si estaba contenta, la presidente mexicana paus\u00f3, salud\u00f3 y sonri\u00f3 con el tono de satisfacci\u00f3n, relajado pero victorioso, que mantuvo durante toda la conferencia.<\/b><\/em><\/li>\n<\/ul>\n<\/div>\n<div class=\"bbc-19j92fr ebmt73l0\" dir=\"ltr\">\n<p dir=\"ltr\">\n<p class=\"bbc-hhl7in e17g058b0\" dir=\"ltr\">&#8220;Para M\u00e9xico no habr\u00e1 aranceles, y eso es bueno para el pa\u00eds, aunque algunos no quieran reconocerlo (risas). Tiene que ver con la buena relaci\u00f3n que hemos construido entre el gobierno de M\u00e9xico y el de Estados Unidos&#8221;, afirm\u00f3. Pero en realidad son las obligaciones legales adquiridas con el tratado de libre comercio TMEC.<\/p>\n<\/div>\n<div class=\"bbc-19j92fr ebmt73l0\" dir=\"ltr\">\n<p class=\"bbc-hhl7in e17g058b0\" dir=\"ltr\">&#8220;Trato preferente&#8221;, esa es la expresi\u00f3n del d\u00eda en M\u00e9xico porque este fue el \u00fanico pa\u00eds en el mundo \u2014al igual que Canad\u00e1, aunque con matices\u2014 que no entr\u00f3 en el pol\u00e9mico esquema de aranceles anunciado el mi\u00e9rcoles por el presidente Donald Trump.<\/p>\n<\/div>\n<div class=\"bbc-19j92fr ebmt73l0\" dir=\"ltr\">\n<p class=\"bbc-hhl7in e17g058b0\" dir=\"ltr\">En su discurso, el mandatario dio a conocer los llamados &#8220;aranceles rec\u00edprocos&#8221; que tendr\u00e1n las importaciones a EE.UU. de pa\u00edses como China, del 34%, o la Uni\u00f3n Europea, del 20%.<\/p>\n<\/div>\n<div class=\"bbc-19j92fr ebmt73l0\" dir=\"ltr\">\n<p class=\"bbc-hhl7in e17g058b0\" dir=\"ltr\">M\u00e9xico, en cambio, no fue mencionado. Hubo espacio para criticar el Tratado entre M\u00e9xico, Estados Unidos y Canad\u00e1 (TMEC), pero este, uno de los acuerdos de libre comercio m\u00e1s grandes del mundo, se mantuvo intacto por asuntos de legalidad.<\/p>\n<\/div>\n<div class=\"bbc-1n4f7vm ebmt73l0\" dir=\"ltr\"><\/div>\n<div class=\"bbc-19j92fr ebmt73l0\" dir=\"ltr\">\n<p class=\"bbc-hhl7in e17g058b0\" dir=\"ltr\">Y, entonces, el peso mexicano se apreci\u00f3 en un 2%. Y el gobierno de Sheinbaum celebr\u00f3.<\/p>\n<\/div>\n<div class=\"bbc-19j92fr ebmt73l0\" dir=\"ltr\">\n<p class=\"bbc-hhl7in e17g058b0\" dir=\"ltr\">El secretario de Econom\u00eda, Marcelo Ebrard, dijo que &#8220;el tratado se mantiene y eso es un logro mayor, no lo demos por sentado, porque en un nuevo orden comercial fundado en tarifas, es muy dif\u00edcil que sobreviva un tratado de libre comercio&#8221;.<\/p>\n<\/div>\n<div class=\"bbc-19j92fr ebmt73l0\" dir=\"ltr\">\n<p class=\"bbc-hhl7in e17g058b0\" dir=\"ltr\">En efecto, de los 14 tratados semejantes que tiene EE.UU., solo el mexicano se va a respetar a cabalidad.<\/p>\n<\/div>\n<div class=\"bbc-19j92fr ebmt73l0\" dir=\"ltr\">\n<p class=\"bbc-hhl7in e17g058b0\" dir=\"ltr\">Pero no todo es fiesta: los aranceles del 25% a las exportaciones mexicanas hacia EE.UU. que no est\u00e1n amparadas por el tratado \u2014un 40% del total, la mayor\u00eda del sector automotriz\u2014 siguen vigentes y ahora el reto de Sheinbaum es reducir ese n\u00famero.<\/p>\n<\/div>\n<div class=\"bbc-19j92fr ebmt73l0\" dir=\"ltr\">\n<p class=\"bbc-hhl7in e17g058b0\" dir=\"ltr\">&#8220;Se sigue trabajando y dialogando&#8221;, dijo Ebrard, quien anunci\u00f3 que en los pr\u00f3ximos 40 d\u00edas intentar\u00e1n &#8220;lograr mejores condiciones&#8221;.<\/p>\n<p dir=\"ltr\">\n<\/div>\n<figure class=\"bbc-1qn0xuy\">\n<div class=\"bbc-18ywsw9\">\n<div style=\"width: 986px\" class=\"wp-caption alignnone\"><img loading=\"lazy\" decoding=\"async\" class=\"bbc-139onq\" src=\"https:\/\/ichef.bbci.co.uk\/ace\/ws\/640\/cpsprodpb\/0580\/live\/4a401630-10be-11f0-ac9f-c37d6fd89579.jpg.webp\" alt=\"Ebrard\" width=\"976\" height=\"549\" \/><p class=\"wp-caption-text\">Fuente de la imagen,Getty Images.\u00a0\u00a0El mapa que M\u00e9xico hoy muestra con orgullo.<\/p><\/div>\n<p class=\"bbc-by8ykd\" role=\"text\">\n<\/div>\n<\/figure>\n<div class=\"bbc-19j92fr ebmt73l0\" dir=\"ltr\">\n<h2 id=\"Las-claves-del-trato-preferente\" class=\"bbc-1lgzob2 eglt09e0\" tabindex=\"-1\">Las claves del trato preferente<\/h2>\n<\/div>\n<div class=\"bbc-19j92fr ebmt73l0\" dir=\"ltr\">\n<p class=\"bbc-hhl7in e17g058b0\" dir=\"ltr\">Desde que Trump lleg\u00f3 al poder, el gobierno de Sheinbaum se ha dedicado a negociar con su equipo en busca de que se respete el TMEC, un tratado que beneficia a ambos pa\u00edses, pero del que M\u00e9xico, que vende a EE.UU. el 80% de sus exportaciones, es mucho m\u00e1s dependiente.<\/p>\n<\/div>\n<div class=\"bbc-19j92fr ebmt73l0\" dir=\"ltr\">\n<p class=\"bbc-hhl7in e17g058b0\" dir=\"ltr\">&#8220;Estamos protegiendo 10 millones de empleos mexicanos, esa es nuestra prioridad&#8221;, se\u00f1al\u00f3 la presidenta.<\/p>\n<\/div>\n<div class=\"bbc-19j92fr ebmt73l0\" dir=\"ltr\">\n<p class=\"bbc-hhl7in e17g058b0\" dir=\"ltr\">Y para eso el gobierno mexicano ha incautado decenas de toneladas de fentanilo, el opioide que deja 80.000 muertos al a\u00f1o en EE.UU.; ha generado controles en las fronteras para reducir el tr\u00e1fico de migrantes, que ha ca\u00eddo en un 90%; y ha redoblado la lucha en contra del crimen organizado deteniendo a algunos de los m\u00e1s prominentes capos, fortaleciendo al ej\u00e9rcito y a las polic\u00edas y enviando a 10.000 soldados a la frontera norte.<\/p>\n<\/div>\n<div class=\"bbc-19j92fr ebmt73l0\" dir=\"ltr\">\n<p class=\"bbc-hhl7in e17g058b0\" dir=\"ltr\">Gracias al TMEC, a la guerra comercial con China y a los cambios en las din\u00e1micas de la globalizaci\u00f3n, M\u00e9xico se convirti\u00f3 en los \u00faltimos a\u00f1os en el socio comercial m\u00e1s importante de EE.UU., con exportaciones hacia ese pa\u00eds cuyo valor sobrepasa el de las procedentes de China.<\/p>\n<\/div>\n<div class=\"bbc-19j92fr ebmt73l0\" dir=\"ltr\">\n<p class=\"bbc-hhl7in e17g058b0\" dir=\"ltr\">Es decir: un arancel a M\u00e9xico tiene, proporcionalmente, mucho m\u00e1s impacto sobre los consumidores estadounidenses que cualquier otro en el mundo.<\/p>\n<\/div>\n<div class=\"bbc-19j92fr ebmt73l0\" dir=\"ltr\">\n<p class=\"bbc-hhl7in e17g058b0\" dir=\"ltr\">Sheinbaum ha respondido a Trump con lo que ella llama &#8220;cabeza fr\u00eda con respeto a la soberan\u00eda: no anunci\u00f3 medidas concretas de retaliaci\u00f3n pero no descart\u00f3 esa posibilidad; manifest\u00f3 estar en desacuerdo con los aranceles pero no descalific\u00f3 a un presidente que es su ant\u00edtesis ideol\u00f3gica; y ha usado la experiencia del Estado mexicano tras d\u00e9cadas de constante negociaci\u00f3n y adaptaci\u00f3n con Washington.<\/p>\n<\/div>\n<div class=\"bbc-19j92fr ebmt73l0\" dir=\"ltr\">\n<p class=\"bbc-hhl7in e17g058b0\" dir=\"ltr\">Todo esto lo ha podido hacer sin muchos sobresaltos porque su partido, Morena, domina las tres ramas del Estado y la oposici\u00f3n est\u00e1 muy debilitada.<\/p>\n<\/div>\n<div class=\"bbc-19j92fr ebmt73l0\" dir=\"ltr\">\n<h2 id=\"M\u00e9xico-ante-el-nuevo-orden-mundial\" class=\"bbc-1lgzob2 eglt09e0\" tabindex=\"-1\">M\u00e9xico ante el nuevo orden mundial<\/h2>\n<\/div>\n<div class=\"bbc-19j92fr ebmt73l0\" dir=\"ltr\">\n<p class=\"bbc-hhl7in e17g058b0\" dir=\"ltr\">Ahora la pregunta es qu\u00e9 puede hacer M\u00e9xico con ese &#8220;trato preferente&#8221;.<\/p>\n<\/div>\n<div class=\"bbc-19j92fr ebmt73l0\" dir=\"ltr\">\n<p class=\"bbc-hhl7in e17g058b0\" dir=\"ltr\">Carlos Aguirre, consultor en finanzas y profesor de la Universidad iberoamericana, cree que al menos en el corto plazo hay un beneficio.<\/p>\n<\/div>\n<div class=\"bbc-19j92fr ebmt73l0\" dir=\"ltr\">\n<p class=\"bbc-hhl7in e17g058b0\" dir=\"ltr\">&#8220;Como se resolvi\u00f3 que el comercio que entra en el TMEC no estar\u00e1 sujeto a aranceles, muchas empresas que quiz\u00e1 antes no entraron para evitar los temas de administraci\u00f3n y reglas de origen que implica el tratado, ahora van a querer hacerlo&#8221;, explica.<\/p>\n<\/div>\n<div class=\"bbc-19j92fr ebmt73l0\" dir=\"ltr\">\n<p class=\"bbc-hhl7in e17g058b0\" dir=\"ltr\">&#8220;Y entre m\u00e1s empresas entren al TMEC, menos aranceles se van a pagar&#8221;.<\/p>\n<\/div>\n<div class=\"bbc-19j92fr ebmt73l0\" dir=\"ltr\">\n<p class=\"bbc-hhl7in e17g058b0\" dir=\"ltr\">&#8220;Muchas empresas que pensaron en irse (tras la llegada de Trump), ahora van a quedarse y van a intentar entrar el TMEC&#8221;, asegura.<\/p>\n<\/div>\n<div class=\"bbc-19j92fr ebmt73l0\" dir=\"ltr\">\n<p class=\"bbc-hhl7in e17g058b0\" dir=\"ltr\">Dicho eso, el experto se pregunta qu\u00e9 pasa a mediano y largo plazo: &#8220;M\u00e9xico no tiene mucha opci\u00f3n de diversificar sus exportaciones ante el reordenamiento arbitrario y discriminatorio planteado por Trump, y en ese sentido Norteam\u00e9rica puede terminar aislada de un mundo que va a responder a esto con m\u00e1s comercio sin EE.UU.&#8221;.<\/p>\n<p dir=\"ltr\">\n<\/div>\n<figure class=\"bbc-1qn0xuy\">\n<div class=\"bbc-18ywsw9\">\n<div style=\"width: 986px\" class=\"wp-caption alignnone\"><img loading=\"lazy\" decoding=\"async\" class=\"bbc-139onq\" src=\"https:\/\/ichef.bbci.co.uk\/ace\/ws\/640\/cpsprodpb\/e97e\/live\/7fba1ea0-10be-11f0-b234-07dc7691c360.jpg.webp\" alt=\"TMEC\" width=\"976\" height=\"549\" \/><p class=\"wp-caption-text\">Fuente de la imagen,Getty Images.\u00a0\u00a0M\u00e9xico es el principal socio comercial de Estados Unidos.<\/p><\/div>\n<p class=\"bbc-by8ykd\" role=\"text\">\n<\/div>\n<\/figure>\n<div class=\"bbc-19j92fr ebmt73l0\" dir=\"ltr\">\n<p dir=\"ltr\">\n<p class=\"bbc-hhl7in e17g058b0\" dir=\"ltr\">Sheinbaum apuesta a aprovechar este nuevo orden del comercio con una reindustrializaci\u00f3n de su propia econom\u00eda.<\/p>\n<\/div>\n<div class=\"bbc-19j92fr ebmt73l0\" dir=\"ltr\">\n<p class=\"bbc-hhl7in e17g058b0\" dir=\"ltr\">El jueves se reuni\u00f3 en el simb\u00f3lico Museo de Antropolog\u00eda con empresarios, gobernadores y legisladores para ultimar detalles de su Plan M\u00e9xico, una estrategia econ\u00f3mica que busca fortalecer las industrias mexicanas al tiempo que atraer inversiones extranjeras que fortalezcan el rol del pa\u00eds en el nuevo orden comercial planteado por Trump.<\/p>\n<\/div>\n<div class=\"bbc-19j92fr ebmt73l0\" dir=\"ltr\">\n<p class=\"bbc-hhl7in e17g058b0\" dir=\"ltr\">O en otras palabras: hacer de Norteam\u00e9rica una alternativa m\u00e1s barata, eficiente y competitiva que China.<\/p>\n<\/div>\n<div class=\"bbc-19j92fr ebmt73l0\" dir=\"ltr\">\n<p class=\"bbc-hhl7in e17g058b0\" dir=\"ltr\">Sheinbaum espera que, con esto, M\u00e9xico sea una de las 10 primeras econom\u00edas del mundo (es la 13); crear 1,5 millones de empleos, capacitar a miles de profesionales y t\u00e9cnicos, dar incentivos tributarios a las empresas que innoven y aumentar la producci\u00f3n local de energ\u00eda.<\/p>\n<\/div>\n<div class=\"bbc-19j92fr ebmt73l0\" dir=\"ltr\">\n<p class=\"bbc-hhl7in e17g058b0\" dir=\"ltr\">&#8220;Nosotros estamos particularmente enfocados en aterrizar el Plan M\u00e9xico&#8221;, dijo el jueves.<\/p>\n<\/div>\n<div class=\"bbc-19j92fr ebmt73l0\" dir=\"ltr\">\n<p class=\"bbc-hhl7in e17g058b0\" dir=\"ltr\">De lograrlo, la pregunta es si M\u00e9xico lograr\u00e1 ser un puente entre el mundo y EE.UU., como lo ven\u00eda haciendo en los \u00faltimos a\u00f1os, o si termina aislada del mundo junto a EE.UU.<\/p>\n<\/div>\n","protected":false},"excerpt":{"rendered":"<p>&nbsp; Cuando este jueves, al iniciar su rueda de prensa matutina, un periodista le pregunt\u00f3 a Claudia Sheinbaum si estaba contenta, la presidente mexicana paus\u00f3,&hellip;<\/p>\n","protected":false},"author":99,"featured_media":530389,"comment_status":"open","ping_status":"open","sticky":false,"template":"","format":"standard","meta":{"footnotes":""},"categories":[23],"tags":[],"class_list":["post-530388","post","type-post","status-publish","format-standard","has-post-thumbnail","hentry","category-latinoamerica"],"_links":{"self":[{"href":"https:\/\/diarioelpopular.com\/index.php\/wp-json\/wp\/v2\/posts\/530388","targetHints":{"allow":["GET"]}}],"collection":[{"href":"https:\/\/diarioelpopular.com\/index.php\/wp-json\/wp\/v2\/posts"}],"about":[{"href":"https:\/\/diarioelpopular.com\/index.php\/wp-json\/wp\/v2\/types\/post"}],"author":[{"embeddable":true,"href":"https:\/\/diarioelpopular.com\/index.php\/wp-json\/wp\/v2\/users\/99"}],"replies":[{"embeddable":true,"href":"https:\/\/diarioelpopular.com\/index.php\/wp-json\/wp\/v2\/comments?post=530388"}],"version-history":[{"count":1,"href":"https:\/\/diarioelpopular.com\/index.php\/wp-json\/wp\/v2\/posts\/530388\/revisions"}],"predecessor-version":[{"id":530390,"href":"https:\/\/diarioelpopular.com\/index.php\/wp-json\/wp\/v2\/posts\/530388\/revisions\/530390"}],"wp:featuredmedia":[{"embeddable":true,"href":"https:\/\/diarioelpopular.com\/index.php\/wp-json\/wp\/v2\/media\/530389"}],"wp:attachment":[{"href":"https:\/\/diarioelpopular.com\/index.php\/wp-json\/wp\/v2\/media?parent=530388"}],"wp:term":[{"taxonomy":"category","embeddable":true,"href":"https:\/\/diarioelpopular.com\/index.php\/wp-json\/wp\/v2\/categories?post=530388"},{"taxonomy":"post_tag","embeddable":true,"href":"https:\/\/diarioelpopular.com\/index.php\/wp-json\/wp\/v2\/tags?post=530388"}],"curies":[{"name":"wp","href":"https:\/\/api.w.org\/{rel}","templated":true}]}}