{"id":530392,"date":"2025-04-04T08:45:18","date_gmt":"2025-04-04T12:45:18","guid":{"rendered":"https:\/\/diarioelpopular.com\/?p=530392"},"modified":"2025-04-04T08:45:18","modified_gmt":"2025-04-04T12:45:18","slug":"conscientes-de-un-vivir-en-conciencia-el-fundamento-de-los-consensos","status":"publish","type":"post","link":"https:\/\/diarioelpopular.com\/index.php\/2025\/04\/04\/conscientes-de-un-vivir-en-conciencia-el-fundamento-de-los-consensos\/","title":{"rendered":"CONSCIENTES DE UN VIVIR EN CONCIENCIA:  EL FUNDAMENTO DE LOS CONSENSOS"},"content":{"rendered":"<p class=\"p5\"><b><i>\u201cAxiom\u00e1ticamente, no hay m\u00e1s que un avance: la cognici\u00f3n al servicio de la entereza; como tampoco hay m\u00e1s que un desarrollo: el don de la inspiraci\u00f3n al servicio de la entrega\u201d.<\/i><\/b><\/p>\n<p class=\"p6\"><b><i><span class=\"Apple-converted-space\">\u00a0<\/span><\/i><\/b><\/p>\n<p class=\"p5\"><b><i>=============================<\/i><\/b><\/p>\n<p class=\"p7\"><b><i>V\u00edctor CORCOBA HERRERO\/ Escritor<\/i><\/b><\/p>\n<p class=\"p7\"><b><i>corcoba@telefonica.net <\/i><\/b><\/p>\n<p class=\"p7\"><b>=============================<\/b><span class=\"Apple-converted-space\">\u00a0<\/span><\/p>\n<p class=\"p9\">Nos hemos globalizado y, eso, est\u00e1 muy bien; ahora nos falta sustentarnos en el verdadero amor, conocedores de que el esp\u00edritu fraterno, es lo que nos obliga a desvivirnos por vivir la acci\u00f3n colectiva, como fuerza orientadora para lograr la concordia, desde el abecedario del respeto mutuo y el lenguaje de la tolerancia. En consecuencia, ha llegado el momento, tan precioso como preciso, de activar la pausa, para o\u00edrnos y vernos junto al mejor libro de moral que llevamos en nuestro fuero interno, lo que conlleva prioritariamente a recogerse y acogerse unos en otros; puesto que, nuestra historia humana, tambi\u00e9n tiene un destino com\u00fan. Desde luego, esta nueva era debe volcarse en lo aut\u00e9ntico, comenzando por asegurar a todo ser humano una existencia conforme a su dignidad. <span class=\"Apple-converted-space\">\u00a0<\/span><\/p>\n<p class=\"p9\">El relativismo no es la soluci\u00f3n y la falsedad nos deja sin percepci\u00f3n. Aprendamos a desenmascarar, el verdadero peligro destructor, ese que radica en cada uno de nosotros, pues disponemos de instrumentos cada vez m\u00e1s poderosos, capaces de llevarnos tanto a la ruina como a las m\u00e1s altas conquistas. Es cuesti\u00f3n, entonces, de tomar reparo. Esto hace que nos descubramos, acus\u00e1ndonos a nosotros mismos, por no haber sido capaces de aprender a reprendernos. Sin duda, necesitamos tiempo para nosotros, para la reflexi\u00f3n \u00e9tica y la clemente faena, sobre todo a la hora de abordar nuestros propios retos. De lo contrario, germinar\u00e1 la furia irresponsable, al no haber trabajado por mantener viva esa peque\u00f1a chispa iluminadora de fuego celeste, que puebla los interiores para poder discernir.<span class=\"Apple-converted-space\">\u00a0<\/span><\/p>\n<p class=\"p9\">Axiom\u00e1ticamente, no hay m\u00e1s que un avance: la cognici\u00f3n al servicio de la entereza; como tampoco hay m\u00e1s que un desarrollo: el don de la inspiraci\u00f3n al servicio de la entrega. Pero, \u00a1cuidado!, esto no significa seguir al inter\u00e9s del propio yo, haciendo lo que me conviene. \u00a1No es esto! Realmente, la sabidur\u00eda radica en ese espacio \u00edntimo, donde confluye la verdad con la bondad, el esp\u00edritu donante con la suma de labores conjuntas, hasta volvernos ciudadanos dispuestos a trabajar: coraz\u00f3n con coraz\u00f3n y sin coraza. La quietud, en efecto, no se consigue mediante el equilibrio de fuerzas y de beneficios, se alcanza m\u00e1s bien con la confianza que nos inspiran sentimientos humanitarios. Por otra parte, una sociedad es noble y respetable por su apego a los principios fundamentales.<\/p>\n<p class=\"p9\">Por ello, es vital que la ciudadan\u00eda tome conciencia de que estamos viviendo situaciones verdaderamente crueles e inhumanas. El primer cambio es de conciencia, de que la justicia social se ajuste a la diversidad cultural, dando visibilidad a los m\u00e1s vulnerables. Tambi\u00e9n hay que frenar los discursos de odio; si es preciso usando la inteligencia artificial o patrullando las redes sociales, para detectar y frenar el ciberacoso y la violencia digital. Adem\u00e1s, quiz\u00e1s tengamos que continuar educando para la sociabilidad, considerando algo tan vital, como que no se pierda un solo talento por falta de oportunidades. Lo que nos recuerda, asimismo, que tenemos que salir de este mundo de barbarie o este mundo pondr\u00e1 fin a la humanidad.<span class=\"Apple-converted-space\">\u00a0<\/span><\/p>\n<p class=\"p9\">Hay que enamorar al mundo, en comuni\u00f3n de servicio. Urge, por ende, que todos fomentemos una cultura de paz con amor y lo hagamos activando la voz del alma. Tan s\u00f3lo hay que proceder, con unas entretelas puras, a promover una conciencia global, que de sanaci\u00f3n a un mundo fracturado y peligroso, en el que nadie es nada por s\u00ed mismo, sin los dem\u00e1s. Nos precisamos todos. De modo que, cuando hablamos de cuidar la casa com\u00fan que es el planeta, acudamos a ese m\u00ednimo de noci\u00f3n universal y de preocupaci\u00f3n por el cuidado mutuo. Porque si alguien tiene algo que ofrecer, para dar vida, es porque ha logrado una altura moral que le permite transcenderse para s\u00ed y para sus an\u00e1logos. L\u00f3gicamente, cualquier ciudadano de bien, prefiere perder el honor antes que la sensatez.<span class=\"Apple-converted-space\">\u00a0<\/span><\/p>\n<p class=\"p10\"><b>V\u00edctor CORCOBA HERRERO\/ Escritor<\/b><\/p>\n<p class=\"p10\"><b><span class=\"Apple-converted-space\">\u00a0<\/span>HYPERLINK &#8220;mailto:corcoba@telefonica.net&#8221; <\/b><span class=\"s3\"><b>corcoba@telefonica.net<\/b><\/span><\/p>\n<p class=\"p10\"><b>04 de abril de 2025.-<span class=\"Apple-converted-space\">\u00a0<\/span><\/b><\/p>\n","protected":false},"excerpt":{"rendered":"<p>\u201cAxiom\u00e1ticamente, no hay m\u00e1s que un avance: la cognici\u00f3n al servicio de la entereza; como tampoco hay m\u00e1s que un desarrollo: el don de la&hellip;<\/p>\n","protected":false},"author":99,"featured_media":0,"comment_status":"open","ping_status":"open","sticky":false,"template":"","format":"standard","meta":{"footnotes":""},"categories":[11353,81],"tags":[],"class_list":["post-530392","post","type-post","status-publish","format-standard","hentry","category-algo-mas-que-palabras","category-columnistas"],"_links":{"self":[{"href":"https:\/\/diarioelpopular.com\/index.php\/wp-json\/wp\/v2\/posts\/530392","targetHints":{"allow":["GET"]}}],"collection":[{"href":"https:\/\/diarioelpopular.com\/index.php\/wp-json\/wp\/v2\/posts"}],"about":[{"href":"https:\/\/diarioelpopular.com\/index.php\/wp-json\/wp\/v2\/types\/post"}],"author":[{"embeddable":true,"href":"https:\/\/diarioelpopular.com\/index.php\/wp-json\/wp\/v2\/users\/99"}],"replies":[{"embeddable":true,"href":"https:\/\/diarioelpopular.com\/index.php\/wp-json\/wp\/v2\/comments?post=530392"}],"version-history":[{"count":1,"href":"https:\/\/diarioelpopular.com\/index.php\/wp-json\/wp\/v2\/posts\/530392\/revisions"}],"predecessor-version":[{"id":530393,"href":"https:\/\/diarioelpopular.com\/index.php\/wp-json\/wp\/v2\/posts\/530392\/revisions\/530393"}],"wp:attachment":[{"href":"https:\/\/diarioelpopular.com\/index.php\/wp-json\/wp\/v2\/media?parent=530392"}],"wp:term":[{"taxonomy":"category","embeddable":true,"href":"https:\/\/diarioelpopular.com\/index.php\/wp-json\/wp\/v2\/categories?post=530392"},{"taxonomy":"post_tag","embeddable":true,"href":"https:\/\/diarioelpopular.com\/index.php\/wp-json\/wp\/v2\/tags?post=530392"}],"curies":[{"name":"wp","href":"https:\/\/api.w.org\/{rel}","templated":true}]}}