{"id":530425,"date":"2025-04-05T08:46:27","date_gmt":"2025-04-05T12:46:27","guid":{"rendered":"https:\/\/diarioelpopular.com\/?p=530425"},"modified":"2025-04-05T08:46:27","modified_gmt":"2025-04-05T12:46:27","slug":"una-jueza-ordena-al-gobierno-de-trump-devolver-a-estados-unidos-antes-del-martes-al-salvadoreno-deportado-por-error","status":"publish","type":"post","link":"https:\/\/diarioelpopular.com\/index.php\/2025\/04\/05\/una-jueza-ordena-al-gobierno-de-trump-devolver-a-estados-unidos-antes-del-martes-al-salvadoreno-deportado-por-error\/","title":{"rendered":"Una jueza ordena al Gobierno de Trump devolver a Estados Unidos antes del martes al salvadore\u00f1o deportado por error"},"content":{"rendered":"<div id=\"attachment_530426\" style=\"width: 1210px\" class=\"wp-caption alignnone\"><img loading=\"lazy\" decoding=\"async\" aria-describedby=\"caption-attachment-530426\" class=\"wp-image-530426 size-custom-big-size\" src=\"https:\/\/diarioelpopular.com\/wp-content\/uploads\/2025\/04\/Screen-Shot-2025-04-05-at-8.45.26-AM-1200x805.png\" alt=\"\" width=\"1200\" height=\"805\" srcset=\"https:\/\/diarioelpopular.com\/wp-content\/uploads\/2025\/04\/Screen-Shot-2025-04-05-at-8.45.26-AM-1200x805.png 1200w, https:\/\/diarioelpopular.com\/wp-content\/uploads\/2025\/04\/Screen-Shot-2025-04-05-at-8.45.26-AM-300x201.png 300w, https:\/\/diarioelpopular.com\/wp-content\/uploads\/2025\/04\/Screen-Shot-2025-04-05-at-8.45.26-AM-768x515.png 768w, https:\/\/diarioelpopular.com\/wp-content\/uploads\/2025\/04\/Screen-Shot-2025-04-05-at-8.45.26-AM-636x427.png 636w, https:\/\/diarioelpopular.com\/wp-content\/uploads\/2025\/04\/Screen-Shot-2025-04-05-at-8.45.26-AM-80x55.png 80w, https:\/\/diarioelpopular.com\/wp-content\/uploads\/2025\/04\/Screen-Shot-2025-04-05-at-8.45.26-AM-109x73.png 109w, https:\/\/diarioelpopular.com\/wp-content\/uploads\/2025\/04\/Screen-Shot-2025-04-05-at-8.45.26-AM.png 1024w\" sizes=\"auto, (max-width: 1200px) 100vw, 1200px\" \/><p id=\"caption-attachment-530426\" class=\"wp-caption-text\">Familiares del migrante salvadore\u00f1o, en El Salvador. Foto Jose Cabezas (REUTERS)<\/p><\/div>\n<p>&nbsp;<\/p>\n<p>&nbsp;<\/p>\n<h4 class=\"a_st\"><em>&#8211; La magistrada considera que el traslado fue \u2018ilegal\u2019 y exige el regreso del detenido, que est\u00e1 encarcelado en El Salvador<\/em><\/h4>\n<p>&nbsp;<\/p>\n<p class=\"\">Una jueza federal ha obligado al Gobierno de Trump a que lleve de vuelta a Estados Unidos al salvadore\u00f1o que deport\u00f3 por error a El Salvador. Kilmar Armando Abrego Garc\u00eda, de 29 a\u00f1os, fue enviado a Cecot, la c\u00e1rcel de alta seguridad del pa\u00eds centroamericano el pasado 15 de marzo, a pesar de que contaba con una protecci\u00f3n judicial que prohib\u00eda su deportaci\u00f3n.<\/p>\n<p class=\"\">Esta semana,\u00a0<a href=\"https:\/\/elpais.com\/us\/migracion\/2025-04-01\/estados-unidos-admite-haber-deportado-a-un-hombre-a-la-carcel-de-el-salvador-por-error-pese-a-que-tenia-proteccion-judicial.html\" data-link-track-dtm=\"\" data-mrf-link=\"https:\/\/elpais.com\/us\/migracion\/2025-04-01\/estados-unidos-admite-haber-deportado-a-un-hombre-a-la-carcel-de-el-salvador-por-error-pese-a-que-tenia-proteccion-judicial.html\">el Gobierno admiti\u00f3 que su traslado se hizo por un \u201cerror administrativo\u201d<\/a>. No obstante, neg\u00f3 que fuera a intentar repatriarlo porque ya estaba bajo custodia del Gobierno de El Salvador.<\/p>\n<p class=\"\"><a href=\"https:\/\/elpais.com\/us\/migracion\/2025-04-04\/una-jueza-ordena-al-gobierno-de-trump-devolver-a-estados-unidos-antes-del-martes-al-salvadoreno-deportado-por-error.html\" data-link-track-dtm=\"\">La jueza federal de distrito de Maryland, Paula Xinis<\/a>, describi\u00f3 la deportaci\u00f3n de Abrego Garc\u00eda como \u201cun acto ilegal\u201d y dio de plazo hasta las 11.59 pm del 7 de abril para que la Administraci\u00f3n de Trump lo retorne a Estados Unidos. El abogado del Departamento de Justicia, Erez Reuveni, admiti\u00f3 ante Xinis que Abrego Garc\u00eda no deber\u00eda haber sido expulsado y que no debi\u00f3 ser enviado a El Salvador. Pero no pudo decirle a la jueza bajo qu\u00e9 autoridad fue arrestado en Maryland el pasado 12 de marzo. \u201cTambi\u00e9n estoy frustrado porque no tengo respuestas para muchas de estas preguntas\u201d, le dijo a la jurista.<\/p>\n<p class=\"\">Abrego Garc\u00eda fue detenido por los agentes del Servicio de inmigraci\u00f3n y Control de Aduanas (ICE, por sus siglas en ingl\u00e9s) junto con otros tres hombres cuando esperaba un trabajo frente a una tienda de Home Depot. La agencia de inmigraci\u00f3n aleg\u00f3 que pertenec\u00eda a la pandilla criminal MS-13, aunque nunca aportaron pruebas y no se presentaron cargos contra \u00e9l. \u201cEn un tribunal, cuando alguien es acusado de pertenecer a una organizaci\u00f3n tan violenta y depredadora, se presenta mediante una acusaci\u00f3n formal, una denuncia y un proceso penal: un proceso s\u00f3lido para que podamos abordar los hechos\u201d, dijo la magistrada. \u201cTodav\u00eda no he escuchado eso del Gobierno\u201d.<\/p>\n<p class=\"\">Un juez concedi\u00f3 a Abrego Garc\u00eda en 2019 un estatus de protecci\u00f3n que prohib\u00eda su deportaci\u00f3n a El Salvador, por considerar el da\u00f1o que podr\u00eda causarle el regreso a su pa\u00eds. El joven hab\u00eda salido del pa\u00eds centroamericano cuando ten\u00eda 16 a\u00f1os huyendo de una amenaza de muerte por parte de las bandas que controlaban el pa\u00eds. Ahora est\u00e1 casado con la ciudadana estadounidense Jennifer V\u00e1squez Sura y viv\u00eda con el hijo de cinco a\u00f1os de ambos y dos m\u00e1s de la anterior relaci\u00f3n de su esposa.<\/p>\n<p class=\"\">El 15 de marzo fue uno de los 23 salvadore\u00f1os que junto a 238 venezolanos fueron deportados al pa\u00eds centroamericano, sin haber mediado una orden judicial. Trump ech\u00f3 mano de la Ley de Enemigos Extranjeros de 1798, solo aplicada en situaciones de guerra, para realizar las expulsiones.\u00a0<a href=\"https:\/\/elpais.com\/us\/migracion\/2025-03-24\/un-juez-mantiene-la-prohibicion-cautelar-a-las-deportaciones-desde-estados-unidos-bajo-la-ley-de-guerra-de-1798.html\" data-link-track-dtm=\"\" data-mrf-link=\"https:\/\/elpais.com\/us\/migracion\/2025-03-24\/un-juez-mantiene-la-prohibicion-cautelar-a-las-deportaciones-desde-estados-unidos-bajo-la-ley-de-guerra-de-1798.html\">Un juez federal oblig\u00f3 al Gobierno a cancelar el env\u00edo<\/a>\u00a0cuando los aviones ya estaban en camino a El Salvador, pero la orden no fue acatada y los detenidos acabaron en Cecot,\u00a0<a href=\"https:\/\/elpais.com\/us\/migracion\/2025-03-29\/trump-y-la-politica-del-terror-por-que-importa-el-envio-de-migrantes-a-la-megacarcel-de-bukele.html\" data-link-track-dtm=\"\" data-mrf-link=\"https:\/\/elpais.com\/us\/migracion\/2025-03-29\/trump-y-la-politica-del-terror-por-que-importa-el-envio-de-migrantes-a-la-megacarcel-de-bukele.html\">la megac\u00e1rcel construida por el presidente salvadore\u00f1o<\/a>, Nayib Bukele, famosa por las deplorables condiciones en las que se mantiene a los presos y las denuncias de violaciones de derechos humanos. Esta semana, el juez dijo que el Gobierno actu\u00f3 de mala fe al desobedecer su fallo y no cancelar la operaci\u00f3n.<\/p>\n<p class=\"\">Xinis tambi\u00e9n cuestion\u00f3 por qu\u00e9 Abrego Garc\u00eda fue enviado a esa prisi\u00f3n. \u201c\u00bfPor qu\u00e9 est\u00e1 precisamente all\u00ed?\u201d pregunt\u00f3 la jueza. \u201cNo lo s\u00e9\u201d, respondi\u00f3 Reuveni. \u201cEsa informaci\u00f3n no me ha sido proporcionada\u201d. La jueza tambi\u00e9n cuestion\u00f3 por qu\u00e9 Estados Unidos no puede traer de vuelta a Abrego. Reuveni dijo que esa fue la primera pregunta que \u00e9l hizo cuando se le asign\u00f3 el caso. \u201cNo he recibido hoy una respuesta que considere satisfactoria\u201d, agreg\u00f3.<\/p>\n<p class=\"\">El abogado de Abrego Garc\u00eda, Simon Sandoval Moshenberg, le dijo a la jueza que estaba consternado porque el Gobierno no hab\u00eda hecho nada para traer de vuelta a su cliente, incluso despu\u00e9s de admitir sus errores. \u201cMuchos tuits. Muchas conferencias de prensa de la Casa Blanca. Pero no se han tomado medidas reales con el Gobierno de El Salvador para corregirlo\u201d, dijo, seg\u00fan recoge AP.<\/p>\n<p class=\"\">El fallo de la jueza se produjo poco despu\u00e9s de que la esposa de Abrego Garc\u00eda se uniera a docenas de simpatizantes en una manifestaci\u00f3n para exigir el regreso inmediato de su esposo. La mujer exhort\u00f3 a los manifestantes a seguir luchando por su marido \u201cy por todos los Kilmars cuyas historias a\u00fan esperan ser escuchadas\u201d. \u201cA todas las esposas, madres, hijos que tambi\u00e9n enfrentan esta cruel separaci\u00f3n, estoy con ustedes en este v\u00ednculo de dolor\u201d, dijo durante la manifestaci\u00f3n en un centro comunitario en Hyattsville, Maryland. \u201cEs un viaje que nadie deber\u00eda tener que sufrir, una pesadilla que parece interminable\u201d.<\/p>\n<p class=\"\">La buena relaci\u00f3n entre los gobiernos de Estados Unidos y El Salvador, clave en la entrega de deportados, se reafirmar\u00e1 el pr\u00f3ximo 14 de abril, cuando Donald Trump reciba al presidente salvadore\u00f1o en la Casa Blanca. Horas antes, Bukele hab\u00eda compartido en la red social X una carta, firmada por Trump, con la invitaci\u00f3n oficial y el agradecimiento a su apoyo en su intenci\u00f3n de llevar a cabo la mayor deportaci\u00f3n de la historia.<\/p>\n","protected":false},"excerpt":{"rendered":"<p>&nbsp; &nbsp; &#8211; La magistrada considera que el traslado fue \u2018ilegal\u2019 y exige el regreso del detenido, que est\u00e1 encarcelado en El Salvador &nbsp; Una&hellip;<\/p>\n","protected":false},"author":99,"featured_media":530426,"comment_status":"open","ping_status":"open","sticky":false,"template":"","format":"standard","meta":{"footnotes":""},"categories":[24],"tags":[],"class_list":["post-530425","post","type-post","status-publish","format-standard","has-post-thumbnail","hentry","category-mundo"],"_links":{"self":[{"href":"https:\/\/diarioelpopular.com\/index.php\/wp-json\/wp\/v2\/posts\/530425","targetHints":{"allow":["GET"]}}],"collection":[{"href":"https:\/\/diarioelpopular.com\/index.php\/wp-json\/wp\/v2\/posts"}],"about":[{"href":"https:\/\/diarioelpopular.com\/index.php\/wp-json\/wp\/v2\/types\/post"}],"author":[{"embeddable":true,"href":"https:\/\/diarioelpopular.com\/index.php\/wp-json\/wp\/v2\/users\/99"}],"replies":[{"embeddable":true,"href":"https:\/\/diarioelpopular.com\/index.php\/wp-json\/wp\/v2\/comments?post=530425"}],"version-history":[{"count":1,"href":"https:\/\/diarioelpopular.com\/index.php\/wp-json\/wp\/v2\/posts\/530425\/revisions"}],"predecessor-version":[{"id":530427,"href":"https:\/\/diarioelpopular.com\/index.php\/wp-json\/wp\/v2\/posts\/530425\/revisions\/530427"}],"wp:featuredmedia":[{"embeddable":true,"href":"https:\/\/diarioelpopular.com\/index.php\/wp-json\/wp\/v2\/media\/530426"}],"wp:attachment":[{"href":"https:\/\/diarioelpopular.com\/index.php\/wp-json\/wp\/v2\/media?parent=530425"}],"wp:term":[{"taxonomy":"category","embeddable":true,"href":"https:\/\/diarioelpopular.com\/index.php\/wp-json\/wp\/v2\/categories?post=530425"},{"taxonomy":"post_tag","embeddable":true,"href":"https:\/\/diarioelpopular.com\/index.php\/wp-json\/wp\/v2\/tags?post=530425"}],"curies":[{"name":"wp","href":"https:\/\/api.w.org\/{rel}","templated":true}]}}