{"id":530497,"date":"2025-04-07T09:49:13","date_gmt":"2025-04-07T13:49:13","guid":{"rendered":"https:\/\/diarioelpopular.com\/?p=530497"},"modified":"2025-04-07T09:49:13","modified_gmt":"2025-04-07T13:49:13","slug":"joven-agresor-acusado-de-cometer-multiples-agresiones-sexuales-y-actos-indecentes-en-parques-del-area-de-brampton","status":"publish","type":"post","link":"https:\/\/diarioelpopular.com\/index.php\/2025\/04\/07\/joven-agresor-acusado-de-cometer-multiples-agresiones-sexuales-y-actos-indecentes-en-parques-del-area-de-brampton\/","title":{"rendered":"Joven agresor acusado de cometer m\u00faltiples agresiones sexuales y actos indecentes en parques del \u00e1rea de Brampton"},"content":{"rendered":"<p><img loading=\"lazy\" decoding=\"async\" class=\"alignnone size-custom-full-size wp-image-530498\" src=\"https:\/\/diarioelpopular.com\/wp-content\/uploads\/2025\/04\/Screen-Shot-2025-04-07-at-9.48.40-AM-636x359.png\" alt=\"\" width=\"636\" height=\"359\" srcset=\"https:\/\/diarioelpopular.com\/wp-content\/uploads\/2025\/04\/Screen-Shot-2025-04-07-at-9.48.40-AM-636x359.png 636w, https:\/\/diarioelpopular.com\/wp-content\/uploads\/2025\/04\/Screen-Shot-2025-04-07-at-9.48.40-AM-300x169.png 300w, https:\/\/diarioelpopular.com\/wp-content\/uploads\/2025\/04\/Screen-Shot-2025-04-07-at-9.48.40-AM-768x434.png 768w, https:\/\/diarioelpopular.com\/wp-content\/uploads\/2025\/04\/Screen-Shot-2025-04-07-at-9.48.40-AM-129x73.png 129w, https:\/\/diarioelpopular.com\/wp-content\/uploads\/2025\/04\/Screen-Shot-2025-04-07-at-9.48.40-AM.png 864w\" sizes=\"auto, (max-width: 636px) 100vw, 636px\" \/><\/p>\n<p>&nbsp;<\/p>\n<ul>\n<li><strong><em>La Polic\u00eda Regional de Peel ha imputado a un sujeto en relaci\u00f3n con m\u00faltiples agresiones sexuales y actos indecentes denunciados en el \u00e1rea de Brampton.<\/em><\/strong><\/li>\n<\/ul>\n<p>&nbsp;<\/p>\n<p>En un comunicado de prensa emitido el domingo, los investigadores informaron haber recibido varias denuncias entre diciembre de 2024 y marzo de 2025 relacionadas con un hombre que se exhib\u00eda y agred\u00eda sexualmente a mujeres en los alrededores de Steeles Avenue y Financial Drive en Brampton.<\/p>\n<p>Seg\u00fan la polic\u00eda, el sospechoso tambi\u00e9n utiliz\u00f3 una motoneta para huir de la zona tras cometer los presuntos delitos.<\/p>\n<p>El 3 de abril, los agentes localizaron al sospechoso en el parque Sid Manser, cerca de Creditview Road, mientras comet\u00eda otro acto indecente.<\/p>\n<p>Una investigaci\u00f3n posterior revel\u00f3 que tambi\u00e9n era responsable de los incidentes denunciados anteriormente, declar\u00f3 la polic\u00eda.<\/p>\n<p>El joven agresor ha sido acusado de tres cargos de agresi\u00f3n sexual y tres cargos de cometer un acto indecente en p\u00fablico.<\/p>\n<p>Fue detenido a la espera de una audiencia de fianza y, de acuerdo con la Ley de Justicia Penal Juvenil, no puede ser identificado.<\/p>\n<p>Los investigadores creen que podr\u00eda haber m\u00e1s v\u00edctimas y animan a cualquier persona con informaci\u00f3n a contactar a la polic\u00eda.<\/p>\n","protected":false},"excerpt":{"rendered":"<p>&nbsp; La Polic\u00eda Regional de Peel ha imputado a un sujeto en relaci\u00f3n con m\u00faltiples agresiones sexuales y actos indecentes denunciados en el \u00e1rea de&hellip;<\/p>\n","protected":false},"author":99,"featured_media":530498,"comment_status":"open","ping_status":"open","sticky":false,"template":"","format":"standard","meta":{"footnotes":""},"categories":[11364],"tags":[],"class_list":["post-530497","post","type-post","status-publish","format-standard","has-post-thumbnail","hentry","category-toronto-gta"],"_links":{"self":[{"href":"https:\/\/diarioelpopular.com\/index.php\/wp-json\/wp\/v2\/posts\/530497","targetHints":{"allow":["GET"]}}],"collection":[{"href":"https:\/\/diarioelpopular.com\/index.php\/wp-json\/wp\/v2\/posts"}],"about":[{"href":"https:\/\/diarioelpopular.com\/index.php\/wp-json\/wp\/v2\/types\/post"}],"author":[{"embeddable":true,"href":"https:\/\/diarioelpopular.com\/index.php\/wp-json\/wp\/v2\/users\/99"}],"replies":[{"embeddable":true,"href":"https:\/\/diarioelpopular.com\/index.php\/wp-json\/wp\/v2\/comments?post=530497"}],"version-history":[{"count":1,"href":"https:\/\/diarioelpopular.com\/index.php\/wp-json\/wp\/v2\/posts\/530497\/revisions"}],"predecessor-version":[{"id":530499,"href":"https:\/\/diarioelpopular.com\/index.php\/wp-json\/wp\/v2\/posts\/530497\/revisions\/530499"}],"wp:featuredmedia":[{"embeddable":true,"href":"https:\/\/diarioelpopular.com\/index.php\/wp-json\/wp\/v2\/media\/530498"}],"wp:attachment":[{"href":"https:\/\/diarioelpopular.com\/index.php\/wp-json\/wp\/v2\/media?parent=530497"}],"wp:term":[{"taxonomy":"category","embeddable":true,"href":"https:\/\/diarioelpopular.com\/index.php\/wp-json\/wp\/v2\/categories?post=530497"},{"taxonomy":"post_tag","embeddable":true,"href":"https:\/\/diarioelpopular.com\/index.php\/wp-json\/wp\/v2\/tags?post=530497"}],"curies":[{"name":"wp","href":"https:\/\/api.w.org\/{rel}","templated":true}]}}