{"id":530664,"date":"2025-04-11T10:37:49","date_gmt":"2025-04-11T14:37:49","guid":{"rendered":"https:\/\/diarioelpopular.com\/?p=530664"},"modified":"2025-04-11T10:37:49","modified_gmt":"2025-04-11T14:37:49","slug":"hot-docs-2025","status":"publish","type":"post","link":"https:\/\/diarioelpopular.com\/index.php\/2025\/04\/11\/hot-docs-2025\/","title":{"rendered":"HOT DOCS 2025"},"content":{"rendered":"<div id=\"attachment_530665\" style=\"width: 646px\" class=\"wp-caption alignnone\"><img loading=\"lazy\" decoding=\"async\" aria-describedby=\"caption-attachment-530665\" class=\"wp-image-530665 size-custom-full-size\" src=\"https:\/\/diarioelpopular.com\/wp-content\/uploads\/2025\/04\/PARADE-QUEER-ACTS-OF-LOVE-RESISTANCE-636x357.jpg\" alt=\"\" width=\"636\" height=\"357\" srcset=\"https:\/\/diarioelpopular.com\/wp-content\/uploads\/2025\/04\/PARADE-QUEER-ACTS-OF-LOVE-RESISTANCE-636x357.jpg 636w, https:\/\/diarioelpopular.com\/wp-content\/uploads\/2025\/04\/PARADE-QUEER-ACTS-OF-LOVE-RESISTANCE-300x169.jpg 300w, https:\/\/diarioelpopular.com\/wp-content\/uploads\/2025\/04\/PARADE-QUEER-ACTS-OF-LOVE-RESISTANCE-768x431.jpg 768w, https:\/\/diarioelpopular.com\/wp-content\/uploads\/2025\/04\/PARADE-QUEER-ACTS-OF-LOVE-RESISTANCE-1200x674.jpg 1200w, https:\/\/diarioelpopular.com\/wp-content\/uploads\/2025\/04\/PARADE-QUEER-ACTS-OF-LOVE-RESISTANCE-130x73.jpg 130w, https:\/\/diarioelpopular.com\/wp-content\/uploads\/2025\/04\/PARADE-QUEER-ACTS-OF-LOVE-RESISTANCE.jpg 1024w\" sizes=\"auto, (max-width: 636px) 100vw, 636px\" \/><p id=\"caption-attachment-530665\" class=\"wp-caption-text\">Parade: Queer Acts of Love &amp; Resistance<\/p><\/div>\n<p>&nbsp;<\/p>\n<p class=\"p1\"><b>Por Jorge Gutman<\/b><\/p>\n<p class=\"p3\"><b>HOT DOCS 2025<\/b><\/p>\n<p class=\"p4\">Con 113 documentales que representan a 47 pa\u00edses retorna el prestigioso <b>Festival Hot Docs<\/b> en su trig\u00e9sima primera edici\u00f3n desde el <b>24 de abril hasta el 4 de mayo, <\/b>a trav\u00e9s de numerosos programas.<span class=\"Apple-converted-space\">\u00a0<\/span><\/p>\n<p class=\"p4\">Este remarcable evento cultural canadiense que se realiza en Toronto se inaugura con la primicia mundial de<b><i> <\/i>Parade: Queer Acts of Love &amp; Resistance<\/b>, dirigido por el documentalista canadiense Noam Gonick. El film pasa revista a los trascendentes momentos y valientes acciones emprendidas por el movimiento 2SLGBTQ+ as\u00ed como la permanente lucha en procura de justicia e igualdad. <span class=\"Apple-converted-space\">\u00a0<\/span><\/p>\n<p class=\"p4\">En la <b>Competici\u00f3n de Filmes Canadienses<\/b> que considera los relevantes trabajos de directores canadienses se ver\u00e1, entre otros t\u00edtulos<span class=\"Apple-converted-space\">\u00a0 <\/span><b>Casas Muertas<\/b>; el film ofrece una l\u00edrica meditaci\u00f3n sobre la p\u00e9rdida, fortaleza y esperanza de tres generaciones de venezolanos, sumidos en la incertidumbre de un pa\u00eds que atraviesa una profunda crisis econ\u00f3mica. El documental <b>Shamed<\/b>,<span class=\"Apple-converted-space\">\u00a0 <\/span>centra la atenci\u00f3n en un individuo que a modo de vigilante, busca en l\u00ednea a potenciales predadores sexuales arrincon\u00e1ndolos<span class=\"Apple-converted-space\">\u00a0 <\/span>en confrontaciones filmadas mediante videoc\u00e1mara.<span class=\"Apple-converted-space\">\u00a0<\/span><\/p>\n<p class=\"p4\">En la <b>Competici\u00f3n Internacional<\/b>, se ver\u00e1 <b>Heritage<\/b>; este documental retrata a una<span class=\"Apple-converted-space\">\u00a0 <\/span>familia en la que dos hermanos se alternan para atender a sus ancianos padres, de los cuales uno de ellos padece de Alzheimer. En <b>I Dreamed His Name,<\/b> la documentalista \u00c1ngela Carabali y su hermana se embarcan en un m\u00edstico viaje de descubrimiento a trav\u00e9s de la historia dolorosa de Colombia en donde treinta a\u00f1os atr\u00e1s se produjo la<span class=\"Apple-converted-space\">\u00a0 <\/span>desaparici\u00f3n de su padre Esau Carabali, un granjero afro-colombiano. <b>King Matt the First<\/b> examina el mundo interno de dos j\u00f3venes hermanas polacas enfrentando la inminente edad adulta. <b>Unwelcomed <\/b>analiza las contrastantes perspectivas acerca de la crisis de migraci\u00f3n en Chile despu\u00e9s de la violenta manifestaci\u00f3n antiinmigrante acontecida hacia fines de 2021. <span class=\"Apple-converted-space\">\u00a0<\/span><\/p>\n<p class=\"p4\">El programa <b>Special Presentations<\/b> incluye la primicia mundial de <b>The Nest<\/b>, de las realizadoras Chase Joynt y Julietta Singh encarando un relato de honda exploraci\u00f3n personal acerca de la memoria, identidad y relaci\u00f3n intergeneracional. En <b>Come See Me in the Good Light<\/b>, se sigue a la laureada poeta y artista estadounidense Andrea Gibson despu\u00e9s de haber sido diagnosticada con un c\u00e1ncer incurable. <b>Life After<\/b> presenta al cineasta Reid Davenport investigando las complejas implicaciones de las leyes de suicidio asistido para gente discapacitada. El documental <span class=\"Apple-converted-space\">\u00a0 <\/span><b>Selena y Los Dinos <\/b>narra la vida<span class=\"Apple-converted-space\">\u00a0 <\/span>y legado de la famosa cantante americana Selena Quintanilla-P\u00e9rez quien es conocida como la \u201cReina de la M\u00fasica Tejana\u201d.<span class=\"Apple-converted-space\">\u00a0<\/span><\/p>\n<p class=\"p4\">Por primera vez se incorpora en el festival el programa <b>Made in Exile <\/b>presentando las obras de cineastas y participantes forzados a dejar la tierra natal por la guerra, conflictos o crisis humanitarias.<span class=\"Apple-converted-space\">\u00a0 <\/span>Entre los t\u00edtulos de esta secci\u00f3n se encuentra <b>The Longer You Bleed<\/b>, explorando el estr\u00e9s emocional experimentado por un grupo de j\u00f3venes ucranianos quienes en Berl\u00edn contemplan las im\u00e1genes de la guerra que azota a su patria.<span class=\"Apple-converted-space\">\u00a0 <\/span>En <b>Khartoum<\/b> un grupo de desplazados cineastas de Sudan involucran a cinco compatriotas para recrear dram\u00e1ticos testimonios del pa\u00eds en la involucrada guerra civil. <b>Writing Hawa<\/b> narra las vicisitudes de una mujer de Afganist\u00e1n que liberada de las restricciones de 40 a\u00f1os de matrimonio concertado, sus esperanzas de un futuro m\u00e1s auspicioso se desvanecen con el regreso de los talibanes al poder.<span class=\"Apple-converted-space\">\u00a0<\/span><\/p>\n<p class=\"p4\">El<span class=\"Apple-converted-space\">\u00a0 <\/span>programa <b>World Showcase<\/b><span class=\"Apple-converted-space\">\u00a0 <\/span>est\u00e1 integrado por relevantes historias que afectan al mundo. Uno de los t\u00edtulos que lo integran es<span class=\"Apple-converted-space\">\u00a0 <\/span><b>Betrayal, <\/b>un documental<span class=\"Apple-converted-space\">\u00a0<\/span><b> <\/b>que sigue los pasos del cu\u00f1ado del ex dictador de Liberia Charles Taylor al convertirse en un audaz informante de su desp\u00f3tico r\u00e9gimen. En <b>Marriage Cops<\/b>, una unidad policial femenina de Dehradun, al norte de India, trata con sagaz sabidur\u00eda y autoridad<span class=\"Apple-converted-space\">\u00a0 <\/span>la situaci\u00f3n de matrimonios conflictuados. <b>Spare My Bones, Coyote! <\/b>es la historia de una pareja de americanos mexicanos quienes durante 12 a\u00f1os han organizado quincenalmente una b\u00fasqueda y misiones de rescate de compatriotas a lo largo de la frontera del desierto de M\u00e9xico con Estados Unidos.<\/p>\n<div id=\"attachment_530666\" style=\"width: 646px\" class=\"wp-caption alignnone\"><img loading=\"lazy\" decoding=\"async\" aria-describedby=\"caption-attachment-530666\" class=\"wp-image-530666 size-custom-full-size\" src=\"https:\/\/diarioelpopular.com\/wp-content\/uploads\/2025\/04\/LA-GUITARRA-FLAMENCA-DE-YERAI-CORTE--S-636x357.jpg\" alt=\"\" width=\"636\" height=\"357\" srcset=\"https:\/\/diarioelpopular.com\/wp-content\/uploads\/2025\/04\/LA-GUITARRA-FLAMENCA-DE-YERAI-CORTE--S-636x357.jpg 636w, https:\/\/diarioelpopular.com\/wp-content\/uploads\/2025\/04\/LA-GUITARRA-FLAMENCA-DE-YERAI-CORTE--S-300x168.jpg 300w, https:\/\/diarioelpopular.com\/wp-content\/uploads\/2025\/04\/LA-GUITARRA-FLAMENCA-DE-YERAI-CORTE--S-768x431.jpg 768w, https:\/\/diarioelpopular.com\/wp-content\/uploads\/2025\/04\/LA-GUITARRA-FLAMENCA-DE-YERAI-CORTE--S-1200x673.jpg 1200w, https:\/\/diarioelpopular.com\/wp-content\/uploads\/2025\/04\/LA-GUITARRA-FLAMENCA-DE-YERAI-CORTE--S-130x73.jpg 130w, https:\/\/diarioelpopular.com\/wp-content\/uploads\/2025\/04\/LA-GUITARRA-FLAMENCA-DE-YERAI-CORTE--S.jpg 1024w\" sizes=\"auto, (max-width: 636px) 100vw, 636px\" \/><p id=\"caption-attachment-530666\" class=\"wp-caption-text\">La Guitarra Flamenca de Yerai Cort\u00e9s<\/p><\/div>\n<p class=\"p4\">Como en la edici\u00f3n anterior la aclamada secci\u00f3n <b>Persister <\/b>exhibir\u00e1 filmes destacando al sector femenino que desea ser escuchado en defensa de sus leg\u00edtimos derechos. En esta serie se encuentra <b>Widow Champion<\/b> en el que en la zona rural de Kenia una viuda con a colaboraci\u00f3n de otras de igual condici\u00f3n reclaman la propiedad que les corresponde, teniendo en cuenta que all\u00ed las mujeres pierden el derecho de permanecer en sus hogares despu\u00e9s de la muerte de sus c\u00f3nyuges. Este programa tambi\u00e9n incluye <b>Mama Goals <\/b>,en el que es expuesta Charlotta Bj\u00f6rck,<span class=\"Apple-converted-space\">\u00a0 <\/span>una animada mujer de Suecia, quien dej\u00f3 su trabajo de atenci\u00f3n m\u00e9dica para perseguir su sue\u00f1o de actriz, produciendo una<span class=\"Apple-converted-space\">\u00a0 <\/span>fricci\u00f3n con su familia; es as\u00ed que el documental explora si es posible conciliar las actividades de su actual carrera con sus responsabilidades de esposa y madre.<\/p>\n<p class=\"p4\">En el programa <b>Artscapes <\/b>se ver\u00e1 <b>La Guitarra Flamenca de Yerai Cort\u00e9s<\/b>, un documental filmado en 16mm. que constituye un evocativo retrato del guitarrista espa\u00f1ol explorando el poder espiritual del flamenco. En el mismo programa se presentar\u00e1 el documental de James Jones<span class=\"Apple-converted-space\">\u00a0 <\/span><b>Ai Weiwei\u2019s Turandot<\/b>, en el que el renombrado artista disidente reimagina la \u00f3pera de Puccini como una audaz cr\u00edtica del totalitarismo moderno.<\/p>\n<p class=\"p4\">El nuevo programa <b>Tipping Point<\/b> incluye los problemas m\u00e1s urgentes que afectan al mundo actual. En el mismo se exhibir\u00e1 <b>Colossal<\/b>, en el que con referencia a las elecciones de 2020 en la Rep\u00fablica Dominicana, la cineasta<span class=\"Apple-converted-space\">\u00a0 <\/span>dominicana<span class=\"Apple-converted-space\">\u00a0 <\/span>Nayibe Tavares-Abel explora la historia de su familia pol\u00edticamente polarizada, en el rol<span class=\"Apple-converted-space\">\u00a0 <\/span>que sus integrantes<span class=\"Apple-converted-space\">\u00a0 <\/span>desempe\u00f1aron durante<span class=\"Apple-converted-space\">\u00a0 <\/span>el r\u00e9gimen del autoritario Joaqu\u00edn Balaguer. En <b>Facing War<\/b>, Jens Stoltenberg, <span class=\"Apple-converted-space\">\u00a0 <\/span>ex Secretario General de la OTAN, necesita recurrir a su habilidad diplom\u00e1tica para mantener unida a la Alianza y su compromiso de apoyo a Ucrania.<\/p>\n<p class=\"p4\">Las series <b>Big Ideas<\/b> nuevamente brindar\u00e1n reveladoras conversaciones con renombradas visitas, incluyendo a los realizadores <b>Maxim Derevianko<\/b> y <b>James Jones<\/b>, las directoras <b>Shoshannah Stern<\/b> y <b>Violet Du Feng<\/b>, la actriz <b>Marlee Matlin<\/b> y el periodista <b>Christo Grozev.<\/b><\/p>\n<p class=\"p4\">Una lista completa de todos los programas con los filmes incluidos as\u00ed como la selecci\u00f3n de cortometrajes canadienses e internacionales y eventos especiales puede obtenerse\u00a0en el sitio\u00a0<b>hotdocs.ca<\/b>.<\/p>\n<p class=\"p3\"><b>DROP<\/b>. Estados Unidos, 2025. Un film de Christopher Landon. 96 minutos<\/p>\n<p class=\"p4\">Al contemplar <b>Drop <\/b>que viene promocionado como un film de suspenso, uno no puede dejar de pensar en las magn\u00edficas obras maestras del g\u00e9nero que brindaron entre otros cineastas<span class=\"Apple-converted-space\">\u00a0 <\/span>Alfred Hitchcock, Claude Chabrol, Brian De Palma y Stanley Kubrick. Eso eso viene al caso<span class=\"Apple-converted-space\">\u00a0 <\/span>porque este thriller de Christopher Landon deja que desear, fundamentalmente por el mediocre gui\u00f3n de Jillian Jacobs y Chris Roach.<\/p>\n<p class=\"p4\">La historia presenta a Violet (Meghann Fahy), una joven mujer terapeuta y madre monoparental que despu\u00e9s de cierto tiempo decide reanudar un v\u00ednculo rom\u00e1ntico mediante una aplicaci\u00f3n de citas. Es as\u00ed que tras dejar a su hijito Toby de cinco a\u00f1os (Jacob Robinson) al cuidado de su hermana Jen (Violett Beane), Violet, bellamente ataviada, se dirige a un fastuoso restaurante ubicado en el \u00faltimo piso de un elevado edificio de Chicago donde llegar\u00e1 a conocer a su posible cortejante.<\/p>\n<p class=\"p4\">Despu\u00e9s de algunos minutos de espera en el interior del comedor arriba Henry (Brandon Sklenar), un afable fot\u00f3grafo, que en esta primer encuentro cara a cara queda de manifiesto que tanto \u00e9l como Violet se hallan a gusto para compartir la reuni\u00f3n. Sin embargo, la tranquilidad de la mujer se altera cuando comienza a recibir en su m\u00f3vil llamadas an\u00f3nimas que a menudo que se van sucediendo adquieren dramatismo por su contenido; as\u00ed ella es forzada a cumplir instrucciones<span class=\"Apple-converted-space\">\u00a0 <\/span>con la condici\u00f3n de no divulgar su contenido dado que de lo contrario peligrar\u00e1 la vida de su hermana y de Toby. Es as\u00ed que surge la intriga por saber si alguno de los comensales del restaurante puede ser el o la responsable de los llamados.<span class=\"Apple-converted-space\">\u00a0<\/span><\/p>\n<p class=\"p4\">No es necesario divulgar lo que prosigue salvo el hecho de puntualizar que a medida que el relato progresa su falta de imaginaci\u00f3n nutrida de situaciones completamente inveros\u00edmiles y carentes de toda l\u00f3gica<span class=\"Apple-converted-space\">\u00a0 <\/span>motivan a no otorgar credibilidad a sus personajes ni a lo que va ocurriendo.<span class=\"Apple-converted-space\">\u00a0<\/span><\/p>\n<p class=\"p4\">M\u00e1s all\u00e1 de un tratamiento visual meritorio y la satisfactoria actuaci\u00f3n del elenco en donde se dstinguen Fahy y Sklenar as\u00ed como de Jeffery Self quien en el caricaturesco rol de mesero ofrece algunos hallazgos de humor, no hay algo que suscite excitaci\u00f3n o real suspenso. Lo m\u00e1s lamentable de este film es la ca\u00f3tica violencia gratuita que el malogrado gui\u00f3n introduce en los \u00faltimos quince minutos con un resultado altamente frustrante..<\/p>\n<p class=\"p3\"><b>MA M\u00c8RE, DIEU ET SYLVAIN VARTAN \/ ONCE UPON MY MOTHER<\/b>. Francia-Canad\u00e1, 2025. Un film escrito y dirigido por Ken Scott. 102 minutos.<\/p>\n<div id=\"attachment_530667\" style=\"width: 646px\" class=\"wp-caption alignnone\"><img loading=\"lazy\" decoding=\"async\" aria-describedby=\"caption-attachment-530667\" class=\"wp-image-530667 size-custom-full-size\" src=\"https:\/\/diarioelpopular.com\/wp-content\/uploads\/2025\/04\/MA-MERE-DIEU-ET-SYLVIE-VARTAN-636x424.jpg\" alt=\"\" width=\"636\" height=\"424\" srcset=\"https:\/\/diarioelpopular.com\/wp-content\/uploads\/2025\/04\/MA-MERE-DIEU-ET-SYLVIE-VARTAN-636x424.jpg 636w, https:\/\/diarioelpopular.com\/wp-content\/uploads\/2025\/04\/MA-MERE-DIEU-ET-SYLVIE-VARTAN-300x200.jpg 300w, https:\/\/diarioelpopular.com\/wp-content\/uploads\/2025\/04\/MA-MERE-DIEU-ET-SYLVIE-VARTAN-768x512.jpg 768w, https:\/\/diarioelpopular.com\/wp-content\/uploads\/2025\/04\/MA-MERE-DIEU-ET-SYLVIE-VARTAN-110x73.jpg 110w, https:\/\/diarioelpopular.com\/wp-content\/uploads\/2025\/04\/MA-MERE-DIEU-ET-SYLVIE-VARTAN.jpg 824w\" sizes=\"auto, (max-width: 636px) 100vw, 636px\" \/><p id=\"caption-attachment-530667\" class=\"wp-caption-text\">Leila Bekhti en MA M\u00c8RE, DIEU ET SYLVIE VARTAN<\/p><\/div>\n<p class=\"p4\">Bien conocido como guionista del recordado film <i>La Grande S\u00e9duction <\/i>(2003) y esmerado director de exitosos t\u00edtulos como lo ha sido entre otros <i>Starbuck<\/i> (2011), Ken Scott ofrece en <b>Ma M\u00e8re, Dieu et Sylvain Vartan<\/b> una esmerada comedia dram\u00e1tica basada en el hom\u00f3nimo libro autobiogr\u00e1fico de Roland Perez, publicado en 2021.<span class=\"Apple-converted-space\">\u00a0<\/span><\/p>\n<p class=\"p4\">El relato comienza con un recuento de Perez al momento de escribir su obra relatando las vicisitudes atravesadas a partir de su nacimiento en Francia en 1963. En la primera secuencia se ve a Esther (Leila Bekhti), una mujer jud\u00eda de origen marroqu\u00ed viviendo en un suburbio de Par\u00eds con su esposo Maklouf Perez (Lionel Dray) y sus 5 hijos. Cuando ya gr\u00e1vida aguarda la llegada de su sexto reto\u00f1o, al parir se le anuncia que el beb\u00e9 padece de un pie zambo; esta es<span class=\"Apple-converted-space\">\u00a0 <\/span>una anomal\u00eda cong\u00e9nita en la que el pie en vez de orientarse hacia delante como es<span class=\"Apple-converted-space\">\u00a0 <\/span>normal, se orienta hacia abajo y gira hacia dentro. Cuando Esther se entera que la afecci\u00f3n de su hijo es incurable y no podr\u00e1 marchar jam\u00e1s, ella le promete que su problema ser\u00e1 solucionado.<span class=\"Apple-converted-space\">\u00a0<\/span><\/p>\n<p class=\"p4\">Con una firme<span class=\"Apple-converted-space\">\u00a0 <\/span>determinaci\u00f3n y todo el poder que est\u00e1 a su alcance esta mujer<span class=\"Apple-converted-space\">\u00a0 <\/span>recurre a diversos facultativos aunque siempre obteniendo la misma opini\u00f3n negativa; es as\u00ed que la familia evidencia<span class=\"Apple-converted-space\">\u00a0 <\/span>c\u00f3mo el ni\u00f1o a medida que va creciendo \u00fanicamente puede movilizarse arrastrando su cuerpo por el suelo o bien siendo alzado por su madre. Habiendo superado los obst\u00e1culos de una asistenta social (Jeanne Balibar), el milagro se produce cuando Esther ubica a una terapeuta que utilizando un procedimiento especial por el cual Roland despu\u00e9s de haber permanecido en cama por 18 meses finalmente consigue caminar; durante ese lapso en el que se encuentra inmovilizado el chico se solaza escuchando las cancines de su admiradora cantante francesa Sylvie Vartan.<\/p>\n<p class=\"p4\">Esta primera parte del film explorando la infancia de Roland es profundamente conmovedora al ver c\u00f3mo Esther siendo capaz de mover monta\u00f1as y hasta involucrando a Dios para que la ayude va librando un tenaz combate contra la adversidad a fin de lograr la<span class=\"Apple-converted-space\">\u00a0 <\/span>recuperaci\u00f3n de su hijito a quien siempre se opuso a que lo consideren discapacitado.<\/p>\n<p class=\"p4\">En el resto del metraje se aprecia c\u00f3mo con el paso de los a\u00f1os el adulto<span class=\"Apple-converted-space\">\u00a0 <\/span>Roland (Jonathan Cohen) es ahora un talentoso abogado y renombrado periodista de radio y televisi\u00f3n habiendo establecido una familia feliz con su esposa (Josephine Japy) y 3 hijos. Su relaci\u00f3n con su madre sigue siendo estrecha, a\u00fan cuando ella interiormente cree continuar manteniendo el rol de protectora; es as\u00ed que sin quererlo se vuelve demasiado posesiva a la vez que invasiva en los asuntos manejados por su hijo. De todos modos, eso no invalida el profundo amor que Roland siente hacia su progenitora no olvidando que gracias a ella \u00e9l lleg\u00f3 a ser lo que es a la hora actual.<span class=\"Apple-converted-space\">\u00a0<\/span><\/p>\n<p class=\"p4\">Con gran sensibilidad Scott entrega una vibrante cr\u00f3nica familiar dentro del marco de un s\u00f3lido relato \u00edntimo a la vez que personal. Adem\u00e1s de su buena puesta esc\u00e9nica, Scott encontr\u00f3 en Bekhti a la int\u00e9rprete ideal para caracterizar a Esther dado que ella<span class=\"Apple-converted-space\">\u00a0 <\/span>deslumbra infundiendo el ardor, vehemencia y pasi\u00f3n de una aguerrida madre coraje.<span class=\"Apple-converted-space\">\u00a0 <\/span>A su lado, Cohen se destaca transmitiendo calidez en su personaje, as\u00ed como Vartan en un rol especial personificando a s\u00ed misma se luce como la musa inspiradora de Roland y deleitando con sus canciones.<span class=\"Apple-converted-space\">\u00a0<\/span><\/p>\n","protected":false},"excerpt":{"rendered":"<p>&nbsp; Por Jorge Gutman HOT DOCS 2025 Con 113 documentales que representan a 47 pa\u00edses retorna el prestigioso Festival Hot Docs en su trig\u00e9sima primera&hellip;<\/p>\n","protected":false},"author":99,"featured_media":530665,"comment_status":"open","ping_status":"open","sticky":false,"template":"","format":"standard","meta":{"footnotes":""},"categories":[80,81,2482,434],"tags":[],"class_list":["post-530664","post","type-post","status-publish","format-standard","has-post-thumbnail","hentry","category-cine-2","category-columnistas","category-espectaculo","category-hablemos-de-cine"],"_links":{"self":[{"href":"https:\/\/diarioelpopular.com\/index.php\/wp-json\/wp\/v2\/posts\/530664","targetHints":{"allow":["GET"]}}],"collection":[{"href":"https:\/\/diarioelpopular.com\/index.php\/wp-json\/wp\/v2\/posts"}],"about":[{"href":"https:\/\/diarioelpopular.com\/index.php\/wp-json\/wp\/v2\/types\/post"}],"author":[{"embeddable":true,"href":"https:\/\/diarioelpopular.com\/index.php\/wp-json\/wp\/v2\/users\/99"}],"replies":[{"embeddable":true,"href":"https:\/\/diarioelpopular.com\/index.php\/wp-json\/wp\/v2\/comments?post=530664"}],"version-history":[{"count":1,"href":"https:\/\/diarioelpopular.com\/index.php\/wp-json\/wp\/v2\/posts\/530664\/revisions"}],"predecessor-version":[{"id":530668,"href":"https:\/\/diarioelpopular.com\/index.php\/wp-json\/wp\/v2\/posts\/530664\/revisions\/530668"}],"wp:featuredmedia":[{"embeddable":true,"href":"https:\/\/diarioelpopular.com\/index.php\/wp-json\/wp\/v2\/media\/530665"}],"wp:attachment":[{"href":"https:\/\/diarioelpopular.com\/index.php\/wp-json\/wp\/v2\/media?parent=530664"}],"wp:term":[{"taxonomy":"category","embeddable":true,"href":"https:\/\/diarioelpopular.com\/index.php\/wp-json\/wp\/v2\/categories?post=530664"},{"taxonomy":"post_tag","embeddable":true,"href":"https:\/\/diarioelpopular.com\/index.php\/wp-json\/wp\/v2\/tags?post=530664"}],"curies":[{"name":"wp","href":"https:\/\/api.w.org\/{rel}","templated":true}]}}