{"id":530772,"date":"2025-04-15T10:21:19","date_gmt":"2025-04-15T14:21:19","guid":{"rendered":"https:\/\/diarioelpopular.com\/?p=530772"},"modified":"2025-04-15T10:21:19","modified_gmt":"2025-04-15T14:21:19","slug":"cronicas-cuanto-mismo-padecio-jesus","status":"publish","type":"post","link":"https:\/\/diarioelpopular.com\/index.php\/2025\/04\/15\/cronicas-cuanto-mismo-padecio-jesus\/","title":{"rendered":"Cr\u00f3nicas: \u00bfCu\u00e1nto mismo padeci\u00f3 Jes\u00fas?"},"content":{"rendered":"<p class=\"p1\"><em><strong>Por: Luc\u00eda P. de Garc\u00eda<\/strong><\/em><\/p>\n<p class=\"p1\"><em><strong>Toronto.-<\/strong> <\/em>Se habla de la pasi\u00f3n de Jes\u00fas, del sufrimiento que le caus\u00f3 la corona de espinas, los clavos en sus manos y pies, la crucifixi\u00f3n. M\u00e1s \u00bfcu\u00e1nto mismo padeci\u00f3? Estudios m\u00e9dicos han determinado que fue algo tan cruel que rebasa lo imaginable.<span class=\"Apple-converted-space\">\u00a0<\/span><\/p>\n<p class=\"p1\">La noche del que ser\u00eda llamado Jueves Santo, tras haber cenado con sus disc\u00edpulos y luego de compartir el pan y el vino, Jes\u00fas sali\u00f3 a orar en el Huerto de Getseman\u00ed. Alrededor de la una de la madrugada del Viernes de Pascua \u201ccomenz\u00f3 a entristecerse y a angustiarse de gran manera\u201d, a sudar gotas de sangre, tantas que humedecieron el suelo.<\/p>\n<p class=\"p1\">Expertos se\u00f1alan esa condici\u00f3n como hematidrosis, estr\u00e9s emocional agudo que provoca la dilataci\u00f3n de los vasos capilares subcut\u00e1neos haci\u00e9ndolos explotar y juntarse con el sudor.<\/p>\n<p class=\"p1\">La sangre emergi\u00f3 por cada poro de su cuerpo mientras en tribulaci\u00f3n extrema implor\u00f3 por tres veces \u201cPadre m\u00edo, si es posible, pase de m\u00ed esta copa; pero no sea como yo quiero, sino como t\u00fa\u201d. Dios quiso que cumpliera con lo que dec\u00edan las Escrituras.<span class=\"Apple-converted-space\">\u00a0<\/span><\/p>\n<p class=\"p1\">Despu\u00e9s de ser apresado, el Maestro fue conducido ante el Concilio y el sumo sacerdote Caif\u00e1s, quien le pregunt\u00f3 si era Hijo de Dios. \u201cT\u00fa lo has dicho\u201d respondi\u00f3. La \u201cblasfemia\u201d le cost\u00f3 ser abofeteado, golpeado, escupido.<\/p>\n<p class=\"p1\">Al llegar la ma\u00f1ana Jes\u00fas fue conducido ante el gobernador Poncio Pilatos, quien, al saberlo galileo le envi\u00f3 a la jurisdicci\u00f3n de Herodes. \u00c9ste empez\u00f3 a interrogarlo, pero al no obtener respuesta le humill\u00f3 y le regres\u00f3 a Pilatos. A pesar de que el gobernador no le encontr\u00f3 ning\u00fan delito, le mand\u00f3 a flagelar.<span class=\"Apple-converted-space\">\u00a0<\/span><\/p>\n<p class=\"p1\">Los soldados le llevaron al Pretorio, donde le azotaron con un instrumento que se utilizaba en ese tiempo: mango de madera que lleva atadas varias tiras de cuero, las cuales, al terminar en cadenas de acero con una peque\u00f1\u00edsima punta ganchuda, obtienen un doble resultado: al golpear la espalda con el cuero las cadenas avanzan, rodean el cuerpo y regresan desgarrando la piel.<span class=\"Apple-converted-space\">\u00a0<\/span><\/p>\n<p class=\"p1\">Se dice que el flagelo dur\u00f3 tres minutos. Cada golpe produjo un desgarre que se profundiz\u00f3 hacia arterias, venas, m\u00fasculo. Su espalda, ardiente por el castigo, mostr\u00f3 hemorragia e hilachas colgantes de piel y m\u00fasculo.<span class=\"Apple-converted-space\">\u00a0<\/span><\/p>\n<p class=\"p1\">Despu\u00e9s fue coronado con ramas espinosas entrelazadas, forzadas a bajar desde la nuca hacia la frente con el martilleo de un junco con el cual tambi\u00e9n fue golpeado. Al Nazareno literalmente se le ba\u00f1\u00f3 en sangre, la que adem\u00e1s entorpreci\u00f3 su visi\u00f3n. <span class=\"Apple-converted-space\">\u00a0<\/span><\/p>\n<p class=\"p1\">Otra vez ante Pilatos, el gobernador trajo a la sala a Barrab\u00e1s, y, acogi\u00e9ndose a la costumbre de la Pascua, pregunt\u00f3 a la multitud si liberaba a Jes\u00fas o al famoso homicida. Los gritos favorecieron a \u00e9ste. Aunque Pilatos insisti\u00f3 en que no hab\u00eda encontrado falta en el Nazareno, la gente prefiri\u00f3 a Barrab\u00e1s. Entonces Pilatos se lav\u00f3 las manos y orden\u00f3 la crucifixi\u00f3n para las once de la ma\u00f1ana.<span class=\"Apple-converted-space\">\u00a0<\/span><\/p>\n<p class=\"p1\">Jes\u00fas, extenuado, fue obligado a cargar una cruz de madera que se calcula pesaba 130 libras, con ella a cuestas fue conducido hacia un mont\u00edculo llamado Calvario. Durante una hora de recorrido cay\u00f3 tres veces. Vi\u00e9ndole agotado, la soldadesca oblig\u00f3 la ayuda de Sim\u00f3n de Cirene. No sirvi\u00f3 de mucho, pues, al tratarse de una cuesta y Sim\u00f3n sostener la parte inferior de la cruz, los maderos superiores que reposaban sobre los hombros de Jes\u00fas presionaban a\u00fan m\u00e1s, incrementando su padecer.<span class=\"Apple-converted-space\">\u00a0<\/span><\/p>\n<p class=\"p1\">Ya en el Calvario empez\u00f3 la crucifixi\u00f3n. Los soldados le recostaron sobre el madero y con clavos grandes perforaron, no el centro de sus manos abiertas sino en cada mu\u00f1eca, seg\u00fan criterio de los estudiosos. Luego sus pies, uno sobre el otro. Al levantar la cruz el cuerpo qued\u00f3 colgado con los brazos en V.<span class=\"Apple-converted-space\">\u00a0<\/span><\/p>\n<p class=\"p1\">La posici\u00f3n le provoc\u00f3 calambres terribles en brazos, antebrazos y hombros. Los espasmos retorcieron los dedos de sus manos y pies, e hicieron que la musculatura de brazos y piernas presentaran protuberancias impresionantes. Los m\u00fasculos abdominales ondularon en forma grotesca; los pectorales se paralizaron temporalmente por la opresi\u00f3n del nervio medio, afecci\u00f3n que le caus\u00f3 el dolor m\u00e1s fuerte que un ser humano puede soportar.<\/p>\n<p class=\"p1\">Semejante congesti\u00f3n impidi\u00f3 la salida del aire de sus pulmones, asfixi\u00e1ndole. Para poder respirar Jes\u00fas hizo un gran esfuerzo para empinarse y bajar un tanto la presi\u00f3n en su pecho. Esto agudiz\u00f3 la tensi\u00f3n de los nervios y empeor\u00f3 la hemorragia. Luego le sobrevino un shock profundo seguido de una pericarditis (complicaci\u00f3n card\u00edaca).<\/p>\n<p class=\"p1\">Su agon\u00eda horroriz\u00f3 al Cielo. Prematuras tinieblas apenas dejaban vislumbrar la silueta de la cruz de Jes\u00fas flanqueda por las de los dos ladrones crucificados con \u00c9l. En la penumbra se confund\u00edan las sombras de quienes le dieron a beber vinagre mezclado con hiel; de aquel que le acerc\u00f3 la esponja empapada en vinagre; de quienes echaron suerte para repartirse su ropa. Fue casi imposible leer la frase que sus verdugos escribieron en el peque\u00f1o madero colocado sobre la cruz \u201cEste es Jes\u00fas, el Rey de los Jud\u00edos\u201d.<\/p>\n<p class=\"p1\">Reci\u00e9n en aquellos instantes, en las conciencias de algunos empezaron a calar las palabras que el Maestro hab\u00eda pronunciado durante aquella jornada cruel: \u201cPadre, perd\u00f3nalos porque no saben lo que hacen\u2026 Hoy estar\u00e1s conmigo en el Para\u00edso\u2026 Mujer, he ah\u00ed a tu hijo. Hijo, he ah\u00ed a tu madre\u2026 Dios m\u00edo, Dios m\u00edo \u00bfpor qu\u00e9 me has desamparado?&#8230; Tengo sed\u2026 Todo est\u00e1 cumplido\u2026\u201d De pronto, Jes\u00fas<span class=\"Apple-converted-space\">\u00a0 <\/span>exclam\u00f3 con sus \u00faltimas fuerzas y en voz fuerte \u201cPadre, en tus manos encomiendo mi esp\u00edritu\u201d.<span class=\"Apple-converted-space\">\u00a0<\/span><\/p>\n<p class=\"p1\">Eran las tres de la tarde cuando expir\u00f3. El velo del Templo se rasg\u00f3 por la mitad. La tierra tembl\u00f3. Impresionados y conmovidos, el centuri\u00f3n y los que le rodeaban exclamaron \u201c\u00a1Verdaderamente \u00c9ste era el Hijo de Dios!\u201d<\/p>\n","protected":false},"excerpt":{"rendered":"<p>Por: Luc\u00eda P. de Garc\u00eda Toronto.- Se habla de la pasi\u00f3n de Jes\u00fas, del sufrimiento que le caus\u00f3 la corona de espinas, los clavos en&hellip;<\/p>\n","protected":false},"author":99,"featured_media":0,"comment_status":"open","ping_status":"open","sticky":false,"template":"","format":"standard","meta":{"footnotes":""},"categories":[81,11362],"tags":[],"class_list":["post-530772","post","type-post","status-publish","format-standard","hentry","category-columnistas","category-cronicas"],"_links":{"self":[{"href":"https:\/\/diarioelpopular.com\/index.php\/wp-json\/wp\/v2\/posts\/530772","targetHints":{"allow":["GET"]}}],"collection":[{"href":"https:\/\/diarioelpopular.com\/index.php\/wp-json\/wp\/v2\/posts"}],"about":[{"href":"https:\/\/diarioelpopular.com\/index.php\/wp-json\/wp\/v2\/types\/post"}],"author":[{"embeddable":true,"href":"https:\/\/diarioelpopular.com\/index.php\/wp-json\/wp\/v2\/users\/99"}],"replies":[{"embeddable":true,"href":"https:\/\/diarioelpopular.com\/index.php\/wp-json\/wp\/v2\/comments?post=530772"}],"version-history":[{"count":1,"href":"https:\/\/diarioelpopular.com\/index.php\/wp-json\/wp\/v2\/posts\/530772\/revisions"}],"predecessor-version":[{"id":530773,"href":"https:\/\/diarioelpopular.com\/index.php\/wp-json\/wp\/v2\/posts\/530772\/revisions\/530773"}],"wp:attachment":[{"href":"https:\/\/diarioelpopular.com\/index.php\/wp-json\/wp\/v2\/media?parent=530772"}],"wp:term":[{"taxonomy":"category","embeddable":true,"href":"https:\/\/diarioelpopular.com\/index.php\/wp-json\/wp\/v2\/categories?post=530772"},{"taxonomy":"post_tag","embeddable":true,"href":"https:\/\/diarioelpopular.com\/index.php\/wp-json\/wp\/v2\/tags?post=530772"}],"curies":[{"name":"wp","href":"https:\/\/api.w.org\/{rel}","templated":true}]}}