{"id":530871,"date":"2025-04-18T11:45:29","date_gmt":"2025-04-18T15:45:29","guid":{"rendered":"https:\/\/diarioelpopular.com\/?p=530871"},"modified":"2025-04-18T11:45:29","modified_gmt":"2025-04-18T15:45:29","slug":"la-foto-que-muestra-por-primera-vez-a-kilmar-abrego-garcia-tras-haber-sido-deportado-por-error-por-el-gobierno-de-trump-a-una-megaprision-en-el-salvador","status":"publish","type":"post","link":"https:\/\/diarioelpopular.com\/index.php\/2025\/04\/18\/la-foto-que-muestra-por-primera-vez-a-kilmar-abrego-garcia-tras-haber-sido-deportado-por-error-por-el-gobierno-de-trump-a-una-megaprision-en-el-salvador\/","title":{"rendered":"La foto que muestra por primera vez a Kilmar \u00c1brego Garc\u00eda tras haber sido deportado &#8220;por error&#8221; por el gobierno de Trump a una megaprisi\u00f3n en El Salvador"},"content":{"rendered":"<div id=\"attachment_530872\" style=\"width: 646px\" class=\"wp-caption alignnone\"><img loading=\"lazy\" decoding=\"async\" aria-describedby=\"caption-attachment-530872\" class=\"wp-image-530872 size-custom-full-size\" src=\"https:\/\/diarioelpopular.com\/wp-content\/uploads\/2025\/04\/Screen-Shot-2025-04-18-at-11.44.55-AM-636x357.png\" alt=\"\" width=\"636\" height=\"357\" srcset=\"https:\/\/diarioelpopular.com\/wp-content\/uploads\/2025\/04\/Screen-Shot-2025-04-18-at-11.44.55-AM-636x357.png 636w, https:\/\/diarioelpopular.com\/wp-content\/uploads\/2025\/04\/Screen-Shot-2025-04-18-at-11.44.55-AM-300x168.png 300w, https:\/\/diarioelpopular.com\/wp-content\/uploads\/2025\/04\/Screen-Shot-2025-04-18-at-11.44.55-AM-768x431.png 768w, https:\/\/diarioelpopular.com\/wp-content\/uploads\/2025\/04\/Screen-Shot-2025-04-18-at-11.44.55-AM-130x73.png 130w, https:\/\/diarioelpopular.com\/wp-content\/uploads\/2025\/04\/Screen-Shot-2025-04-18-at-11.44.55-AM.png 1024w\" sizes=\"auto, (max-width: 636px) 100vw, 636px\" \/><p id=\"caption-attachment-530872\" class=\"wp-caption-text\">Un senador estadounidense se reuni\u00f3 con el salvadore\u00f1o pese a las negativas previas del gobierno del presidente Nayib Bukele a darle acceso al detenido.<\/p><\/div>\n<p>&nbsp;<\/p>\n<p>&nbsp;<\/p>\n<div class=\"bbc-19j92fr ebmt73l0\" dir=\"ltr\">\n<ul>\n<li class=\"bbc-hhl7in e17g058b0\" dir=\"ltr\"><em><b>Un senador estadounidense se reuni\u00f3 con Kilmar \u00c1brego Garc\u00eda, el migrante salvadore\u00f1o que fue deportado err\u00f3neamente por el gobierno del presidente Donald Trump desde Maryland a una megaprisi\u00f3n en El Salvador.<\/b><\/em><\/li>\n<\/ul>\n<\/div>\n<div class=\"bbc-19j92fr ebmt73l0\" dir=\"ltr\">\n<p dir=\"ltr\">\n<p class=\"bbc-hhl7in e17g058b0\" dir=\"ltr\">El senador de Maryland, Chris Van Hollen, public\u00f3 este jueves fotos de su reuni\u00f3n con \u00c1brego Garc\u00eda, luego de que la Casa Blanca le negara el mi\u00e9rcoles la posibilidad de regresar a Estados Unidos a pesar de la orden de una jueza federal.<\/p>\n<\/div>\n<div class=\"bbc-19j92fr ebmt73l0\" dir=\"ltr\">\n<p class=\"bbc-hhl7in e17g058b0\" dir=\"ltr\">Tras la reuni\u00f3n con Van Hollen, el presidente de El Salvador, Nayib Bukele, tambi\u00e9n se neg\u00f3 a liberar a \u00c1brego Garc\u00eda y afirm\u00f3 que permanecer\u00eda bajo custodia del pa\u00eds.<\/p>\n<\/div>\n<div class=\"bbc-19j92fr ebmt73l0\" dir=\"ltr\">\n<p class=\"bbc-hhl7in e17g058b0\" dir=\"ltr\">La Casa Blanca acus\u00f3 sin prueba alguna, a \u00c1brego Garc\u00eda de pertenecer a la pandilla transnacional salvadore\u00f1a MS-13, calificada por el gobierno de Trump como una organizaci\u00f3n terrorista extranjera. Sin embargo, su abogado y su familia lo niegan.<\/p>\n<\/div>\n<section class=\"bbc-geybui\" role=\"region\" aria-label=\"Publicidad 2\" aria-hidden=\"true\" data-e2e=\"advertisement\">\n<div id=\"dotcom-mpu\" class=\"dotcom-ad active\" aria-hidden=\"true\">\n<div class=\"dotcom-ad-inner\"><\/div>\n<\/div>\n<\/section>\n<div class=\"bbc-19j92fr ebmt73l0\" dir=\"ltr\">\n<p class=\"bbc-hhl7in e17g058b0\" dir=\"ltr\">La imagen se dio a conocer en medio de un creciente enfrentamiento entre Trump y el poder judicial en materia de migraci\u00f3n, un d\u00eda despu\u00e9s de que otro juez declarara que la Casa Blanca podr\u00eda ser acusada de desacato judicial por los vuelos de deportaci\u00f3n.<\/p>\n<\/div>\n<section class=\"bbc-1o3v5ug\" role=\"region\" data-e2e=\"recommendations-heading\" aria-labelledby=\"recommendations-heading\"><\/section>\n<div class=\"bbc-19j92fr ebmt73l0\" dir=\"ltr\">\n<p class=\"bbc-hhl7in e17g058b0\" dir=\"ltr\">&#8220;Dije que mi principal objetivo en este viaje era reunirme con Kilmar. Esta noche tuve la oportunidad&#8221;, public\u00f3 el senador dem\u00f3crata en redes sociales.<\/p>\n<\/div>\n<div class=\"bbc-19j92fr ebmt73l0\" dir=\"ltr\">\n<p class=\"bbc-hhl7in e17g058b0\" dir=\"ltr\">&#8220;Llam\u00e9 a su esposa, Jennifer, para transmitirle su cari\u00f1o. Espero poder darles una actualizaci\u00f3n completa a mi regreso&#8221;.<\/p>\n<\/div>\n<div class=\"bbc-19j92fr ebmt73l0\" dir=\"ltr\">\n<p class=\"bbc-hhl7in e17g058b0\" dir=\"ltr\">El senador afirm\u00f3 haber sido abordado ese mismo d\u00eda por guardias armados cuando se dirig\u00eda al Centro de Confinamiento del Terrorismo (Cecot), la prisi\u00f3n de m\u00e1xima seguridad donde se encuentra detenido \u00c1brego Garc\u00eda.<\/p>\n<\/div>\n<div class=\"bbc-19j92fr ebmt73l0\" dir=\"ltr\">\n<p class=\"bbc-hhl7in e17g058b0\" dir=\"ltr\">Van Hollen llevaba varios d\u00edas en El Salvador, trabajando por la liberaci\u00f3n de \u00c1brego Garc\u00eda, quien resid\u00eda en su estado, Maryland.<\/p>\n<\/div>\n<div class=\"bbc-19j92fr ebmt73l0\" dir=\"ltr\">\n<p class=\"bbc-hhl7in e17g058b0\" dir=\"ltr\">El presidente de El Salvador republic\u00f3 en X las fotos del senador reuni\u00e9ndose con \u00c1brego Garc\u00eda y pareci\u00f3 burlarse de la preocupaci\u00f3n por el bienestar del recluso.<\/p>\n<\/div>\n<div class=\"bbc-19j92fr ebmt73l0\" dir=\"ltr\">\n<p class=\"bbc-hhl7in e17g058b0\" dir=\"ltr\">Bukele coment\u00f3 que \u00c1brego Garc\u00eda &#8220;hab\u00eda resucitado milagrosamente de los &#8216;campos de exterminio&#8217; y la &#8216;tortura'&#8221; en el &#8220;para\u00edso tropical de El Salvador&#8221;.<\/p>\n<\/div>\n<div class=\"bbc-19j92fr ebmt73l0\" dir=\"ltr\">\n<p class=\"bbc-hhl7in e17g058b0\" dir=\"ltr\">&#8220;Ahora que se ha confirmado su salud, tiene el honor de permanecer bajo custodia de El Salvador&#8221;, a\u00f1adi\u00f3 el presidente.<\/p>\n<p dir=\"ltr\">\n<\/div>\n<figure class=\"bbc-1qn0xuy\">\n<div class=\"bbc-18ywsw9\">\n<div style=\"width: 810px\" class=\"wp-caption alignnone\"><img loading=\"lazy\" decoding=\"async\" class=\"bbc-139onq\" src=\"https:\/\/ichef.bbci.co.uk\/ace\/ws\/640\/cpsprodpb\/848c\/live\/b2244fe0-1bff-11f0-8a1e-3ff815141b98.jpg.webp\" alt=\"Jennifer Vasquez Sura\" width=\"800\" height=\"449\" \/><p class=\"wp-caption-text\">Fuente de la imagen,Getty Images.\u00a0\u00a0Jennifer Vasquez Sura, esposa de Kilmar \u00c1brego, en el centro de la imagen, exige el regreso de su marido.<\/p><\/div>\n<p class=\"bbc-by8ykd\" role=\"text\">\n<\/div>\n<\/figure>\n<div class=\"bbc-19j92fr ebmt73l0\" dir=\"ltr\">\n<h2 id=\"Un-caso-pol\u00e9mico\" class=\"bbc-1lgzob2 eglt09e0\" tabindex=\"-1\">Un caso pol\u00e9mico<\/h2>\n<\/div>\n<div class=\"bbc-19j92fr ebmt73l0\" dir=\"ltr\">\n<p class=\"bbc-hhl7in e17g058b0\" dir=\"ltr\">\u00c1brego Garc\u00eda resid\u00eda en Maryland antes de ser deportado el 15 de marzo junto con decenas de salvadore\u00f1os y venezolanos al Cecot en El Salvador.<\/p>\n<\/div>\n<div class=\"bbc-19j92fr ebmt73l0\" dir=\"ltr\">\n<p class=\"bbc-hhl7in e17g058b0\" dir=\"ltr\">Sin embargo, la jueza de Maryland, Paula Xinis, dictamin\u00f3 que su expulsi\u00f3n incumpli\u00f3 una orden judicial de 2019 que le hab\u00eda otorgado protecci\u00f3n legal contra la deportaci\u00f3n.<\/p>\n<\/div>\n<div class=\"bbc-19j92fr ebmt73l0\" dir=\"ltr\">\n<p class=\"bbc-hhl7in e17g058b0\" dir=\"ltr\">La semana pasada, la Corte Suprema de Estados Unidos confirm\u00f3 parcialmente el fallo del tribunal inferior, al determinar que el gobierno de Trump deb\u00eda &#8220;facilitar&#8221; la liberaci\u00f3n de \u00c1brego Garc\u00eda.<\/p>\n<\/div>\n<div class=\"bbc-19j92fr ebmt73l0\" dir=\"ltr\">\n<p class=\"bbc-hhl7in e17g058b0\" dir=\"ltr\">Funcionarios del gobierno de Trump admitieron que la deportaci\u00f3n fue un &#8220;error administrativo&#8221;, aunque la Casa Blanca insiste en que no hubo error.<\/p>\n<\/div>\n<div class=\"bbc-19j92fr ebmt73l0\" dir=\"ltr\">\n<p class=\"bbc-hhl7in e17g058b0\" dir=\"ltr\">La secretaria de prensa de la Casa Blanca, Karoline Leavitt, declar\u00f3 en una rueda de prensa el mi\u00e9rcoles que \u00c1brego Garc\u00eda &#8220;nunca vivir\u00e1 en Estados Unidos&#8221;.<\/p>\n<\/div>\n<div class=\"bbc-19j92fr ebmt73l0\" dir=\"ltr\">\n<p class=\"bbc-hhl7in e17g058b0\" dir=\"ltr\">&#8220;Si regresa a Estados Unidos, ser\u00e1 deportado de inmediato&#8221;, a\u00f1adi\u00f3.<\/p>\n<\/div>\n","protected":false},"excerpt":{"rendered":"<p>&nbsp; &nbsp; Un senador estadounidense se reuni\u00f3 con Kilmar \u00c1brego Garc\u00eda, el migrante salvadore\u00f1o que fue deportado err\u00f3neamente por el gobierno del presidente Donald Trump&hellip;<\/p>\n","protected":false},"author":99,"featured_media":530872,"comment_status":"open","ping_status":"open","sticky":false,"template":"","format":"standard","meta":{"footnotes":""},"categories":[24],"tags":[],"class_list":["post-530871","post","type-post","status-publish","format-standard","has-post-thumbnail","hentry","category-mundo"],"_links":{"self":[{"href":"https:\/\/diarioelpopular.com\/index.php\/wp-json\/wp\/v2\/posts\/530871","targetHints":{"allow":["GET"]}}],"collection":[{"href":"https:\/\/diarioelpopular.com\/index.php\/wp-json\/wp\/v2\/posts"}],"about":[{"href":"https:\/\/diarioelpopular.com\/index.php\/wp-json\/wp\/v2\/types\/post"}],"author":[{"embeddable":true,"href":"https:\/\/diarioelpopular.com\/index.php\/wp-json\/wp\/v2\/users\/99"}],"replies":[{"embeddable":true,"href":"https:\/\/diarioelpopular.com\/index.php\/wp-json\/wp\/v2\/comments?post=530871"}],"version-history":[{"count":1,"href":"https:\/\/diarioelpopular.com\/index.php\/wp-json\/wp\/v2\/posts\/530871\/revisions"}],"predecessor-version":[{"id":530873,"href":"https:\/\/diarioelpopular.com\/index.php\/wp-json\/wp\/v2\/posts\/530871\/revisions\/530873"}],"wp:featuredmedia":[{"embeddable":true,"href":"https:\/\/diarioelpopular.com\/index.php\/wp-json\/wp\/v2\/media\/530872"}],"wp:attachment":[{"href":"https:\/\/diarioelpopular.com\/index.php\/wp-json\/wp\/v2\/media?parent=530871"}],"wp:term":[{"taxonomy":"category","embeddable":true,"href":"https:\/\/diarioelpopular.com\/index.php\/wp-json\/wp\/v2\/categories?post=530871"},{"taxonomy":"post_tag","embeddable":true,"href":"https:\/\/diarioelpopular.com\/index.php\/wp-json\/wp\/v2\/tags?post=530871"}],"curies":[{"name":"wp","href":"https:\/\/api.w.org\/{rel}","templated":true}]}}