{"id":531023,"date":"2025-04-22T09:17:36","date_gmt":"2025-04-22T13:17:36","guid":{"rendered":"https:\/\/diarioelpopular.com\/?p=531023"},"modified":"2025-04-22T09:17:36","modified_gmt":"2025-04-22T13:17:36","slug":"los-argentinos-despiden-al-papa-francisco-partidos-entre-la-tristeza-y-la-indiferencia","status":"publish","type":"post","link":"https:\/\/diarioelpopular.com\/index.php\/2025\/04\/22\/los-argentinos-despiden-al-papa-francisco-partidos-entre-la-tristeza-y-la-indiferencia\/","title":{"rendered":"Los argentinos despiden al papa Francisco partidos entre la tristeza y la indiferencia"},"content":{"rendered":"<div id=\"attachment_531024\" style=\"width: 1210px\" class=\"wp-caption alignnone\"><img loading=\"lazy\" decoding=\"async\" aria-describedby=\"caption-attachment-531024\" class=\"wp-image-531024 size-custom-big-size\" src=\"https:\/\/diarioelpopular.com\/wp-content\/uploads\/2025\/04\/Screen-Shot-2025-04-22-at-9.16.48-AM-1200x771.png\" alt=\"\" width=\"1200\" height=\"771\" srcset=\"https:\/\/diarioelpopular.com\/wp-content\/uploads\/2025\/04\/Screen-Shot-2025-04-22-at-9.16.48-AM-1200x771.png 1200w, https:\/\/diarioelpopular.com\/wp-content\/uploads\/2025\/04\/Screen-Shot-2025-04-22-at-9.16.48-AM-300x193.png 300w, https:\/\/diarioelpopular.com\/wp-content\/uploads\/2025\/04\/Screen-Shot-2025-04-22-at-9.16.48-AM-768x494.png 768w, https:\/\/diarioelpopular.com\/wp-content\/uploads\/2025\/04\/Screen-Shot-2025-04-22-at-9.16.48-AM-85x55.png 85w, https:\/\/diarioelpopular.com\/wp-content\/uploads\/2025\/04\/Screen-Shot-2025-04-22-at-9.16.48-AM-636x409.png 636w, https:\/\/diarioelpopular.com\/wp-content\/uploads\/2025\/04\/Screen-Shot-2025-04-22-at-9.16.48-AM-114x73.png 114w, https:\/\/diarioelpopular.com\/wp-content\/uploads\/2025\/04\/Screen-Shot-2025-04-22-at-9.16.48-AM.png 1024w\" sizes=\"auto, (max-width: 1200px) 100vw, 1200px\" \/><p id=\"caption-attachment-531024\" class=\"wp-caption-text\">Fieles en la parroquia de la Virgen de los Milagros de Caacup\u00e9, en la Ciudad de Buenos Aires, 21 de abril de 2025.\u00a0 \u00a0 \u00a0 \u00a0 \u00a0 \u00a0 \u00a0 \u00a0 \u00a0 \u00a0 \u00a0 \u00a0 Foto Mariana Nedelcu<\/p><\/div>\n<p>&nbsp;<\/p>\n<p>&nbsp;<\/p>\n<h4 class=\"a_st\"><em>&#8211; En los barrios m\u00e1s pobres de Buenos Aires lloran la p\u00e9rdida del Pont\u00edfice que les abri\u00f3 las puertas de la Iglesia; otros critican su cuestionado rol pol\u00edtico o se muestran simplemente ajenos a la noticia<\/em><\/h4>\n<p>&nbsp;<\/p>\n<p class=\"\">El argentino Jorge Bergoglio nunca volvi\u00f3 a casa como papa Francisco. Su pa\u00eds natal lo despidi\u00f3 este lunes con la tristeza de un reencuentro ya imposible y dividido sobre su legado. El Gobierno argentino decret\u00f3 siete d\u00edas de luto. El presidente, Javier Milei, suspendi\u00f3 toda su agenda oficial y se prepar\u00f3 para volar a Roma. Los partidos de f\u00fatbol fueron aplazados, en los colegios cat\u00f3licos se guard\u00f3 un minuto de silencio, las redes se llenaron de mensajes de duelo y las iglesias abrieron sus puertas para recibir a los fieles. Buenos Aires, la ciudad que vio nacer al Pont\u00edfice hace 88 a\u00f1os, fue el epicentro de los homenajes en el pa\u00eds sudamericano, pero muchos de sus habitantes siguieron con la rutina ajenos a\u00a0<a href=\"https:\/\/elpais.com\/internacional\/2025-04-21\/muere-el-papa-francisco-un-vendaval-social-y-reformador-en-la-iglesia.html\" data-link-track-dtm=\"\" data-mrf-link=\"https:\/\/elpais.com\/internacional\/2025-04-21\/muere-el-papa-francisco-un-vendaval-social-y-reformador-en-la-iglesia.html\">una noticia de relevancia mundial<\/a>.<\/p>\n<p>&nbsp;<\/p>\n<figure class=\"a_m a_m-h \">\n<p><div style=\"width: 424px\" class=\"wp-caption alignnone\"><img loading=\"lazy\" decoding=\"async\" class=\"_re lazyload a_m-h\" src=\"https:\/\/imagenes.elpais.com\/resizer\/v2\/R6PBLRUOLNEBHPT2YTSDGM3NBY.jpg?auth=a13051466486e3ab57ba0d8d47553d8b8bec631963912b7463dc131bda62f1ac&amp;width=414\" sizes=\"auto, (min-width:1199px) 1155px,(min-width:1001px) calc(100vw - 44px),(min-width:768px) 767px, 100vw\" srcset=\"https:\/\/imagenes.elpais.com\/resizer\/v2\/R6PBLRUOLNEBHPT2YTSDGM3NBY.jpg?auth=a13051466486e3ab57ba0d8d47553d8b8bec631963912b7463dc131bda62f1ac&amp;width=414 414w,https:\/\/imagenes.elpais.com\/resizer\/v2\/R6PBLRUOLNEBHPT2YTSDGM3NBY.jpg?auth=a13051466486e3ab57ba0d8d47553d8b8bec631963912b7463dc131bda62f1ac&amp;width=828 640w,https:\/\/imagenes.elpais.com\/resizer\/v2\/R6PBLRUOLNEBHPT2YTSDGM3NBY.jpg?auth=a13051466486e3ab57ba0d8d47553d8b8bec631963912b7463dc131bda62f1ac&amp;width=980 1000w,https:\/\/imagenes.elpais.com\/resizer\/v2\/R6PBLRUOLNEBHPT2YTSDGM3NBY.jpg?auth=a13051466486e3ab57ba0d8d47553d8b8bec631963912b7463dc131bda62f1ac&amp;width=1960 1960w\" alt=\"Un hombre dibuja la imagen del papa Francisco en las calles de  Buenos Aires. \" width=\"414\" height=\"276\" \/><p class=\"wp-caption-text\">Un hombre dibuja la imagen del papa Francisco en las calles de Buenos Aires. Foto Mariana Nedelcu<\/p><\/div><figcaption class=\"a_m_p\" aria-hidden=\"true\"><\/figcaption><\/figure>\n<p>&nbsp;<\/p>\n<p class=\"\">El barrio de Flores, en el oeste de la capital, lament\u00f3 la p\u00e9rdida de su hijo pr\u00f3digo m\u00e1s que ning\u00fan otro. Algunos vecinos llevaron flores a la casa en la que dio sus primeros pasos y tambi\u00e9n al confesionario de la cercana bas\u00edlica de San Jos\u00e9 en el que Bergoglio sinti\u00f3 el llamado de la vocaci\u00f3n sacerdotal. Con el tiempo fue obispo, arzobispo y finalmente\u00a0<a href=\"https:\/\/elpais.com\/america\/2025-04-21\/america-latina-despide-a-francisco-su-papa-mas-querido.html\" data-link-track-dtm=\"\" data-mrf-link=\"https:\/\/elpais.com\/america\/2025-04-21\/america-latina-despide-a-francisco-su-papa-mas-querido.html\">Papa, el primero latinoamericano de la historia, en 2013<\/a>. \u201cPara m\u00ed fue un padre, me salv\u00f3 la vida\u201d, asegura Sebasti\u00e1n Morales, un argentino de 37 a\u00f1os que era un adolescente adicto a la pasta base cuando conoci\u00f3 a Bergoglio. La Iglesia cat\u00f3lica es a menudo el \u00faltimo muro de contenci\u00f3n de los j\u00f3venes con problemas de consumo de drogas, en especial en las familias m\u00e1s humildes. \u201c\u00c9l fund\u00f3 hogares en los que dan un lugar, un plato de comida y ayuda espiritual y m\u00e9dica a muchos chicos que tienen problemas de consumo, como yo tuve. \u00c9l era amor para todos, el Papa de los pobres, del pueblo\u201d, lo describe Morales con la voz entrecortada por la emoci\u00f3n a las puertas de la bas\u00edlica.<\/p>\n<p class=\"\">En esa iglesia se celebr\u00f3 esta tarde la ceremonia m\u00e1s multitudinaria en honor al Papa. Los asistentes compart\u00edan un sentimiento de orfandad por haber perdido a un ser querido al que sent\u00edan como parte de la familia. \u201cNunca vamos a olvidar lo que hizo por nosotros y por todo el mundo, nos quedamos hu\u00e9rfanos, estoy muy triste\u201d, dice Norma L\u00f3pez, jubilada que recuerda las misas que oficiaba all\u00ed y el consuelo que le ofreci\u00f3 tras perder su casa en la crisis de 2001.<\/p>\n<p>&nbsp;<\/p>\n<figure class=\"a_m a_m-h \">\n<p><div style=\"width: 424px\" class=\"wp-caption alignnone\"><img loading=\"lazy\" decoding=\"async\" class=\"_re lazyload a_m-h\" src=\"https:\/\/imagenes.elpais.com\/resizer\/v2\/PUC3XQXCCFGQ5EIDODHFNYVMVY.jpg?auth=acadb031b5c27d2bcb1dad4fd3373a1c2da557c7e17247903662bd0cafc0b73c&amp;width=414\" sizes=\"auto, (min-width:1199px) 1155px,(min-width:1001px) calc(100vw - 44px),(min-width:768px) 767px, 100vw\" srcset=\"https:\/\/imagenes.elpais.com\/resizer\/v2\/PUC3XQXCCFGQ5EIDODHFNYVMVY.jpg?auth=acadb031b5c27d2bcb1dad4fd3373a1c2da557c7e17247903662bd0cafc0b73c&amp;width=414 414w,https:\/\/imagenes.elpais.com\/resizer\/v2\/PUC3XQXCCFGQ5EIDODHFNYVMVY.jpg?auth=acadb031b5c27d2bcb1dad4fd3373a1c2da557c7e17247903662bd0cafc0b73c&amp;width=828 640w,https:\/\/imagenes.elpais.com\/resizer\/v2\/PUC3XQXCCFGQ5EIDODHFNYVMVY.jpg?auth=acadb031b5c27d2bcb1dad4fd3373a1c2da557c7e17247903662bd0cafc0b73c&amp;width=980 1000w,https:\/\/imagenes.elpais.com\/resizer\/v2\/PUC3XQXCCFGQ5EIDODHFNYVMVY.jpg?auth=acadb031b5c27d2bcb1dad4fd3373a1c2da557c7e17247903662bd0cafc0b73c&amp;width=1960 1960w\" alt=\"Vista del mural del papa Francisco, Lionel Messi y el Padre Carlos  en la Villa 31, en Buenos Aires, el 21 de abril de 2025.\" width=\"414\" height=\"276\" \/><p class=\"wp-caption-text\">Vista del mural del papa Francisco, Lionel Messi y el Padre Carlos en la Villa 31, en Buenos Aires, el 21 de abril de 2025.\u00a0 \u00a0 \u00a0 \u00a0 \u00a0 \u00a0 \u00a0 \u00a0 \u00a0 Foto MARIANA NEDELCU<\/p><\/div><figcaption class=\"a_m_p\" aria-hidden=\"true\"><\/figcaption><\/figure>\n<p>&nbsp;<\/p>\n<p class=\"\">Su memoria est\u00e1 viva tambi\u00e9n en las barriadas m\u00e1s pobres de Buenos Aires. Francisco, que pidi\u00f3 sacar a Cristo de la sacrist\u00eda y ponerlo en la calle, predicaba con el ejemplo cuando era arzobispo de la capital argentina. Algunas, como la villa 21-24, las recorri\u00f3 pasillo a pasillo y muchos de sus habitantes guardan hacia \u00e9l un agradecimiento infinito. Es el caso de los fieles\u00a0<a href=\"https:\/\/elpais.com\/argentina\/2025-03-29\/lorenzo-toto-de-vedia-cura-villero-muchos-pobres-estan-arrepentidos-de-haber-votado-a-milei.html\" data-link-track-dtm=\"\" data-mrf-link=\"https:\/\/elpais.com\/argentina\/2025-03-29\/lorenzo-toto-de-vedia-cura-villero-muchos-pobres-estan-arrepentidos-de-haber-votado-a-milei.html\">de la parroquia Virgen de los Milagros de Caacup\u00e9<\/a>, situada en uno de los extremos de esa villa. Su p\u00e1rroco, el padre Toto, salud\u00f3 durante toda la ma\u00f1ana a los vecinos que se santiguan o se frenan a rezar frente a la imagen del Papa. \u201cEs un d\u00eda triste, pero ahora tenemos un aliado en el cielo para continuar con su legado: una Iglesia que no deje a nadie atr\u00e1s\u201d, dice este cura villero. Hubo un goteo incesante desde primera hora, pero la misa celebrada tras la puesta de sol fue multitudinaria.<\/p>\n<p class=\"\">Bergoglio viajaba desde Flores hasta el centro de Buenos Aires en la l\u00ednea A de subte, la m\u00e1s antigua de la ciudad. La primera \u2014o \u00faltima\u2014 parada es la Plaza de Mayo, donde est\u00e1 la sede del Gobierno argentino y tambi\u00e9n la Catedral, que este lunes marc\u00f3 el camino a los dem\u00e1s templos cat\u00f3licos del pa\u00eds. En su exterior, algunos creyentes encendieron velas al pie de una de las columnas y colgaron rosarios, flores, mensajes e incluso banderas de San Lorenzo, el club de f\u00fatbol del Papa. Puertas adentro, una imagen del Pont\u00edfice recib\u00eda al r\u00edo de visitantes a la entrada, sobre la pila bautismal, y otra acompa\u00f1aba al arzobispo Jorge Garc\u00eda Cuerva frente al altar. \u201cSe muri\u00f3 el padre de todos, un padre se preocupa de todos los hijos y quiere que haya lugar para todos, especialmente para los m\u00e1s fr\u00e1giles [&#8230;]. Se nos fue el Papa de los pobres, de los marginados, de los que nadie quiere\u201d, dijo Garc\u00eda Cuerva durante la homil\u00eda matinal, celebrada en una catedral desbordada y con varios asistentes conmovidos hasta las l\u00e1grimas.<\/p>\n<h3 class=\"\">Llamados a la uni\u00f3n de los argentinos<\/h3>\n<p class=\"\">El arzobispo de Buenos Aires pidi\u00f3 a los argentinos que tomen al Pont\u00edfice como ejemplo a la hora de no discriminar a nadie y dejen de lado las diferencias para sacar adelante a un pa\u00eds golpeado por crisis econ\u00f3micas recurrentes. \u201cEl mejor homenaje que le podemos hacer a Francisco es unirnos, tender puentes y dejar de enfrentarnos\u201d, subray\u00f3. Sus palabras revelaron uno de los argumentos esgrimidos por Francisco a sus conocidos para mantenerse lejos de Argentina: tem\u00eda que su visita se usase pol\u00edticamente y aumentase la grieta existente a su pesar.<\/p>\n<p class=\"\">Una de las im\u00e1genes del d\u00eda que evidenci\u00f3 la polarizaci\u00f3n de la sociedad argentina fueron los abucheos contra la vicepresidenta, Victoria Villarruel, a su salida de la bas\u00edlica de San Jos\u00e9 de Flores. Villarruel asisti\u00f3 a la misa vespertina junto a pol\u00edticos de distinto signo pol\u00edtico, pero la armon\u00eda se rompi\u00f3 al pisar la calle. Algunos de los presentes insultaron a la vicepresidenta y corearon uno de los c\u00e1nticos popularizados en las marchas contra la dictadura \u2014\u201dcomo a los nazis les va a pasar, a donde vayan los iremos a buscar\u201d\u2014 en repudio a la defensa que hace Villarruel del terrorismo de Estado.<\/p>\n<p>&nbsp;<\/p>\n<figure class=\"a_m a_m-h \">\n<p><div style=\"width: 424px\" class=\"wp-caption alignnone\"><img loading=\"lazy\" decoding=\"async\" class=\"_re lazyload a_m-h\" src=\"https:\/\/imagenes.elpais.com\/resizer\/v2\/HLYU3NUVDFAC5JSFN4BE3FUQJQ.jpg?auth=0b8333c0e75d51b4d0d8cc0a63e5a3c7dfc0fdef1aaee3fd08d3ce22743aa856&amp;width=414\" sizes=\"auto, (min-width:1199px) 1155px,(min-width:1001px) calc(100vw - 44px),(min-width:768px) 767px, 100vw\" srcset=\"https:\/\/imagenes.elpais.com\/resizer\/v2\/HLYU3NUVDFAC5JSFN4BE3FUQJQ.jpg?auth=0b8333c0e75d51b4d0d8cc0a63e5a3c7dfc0fdef1aaee3fd08d3ce22743aa856&amp;width=414 414w,https:\/\/imagenes.elpais.com\/resizer\/v2\/HLYU3NUVDFAC5JSFN4BE3FUQJQ.jpg?auth=0b8333c0e75d51b4d0d8cc0a63e5a3c7dfc0fdef1aaee3fd08d3ce22743aa856&amp;width=828 640w,https:\/\/imagenes.elpais.com\/resizer\/v2\/HLYU3NUVDFAC5JSFN4BE3FUQJQ.jpg?auth=0b8333c0e75d51b4d0d8cc0a63e5a3c7dfc0fdef1aaee3fd08d3ce22743aa856&amp;width=980 1000w,https:\/\/imagenes.elpais.com\/resizer\/v2\/HLYU3NUVDFAC5JSFN4BE3FUQJQ.jpg?auth=0b8333c0e75d51b4d0d8cc0a63e5a3c7dfc0fdef1aaee3fd08d3ce22743aa856&amp;width=1960 1960w\" alt=\"Fieles rezan y lloran en parroquia de la Virgen de los Milagros de Caacup\u00e9.\" width=\"414\" height=\"276\" \/><p class=\"wp-caption-text\">Fieles rezan y lloran en parroquia de la Virgen de los Milagros de Caacup\u00e9. Foto Mariana Nedelcu<\/p><\/div><figcaption class=\"a_m_p\" aria-hidden=\"true\"><\/figcaption><\/figure>\n<h3 class=\"\">\u00bfUn Papa peronista?<\/h3>\n<p class=\"\">Buenos Aires y las provincias del centro y sur del pa\u00eds son menos religiosas que las del norte argentino, donde la Iglesia cat\u00f3lica tiene una gran influencia. En la capital, parte de la poblaci\u00f3n no perdona al Papa su v\u00ednculo con el peronismo y\u00a0<a href=\"https:\/\/elpais.com\/internacional\/2025-04-21\/cuando-francisco-era-bergoglio-un-arzobispo-incomodo-en-buenos-aires.html\" data-link-track-dtm=\"\" data-mrf-link=\"https:\/\/elpais.com\/internacional\/2025-04-21\/cuando-francisco-era-bergoglio-un-arzobispo-incomodo-en-buenos-aires.html\">lo acusa de ser un actor pol\u00edtico que se movi\u00f3 en las sombras\u00a0<\/a>durante a\u00f1os. \u201cMejor me reservo mi opini\u00f3n. No fue el Papa de todos los cat\u00f3licos, sino un peronista hijo de remilputas\u201d, dice un taxista en el centro de Buenos Aires. Otro asegura que como buen argentino le gustaba el mate, el f\u00fatbol y la pol\u00edtica. \u201cNo hay dudas de que era peronista, quiz\u00e1s fuera no lo saben y no entienden por qu\u00e9 ac\u00e1 algunos no lo quieren\u201d, argumenta.<\/p>\n<p class=\"\">Bergoglio siempre sostuvo que nunca estuvo afiliado al partido peronista. \u201cNi siquiera fui militante o simpatizante del peronismo. Afirmar eso es una mentira\u201d, dijo en el libro<i>\u00a0El Pastor<\/i>\u00a0(Ediciones B, 2023), producto de largas conversaciones con los periodistas Sergio Rubin y Francesca Ambrogetti. \u201cMis escritos sobre la justicia social llevaron a que se dijera que soy peronista. Y en la hip\u00f3tesis de tener una concepci\u00f3n peronista de la pol\u00edtica, \u00bfqu\u00e9 tendr\u00eda de malo?\u201d, se pregunt\u00f3, como para cerrar definitivamente el tema.<\/p>\n<p class=\"\">Pese a las diferencias, l\u00edderes de todo el arco pol\u00edtico argentino lamentaron la muerte del pont\u00edfice, entre ellos el presidente, Javier Milei. Antes de dar el salto a la pol\u00edtica, cuando era un economista conocido por sus apariciones en programas televisivos, Milei dirigi\u00f3 graves ataques a Francisco, a quien tild\u00f3 de \u201czurdo hijo de puta\u201d, \u201cimb\u00e9cil\u201d y \u201crepresentante del maligno en la casa de Dios\u201d. Tras ser elegido presidente, Milei se disculp\u00f3 y se reuni\u00f3 con el Papa, pero la desconfianza mutua nunca se borr\u00f3 del todo. \u201cA pesar de diferencias que hoy resultan menores, haber podido conocerlo en su bondad y sabidur\u00eda fue un verdadero honor para m\u00ed\u201d,\u00a0<a href=\"https:\/\/x.com\/JMilei\/status\/1914254255512297895\" target=\"_blank\" rel=\"noopener\" data-link-track-dtm=\"\" data-mrf-link=\"https:\/\/x.com\/JMilei\/status\/1914254255512297895\">escribi\u00f3 Milei en un tuit temprano<\/a>\u00a0que fue tapado enseguida por una nueva catarata de mensajes contra economistas y periodistas que predijeron que el precio del peso caer\u00eda tras eliminar el cepo cambiario, algo que hasta ahora no ha ocurrido.<\/p>\n<p>&nbsp;<\/p>\n<figure class=\"a_m a_m-h \">\n<p><div style=\"width: 424px\" class=\"wp-caption alignnone\"><img loading=\"lazy\" decoding=\"async\" class=\"_re lazyload a_m-h\" src=\"https:\/\/imagenes.elpais.com\/resizer\/v2\/DF2KPRCYTVBQTOC3GBQ6POQ26M.jpg?auth=228b031e39f8681182fa2e4fa147b5ee5b46ae799daabae580538e25e2b21ae4&amp;width=414\" sizes=\"auto, (min-width:1199px) 1155px,(min-width:1001px) calc(100vw - 44px),(min-width:768px) 767px, 100vw\" srcset=\"https:\/\/imagenes.elpais.com\/resizer\/v2\/DF2KPRCYTVBQTOC3GBQ6POQ26M.jpg?auth=228b031e39f8681182fa2e4fa147b5ee5b46ae799daabae580538e25e2b21ae4&amp;width=414 414w,https:\/\/imagenes.elpais.com\/resizer\/v2\/DF2KPRCYTVBQTOC3GBQ6POQ26M.jpg?auth=228b031e39f8681182fa2e4fa147b5ee5b46ae799daabae580538e25e2b21ae4&amp;width=828 640w,https:\/\/imagenes.elpais.com\/resizer\/v2\/DF2KPRCYTVBQTOC3GBQ6POQ26M.jpg?auth=228b031e39f8681182fa2e4fa147b5ee5b46ae799daabae580538e25e2b21ae4&amp;width=980 1000w,https:\/\/imagenes.elpais.com\/resizer\/v2\/DF2KPRCYTVBQTOC3GBQ6POQ26M.jpg?auth=228b031e39f8681182fa2e4fa147b5ee5b46ae799daabae580538e25e2b21ae4&amp;width=1960 1960w\" alt=\"Velada a las afueras de  la Catedral Metropolitana de Buenos Aires, el d\u00eda 21 de abril de 2025.\" width=\"414\" height=\"276\" \/><p class=\"wp-caption-text\">Velada a las afueras de la Catedral Metropolitana de Buenos Aires, el d\u00eda 21 de abril de 2025. Foto Mariana Nedelcu<\/p><\/div><figcaption class=\"a_m_p\" aria-hidden=\"true\"><\/figcaption><\/figure>\n<p>&nbsp;<\/p>\n<p class=\"\">La muerte del Papa fue motivo tambi\u00e9n de sentidos homenajes de referentes sociales y deportivos, en especial de San Lorenzo. Incluso desde el Vaticano, el Papa mantuvo la pasi\u00f3n por el club de su infancia y recibi\u00f3 all\u00ed a directivos y aficionados. \u201cDe Jorge Mario Bergoglio a Francisco, hubo algo que jam\u00e1s cambi\u00f3: su amor por el Cicl\u00f3n\u201d, escribi\u00f3 el club cuervo en las redes sociales. \u201c\u00a1Adi\u00f3s, gracias y hasta siempre! \u00a1Estaremos juntos por la eternidad!\u201d, lo despidi\u00f3 San Lorenzo. Su n\u00famero de socio, el 88235, se viraliz\u00f3 con rapidez por una asombrosa coincidencia, que algunos interpretaron como una se\u00f1al divina: Francisco ten\u00eda 88 a\u00f1os y muri\u00f3 a las 2.35 de la madrugada de Argentina.<\/p>\n","protected":false},"excerpt":{"rendered":"<p>&nbsp; &nbsp; &#8211; En los barrios m\u00e1s pobres de Buenos Aires lloran la p\u00e9rdida del Pont\u00edfice que les abri\u00f3 las puertas de la Iglesia; otros&hellip;<\/p>\n","protected":false},"author":99,"featured_media":531024,"comment_status":"open","ping_status":"open","sticky":false,"template":"","format":"standard","meta":{"footnotes":""},"categories":[23],"tags":[],"class_list":["post-531023","post","type-post","status-publish","format-standard","has-post-thumbnail","hentry","category-latinoamerica"],"_links":{"self":[{"href":"https:\/\/diarioelpopular.com\/index.php\/wp-json\/wp\/v2\/posts\/531023","targetHints":{"allow":["GET"]}}],"collection":[{"href":"https:\/\/diarioelpopular.com\/index.php\/wp-json\/wp\/v2\/posts"}],"about":[{"href":"https:\/\/diarioelpopular.com\/index.php\/wp-json\/wp\/v2\/types\/post"}],"author":[{"embeddable":true,"href":"https:\/\/diarioelpopular.com\/index.php\/wp-json\/wp\/v2\/users\/99"}],"replies":[{"embeddable":true,"href":"https:\/\/diarioelpopular.com\/index.php\/wp-json\/wp\/v2\/comments?post=531023"}],"version-history":[{"count":1,"href":"https:\/\/diarioelpopular.com\/index.php\/wp-json\/wp\/v2\/posts\/531023\/revisions"}],"predecessor-version":[{"id":531025,"href":"https:\/\/diarioelpopular.com\/index.php\/wp-json\/wp\/v2\/posts\/531023\/revisions\/531025"}],"wp:featuredmedia":[{"embeddable":true,"href":"https:\/\/diarioelpopular.com\/index.php\/wp-json\/wp\/v2\/media\/531024"}],"wp:attachment":[{"href":"https:\/\/diarioelpopular.com\/index.php\/wp-json\/wp\/v2\/media?parent=531023"}],"wp:term":[{"taxonomy":"category","embeddable":true,"href":"https:\/\/diarioelpopular.com\/index.php\/wp-json\/wp\/v2\/categories?post=531023"},{"taxonomy":"post_tag","embeddable":true,"href":"https:\/\/diarioelpopular.com\/index.php\/wp-json\/wp\/v2\/tags?post=531023"}],"curies":[{"name":"wp","href":"https:\/\/api.w.org\/{rel}","templated":true}]}}