{"id":531146,"date":"2025-04-25T09:30:16","date_gmt":"2025-04-25T13:30:16","guid":{"rendered":"https:\/\/diarioelpopular.com\/?p=531146"},"modified":"2025-04-25T09:30:16","modified_gmt":"2025-04-25T13:30:16","slug":"cuatro-horas-bajo-el-fuego-del-cartel-jalisco-en-30-municipios-de-tres-estados-vamos-a-tener-fiesta","status":"publish","type":"post","link":"https:\/\/diarioelpopular.com\/index.php\/2025\/04\/25\/cuatro-horas-bajo-el-fuego-del-cartel-jalisco-en-30-municipios-de-tres-estados-vamos-a-tener-fiesta\/","title":{"rendered":"Cuatro horas bajo el fuego del Cartel Jalisco en 30 municipios de tres Estados: \u201cVamos a tener fiesta\u201d"},"content":{"rendered":"<div id=\"attachment_531147\" style=\"width: 1210px\" class=\"wp-caption alignnone\"><img loading=\"lazy\" decoding=\"async\" aria-describedby=\"caption-attachment-531147\" class=\"wp-image-531147 size-custom-big-size\" src=\"https:\/\/diarioelpopular.com\/wp-content\/uploads\/2025\/04\/Screen-Shot-2025-04-25-at-9.29.32-AM-1200x669.png\" alt=\"\" width=\"1200\" height=\"669\" srcset=\"https:\/\/diarioelpopular.com\/wp-content\/uploads\/2025\/04\/Screen-Shot-2025-04-25-at-9.29.32-AM-1200x669.png 1200w, https:\/\/diarioelpopular.com\/wp-content\/uploads\/2025\/04\/Screen-Shot-2025-04-25-at-9.29.32-AM-300x167.png 300w, https:\/\/diarioelpopular.com\/wp-content\/uploads\/2025\/04\/Screen-Shot-2025-04-25-at-9.29.32-AM-768x428.png 768w, https:\/\/diarioelpopular.com\/wp-content\/uploads\/2025\/04\/Screen-Shot-2025-04-25-at-9.29.32-AM-636x355.png 636w, https:\/\/diarioelpopular.com\/wp-content\/uploads\/2025\/04\/Screen-Shot-2025-04-25-at-9.29.32-AM-131x73.png 131w, https:\/\/diarioelpopular.com\/wp-content\/uploads\/2025\/04\/Screen-Shot-2025-04-25-at-9.29.32-AM.png 1024w\" sizes=\"auto, (max-width: 1200px) 100vw, 1200px\" \/><p id=\"caption-attachment-531147\" class=\"wp-caption-text\">Elementos de la Guardia Nacional en una carretera de Michoac\u00e1n, el 23 de abril de 2025.\u00a0 Foto SSP MICHOAC\u00c1N<\/p><\/div>\n<p>&nbsp;<\/p>\n<p>&nbsp;<\/p>\n<h4 class=\"a_st\"><em>&#8211; El Mencho orden\u00f3 incendiar tr\u00e1ileres y colapsar carreteras en Michoac\u00e1n, Jalisco y Guanajuato. Hay dos polic\u00edas muertos y ning\u00fan detenido: \u201cJam\u00e1s hab\u00edamos visto unos bloqueos con esta escala\u201d<\/em><\/h4>\n<p>&nbsp;<\/p>\n<p class=\"\">El primer veh\u00edculo agarr\u00f3 llamas a eso de las dos de la tarde del mi\u00e9rcoles. Era el cami\u00f3n de una empresa de paqueter\u00eda. \u201cAl principio dijeron que hab\u00eda sido una falla del circuito el\u00e9ctrico, pero luego fue evidente que est\u00e1bamos en un proceso de narcobloqueo por los otros veh\u00edculos\u201d, narra el consejero del Observatorio de Seguridad Humana de Apatzing\u00e1n. Como protocolo \u2014porque, en los \u00faltimos a\u00f1os, los d\u00edas en que<a title=\"https:\/\/elpais.com\/mexico\/2025-04-24\/el-cjng-sacude-con-bloqueos-e-incendios-las-carreteras-en-michoacan-jalisco-y-guanajuato.html\" href=\"https:\/\/elpais.com\/mexico\/2025-04-24\/el-cjng-sacude-con-bloqueos-e-incendios-las-carreteras-en-michoacan-jalisco-y-guanajuato.html\" target=\"_self\" rel=\"\" data-link-track-dtm=\"\" data-mrf-link=\"https:\/\/elpais.com\/mexico\/2025-04-24\/el-cjng-sacude-con-bloqueos-e-incendios-las-carreteras-en-michoacan-jalisco-y-guanajuato.html\">\u00a0los carteles toman las calles, incendian carros y asedian pueblos enteros<\/a>\u00a0para mandar un mensaje al Estado se han vuelto tan habituales que hubo que desarrollar un protocolo al respecto\u2014 no da su nombre.<\/p>\n<p class=\"\">La informaci\u00f3n comenz\u00f3 a correr boca a boca, celular a celular, vecino a vecino. \u201cEl desmantelamiento del Estado de derecho ha provocado que las personas busquen mecanismos preventivos de seguridad, los grupos de Whatsapp son uno de los m\u00e1s eficaces\u201d. Fue en Apatzing\u00e1n, pero no solo.\u00a0<a title=\"https:\/\/elpais.com\/mexico\/2025-04-18\/teocaltiche-un-pueblo-abandonado-a-la-violencia-en-mexico-no-podemos-ni-debemos-acostumbrarnos-a-vivir-asi.html\" href=\"https:\/\/elpais.com\/mexico\/2025-04-18\/teocaltiche-un-pueblo-abandonado-a-la-violencia-en-mexico-no-podemos-ni-debemos-acostumbrarnos-a-vivir-asi.html\" target=\"_self\" rel=\"\" data-link-track-dtm=\"\" data-mrf-link=\"https:\/\/elpais.com\/mexico\/2025-04-18\/teocaltiche-un-pueblo-abandonado-a-la-violencia-en-mexico-no-podemos-ni-debemos-acostumbrarnos-a-vivir-asi.html\">El Cartel Jalisco Nueva Generaci\u00f3n (CJNG)<\/a>\u00a0quiso demostrar su fuerza con fuego e incendi\u00f3 las autopistas de una treintena de municipios en tres Estados. La peor parte se la llevaron las carreteras de 26 pueblos de Michoac\u00e1n, pero la violencia del Mencho se propag\u00f3 a dos localidades de Guanajuato y otra de Jalisco.<\/p>\n<p class=\"\">Por WhatsApp llegaban notas de voz como esta, con esas letras grises en la parte superior que avisan cuando un mensaje ha sido reenviado muchas veces: \u201cSale, compa\u00f1eros, compa\u00f1eros, todos los que vayan a salir a carretera ahorita, est\u00e1n quemando carros. Quiroga, Zacapu, Apatzing\u00e1n, Uruapan, Tlazazalca, 10 municipios est\u00e1n quemando carros eh. Carros, camiones, autobuses, todo, todo. No hay autoridad\u201d. O bien: \u201cDense la vuelta, est\u00e1n agarr\u00e1ndose a balazos, enfrentamiento entre sicarios, la Guardia Nacional, la Sedena\u201d. Tambi\u00e9n: \u201cEst\u00e1n incendiando los camiones\u201d. Y: \u201cDate la vuelta pap\u00e1, hay una balacera\u201d.<\/p>\n<p class=\"\">El vecino de Apatzing\u00e1n, el que no quiere dar su nombre, baj\u00f3 a la verduler\u00eda poco antes de que cayera la noche. \u201cEl propietario me dec\u00eda que\u00a0<a title=\"https:\/\/elpais.com\/mexico\/economia\/2024-09-13\/el-miedo-vuelve-a-los-cultivos-de-limon-en-michoacan-los-productores-paran-tras-el-asesinato-del-empresario-jose-luis-aguinaga.html\" href=\"https:\/\/elpais.com\/mexico\/economia\/2024-09-13\/el-miedo-vuelve-a-los-cultivos-de-limon-en-michoacan-los-productores-paran-tras-el-asesinato-del-empresario-jose-luis-aguinaga.html\" target=\"_self\" rel=\"\" data-link-track-dtm=\"\" data-mrf-link=\"https:\/\/elpais.com\/mexico\/economia\/2024-09-13\/el-miedo-vuelve-a-los-cultivos-de-limon-en-michoacan-los-productores-paran-tras-el-asesinato-del-empresario-jose-luis-aguinaga.html\">el que le surt\u00eda lim\u00f3n ven\u00eda\u00a0<i>aculad\u00edsimo<\/i><\/a><i>\u00a0<\/i>porque pensaba que le iban a quitar la camioneta\u201d. Las calles se hab\u00edan vaciado, la gente se resguard\u00f3 en casa. \u201cSe ha vivido en varias ocasiones y normalmente es miedo, es replegarse, guardarse, no salir, no transitar, tener mucha precauci\u00f3n, no hablar del tema. El pueblo se vuelve silencioso de un momento a otro. Ayer no nos acerc\u00e1bamos, no tenemos la capacidad ni la voluntad de ser m\u00e1rtires\u201d.<\/p>\n<p>&nbsp;<\/p>\n<figure class=\"a_m a_m-h \">\n<p><div style=\"width: 424px\" class=\"wp-caption alignnone\"><img loading=\"lazy\" decoding=\"async\" class=\"_re lazyload a_m-h\" src=\"https:\/\/imagenes.elpais.com\/resizer\/v2\/NOJP3JGPVNHA5FOXHW3ZPUAUNI.jpeg?auth=f65891078ceccc9956fc89ea2a2279ef90a1a7afe7d2fc6cc6096cceebc792f4&amp;width=414\" sizes=\"auto, (min-width:1199px) 1155px,(min-width:1001px) calc(100vw - 44px),(min-width:768px) 767px, 100vw\" srcset=\"https:\/\/imagenes.elpais.com\/resizer\/v2\/NOJP3JGPVNHA5FOXHW3ZPUAUNI.jpeg?auth=f65891078ceccc9956fc89ea2a2279ef90a1a7afe7d2fc6cc6096cceebc792f4&amp;width=414 414w,https:\/\/imagenes.elpais.com\/resizer\/v2\/NOJP3JGPVNHA5FOXHW3ZPUAUNI.jpeg?auth=f65891078ceccc9956fc89ea2a2279ef90a1a7afe7d2fc6cc6096cceebc792f4&amp;width=828 640w,https:\/\/imagenes.elpais.com\/resizer\/v2\/NOJP3JGPVNHA5FOXHW3ZPUAUNI.jpeg?auth=f65891078ceccc9956fc89ea2a2279ef90a1a7afe7d2fc6cc6096cceebc792f4&amp;width=980 1000w,https:\/\/imagenes.elpais.com\/resizer\/v2\/NOJP3JGPVNHA5FOXHW3ZPUAUNI.jpeg?auth=f65891078ceccc9956fc89ea2a2279ef90a1a7afe7d2fc6cc6096cceebc792f4&amp;width=1960 1960w\" alt=\"Elementos de la Polic\u00eda Estatal de Guanajuato participan en un operativo durante los bloqueos carreteros.\" width=\"414\" height=\"187\" \/><p class=\"wp-caption-text\">Elementos de la Polic\u00eda Estatal de Guanajuato participan en un operativo durante los bloqueos carreteros.\u00a0 \u00a0 \u00a0 \u00a0 \u00a0 \u00a0 \u00a0 \u00a0 \u00a0 \u00a0 \u00a0 \u00a0 \u00a0 \u00a0 \u00a0 \u00a0 \u00a0 \u00a0 \u00a0 Foto SSP GUANAJUATO<\/p><\/div><figcaption class=\"a_m_p\" aria-hidden=\"true\"><\/figcaption><\/figure>\n<p>&nbsp;<\/p>\n<p class=\"\">Era un terror<a title=\"https:\/\/elpais.com\/internacional\/2013\/10\/28\/actualidad\/1382921848_799992.html\" href=\"https:\/\/elpais.com\/internacional\/2013\/10\/28\/actualidad\/1382921848_799992.html\" target=\"_self\" rel=\"\" data-link-track-dtm=\"\" data-mrf-link=\"https:\/\/elpais.com\/internacional\/2013\/10\/28\/actualidad\/1382921848_799992.html\">\u00a0viejo y conocido<\/a>, pero la costumbre no lo diluye. \u201cFue una reminiscencia de tiempos que pensamos que se hab\u00edan relativamente superado. Hay un retroceso en t\u00e9rminos de las condiciones de seguridad que hab\u00edamos tratado de ir construyendo durante los \u00faltimos a\u00f1os como sociedad. Jam\u00e1s hab\u00edamos visto unos bloqueos con esta escala\u201d. En paralelo a los videos de tr\u00e1ileres ardiendo, las fotograf\u00edas de carreteras colapsadas y los audios de alerta, otra informaci\u00f3n comenzaba a circular. Entre personal de seguridad, de las distintas fiscal\u00edas, entre reporteros y analistas, se especulaba: qu\u00e9 hab\u00eda llevado a\u00a0<a title=\"https:\/\/elpais.com\/mexico\/2025-03-06\/de-pequenos-dealers-de-heroina-en-ee-uu-a-cabezas-del-cartel-mas-poderoso-de-mexico-el-mencho-y-su-hermano-don-rodo-una-vida-burlando-la-justicia.html\" href=\"https:\/\/elpais.com\/mexico\/2025-03-06\/de-pequenos-dealers-de-heroina-en-ee-uu-a-cabezas-del-cartel-mas-poderoso-de-mexico-el-mencho-y-su-hermano-don-rodo-una-vida-burlando-la-justicia.html\" target=\"_self\" rel=\"\" data-link-track-dtm=\"\" data-mrf-link=\"https:\/\/elpais.com\/mexico\/2025-03-06\/de-pequenos-dealers-de-heroina-en-ee-uu-a-cabezas-del-cartel-mas-poderoso-de-mexico-el-mencho-y-su-hermano-don-rodo-una-vida-burlando-la-justicia.html\">Nemesio Rub\u00e9n Oseguera Cervantes,\u00a0<i>El Mencho<\/i><\/a>, l\u00edder del CJNG, a ordenar semejante ataque.<\/p>\n<h3 class=\"\">La versi\u00f3n oficial<\/h3>\n<p class=\"\">Esa ma\u00f1ana hubo un operativo militar que incluy\u00f3 un helic\u00f3ptero artillado abriendo fuego contra \u201calgunos grupos pertrechados en los cerros\u201d, sostiene el consejero del Observatorio de Seguridad Humana de Apatzing\u00e1n. Se dec\u00eda que la Marina hab\u00eda incursionado en Ocotl\u00e1n, en el Jalisco fronterizo con Michoac\u00e1n, para detener a un capo de alto rango. Se dec\u00eda, incluso, que lo hab\u00edan capturado, y que<a title=\"https:\/\/elpais.com\/mexico\/2025-03-30\/el-mencho-el-narco-discreto-al-mando-del-cartel-mas-poderoso-de-mexico.html\" href=\"https:\/\/elpais.com\/mexico\/2025-03-30\/el-mencho-el-narco-discreto-al-mando-del-cartel-mas-poderoso-de-mexico.html\" target=\"_self\" rel=\"\" data-link-track-dtm=\"\" data-mrf-link=\"https:\/\/elpais.com\/mexico\/2025-03-30\/el-mencho-el-narco-discreto-al-mando-del-cartel-mas-poderoso-de-mexico.html\">\u00a0el Mencho\u00a0<\/a>desat\u00f3 todo su fuego para que lo liberaran.<\/p>\n<p class=\"\">Lo hablaban reporteros locales, lo comentaban tambi\u00e9n\u00a0<i>off the record,<\/i>\u00a0como hechos consumados, agentes gubernamentales. Se escuchaba m\u00e1s de una comparaci\u00f3n con el\u00a0<i>Culiacanazo<\/i>,\u00a0<a title=\"https:\/\/elpais.com\/mexico\/2023-01-05\/los-dos-jueves-negros-de-ovidio-guzman.html\" href=\"https:\/\/elpais.com\/mexico\/2023-01-05\/los-dos-jueves-negros-de-ovidio-guzman.html\" target=\"_self\" rel=\"\" data-link-track-dtm=\"\" data-mrf-link=\"https:\/\/elpais.com\/mexico\/2023-01-05\/los-dos-jueves-negros-de-ovidio-guzman.html\">aquel jueves que el Cartel de Sinaloa incendi\u00f3 Culiac\u00e1n para que Andr\u00e9s Manuel L\u00f3pez Obrador liberara a Ovidio Guzm\u00e1n<\/a>, hijo de El Chapo \u2014y, la primera de las dos veces, lo consigui\u00f3.<\/p>\n<p class=\"\">As\u00ed lo dijeron fuentes con conocimiento de la operaci\u00f3n. La Secretar\u00eda de Seguridad P\u00fablica de Michoac\u00e1n fue escueta, pero, en esa l\u00ednea, habl\u00f3 de\u00a0<a title=\"https:\/\/x.com\/SSeguridad_Mich\/status\/1915159377386033206\" href=\"https:\/\/x.com\/SSeguridad_Mich\/status\/1915159377386033206\" target=\"_self\" rel=\"\" data-link-track-dtm=\"\" data-mrf-link=\"https:\/\/x.com\/SSeguridad_Mich\/status\/1915159377386033206\">\u201cbloqueos carreteros ocasionados por grupos delincuenciales en respuesta a las labores en materia seguridad\u201d<\/a>. El Gabinete de Seguridad public\u00f3 su informe diario con \u201cacciones relevantes\u201d del d\u00eda. Hab\u00eda informaci\u00f3n de decomisos y arrestos en una decena de Estados de la Rep\u00fablica.\u00a0<a title=\"https:\/\/www.gob.mx\/sspc\/prensa\/el-gabinete-de-seguridad-del-gobierno-de-mexico-informa-acciones-relevantes-del-miercoles-23-abril-de-2025\" href=\"https:\/\/www.gob.mx\/sspc\/prensa\/el-gabinete-de-seguridad-del-gobierno-de-mexico-informa-acciones-relevantes-del-miercoles-23-abril-de-2025\" target=\"_self\" rel=\"\" data-link-track-dtm=\"\" data-mrf-link=\"https:\/\/www.gob.mx\/sspc\/prensa\/el-gabinete-de-seguridad-del-gobierno-de-mexico-informa-acciones-relevantes-del-miercoles-23-abril-de-2025\">De los narcobloqueos en Michoac\u00e1n, Jalisco y Guanajuato, ni una palabra<\/a>.<\/p>\n<p class=\"\">Alfredo Ram\u00edrez Bedolla, Pablo Lemus y Libia Dennise, gobernadores de Michoac\u00e1n, Jalisco y Guanajuato, respectivamente, manten\u00edan silencio, como lo mantuvieron hasta el jueves la presidenta de la Rep\u00fablica, Claudia Sheinbaum, y su zar de seguridad, Omar Garc\u00eda Harfuch. Y, en la ma\u00f1ana, la versi\u00f3n oficial difundida por ambos: \u201cLos ataques son resultado de los conflictos entre dos grupos delictivos que disputan los territorios\u201d.<\/p>\n<p>&nbsp;<\/p>\n<figure class=\"a_m a_m-h \">\n<p><div style=\"width: 424px\" class=\"wp-caption alignnone\"><img loading=\"lazy\" decoding=\"async\" class=\"_re lazyload a_m-h\" src=\"https:\/\/imagenes.elpais.com\/resizer\/v2\/ECHKNSQOSVGCHMSSBLUWTGETVQ.jpeg?auth=f2639ba4b1b65d9bc7e1a4e63e80ef2d303dd42fbdf78e6de39ff6f2348a54af&amp;width=414\" sizes=\"auto, (min-width:1199px) 1155px,(min-width:1001px) calc(100vw - 44px),(min-width:768px) 767px, 100vw\" srcset=\"https:\/\/imagenes.elpais.com\/resizer\/v2\/ECHKNSQOSVGCHMSSBLUWTGETVQ.jpeg?auth=f2639ba4b1b65d9bc7e1a4e63e80ef2d303dd42fbdf78e6de39ff6f2348a54af&amp;width=414 414w,https:\/\/imagenes.elpais.com\/resizer\/v2\/ECHKNSQOSVGCHMSSBLUWTGETVQ.jpeg?auth=f2639ba4b1b65d9bc7e1a4e63e80ef2d303dd42fbdf78e6de39ff6f2348a54af&amp;width=828 640w,https:\/\/imagenes.elpais.com\/resizer\/v2\/ECHKNSQOSVGCHMSSBLUWTGETVQ.jpeg?auth=f2639ba4b1b65d9bc7e1a4e63e80ef2d303dd42fbdf78e6de39ff6f2348a54af&amp;width=980 1000w,https:\/\/imagenes.elpais.com\/resizer\/v2\/ECHKNSQOSVGCHMSSBLUWTGETVQ.jpeg?auth=f2639ba4b1b65d9bc7e1a4e63e80ef2d303dd42fbdf78e6de39ff6f2348a54af&amp;width=1960 1960w\" alt=\"Miembros de la Guardia Civil realizan recorridos  en los municipios de \u00c1lvaro Obreg\u00f3n, Indaparapeo y Charo, en Michoac\u00e1n.\" width=\"414\" height=\"233\" \/><p class=\"wp-caption-text\">Miembros de la Guardia Civil realizan recorridos en los municipios de \u00c1lvaro Obreg\u00f3n, Indaparapeo y Charo, en Michoac\u00e1n.\u00a0 \u00a0 \u00a0 \u00a0 \u00a0 \u00a0Foto SSP MICHOAC\u00c1N<\/p><\/div><figcaption class=\"a_m_p\" aria-hidden=\"true\"><\/figcaption><\/figure>\n<p>&nbsp;<\/p>\n<p class=\"\">Hubo cuatro horas de bloqueos en 30 municipios de tres Estados diferentes. Dos polic\u00edas murieron en los enfrentamientos contra los sicarios. Decenas de veh\u00edculos ardieron como barricadas improvisadas en carreteras federales. Un par de tiendas fueron tambi\u00e9n incendiadas en\u00a0<a title=\"https:\/\/elpais.com\/mexico\/2023-07-04\/el-obispo-de-apatzingan-estamos-perdiendo-la-sensibilidad-ante-la-violencia.html\" href=\"https:\/\/elpais.com\/mexico\/2023-07-04\/el-obispo-de-apatzingan-estamos-perdiendo-la-sensibilidad-ante-la-violencia.html\" target=\"_self\" rel=\"\" data-link-track-dtm=\"\" data-mrf-link=\"https:\/\/elpais.com\/mexico\/2023-07-04\/el-obispo-de-apatzingan-estamos-perdiendo-la-sensibilidad-ante-la-violencia.html\">Apatzing\u00e1n<\/a>. Ninguna persona fue oficialmente detenida a pesar de la envergadura de la agresi\u00f3n. Y la versi\u00f3n oficial de Harfuch y Sheinbaum hablaba, como tantas otras veces antes, de criminales peleando la plaza.<\/p>\n<p class=\"\">Los vecinos de los municipios afectados la recibieron con escepticismo, como poco. \u201cEra frecuente que estos narcobloqueos ocurrieran sobre todo para generar presi\u00f3n a la autoridad siempre que era apresado alg\u00fan miembro del crimen organizado, pas\u00f3 con\u00a0<a title=\"https:\/\/elpais.com\/internacional\/2011\/06\/21\/actualidad\/1308607216_850215.html\" href=\"https:\/\/elpais.com\/internacional\/2011\/06\/21\/actualidad\/1308607216_850215.html\" target=\"_self\" rel=\"\" data-link-track-dtm=\"\" data-mrf-link=\"https:\/\/elpais.com\/internacional\/2011\/06\/21\/actualidad\/1308607216_850215.html\">El Chango M\u00e9ndez [de La Familia Michoacana]<\/a>\u00a0y con otros capos de otra \u00e9poca\u201d, recuerda el consejero del Observatorio de Apatzing\u00e1n. E incluso si creyera la versi\u00f3n oficial: \u201cEs preocupante que ya reconozcan que el territorio est\u00e1 siendo disputado entre grupos criminales de forma cr\u00f3nica sin que el Estado ponga un alto\u201d.<\/p>\n<p class=\"\">David Saucedo, analista experto en seguridad, concuerda: \u201cLa versi\u00f3n de Omar Garc\u00eda Harfuch es inveros\u00edmil. No me hace sentido. Dos grupos rivales nunca se atacan con narcobloqueos, suelen utilizarlos para presionar a las autoridades si detienen a sus miembros, como en el\u00a0<i>Culiacanazo<\/i>\u201d. En 2022, el Ej\u00e9rcito trat\u00f3 de capturar a Ricardo Ruiz,\u00a0<i>El Doble R<\/i>, mano derecha del Mencho, y Gerardo Gonz\u00e1lez,\u00a0<i>El Ap\u00e1<\/i>. Los militares fracasaron\u00a0<a title=\"https:\/\/elpais.com\/mexico\/2022-08-12\/el-doble-r-el-apa-y-el-caos-del-que-es-capaz-el-cartel-jalisco-nueva-generacion.html\" href=\"https:\/\/elpais.com\/mexico\/2022-08-12\/el-doble-r-el-apa-y-el-caos-del-que-es-capaz-el-cartel-jalisco-nueva-generacion.html\" target=\"_self\" rel=\"\" data-link-track-dtm=\"\" data-mrf-link=\"https:\/\/elpais.com\/mexico\/2022-08-12\/el-doble-r-el-apa-y-el-caos-del-que-es-capaz-el-cartel-jalisco-nueva-generacion.html\">y en respuesta el CJNG desat\u00f3 un caos<\/a>\u00a0muy similar al de esta semana. \u201cNo parece un conflicto entre grupos, apunta a un operativo fallido para capturar a alguien. Y solo un l\u00edder de zona generar\u00eda narcobloqueos simult\u00e1neos en tres Estados. Me hace sentido que sea El Doble R, porque es jefe en esas zonas\u201d, considera Saucedo.<\/p>\n<p class=\"\">Para las 18.00, lo peor ya hab\u00eda pasado. Los incendios fueron sofoc\u00e1ndose, el tr\u00e1fico volvi\u00f3 a circular en las carreteras. \u201cLas autoridades locales presumen la liberaci\u00f3n de las v\u00edas como un \u00e9xito, pero es una derrota, no detuvieron a nadie\u201d, abunda Saucedo. El cartel tir\u00f3 del repertorio del \u201c<a title=\"https:\/\/elpais.com\/mexico\/2023-10-01\/narcoterror-en-zacatecas-secuestro-y-muerte-para-seis-adolescentes.html\" href=\"https:\/\/elpais.com\/mexico\/2023-10-01\/narcoterror-en-zacatecas-secuestro-y-muerte-para-seis-adolescentes.html\" target=\"_self\" rel=\"\" data-link-track-dtm=\"\" data-mrf-link=\"https:\/\/elpais.com\/mexico\/2023-10-01\/narcoterror-en-zacatecas-secuestro-y-muerte-para-seis-adolescentes.html\">narcoterrorismo<\/a>\u201d, apunta, con la complicidad de los Gobiernos locales. No es posible de otra manera, defiende el analista, que un grupo criminal pueda mantener tantas horas de terror en tantos lugares a la vez sin sufrir ni un solo arresto. Dice Saucedo que el modus operandi habitual en estos casos es que los capos avisen a la polic\u00eda con el mensaje en clave: \u201cVamos a tener fiesta\u201d. Los agentes se repliegan, los sicarios campan a sus anchas.<\/p>\n<h3 class=\"\">\u201cFeudalismo criminal\u201d<\/h3>\n<p class=\"\">El terror est\u00e1 en el futuro pr\u00f3ximo. \u201cHabr\u00e1 actos de represalia contra el Gobierno federal\u201d, cree Saucedo. La incertidumbre es saber c\u00f3mo responder\u00e1 el CJNG, que se revuelve desde hace semanas contra la renovada ofensiva que<a title=\"https:\/\/elpais.com\/mexico\/2025-03-30\/el-cartel-jalisco-nueva-generacion-en-el-centro-de-la-diana.html\" href=\"https:\/\/elpais.com\/mexico\/2025-03-30\/el-cartel-jalisco-nueva-generacion-en-el-centro-de-la-diana.html\" target=\"_self\" rel=\"\" data-link-track-dtm=\"\" data-mrf-link=\"https:\/\/elpais.com\/mexico\/2025-03-30\/el-cartel-jalisco-nueva-generacion-en-el-centro-de-la-diana.html\">\u00a0el Gobierno federal ha desplegado en su contra<\/a>. \u201cNo quisi\u00e9ramos un estallido como los que se han vivido otras \u00e9pocas.\u00a0<a title=\"https:\/\/elpais.com\/mexico\/2021-10-23\/grupos-de-autodefensa-la-delgada-linea-entre-defenderse-del-narco-o-convertirse-en-el.html\" href=\"https:\/\/elpais.com\/mexico\/2021-10-23\/grupos-de-autodefensa-la-delgada-linea-entre-defenderse-del-narco-o-convertirse-en-el.html\" target=\"_self\" rel=\"\" data-link-track-dtm=\"\" data-mrf-link=\"https:\/\/elpais.com\/mexico\/2021-10-23\/grupos-de-autodefensa-la-delgada-linea-entre-defenderse-del-narco-o-convertirse-en-el.html\">Ya vivimos procesos de autodefensas aqu\u00ed que no lograron su objetivo<\/a>. Definitivamente, s\u00ed hay un malestar social que no se est\u00e1 procurando, que se agrava, adem\u00e1s, porque todas las declaraciones de las autoridades son insatisfactorias. La gente percibe humillante que se diga que las cosas est\u00e1n bien cuando es evidente que no es as\u00ed\u201d, dice el consejero del Observatorio de Apatzing\u00e1n.<\/p>\n<p>&nbsp;<\/p>\n<figure class=\"a_m a_m-h \">\n<p><div style=\"width: 424px\" class=\"wp-caption alignnone\"><img loading=\"lazy\" decoding=\"async\" class=\"_re lazyload a_m-h\" src=\"https:\/\/imagenes.elpais.com\/resizer\/v2\/4XNIKNJ6Y5G6BGCTWIAFZGY2NA.jpeg?auth=9176aa4ec9ed65677aa7344ae0591b9090f3c80b086da67f51e007ef93c2578a&amp;width=414\" sizes=\"auto, (min-width:1199px) 1155px,(min-width:1001px) calc(100vw - 44px),(min-width:768px) 767px, 100vw\" srcset=\"https:\/\/imagenes.elpais.com\/resizer\/v2\/4XNIKNJ6Y5G6BGCTWIAFZGY2NA.jpeg?auth=9176aa4ec9ed65677aa7344ae0591b9090f3c80b086da67f51e007ef93c2578a&amp;width=414 414w,https:\/\/imagenes.elpais.com\/resizer\/v2\/4XNIKNJ6Y5G6BGCTWIAFZGY2NA.jpeg?auth=9176aa4ec9ed65677aa7344ae0591b9090f3c80b086da67f51e007ef93c2578a&amp;width=828 640w,https:\/\/imagenes.elpais.com\/resizer\/v2\/4XNIKNJ6Y5G6BGCTWIAFZGY2NA.jpeg?auth=9176aa4ec9ed65677aa7344ae0591b9090f3c80b086da67f51e007ef93c2578a&amp;width=980 1000w,https:\/\/imagenes.elpais.com\/resizer\/v2\/4XNIKNJ6Y5G6BGCTWIAFZGY2NA.jpeg?auth=9176aa4ec9ed65677aa7344ae0591b9090f3c80b086da67f51e007ef93c2578a&amp;width=1960 1960w\" alt=\"Una patrulla de la polic\u00eda municipal en Michoac\u00e1n, el 23 de abril de 2025.\" width=\"414\" height=\"175\" \/><p class=\"wp-caption-text\">Una patrulla de la polic\u00eda municipal en Michoac\u00e1n, el 23 de abril de 2025. Foto SSP MICHOAC\u00c1N<\/p><\/div><figcaption class=\"a_m_p\" aria-hidden=\"true\"><\/figcaption><\/figure>\n<p>&nbsp;<\/p>\n<p class=\"\">Ya no son solo los bloqueos del mi\u00e9rcoles: \u201cMinas antipersona en zonas rurales,\u00a0<a title=\"https:\/\/elpais.com\/mexico\/2022-01-31\/los-drones-del-narco-vigilancia-moda-y-simbolo-de-estatus.html\" href=\"https:\/\/elpais.com\/mexico\/2022-01-31\/los-drones-del-narco-vigilancia-moda-y-simbolo-de-estatus.html\" target=\"_self\" rel=\"\" data-link-track-dtm=\"\" data-mrf-link=\"https:\/\/elpais.com\/mexico\/2022-01-31\/los-drones-del-narco-vigilancia-moda-y-simbolo-de-estatus.html\">drones con cargas explosivas<\/a>, la llamada gobernanza criminal, que llamamos m\u00e1s bien feudalismo criminal, gobernanza le queda muy grande. Es apropiaci\u00f3n de las vidas y las propiedades por parte de los se\u00f1ores de la guerra que imponen su orden\u201d, sentencia. \u201cNo creo que haya falta de capacidad del Estado, lo que no hay es inter\u00e9s\u201d.<\/p>\n<p class=\"\">Mientras tanto, las consecuencias ya han generado \u201crecesi\u00f3n econ\u00f3mica\u201d, dice el vecino de Apatzing\u00e1n: negocios cerrados, agricultores que no pueden acudir a sus campos,\u00a0<a title=\"https:\/\/elpais.com\/mexico\/2025-02-26\/la-tierra-caliente-de-michoacan-no-se-sacude-la-amenaza-constante-del-crimen-organizado.html\" href=\"https:\/\/elpais.com\/mexico\/2025-02-26\/la-tierra-caliente-de-michoacan-no-se-sacude-la-amenaza-constante-del-crimen-organizado.html\" target=\"_self\" rel=\"\" data-link-track-dtm=\"\" data-mrf-link=\"https:\/\/elpais.com\/mexico\/2025-02-26\/la-tierra-caliente-de-michoacan-no-se-sacude-la-amenaza-constante-del-crimen-organizado.html\">huelgas de los trabajadores del lim\u00f3n y el aguacate<\/a>. Tambi\u00e9n otros estallidos de violencia, que aprovechan el caos de los bloqueos como camuflaje: \u201cAyer hubo un asesinato de una persona laborando en un taller, sicarios llegaron a quemarropa a asesinarle. No creemos que est\u00e9 directamente relacionado [con los narcobloqueos], pero cuando ocurren estos eventos se facilita la comisi\u00f3n de otros cr\u00edmenes porque est\u00e1 completamente revuelto el r\u00edo\u201d.<\/p>\n<p class=\"\">Remata Saucedo: \u201cNo es un conflicto entre narcos. Para m\u00ed es una excusa, intentaron capturar a un narco, se los escap\u00f3 y la reacci\u00f3n dej\u00f3 p\u00e1nico en tres Estados. Quedaron con las manos vac\u00edas y en verg\u00fcenza\u201d.<\/p>\n","protected":false},"excerpt":{"rendered":"<p>&nbsp; &nbsp; &#8211; El Mencho orden\u00f3 incendiar tr\u00e1ileres y colapsar carreteras en Michoac\u00e1n, Jalisco y Guanajuato. Hay dos polic\u00edas muertos y ning\u00fan detenido: \u201cJam\u00e1s hab\u00edamos&hellip;<\/p>\n","protected":false},"author":99,"featured_media":531147,"comment_status":"open","ping_status":"open","sticky":false,"template":"","format":"standard","meta":{"footnotes":""},"categories":[23],"tags":[],"class_list":["post-531146","post","type-post","status-publish","format-standard","has-post-thumbnail","hentry","category-latinoamerica"],"_links":{"self":[{"href":"https:\/\/diarioelpopular.com\/index.php\/wp-json\/wp\/v2\/posts\/531146","targetHints":{"allow":["GET"]}}],"collection":[{"href":"https:\/\/diarioelpopular.com\/index.php\/wp-json\/wp\/v2\/posts"}],"about":[{"href":"https:\/\/diarioelpopular.com\/index.php\/wp-json\/wp\/v2\/types\/post"}],"author":[{"embeddable":true,"href":"https:\/\/diarioelpopular.com\/index.php\/wp-json\/wp\/v2\/users\/99"}],"replies":[{"embeddable":true,"href":"https:\/\/diarioelpopular.com\/index.php\/wp-json\/wp\/v2\/comments?post=531146"}],"version-history":[{"count":1,"href":"https:\/\/diarioelpopular.com\/index.php\/wp-json\/wp\/v2\/posts\/531146\/revisions"}],"predecessor-version":[{"id":531148,"href":"https:\/\/diarioelpopular.com\/index.php\/wp-json\/wp\/v2\/posts\/531146\/revisions\/531148"}],"wp:featuredmedia":[{"embeddable":true,"href":"https:\/\/diarioelpopular.com\/index.php\/wp-json\/wp\/v2\/media\/531147"}],"wp:attachment":[{"href":"https:\/\/diarioelpopular.com\/index.php\/wp-json\/wp\/v2\/media?parent=531146"}],"wp:term":[{"taxonomy":"category","embeddable":true,"href":"https:\/\/diarioelpopular.com\/index.php\/wp-json\/wp\/v2\/categories?post=531146"},{"taxonomy":"post_tag","embeddable":true,"href":"https:\/\/diarioelpopular.com\/index.php\/wp-json\/wp\/v2\/tags?post=531146"}],"curies":[{"name":"wp","href":"https:\/\/api.w.org\/{rel}","templated":true}]}}