{"id":531230,"date":"2025-04-28T08:19:54","date_gmt":"2025-04-28T12:19:54","guid":{"rendered":"https:\/\/diarioelpopular.com\/?p=531230"},"modified":"2025-04-28T08:19:54","modified_gmt":"2025-04-28T12:19:54","slug":"el-caso-abrego-garcia-destapa-las-injusticias-cometidas-para-cumplir-el-plan-de-deportaciones-masivas","status":"publish","type":"post","link":"https:\/\/diarioelpopular.com\/index.php\/2025\/04\/28\/el-caso-abrego-garcia-destapa-las-injusticias-cometidas-para-cumplir-el-plan-de-deportaciones-masivas\/","title":{"rendered":"El \u2018caso Abrego Garc\u00eda\u2019 destapa las injusticias cometidas para cumplir el plan de deportaciones masivas"},"content":{"rendered":"<div id=\"attachment_531231\" style=\"width: 1210px\" class=\"wp-caption alignnone\"><img loading=\"lazy\" decoding=\"async\" aria-describedby=\"caption-attachment-531231\" class=\"wp-image-531231 size-custom-big-size\" src=\"https:\/\/diarioelpopular.com\/wp-content\/uploads\/2025\/04\/Screen-Shot-2025-04-28-at-8.18.46-AM-1200x799.png\" alt=\"\" width=\"1200\" height=\"799\" srcset=\"https:\/\/diarioelpopular.com\/wp-content\/uploads\/2025\/04\/Screen-Shot-2025-04-28-at-8.18.46-AM-1200x799.png 1200w, https:\/\/diarioelpopular.com\/wp-content\/uploads\/2025\/04\/Screen-Shot-2025-04-28-at-8.18.46-AM-300x200.png 300w, https:\/\/diarioelpopular.com\/wp-content\/uploads\/2025\/04\/Screen-Shot-2025-04-28-at-8.18.46-AM-768x512.png 768w, https:\/\/diarioelpopular.com\/wp-content\/uploads\/2025\/04\/Screen-Shot-2025-04-28-at-8.18.46-AM-636x424.png 636w, https:\/\/diarioelpopular.com\/wp-content\/uploads\/2025\/04\/Screen-Shot-2025-04-28-at-8.18.46-AM-110x73.png 110w, https:\/\/diarioelpopular.com\/wp-content\/uploads\/2025\/04\/Screen-Shot-2025-04-28-at-8.18.46-AM.png 1024w\" sizes=\"auto, (max-width: 1200px) 100vw, 1200px\" \/><p id=\"caption-attachment-531231\" class=\"wp-caption-text\">Personas protestan en Miami, Florida, el 19 de abril de 2025. Foto Lynne Sladky (AP)<\/p><\/div>\n<p>&nbsp;<\/p>\n<p>&nbsp;<\/p>\n<h4 class=\"a_st\"><em>&#8211; La expulsi\u00f3n por error del salvadore\u00f1o a la c\u00e1rcel de Bukele provoca un pulso entre la Administraci\u00f3n y el poder judicial y se convierte en arma pol\u00edtica<\/em><\/h4>\n<p>&nbsp;<\/p>\n<p class=\"\">Desde el momento de su investidura, Donald Trump pas\u00f3 a la acci\u00f3n para cumplir una de sus promesas electorales m\u00e1s populares: la deportaci\u00f3n masiva de 13 millones de migrantes indocumentados. M\u00e1s de un centenar de medidas migratorias han cambiado la vida de millones de personas que resid\u00edan y trabajaban en el pa\u00eds, documentadas e indocumentadas, y ahora temen la expulsi\u00f3n.<\/p>\n<p class=\"\">Desde el Gobierno se ha querido\u00a0<a title=\"https:\/\/elpais.com\/us\/migracion\/2025-04-20\/ser-venezolano-ya-es-un-delito-el-terror-de-la-deportacion-de-238-migrantes-a-la-megacarcel-de-el-salvador.html\" href=\"https:\/\/elpais.com\/us\/migracion\/2025-04-20\/ser-venezolano-ya-es-un-delito-el-terror-de-la-deportacion-de-238-migrantes-a-la-megacarcel-de-el-salvador.html\" target=\"_self\" rel=\"\" data-link-track-dtm=\"\" data-mrf-link=\"https:\/\/elpais.com\/us\/migracion\/2025-04-20\/ser-venezolano-ya-es-un-delito-el-terror-de-la-deportacion-de-238-migrantes-a-la-megacarcel-de-el-salvador.html\">equiparar a los indocumentados con delincuentes\u00a0<\/a>que suponen una amenaza, pero la realidad es que la mayor\u00eda carece de antecedentes penales. Los constantes abusos cometidos por el Ejecutivo bajo el argumento de proteger el pa\u00eds se han personificado en el caso de Kilmar Abrego Garc\u00eda, convertido en s\u00edmbolo de las injusticias que se est\u00e1n produciendo con las deportaciones y que ha hecho que hasta el Tribunal Supremo se pronuncie al respecto pidiendo su retorno.<\/p>\n<p class=\"\">Abrego Garc\u00eda, salvadore\u00f1o de 29 a\u00f1os, se encuentra en\u00a0<a title=\"https:\/\/elpais.com\/us\/migracion\/2025-03-29\/trump-y-la-politica-del-terror-por-que-importa-el-envio-de-migrantes-a-la-megacarcel-de-bukele.html\" href=\"https:\/\/elpais.com\/us\/migracion\/2025-03-29\/trump-y-la-politica-del-terror-por-que-importa-el-envio-de-migrantes-a-la-megacarcel-de-bukele.html\" target=\"_self\" rel=\"\" data-link-track-dtm=\"\" data-mrf-link=\"https:\/\/elpais.com\/us\/migracion\/2025-03-29\/trump-y-la-politica-del-terror-por-que-importa-el-envio-de-migrantes-a-la-megacarcel-de-bukele.html\">el Centro del Confinamiento del Terrorismo (Cecot) de El Salvador<\/a>\u00a0desde el 15 de marzo. Es uno de los 23 salvadore\u00f1os que junto a 238 venezolanos fue deportado al pa\u00eds centroamericano bajo la acusaci\u00f3n de pertenecer a la MS-13, una pandilla criminal salvadore\u00f1a que Trump ha definido como grupo terrorista, lo mismo que la venezolana Tren de Aragua, la otra banda a la que supuestamente pertenecen los expulsados.<\/p>\n<p class=\"\">La singularidad del caso de Abrego Garc\u00eda es que, por primera vez,\u00a0<a title=\"https:\/\/elpais.com\/us\/migracion\/2025-04-01\/estados-unidos-admite-haber-deportado-a-un-hombre-a-la-carcel-de-el-salvador-por-error-pese-a-que-tenia-proteccion-judicial.html\" href=\"https:\/\/elpais.com\/us\/migracion\/2025-04-01\/estados-unidos-admite-haber-deportado-a-un-hombre-a-la-carcel-de-el-salvador-por-error-pese-a-que-tenia-proteccion-judicial.html\" target=\"_self\" rel=\"\" data-link-track-dtm=\"\" data-mrf-link=\"https:\/\/elpais.com\/us\/migracion\/2025-04-01\/estados-unidos-admite-haber-deportado-a-un-hombre-a-la-carcel-de-el-salvador-por-error-pese-a-que-tenia-proteccion-judicial.html\">el Gobierno admiti\u00f3 que fue deportado por un \u201cerror administrativo\u201d.<\/a>\u00a0El detenido contaba con una protecci\u00f3n judicial desde 2019 que prohib\u00eda su deportaci\u00f3n. A pesar de ello, la Administraci\u00f3n se neg\u00f3 a intentar enmendar su equivocaci\u00f3n y traerlo de vuelta, lo que ha desembocado en un pulso entre el poder ejecutivo y el poder judicial que a\u00fan no se ha resuelto.<\/p>\n<p class=\"\">El Ejecutivo justific\u00f3 que el detenido ya estaba bajo la custodia del Gobierno de Nayib Bukele y que no pod\u00eda hacer nada por regresarlo a Estados Unidos. Un argumento que no ha aceptado ni\u00a0<a title=\"https:\/\/elpais.com\/us\/migracion\/2025-04-11\/el-tribunal-supremo-exige-al-gobierno-de-trump-que-facilite-el-retorno-del-salvadoreno-deportado-por-error-a-la-carcel-de-bukele.html\" href=\"https:\/\/elpais.com\/us\/migracion\/2025-04-11\/el-tribunal-supremo-exige-al-gobierno-de-trump-que-facilite-el-retorno-del-salvadoreno-deportado-por-error-a-la-carcel-de-bukele.html\" target=\"_self\" rel=\"\" data-link-track-dtm=\"\" data-mrf-link=\"https:\/\/elpais.com\/us\/migracion\/2025-04-11\/el-tribunal-supremo-exige-al-gobierno-de-trump-que-facilite-el-retorno-del-salvadoreno-deportado-por-error-a-la-carcel-de-bukele.html\">el Tribunal Supremo,\u00a0<\/a>que un\u00e1nimemente ha exigido al Gobierno que \u201cfacilite\u201d su retorno.<\/p>\n<p class=\"\">A cambio,\u00a0<a title=\"https:\/\/elpais.com\/us\/migracion\/2025-04-18\/el-gobierno-contraataca-en-el-caso-de-kilmar-abrego-garcia-de-deportarlo-por-error-a-pintarlo-como-un-monstruo.html\" href=\"https:\/\/elpais.com\/us\/migracion\/2025-04-18\/el-gobierno-contraataca-en-el-caso-de-kilmar-abrego-garcia-de-deportarlo-por-error-a-pintarlo-como-un-monstruo.html\" target=\"_self\" rel=\"\" data-link-track-dtm=\"\" data-mrf-link=\"https:\/\/elpais.com\/us\/migracion\/2025-04-18\/el-gobierno-contraataca-en-el-caso-de-kilmar-abrego-garcia-de-deportarlo-por-error-a-pintarlo-como-un-monstruo.html\">Trump y su equipo han iniciado una campa\u00f1a de desprestigio<\/a>\u00a0contra Abrego Garc\u00eda para justificar su permanencia en la c\u00e1rcel, a pesar de que no han aportado pruebas de comportamiento delictivo y carece de antecedentes penales.<\/p>\n<p class=\"\">El mi\u00e9rcoles pasado, la jueza federal de distrito Paula Xinis, que ha llevado el caso desde el comienzo, suspendi\u00f3 temporalmente su orden que exig\u00eda al Gobierno explicar sus gestiones para el regreso. La pausa se produjo un d\u00eda despu\u00e9s de que criticara a la Administraci\u00f3n por negarse a proporcionar informaci\u00f3n y es la primera se\u00f1al de un posible cambio de tono en la batalla legal.<\/p>\n<h3 class=\"\">Detenido sin raz\u00f3n<\/h3>\n<p class=\"\">Abrego Garc\u00eda fue detenido el 12 de marzo cuando viajaba en su coche con su hijo de 5 a\u00f1os, que es autista, y se dispon\u00eda a recoger a los otros dos ni\u00f1os hijos de su esposa, ciudadana estadounidense. Los cinco formaban una familia residente en el condado de Prince George, en Maryland. Los agentes del Servicio de Inmigraci\u00f3n y Control de Aduanas (ICE, por sus siglas en ingl\u00e9s) pararon su coche y le anunciaron que su estatus hab\u00eda cambiado. Se lo llevaron detenido y empez\u00f3 el calvario de la familia. Sin saber el motivo de su detenci\u00f3n, Abrego Garc\u00eda fue trasladado a Florida, Georgia y Luisiana.<\/p>\n<p class=\"\">Agitado, el 15 de marzo le comunic\u00f3 a su esposa, Jennifer V\u00e1squez Sura, que cre\u00eda que le deportaban a El Salvador, a la megaprisi\u00f3n que Bukele construy\u00f3 para encerrar a los terroristas, conocida por las deplorables condiciones en las que viven los presos y los abusos de los derechos humanos.<\/p>\n<p class=\"\">V\u00e1squez Sura reconoci\u00f3 a su esposo por una foto publicada del interior de la prisi\u00f3n, gracias a los tatuajes del brazo y las cicatrices de su cuero cabelludo, ahora visibles por el rapado al que someten a todos los presos.<\/p>\n<p class=\"\">Desde ese momento, V\u00e1squez Sura se ha convertido en la principal defensora de su causa, encabezando protestas y present\u00e1ndose ante los medios de comunicaci\u00f3n. En declaraciones a\u00a0<i>The Washington Post<\/i>\u00a0publicadas la semana pasada, afirm\u00f3 que ha tenido que mudarse con sus hijos a una residencia segura porque tiene miedo. En su intento por criminalizar a Abrego Garc\u00eda, el Departamento de Seguridad Nacional (DHS, por sus siglas en ingl\u00e9s) comparti\u00f3 con sus 2.4 millones de seguidores en X antiguos documentos de tribunales en los que aparec\u00eda su direcci\u00f3n.<\/p>\n<p class=\"\">\u201cNo me siento segura cuando el gobierno publica mi direcci\u00f3n, la casa donde vive mi familia, para que todos la vean, especialmente cuando este caso se ha vuelto viral y la gente tiene opiniones muy diversas\u201d, dijo. \u201cEsto es un poco aterrador. Tengo miedo por mis hijos\u201d.<\/p>\n<p class=\"\">El DHS y la secretaria de prensa de la Casa Blanca, Karoline Leavitt, publicaron en X una queja de violencia dom\u00e9stica de 2021 presentada por V\u00e1squez Sura que ella desestim\u00f3. M\u00e1s tarde ha explicado que hubo momentos dif\u00edciles en su matrimonio en parte como consecuencia de la depresi\u00f3n que \u00e9l sufri\u00f3 despu\u00e9s de ser detenido en 2019.<\/p>\n<p class=\"\">Es a esa fecha que se remonta el \u00fanico altercado con la justicia que tuvo. Abrego Garc\u00eda fue detenido mientras esperaba un trabajo en las afueras de una tienda de Home Depot, en Baltimore, Maryland, junto a otros tres hombres. Funcionarios federales lo acusaron de ser miembro activo de la MS-13. No se consiguieron pruebas ni se presentaron cargos contra \u00e9l y seis meses despu\u00e9s un juez le otorg\u00f3 una suspensi\u00f3n de deportaci\u00f3n, que le proteger\u00eda de ser enviado a El Salvador. El magistrado entendi\u00f3 que corr\u00eda peligro si regresaba a su pa\u00eds.<\/p>\n<p class=\"\">Cuando ten\u00eda 16 a\u00f1os, su familia lo envi\u00f3 a Estados Unidos, donde ingres\u00f3 de forma ilegal, para huir de las amenazas de las pandillas. Su madre, que ten\u00eda un negocio de pupusas, sufri\u00f3 la extorsi\u00f3n de la banda criminal y \u00e9l estaba sometido a mucha presi\u00f3n para que se uniera a la pandilla.<\/p>\n<h3 class=\"\">Un tatuaje como prueba<\/h3>\n<p class=\"\">Su familia y abogados han negado rotundamente que pertenezca al MS-13. Trump se ha mostrado en X sujetando una foto en la que aparece\u00a0<a title=\"https:\/\/x.com\/realDonaldTrump\/status\/1913358867708493982?ref_src=twsrc%5Etfw%7Ctwcamp%5Etweetembed%7Ctwterm%5E1913358867708493982%7Ctwgr%5E9764080af23dc49a2d5d05393616cebbe46b6927%7Ctwcon%5Es1_&amp;ref_url=https%3A%2F%2Fwww.npr.org%2F2025%2F04%2F20%2Fg-s1-61475%2Ftrump-faces-bipartisan-criticism-over-abrego-garcia-deportation\" href=\"https:\/\/x.com\/realDonaldTrump\/status\/1913358867708493982?ref_src=twsrc%5Etfw%7Ctwcamp%5Etweetembed%7Ctwterm%5E1913358867708493982%7Ctwgr%5E9764080af23dc49a2d5d05393616cebbe46b6927%7Ctwcon%5Es1_&amp;ref_url=https%3A%2F%2Fwww.npr.org%2F2025%2F04%2F20%2Fg-s1-61475%2Ftrump-faces-bipartisan-criticism-over-abrego-garcia-deportation\" target=\"_self\" rel=\"\" data-link-track-dtm=\"\" data-mrf-link=\"https:\/\/x.com\/realDonaldTrump\/status\/1913358867708493982?ref_src=twsrc%5Etfw%7Ctwcamp%5Etweetembed%7Ctwterm%5E1913358867708493982%7Ctwgr%5E9764080af23dc49a2d5d05393616cebbe46b6927%7Ctwcon%5Es1_&amp;ref_url=https%3A%2F%2Fwww.npr.org%2F2025%2F04%2F20%2Fg-s1-61475%2Ftrump-faces-bipartisan-criticism-over-abrego-garcia-deportation\">una mano en la que los nudillos tienen tatuajes<\/a>\u00a0que, dice el presidente, son la prueba de que pertenece a la banda, aunque no se ha comprobado que sea de \u00e9l.<\/p>\n<p class=\"\">Precisamente la presencia de tatuajes es una de las pruebas que el Gobierno usa para acusar a los detenidos de pertenecer a las pandillas, a pesar de que son dise\u00f1os comunes en sus pa\u00edses de origen y no se pueden considerar pruebas irrefutables, seg\u00fan han denunciado los expertos.<\/p>\n<p class=\"\">Adem\u00e1s de la indignaci\u00f3n popular, el caso de Abrego Garc\u00eda se ha convertido en un arma pol\u00edtica contra el Gobierno.\u00a0<a title=\"https:\/\/elpais.com\/us\/migracion\/2025-04-18\/kilmar-abrego-garcia-esta-traumatizado-tras-su-deportacion-a-la-prision-de-bukele.html\" href=\"https:\/\/elpais.com\/us\/migracion\/2025-04-18\/kilmar-abrego-garcia-esta-traumatizado-tras-su-deportacion-a-la-prision-de-bukele.html\" target=\"_self\" rel=\"\" data-link-track-dtm=\"\" data-mrf-link=\"https:\/\/elpais.com\/us\/migracion\/2025-04-18\/kilmar-abrego-garcia-esta-traumatizado-tras-su-deportacion-a-la-prision-de-bukele.html\">El senador dem\u00f3crata por Maryland, Chris Van Hollen,<\/a>\u00a0viaj\u00f3 a El Salvador el 17 de abril para entrevistarse con el detenido, y\u00a0<a title=\"https:\/\/elpais.com\/us\/migracion\/2025-04-21\/un-nuevo-grupo-de-congresistas-democratas-viaja-a-el-salvador-para-reclamar-la-liberacion-de-kilmar-abrego-garcia.html\" href=\"https:\/\/elpais.com\/us\/migracion\/2025-04-21\/un-nuevo-grupo-de-congresistas-democratas-viaja-a-el-salvador-para-reclamar-la-liberacion-de-kilmar-abrego-garcia.html\" target=\"_self\" rel=\"\" data-link-track-dtm=\"\" data-mrf-link=\"https:\/\/elpais.com\/us\/migracion\/2025-04-21\/un-nuevo-grupo-de-congresistas-democratas-viaja-a-el-salvador-para-reclamar-la-liberacion-de-kilmar-abrego-garcia.html\">cuatro congresistas dem\u00f3cratas se trasladaron al pa\u00eds centroamericano\u00a0<\/a>esta semana para exigir su liberaci\u00f3n.<\/p>\n<h3 class=\"\">M\u00e1s casos<\/h3>\n<p class=\"\">Aunque s\u00ed es el caso que m\u00e1s titulares ha ocupado, el caso de Abrego Garc\u00eda no es el \u00fanico que muestra la arbitrariedad de las deportaciones. La jueza de distrito Stephanie Gallagher, que fue nombrada por Trump, pidi\u00f3 la semana pasada a la Administraci\u00f3n que solicite al Gobierno salvadore\u00f1o que libere a un venezolano de 20 a\u00f1os identificado como Christian para que regrese a Estados Unidos, en donde contaba con una protecci\u00f3n judicial hasta que se resolviera su petici\u00f3n de asilo.<\/p>\n<p class=\"\">Christian fue otro de los deportados el 15 de marzo a El Salvador por la Ley de Enemigos Extranjeros, en la que el Gobierno se apoy\u00f3 para detener y expulsar a los migrantes sin derecho a un juicio ni acceso a abogados. Concebida en 1798 para situaciones de crisis b\u00e9licas, s\u00f3lo se ha usado en tres ocasiones, la \u00faltima durante la Segunda Guerra Mundial.<\/p>\n<p class=\"\">El Tribunal Supremo ha impedido temporalmente la aplicaci\u00f3n de esta ley y prohibi\u00f3 al Gobierno que la usara para deportar a un grupo de venezolanos recluidos en un centro de detenci\u00f3n de Texas. Era la respuesta a una de las decenas de demandas que las organizaciones de defensa de los migrantes han interpuesto contra la dudosa legalidad de las acciones del Gobierno.<\/p>\n<h3 class=\"\">La imposible meta del mill\u00f3n<\/h3>\n<p class=\"\">Desde el 20 de enero, un aluvi\u00f3n de medidas han estado encaminadas a cumplir el objetivo de expulsar del pa\u00eds a un mill\u00f3n de indocumentados al a\u00f1o. \u201cEl ritmo y la intensidad de los eventos migratorios han sido mucho mayores de lo que la mayor\u00eda de la gente habr\u00eda esperado. Actualmente, contamos con 175 acciones importantes. Esto supera las 94 de los primeros 100 d\u00edas de la Administraci\u00f3n Biden y multiplica por seis las acciones tomadas durante la primera Administraci\u00f3n Trump, que en ese momento parec\u00eda ser la de mayor actividad migratoria de la historia\u201d, subraya Doris Meissner, directora del Migration Policy Institute (MPI).<\/p>\n<p class=\"\">La revocaci\u00f3n de visas, la eliminaci\u00f3n de programas destinados a ofrecer v\u00edas legales a los migrantes, como el estatus de protecci\u00f3n temporal (TPS) y el\u00a0<i>parole<\/i>\u00a0humanitario, y la eliminaci\u00f3n del CBP One, la aplicaci\u00f3n para obtener citas para solicitar asilo, son algunas de las medidas que Trump ha aprobado. Con ellas engrosar\u00eda la lista de indocumentados con unos cuatro millones de migrantes que resid\u00edan de forma legal y, si no lo frenan los tribunales (que ya lo han hecho en algunos casos), ser\u00e1n ahora\u00a0<i>deportables<\/i>.<\/p>\n<p class=\"\">Un informe reci\u00e9n publicado del MPI explica que en sus primeros 100 d\u00edas, Trump 2.0 ha transformado dr\u00e1sticamente el sistema de inmigraci\u00f3n de Estados Unidos, pero no est\u00e1 cumpliendo los objetivos de deportaci\u00f3n masiva. El\u00a0<i>think tank<\/i>\u00a0con base en Washington, estima que podr\u00edan alcanzarse medio mill\u00f3n de deportaciones, la mitad del objetivo.<\/p>\n<p class=\"\">Para que la campa\u00f1a de deportaciones alcance su meta es necesario que el Congreso, que ahora es de mayor\u00eda republicana, apruebe m\u00e1s recursos financieros para el DHS y que aumente la cooperaci\u00f3n de las fuerzas locales con ICE.<\/p>\n<p class=\"\">Lo que s\u00ed se ha conseguido es que la comunidad migrante viva ahora presa del temor. Las personas abandonan sus empleos y los ni\u00f1os dejan de ir a las escuelas por el miedo a toparse con los agentes de ICE. Muchos piensan en abandonar el pa\u00eds, algo que el Gobierno ha promovido a trav\u00e9s de la aplicaci\u00f3n CBP Home para las autodeportaciones.<\/p>\n<p class=\"\">\u201cEstamos viendo una enorme cantidad de miedo e incertidumbre en las comunidades, y esta es otra herramienta para la deportaci\u00f3n\u201d, afirma Murad Awawdeh, director de New York Immigration Coalition.<\/p>\n","protected":false},"excerpt":{"rendered":"<p>&nbsp; &nbsp; &#8211; La expulsi\u00f3n por error del salvadore\u00f1o a la c\u00e1rcel de Bukele provoca un pulso entre la Administraci\u00f3n y el poder judicial y&hellip;<\/p>\n","protected":false},"author":99,"featured_media":531231,"comment_status":"open","ping_status":"open","sticky":false,"template":"","format":"standard","meta":{"footnotes":""},"categories":[24],"tags":[],"class_list":["post-531230","post","type-post","status-publish","format-standard","has-post-thumbnail","hentry","category-mundo"],"_links":{"self":[{"href":"https:\/\/diarioelpopular.com\/index.php\/wp-json\/wp\/v2\/posts\/531230","targetHints":{"allow":["GET"]}}],"collection":[{"href":"https:\/\/diarioelpopular.com\/index.php\/wp-json\/wp\/v2\/posts"}],"about":[{"href":"https:\/\/diarioelpopular.com\/index.php\/wp-json\/wp\/v2\/types\/post"}],"author":[{"embeddable":true,"href":"https:\/\/diarioelpopular.com\/index.php\/wp-json\/wp\/v2\/users\/99"}],"replies":[{"embeddable":true,"href":"https:\/\/diarioelpopular.com\/index.php\/wp-json\/wp\/v2\/comments?post=531230"}],"version-history":[{"count":1,"href":"https:\/\/diarioelpopular.com\/index.php\/wp-json\/wp\/v2\/posts\/531230\/revisions"}],"predecessor-version":[{"id":531232,"href":"https:\/\/diarioelpopular.com\/index.php\/wp-json\/wp\/v2\/posts\/531230\/revisions\/531232"}],"wp:featuredmedia":[{"embeddable":true,"href":"https:\/\/diarioelpopular.com\/index.php\/wp-json\/wp\/v2\/media\/531231"}],"wp:attachment":[{"href":"https:\/\/diarioelpopular.com\/index.php\/wp-json\/wp\/v2\/media?parent=531230"}],"wp:term":[{"taxonomy":"category","embeddable":true,"href":"https:\/\/diarioelpopular.com\/index.php\/wp-json\/wp\/v2\/categories?post=531230"},{"taxonomy":"post_tag","embeddable":true,"href":"https:\/\/diarioelpopular.com\/index.php\/wp-json\/wp\/v2\/tags?post=531230"}],"curies":[{"name":"wp","href":"https:\/\/api.w.org\/{rel}","templated":true}]}}