{"id":531258,"date":"2025-04-29T08:52:45","date_gmt":"2025-04-29T12:52:45","guid":{"rendered":"https:\/\/diarioelpopular.com\/?p=531258"},"modified":"2025-04-29T08:52:45","modified_gmt":"2025-04-29T12:52:45","slug":"los-ninos-estadounidenses-deportados-junto-a-sus-madres-a-honduras-y-por-que-el-gobierno-de-ee-uu-defiende-su-expulsion","status":"publish","type":"post","link":"https:\/\/diarioelpopular.com\/index.php\/2025\/04\/29\/los-ninos-estadounidenses-deportados-junto-a-sus-madres-a-honduras-y-por-que-el-gobierno-de-ee-uu-defiende-su-expulsion\/","title":{"rendered":"Los ni\u00f1os estadounidenses &#8220;deportados&#8221; junto a sus madres a Honduras (y por qu\u00e9 el gobierno de EE.UU. defiende su expulsi\u00f3n)"},"content":{"rendered":"<div id=\"attachment_531259\" style=\"width: 646px\" class=\"wp-caption alignnone\"><img loading=\"lazy\" decoding=\"async\" aria-describedby=\"caption-attachment-531259\" class=\"wp-image-531259 size-custom-full-size\" src=\"https:\/\/diarioelpopular.com\/wp-content\/uploads\/2025\/04\/Screen-Shot-2025-04-29-at-8.51.11-AM-636x356.png\" alt=\"\" width=\"636\" height=\"356\" srcset=\"https:\/\/diarioelpopular.com\/wp-content\/uploads\/2025\/04\/Screen-Shot-2025-04-29-at-8.51.11-AM-636x356.png 636w, https:\/\/diarioelpopular.com\/wp-content\/uploads\/2025\/04\/Screen-Shot-2025-04-29-at-8.51.11-AM-300x168.png 300w, https:\/\/diarioelpopular.com\/wp-content\/uploads\/2025\/04\/Screen-Shot-2025-04-29-at-8.51.11-AM-768x430.png 768w, https:\/\/diarioelpopular.com\/wp-content\/uploads\/2025\/04\/Screen-Shot-2025-04-29-at-8.51.11-AM-130x73.png 130w, https:\/\/diarioelpopular.com\/wp-content\/uploads\/2025\/04\/Screen-Shot-2025-04-29-at-8.51.11-AM.png 1024w\" sizes=\"auto, (max-width: 636px) 100vw, 636px\" \/><p id=\"caption-attachment-531259\" class=\"wp-caption-text\">Aumenta la desmedida crueldad en EE.UU. El zar fronterizo de Donald Trump, Tom Homan, argument\u00f3 que las madres pidieron llevarse a sus hijos nacidos en ese pa\u00eds con ellas.<\/p><\/div>\n<p>&nbsp;<\/p>\n<div class=\"bbc-19j92fr ebmt73l0\" dir=\"ltr\">\n<ul>\n<li class=\"bbc-hhl7in e17g058b0\" dir=\"ltr\"><em><b>Varios ni\u00f1os que son ciudadanos estadounidenses, incluyendo uno con c\u00e1ncer, fueron deportados a Honduras junto a sus madres, seg\u00fan los abogados de las familias y grupos de defensa de los derechos de los migrantes.<\/b><\/em><\/li>\n<\/ul>\n<\/div>\n<div class=\"bbc-19j92fr ebmt73l0\" dir=\"ltr\">\n<p dir=\"ltr\">\n<p class=\"bbc-hhl7in e17g058b0\" dir=\"ltr\">Uno de los ni\u00f1os, que tiene 4 a\u00f1os y padece c\u00e1ncer en etapa avanzada, fue deportado sin medicaci\u00f3n, ni la posibilidad de consultar con sus m\u00e9dicos, a pesar de que el Servicio de Inmigraci\u00f3n y Control de Aduanas de EE.UU. (ICE, por sus siglas en ingl\u00e9s) fue notificado con antelaci\u00f3n sobre las necesidades m\u00e9dicas urgentes del menor, seg\u00fan inform\u00f3 el abogado de la familia.<\/p>\n<\/div>\n<div class=\"bbc-19j92fr ebmt73l0\" dir=\"ltr\">\n<p class=\"bbc-hhl7in e17g058b0\" dir=\"ltr\">El viernes, funcionarios de ICE de Nueva Orleans enviaron desde Luisiana a Honduras a dos madres migrantes indocumentadas y a sus tres hijos estadounidenses, de 2, 4 y 7 a\u00f1os.<\/p>\n<\/div>\n<div class=\"bbc-19j92fr ebmt73l0\" dir=\"ltr\">\n<p class=\"bbc-hhl7in e17g058b0\" dir=\"ltr\">Las madres, una de ellas embarazada, hab\u00edan vivido en Estados Unidos durante varios a\u00f1os.<\/p>\n<\/div>\n<div class=\"bbc-19j92fr ebmt73l0\" dir=\"ltr\">\n<p class=\"bbc-hhl7in e17g058b0\" dir=\"ltr\">&#8220;La crueldad y la denegaci\u00f3n deliberada del acceso legal y m\u00e9dico no solo son ilegales, sino inhumanas&#8221;, declar\u00f3 la Uni\u00f3n Estadounidense de Libertades Civiles (ACLU, por sus siglas en ingl\u00e9s).<\/p>\n<\/div>\n<section class=\"bbc-1o3v5ug\" role=\"region\" data-e2e=\"recommendations-heading\" aria-labelledby=\"recommendations-heading\"><\/section>\n<div class=\"bbc-19j92fr ebmt73l0\" dir=\"ltr\">\n<p class=\"bbc-hhl7in e17g058b0\" dir=\"ltr\">El zar fronterizo de Donald Trump, Tom Homan, afirm\u00f3 que las madres hab\u00edan tomado la decisi\u00f3n de que sus hijos fueran deportados con ellas.<\/p>\n<\/div>\n<div class=\"bbc-19j92fr ebmt73l0\" dir=\"ltr\">\n<p class=\"bbc-hhl7in e17g058b0\" dir=\"ltr\">&#8220;Tener un hijo ciudadano estadounidense no te hace inmune a nuestras leyes&#8221;, declar\u00f3, a\u00f1adiendo que las madres se encontraban en Estados Unidos sin autorizaci\u00f3n legal.<\/p>\n<\/div>\n<div class=\"bbc-19j92fr ebmt73l0\" dir=\"ltr\">\n<p class=\"bbc-hhl7in e17g058b0\" dir=\"ltr\">Homan dijo este lunes que deportar a las familias juntas era mejor que separarlas.<\/p>\n<\/div>\n<div class=\"bbc-19j92fr ebmt73l0\" dir=\"ltr\">\n<p class=\"bbc-hhl7in e17g058b0\" dir=\"ltr\">&#8220;Mantenemos a las familias unidas&#8221;, declar\u00f3. &#8220;Lo que hicimos fue retirar a los ni\u00f1os con sus madres, quienes solicitaron que se fueran con ellas&#8221;.<\/p>\n<\/div>\n<div class=\"bbc-19j92fr ebmt73l0\" dir=\"ltr\">\n<p class=\"bbc-hhl7in e17g058b0\" dir=\"ltr\">Homan desestim\u00f3 el uso de la palabra &#8220;deportados&#8221; para describir la expulsi\u00f3n de los ni\u00f1os del pa\u00eds.<\/p>\n<\/div>\n<div class=\"bbc-19j92fr ebmt73l0\" dir=\"ltr\">\n<p class=\"bbc-hhl7in e17g058b0\" dir=\"ltr\">&#8220;No fueron deportados. No deportamos a ciudadanos estadounidenses. Sus padres tomaron esa decisi\u00f3n, no el gobierno de Estados Unidos&#8221;, argument\u00f3.<\/p>\n<\/div>\n<div class=\"bbc-19j92fr ebmt73l0\" dir=\"ltr\">\n<h2 id=\"Sin-un-proceso-formal\" class=\"bbc-1lgzob2 eglt09e0\" tabindex=\"-1\">&#8220;Sin un proceso formal&#8221;<\/h2>\n<\/div>\n<div class=\"bbc-19j92fr ebmt73l0\" dir=\"ltr\">\n<p class=\"bbc-hhl7in e17g058b0\" dir=\"ltr\">Un juez federal de Luisiana manifest\u00f3 el viernes su preocupaci\u00f3n por la deportaci\u00f3n a Honduras de uno de los menores, una beb\u00e9 ciudadana estadounidense de 2 a\u00f1os, ante la sospecha de que fue realizada &#8220;sin un proceso formal&#8221; y en contra de la voluntad de su padre, quien hab\u00eda hecho una solicitud de emergencia con el fin de impedir que la ni\u00f1a fuera enviada al extranjero.<\/p>\n<p dir=\"ltr\">\n<\/div>\n<figure class=\"bbc-1qn0xuy\">\n<div class=\"bbc-18ywsw9\">\n<div style=\"width: 1022px\" class=\"wp-caption alignnone\"><img loading=\"lazy\" decoding=\"async\" class=\"bbc-139onq\" src=\"https:\/\/ichef.bbci.co.uk\/ace\/ws\/640\/cpsprodpb\/2a54\/live\/a0884e70-2470-11f0-8268-177a32de824e.jpg.webp\" alt=\"Patrulla Fronteriza de Estados Unidos desde el R\u00edo Bravo, cerca del Puente Internacional Paso del Norte en Ciudad Ju\u00e1rez.\" width=\"1012\" height=\"569\" \/><p class=\"wp-caption-text\">Fuente de la imagen,Getty Images.\u00a0\u00a0Uno de los menores deportados a honduras es una beb\u00e9 de 2 a\u00f1os.<\/p><\/div>\n<p class=\"bbc-by8ykd\" role=\"text\">\n<\/div>\n<\/figure>\n<div class=\"bbc-19j92fr ebmt73l0\" dir=\"ltr\">\n<p dir=\"ltr\">\n<p class=\"bbc-hhl7in e17g058b0\" dir=\"ltr\">&#8220;El gobierno sostiene que todo esto est\u00e1 bien porque la madre desea que la ni\u00f1a sea deportada con ella&#8221;, escribi\u00f3 el juez Terry A. Doughty. &#8220;Pero el tribunal lo desconoce&#8221;.<\/p>\n<\/div>\n<div class=\"bbc-19j92fr ebmt73l0\" dir=\"ltr\">\n<p class=\"bbc-hhl7in e17g058b0\" dir=\"ltr\">Con el argumento de que &#8220;es ilegal e inconstitucional deportar&#8221; a un ciudadano estadounidense, el juez Doughty fij\u00f3 una audiencia para el 16 de mayo para analizar su &#8220;fuerte sospecha&#8221; de que el gobierno deport\u00f3 a un ciudadano estadounidense &#8220;sin un proceso formal&#8221;.<\/p>\n<\/div>\n<div class=\"bbc-19j92fr ebmt73l0\" dir=\"ltr\">\n<p class=\"bbc-hhl7in e17g058b0\" dir=\"ltr\">La beb\u00e9, nacida en Luisiana y conocida en los documentos judiciales como V.M.L, qued\u00f3 detenida junto a su madre, Jenny Carolina L\u00f3pez Villela, durante una cita en una oficina de migraci\u00f3n de Nueva Orleans el 22 de abril, seg\u00fan documentos judiciales.<\/p>\n<\/div>\n<div class=\"bbc-19j92fr ebmt73l0\" dir=\"ltr\">\n<p class=\"bbc-hhl7in e17g058b0\" dir=\"ltr\">En una audiencia ante el juez Doughty, los abogados del Departamento de Justicia de EE.UU. afirmaron que ella expres\u00f3 su voluntad a los funcionarios de ICE de conservar la custodia de V.M.L. y que la beb\u00e9 se fuera con ella a Honduras.<\/p>\n<\/div>\n<div class=\"bbc-19j92fr ebmt73l0\" dir=\"ltr\">\n<p class=\"bbc-hhl7in e17g058b0\" dir=\"ltr\">Homan, en una entrevista con el canal CBS el domingo, afirm\u00f3 que se aplic\u00f3 la ley y agreg\u00f3 que la madre de la ni\u00f1a de 2 a\u00f1os &#8220;obtuvo el debido proceso a un alto costo para los contribuyentes&#8221; y que la orden de deportaci\u00f3n fue emitida por un juez despu\u00e9s de audiencias judiciales.<\/p>\n<\/div>\n<div class=\"bbc-19j92fr ebmt73l0\" dir=\"ltr\">\n<p class=\"bbc-hhl7in e17g058b0\" dir=\"ltr\">El segundo grupo familiar, compuesto por una madre indocumentada y sus dos hijos ciudadanos estadounidenses de 4 y 7 a\u00f1os (el m\u00e1s peque\u00f1o padece c\u00e1ncer), tambi\u00e9n fue deportado a Honduras el viernes, seg\u00fan inform\u00f3 el abogado de la familia.<\/p>\n<\/div>\n<div class=\"bbc-19j92fr ebmt73l0\" dir=\"ltr\">\n<p class=\"bbc-hhl7in e17g058b0\" dir=\"ltr\">Gracie Willis, de la organizaci\u00f3n Proyecto Nacional de Inmigraci\u00f3n, afirm\u00f3 que las madres, como m\u00ednimo, no tuvieron una oportunidad justa de decidir si quer\u00edan que sus hijos se quedaran en Estados Unidos.<\/p>\n<\/div>\n<div class=\"bbc-19j92fr ebmt73l0\" dir=\"ltr\">\n<p class=\"bbc-hhl7in e17g058b0\" dir=\"ltr\">&#8220;No les dieron otra opci\u00f3n; estas madres solo ten\u00edan la opci\u00f3n de llevarse a sus hijos con ellas a pesar de que hab\u00eda cuidadores disponibles amorosamente en Estados Unidos para mantenerlos aqu\u00ed&#8221;, declar\u00f3 Willis en una entrevista.<\/p>\n<\/div>\n<div class=\"bbc-19j92fr ebmt73l0\" dir=\"ltr\">\n<h2 id=\"Madres-detenidas-al-acudir-a-su-cita-migratoria\" class=\"bbc-1lgzob2 eglt09e0\" tabindex=\"-1\">Madres detenidas al acudir a su cita migratoria<\/h2>\n<\/div>\n<div class=\"bbc-19j92fr ebmt73l0\" dir=\"ltr\">\n<p class=\"bbc-hhl7in e17g058b0\" dir=\"ltr\">Tricia McLaughlin, portavoz del Departamento de Seguridad Nacional, declar\u00f3 el domingo que era com\u00fan que los padres que se enfrentan a la deportaci\u00f3n quieran ser deportados con sus hijos, y se\u00f1al\u00f3 que la madre de la ni\u00f1a de 2 a\u00f1os hab\u00eda tomado esa decisi\u00f3n.<\/p>\n<\/div>\n<div class=\"bbc-19j92fr ebmt73l0\" dir=\"ltr\">\n<p class=\"bbc-hhl7in e17g058b0\" dir=\"ltr\">&#8220;Nos tomamos muy en serio nuestra responsabilidad de proteger a los ni\u00f1os y seguiremos trabajando con las autoridades federales para garantizar su seguridad y protecci\u00f3n&#8221;, declar\u00f3 McLaughlin.<\/p>\n<p dir=\"ltr\">\n<\/div>\n<figure class=\"bbc-1qn0xuy\">\n<div class=\"bbc-18ywsw9\">\n<div style=\"width: 1283px\" class=\"wp-caption alignnone\"><img loading=\"lazy\" decoding=\"async\" class=\"bbc-139onq\" src=\"https:\/\/ichef.bbci.co.uk\/ace\/ws\/640\/cpsprodpb\/0a91\/live\/dfdee7f0-2470-11f0-8268-177a32de824e.png.webp\" alt=\"Familia deportada a M\u00e9xico. Rostros cubiertos.\" width=\"1273\" height=\"716\" \/><p class=\"wp-caption-text\">Fuente de la imagen, Cortes\u00eda Texas Civil Rights Project.\u00a0\u00a0En marzo hubo otro caso de ni\u00f1os estadounidenses deportados junto a sus padres indocumentados.<\/p><\/div>\n<p class=\"bbc-by8ykd\" role=\"text\">\n<\/div>\n<\/figure>\n<div class=\"bbc-19j92fr ebmt73l0\" dir=\"ltr\">\n<p dir=\"ltr\">\n<p class=\"bbc-hhl7in e17g058b0\" dir=\"ltr\">Ambas familias fueron detenidas en una de sus visitas programadas a las oficinas de migraci\u00f3n. Estaban en el Programa de Comparecencia con Supervisi\u00f3n Intensiva, un programa de libertad condicional que permite a las personas que est\u00e1n en un proceso migratorio permanecer en el pa\u00eds hasta que se resuelvan sus casos.<\/p>\n<\/div>\n<div class=\"bbc-19j92fr ebmt73l0\" dir=\"ltr\">\n<p class=\"bbc-hhl7in e17g058b0\" dir=\"ltr\">Donald Trump enfrent\u00f3 duras cr\u00edticas durante su primer mandato por una pol\u00edtica migratoria que separ\u00f3 a miles de ni\u00f1os de sus padres. En la actualidad, el gobierno ha dicho que no aplicar\u00e1 la misma pol\u00edtica de separaci\u00f3n familiar.<\/p>\n<\/div>\n<div class=\"bbc-19j92fr ebmt73l0\" dir=\"ltr\">\n<p class=\"bbc-hhl7in e17g058b0\" dir=\"ltr\">Estos casos se suman al de una ni\u00f1a estadounidense con c\u00e1ncer que fue deportada en marzo con su familia a M\u00e9xico y qued\u00f3 sin acceso al tratamiento para su enfermedad, de acuerdo a sus representantes legales.<\/p>\n<\/div>\n<div class=\"bbc-19j92fr ebmt73l0\" dir=\"ltr\">\n<p class=\"bbc-hhl7in e17g058b0\" dir=\"ltr\">Los progenitores de la ni\u00f1a, migrantes indocumentados, fueron enviados a M\u00e9xico con cinco de sus hijos, ciudadanos estadounidenses por nacimiento.<\/p>\n<\/div>\n<div class=\"bbc-19j92fr ebmt73l0\" dir=\"ltr\">\n<p class=\"bbc-hhl7in e17g058b0\" dir=\"ltr\">&#8220;Les dieron dos opciones imposibles entre las que elegir: que los menores se quedaran bajo custodia del Estado y quiz\u00e1 no volverlos a ver, o que fueran expulsados del pa\u00eds todos juntos&#8221;, le dijo a BBC Mundo Rochelle Garza, presidenta de Texas Civil Rights Project, la organizaci\u00f3n que les brinda asesor\u00eda legal gratuita.<\/p>\n<\/div>\n<div class=\"bbc-19j92fr ebmt73l0\" dir=\"ltr\">\n<p class=\"bbc-hhl7in e17g058b0\" dir=\"ltr\">Seg\u00fan la Oficina de Aduanas y Protecci\u00f3n Fronteriza (CBP, por sus siglas en ingl\u00e9s), dicho relato es &#8220;inexacto&#8221;.<\/p>\n<\/div>\n<div class=\"bbc-19j92fr ebmt73l0\" dir=\"ltr\">\n<p class=\"bbc-hhl7in e17g058b0\" dir=\"ltr\">&#8220;Cuando alguien recibe \u00f3rdenes de expulsi\u00f3n aceleradas y decide ignorarlas, se enfrentar\u00e1 a las consecuencias descritas en el proceso de expulsi\u00f3n acelerada para las personas con \u00f3rdenes de expulsi\u00f3n&#8221;, le dijo un portavoz de la CBP a BBC Mundo a trav\u00e9s de un comunicado.<\/p>\n<\/div>\n<div class=\"bbc-19j92fr ebmt73l0\" dir=\"ltr\">\n<p class=\"bbc-hhl7in e17g058b0\" dir=\"ltr\">Trump ha prometido realizar la &#8220;mayor deportaci\u00f3n&#8221; en la historia estadounidense de migrantes indocumentados.<\/p>\n<\/div>\n<div class=\"bbc-19j92fr ebmt73l0\" dir=\"ltr\">\n<p class=\"bbc-hhl7in e17g058b0\" dir=\"ltr\">En los \u00faltimos meses, el mandatario ha incrementado los esfuerzos por detener y deportar a quienes no tienen su estatus migratorio regularizado o est\u00e1n en el proceso de conseguirlo.<\/p>\n<\/div>\n<div class=\"bbc-19j92fr ebmt73l0\" dir=\"ltr\">\n<p class=\"bbc-hhl7in e17g058b0\" dir=\"ltr\">El plan incluye la expulsi\u00f3n de personas a otras naciones que no son el pa\u00eds de origen de los migrantes, como ha ocurrido con el env\u00edo de extranjeros a pa\u00edses como Panam\u00e1, Costa Rica y El Salvador.<\/p>\n<\/div>\n<div class=\"bbc-19j92fr ebmt73l0\" dir=\"ltr\">\n<p class=\"bbc-hhl7in e17g058b0\" dir=\"ltr\">Miles de inmigrantes indocumentados han sido detenidos desde que Donald Trump regres\u00f3 a la Casa Blanca el 20 de enero.<\/p>\n<\/div>\n","protected":false},"excerpt":{"rendered":"<p>&nbsp; Varios ni\u00f1os que son ciudadanos estadounidenses, incluyendo uno con c\u00e1ncer, fueron deportados a Honduras junto a sus madres, seg\u00fan los abogados de las familias&hellip;<\/p>\n","protected":false},"author":99,"featured_media":531259,"comment_status":"open","ping_status":"open","sticky":false,"template":"","format":"standard","meta":{"footnotes":""},"categories":[24],"tags":[],"class_list":["post-531258","post","type-post","status-publish","format-standard","has-post-thumbnail","hentry","category-mundo"],"_links":{"self":[{"href":"https:\/\/diarioelpopular.com\/index.php\/wp-json\/wp\/v2\/posts\/531258","targetHints":{"allow":["GET"]}}],"collection":[{"href":"https:\/\/diarioelpopular.com\/index.php\/wp-json\/wp\/v2\/posts"}],"about":[{"href":"https:\/\/diarioelpopular.com\/index.php\/wp-json\/wp\/v2\/types\/post"}],"author":[{"embeddable":true,"href":"https:\/\/diarioelpopular.com\/index.php\/wp-json\/wp\/v2\/users\/99"}],"replies":[{"embeddable":true,"href":"https:\/\/diarioelpopular.com\/index.php\/wp-json\/wp\/v2\/comments?post=531258"}],"version-history":[{"count":1,"href":"https:\/\/diarioelpopular.com\/index.php\/wp-json\/wp\/v2\/posts\/531258\/revisions"}],"predecessor-version":[{"id":531260,"href":"https:\/\/diarioelpopular.com\/index.php\/wp-json\/wp\/v2\/posts\/531258\/revisions\/531260"}],"wp:featuredmedia":[{"embeddable":true,"href":"https:\/\/diarioelpopular.com\/index.php\/wp-json\/wp\/v2\/media\/531259"}],"wp:attachment":[{"href":"https:\/\/diarioelpopular.com\/index.php\/wp-json\/wp\/v2\/media?parent=531258"}],"wp:term":[{"taxonomy":"category","embeddable":true,"href":"https:\/\/diarioelpopular.com\/index.php\/wp-json\/wp\/v2\/categories?post=531258"},{"taxonomy":"post_tag","embeddable":true,"href":"https:\/\/diarioelpopular.com\/index.php\/wp-json\/wp\/v2\/tags?post=531258"}],"curies":[{"name":"wp","href":"https:\/\/api.w.org\/{rel}","templated":true}]}}