{"id":531265,"date":"2025-04-29T09:13:37","date_gmt":"2025-04-29T13:13:37","guid":{"rendered":"https:\/\/diarioelpopular.com\/?p=531265"},"modified":"2025-04-29T09:13:37","modified_gmt":"2025-04-29T13:13:37","slug":"amnistia-internacional-denuncia-las-consecuencias-desastrosas-del-mandato-de-trump-en-los-derechos-humanos","status":"publish","type":"post","link":"https:\/\/diarioelpopular.com\/index.php\/2025\/04\/29\/amnistia-internacional-denuncia-las-consecuencias-desastrosas-del-mandato-de-trump-en-los-derechos-humanos\/","title":{"rendered":"Amnist\u00eda Internacional denuncia las consecuencias \u201cdesastrosas\u201d del mandato de Trump en los derechos humanos"},"content":{"rendered":"<div id=\"attachment_531266\" style=\"width: 1210px\" class=\"wp-caption alignnone\"><img loading=\"lazy\" decoding=\"async\" aria-describedby=\"caption-attachment-531266\" class=\"wp-image-531266 size-custom-big-size\" src=\"https:\/\/diarioelpopular.com\/wp-content\/uploads\/2025\/04\/Screen-Shot-2025-04-29-at-9.09.02-AM-1200x801.png\" alt=\"\" width=\"1200\" height=\"801\" srcset=\"https:\/\/diarioelpopular.com\/wp-content\/uploads\/2025\/04\/Screen-Shot-2025-04-29-at-9.09.02-AM-1200x801.png 1200w, https:\/\/diarioelpopular.com\/wp-content\/uploads\/2025\/04\/Screen-Shot-2025-04-29-at-9.09.02-AM-300x200.png 300w, https:\/\/diarioelpopular.com\/wp-content\/uploads\/2025\/04\/Screen-Shot-2025-04-29-at-9.09.02-AM-768x512.png 768w, https:\/\/diarioelpopular.com\/wp-content\/uploads\/2025\/04\/Screen-Shot-2025-04-29-at-9.09.02-AM-636x424.png 636w, https:\/\/diarioelpopular.com\/wp-content\/uploads\/2025\/04\/Screen-Shot-2025-04-29-at-9.09.02-AM-109x73.png 109w, https:\/\/diarioelpopular.com\/wp-content\/uploads\/2025\/04\/Screen-Shot-2025-04-29-at-9.09.02-AM.png 1024w\" sizes=\"auto, (max-width: 1200px) 100vw, 1200px\" \/><p id=\"caption-attachment-531266\" class=\"wp-caption-text\">V\u00edctimas de un ataque de Israel en la franja de Gaza, este lunes. DPA v\u00eda Europa Press (DPA v\u00eda Europa Press)<\/p><\/div>\n<p>&nbsp;<\/p>\n<h4 class=\"a_st\"><em>Los primeros 100 d\u00edas de mandato del presidente de EE UU han \u201cintensificado\u201d los retrocesos registrados en 2024, sostiene la organizaci\u00f3n en su informe anual<\/em><\/h4>\n<p>&nbsp;<\/p>\n<p class=\"\">El deterioro de los derechos humanos y del orden internacional en el mundo es anterior al mandato de Donald Trump. Pero el regreso del republicano a la Casa Blanca est\u00e1 teniendo\u00a0<a title=\"https:\/\/elpais.com\/internacional\/2025-04-28\/un-bombardeo-de-ee-uu-contra-un-centro-de-detencion-de-migrantes-en-yemen-causa-decenas-de-muertos.html\" href=\"https:\/\/elpais.com\/internacional\/2025-04-28\/un-bombardeo-de-ee-uu-contra-un-centro-de-detencion-de-migrantes-en-yemen-causa-decenas-de-muertos.html\" target=\"_self\" rel=\"\" data-link-track-dtm=\"\" data-mrf-link=\"https:\/\/elpais.com\/internacional\/2025-04-28\/un-bombardeo-de-ee-uu-contra-un-centro-de-detencion-de-migrantes-en-yemen-causa-decenas-de-muertos.html\">un efecto acelerador y de \u201cintensificaci\u00f3n\u201d<\/a>\u00a0de las crecientes pr\u00e1cticas autoritarias en muchos pa\u00edses, incluso en Europa. Una tendencia que amenaza con \u201cechar por tierra\u201d d\u00e9cadas de construcci\u00f3n y promoci\u00f3n del sistema de derechos fundamentales en el mundo, advierte Amnist\u00eda Internacional en su \u00faltimo informe mundial, en el que llama a las democracias \u2015especialmente a las europeas\u2015 a \u201cresistir\u201d estos \u201cembates\u201d contra el orden multilateral.<\/p>\n<p class=\"\"><a title=\"https:\/\/elpais.com\/internacional\/2025-04-27\/100-dias-trump-100-dias-de-miedo-caos-y-abusos-de-poder.html\" href=\"https:\/\/elpais.com\/internacional\/2025-04-27\/100-dias-trump-100-dias-de-miedo-caos-y-abusos-de-poder.html\" target=\"_self\" rel=\"\" data-link-track-dtm=\"\" data-mrf-link=\"https:\/\/elpais.com\/internacional\/2025-04-27\/100-dias-trump-100-dias-de-miedo-caos-y-abusos-de-poder.html\">\u201cLos primeros 100 d\u00edas del presidente Trump<\/a>\u00a0[se cumplen este mi\u00e9rcoles] han sido desastrosos para los derechos humanos en EE UU e internacionalmente\u201d, ha afirmado la secretaria general de Amnist\u00eda, Agn\u00e8s Callamard, al presentar en Bruselas el \u00faltimo informe global sobre la \u201cm\u00e1s que alarmante\u201d situaci\u00f3n de los derechos humanos en el mundo.<\/p>\n<p class=\"\">\u201cEl Gobierno estadounidense encabeza un asalto global contra la justicia de g\u00e9nero y racial, ha adoptado amplias normas de mordaza contra el derecho al aborto, ataca de forma implacable la diversidad y la inclusi\u00f3n, los derechos de las personas trans y est\u00e1 arrebatando brutalmente los derechos de migrantes y de refugiados\u201d, ha enumerado la exrelatora de derechos humanos de la ONU. Tambi\u00e9n ha denunciado los ataques de la Administraci\u00f3n estadounidense a la lucha contra el cambio clim\u00e1tico y a las instituciones que ejercen un contrapeso al poder ejecutivo, desde la justicia a las universidades o los medios de comunicaci\u00f3n.<\/p>\n<p class=\"\">El informe, en el que se hace un repaso del estado de los derechos humanos a lo largo de 2024,<a title=\"https:\/\/elpais.com\/internacional\/2024-12-05\/una-investigacion-de-amnistia-internacional-concluye-que-israel-ha-cometido-genocidio-en-gaza.html\" href=\"https:\/\/elpais.com\/internacional\/2024-12-05\/una-investigacion-de-amnistia-internacional-concluye-que-israel-ha-cometido-genocidio-en-gaza.html\" target=\"_self\" rel=\"\" data-link-track-dtm=\"\" data-mrf-link=\"https:\/\/elpais.com\/internacional\/2024-12-05\/una-investigacion-de-amnistia-internacional-concluye-que-israel-ha-cometido-genocidio-en-gaza.html\">\u00a0denuncia el \u201cgenocidio\u201d de la poblaci\u00f3n palestina en Gaza<\/a>. Asimismo, acusa a Rusia de matar en 2024 \u201ca m\u00e1s civiles ucranios que el a\u00f1o anterior\u201d, continuar atacando infraestructuras civiles y someter \u201ca los detenidos a tortura y desaparici\u00f3n forzada\u201d. Tambi\u00e9n recuerda la \u201cviolencia sexual generalizada\u201d contra mujeres y ni\u00f1as en Sud\u00e1n o\u00a0<a title=\"https:\/\/elpais.com\/planeta-futuro\/2022-08-28\/cinco-anos-del-exodo-rohinya.html\" href=\"https:\/\/elpais.com\/planeta-futuro\/2022-08-28\/cinco-anos-del-exodo-rohinya.html\" target=\"_self\" rel=\"\" data-link-track-dtm=\"\" data-mrf-link=\"https:\/\/elpais.com\/planeta-futuro\/2022-08-28\/cinco-anos-del-exodo-rohinya.html\">los continuados ataques a la comunidad rohiny\u00e1<\/a>\u00a0en Myanmar. Registra asimismo la \u201crepresi\u00f3n cruel y generalizada de la disidencia\u201d en numerosas partes del mundo, los \u201cinsuficientes esfuerzos por abordar el colapso clim\u00e1tico\u201d y un \u201ccreciente retroceso mundial de los derechos de las personas migrantes y refugiadas, las mujeres, las ni\u00f1as y las personas LGBTI\u201d, entre otros.<\/p>\n<p class=\"\">\u201cA menos que se logre dar un dr\u00e1stico giro a la situaci\u00f3n mundial, todos estos aspectos se deteriorar\u00e1n a\u00fan m\u00e1s en un turbulento 2025\u201d, advierte la organizaci\u00f3n internacional.<\/p>\n<p class=\"\">La mayor\u00eda de estos atropellos a los derechos humanos comenzaron mucho antes de la nueva era Trump. Pero su vuelta al poder, y sobre todo\u00a0<a title=\"https:\/\/elpais.com\/internacional\/2025-03-09\/trump-el-gran-dinamitador-de-la-hegemonia-de-ee-uu.html\" href=\"https:\/\/elpais.com\/internacional\/2025-03-09\/trump-el-gran-dinamitador-de-la-hegemonia-de-ee-uu.html\" target=\"_self\" rel=\"\" data-link-track-dtm=\"\" data-mrf-link=\"https:\/\/elpais.com\/internacional\/2025-03-09\/trump-el-gran-dinamitador-de-la-hegemonia-de-ee-uu.html\">su \u201cataque sin cuartel\u201d al multilateralismo y justicia global<\/a>, \u201cest\u00e1n agravando el considerable da\u00f1o que ya han sufrido esos principios e instituciones, y animando a\u00fan m\u00e1s a otros dirigentes y movimientos contrarios al reconocimiento de derechos a unirse a su embestida\u201d, seg\u00fan Callamard. La francesa ha hecho por ello un llamamiento a la \u201cresistencia\u201d para preservar el sistema de justicia internacional construido los \u00faltimos 80 a\u00f1os sobre las cenizas de la II Guerra Mundial y el Holocausto. \u201cEl mundo debe despertar a esta realidad ahora o, de lo contrario, esta coyuntura hist\u00f3rica se convertir\u00e1 en una devastaci\u00f3n hist\u00f3rica\u201d, advierte Amnist\u00eda, para la que Europa, que considera tiene una responsabilidad especial, no se est\u00e1 mostrando a la altura del desaf\u00edo.<\/p>\n<p class=\"\">\u201c<a title=\"https:\/\/elpais.com\/internacional\/2025-04-14\/trump-reitera-su-mensaje-hostil-contra-la-ue-en-el-inicio-de-las-negociaciones-comerciales.html\" href=\"https:\/\/elpais.com\/internacional\/2025-04-14\/trump-reitera-su-mensaje-hostil-contra-la-ue-en-el-inicio-de-las-negociaciones-comerciales.html\" target=\"_self\" rel=\"\" data-link-track-dtm=\"\" data-mrf-link=\"https:\/\/elpais.com\/internacional\/2025-04-14\/trump-reitera-su-mensaje-hostil-contra-la-ue-en-el-inicio-de-las-negociaciones-comerciales.html\">La UE no est\u00e1 plantando cara a Donald Trump<\/a>, no est\u00e1 plantando cara a sus propios miembros que violan los derechos, como Hungr\u00eda, y est\u00e1 protegiendo el Tribunal Penal Internacional de mala gana. No hay una voz estridente, alta, colectiva que proteja la justicia internacional o el sistema multilateral\u201d, ha lamentado Callamard.<\/p>\n","protected":false},"excerpt":{"rendered":"<p>&nbsp; Los primeros 100 d\u00edas de mandato del presidente de EE UU han \u201cintensificado\u201d los retrocesos registrados en 2024, sostiene la organizaci\u00f3n en su informe&hellip;<\/p>\n","protected":false},"author":99,"featured_media":531266,"comment_status":"open","ping_status":"open","sticky":false,"template":"","format":"standard","meta":{"footnotes":""},"categories":[24],"tags":[],"class_list":["post-531265","post","type-post","status-publish","format-standard","has-post-thumbnail","hentry","category-mundo"],"_links":{"self":[{"href":"https:\/\/diarioelpopular.com\/index.php\/wp-json\/wp\/v2\/posts\/531265","targetHints":{"allow":["GET"]}}],"collection":[{"href":"https:\/\/diarioelpopular.com\/index.php\/wp-json\/wp\/v2\/posts"}],"about":[{"href":"https:\/\/diarioelpopular.com\/index.php\/wp-json\/wp\/v2\/types\/post"}],"author":[{"embeddable":true,"href":"https:\/\/diarioelpopular.com\/index.php\/wp-json\/wp\/v2\/users\/99"}],"replies":[{"embeddable":true,"href":"https:\/\/diarioelpopular.com\/index.php\/wp-json\/wp\/v2\/comments?post=531265"}],"version-history":[{"count":1,"href":"https:\/\/diarioelpopular.com\/index.php\/wp-json\/wp\/v2\/posts\/531265\/revisions"}],"predecessor-version":[{"id":531267,"href":"https:\/\/diarioelpopular.com\/index.php\/wp-json\/wp\/v2\/posts\/531265\/revisions\/531267"}],"wp:featuredmedia":[{"embeddable":true,"href":"https:\/\/diarioelpopular.com\/index.php\/wp-json\/wp\/v2\/media\/531266"}],"wp:attachment":[{"href":"https:\/\/diarioelpopular.com\/index.php\/wp-json\/wp\/v2\/media?parent=531265"}],"wp:term":[{"taxonomy":"category","embeddable":true,"href":"https:\/\/diarioelpopular.com\/index.php\/wp-json\/wp\/v2\/categories?post=531265"},{"taxonomy":"post_tag","embeddable":true,"href":"https:\/\/diarioelpopular.com\/index.php\/wp-json\/wp\/v2\/tags?post=531265"}],"curies":[{"name":"wp","href":"https:\/\/api.w.org\/{rel}","templated":true}]}}