{"id":531288,"date":"2025-04-30T08:14:06","date_gmt":"2025-04-30T12:14:06","guid":{"rendered":"https:\/\/diarioelpopular.com\/?p=531288"},"modified":"2025-04-30T08:14:06","modified_gmt":"2025-04-30T12:14:06","slug":"conductor-de-camion-perece-en-choque-con-autobus-de-la-ttc","status":"publish","type":"post","link":"https:\/\/diarioelpopular.com\/index.php\/2025\/04\/30\/conductor-de-camion-perece-en-choque-con-autobus-de-la-ttc\/","title":{"rendered":"Conductor de cami\u00f3n perece en choque con autob\u00fas de la TTC"},"content":{"rendered":"<p><img loading=\"lazy\" decoding=\"async\" class=\"alignnone size-custom-full-size wp-image-531289\" src=\"https:\/\/diarioelpopular.com\/wp-content\/uploads\/2025\/04\/Screen-Shot-2025-04-30-at-8.12.24-AM-636x477.png\" alt=\"\" width=\"636\" height=\"477\" srcset=\"https:\/\/diarioelpopular.com\/wp-content\/uploads\/2025\/04\/Screen-Shot-2025-04-30-at-8.12.24-AM-636x477.png 636w, https:\/\/diarioelpopular.com\/wp-content\/uploads\/2025\/04\/Screen-Shot-2025-04-30-at-8.12.24-AM-300x225.png 300w, https:\/\/diarioelpopular.com\/wp-content\/uploads\/2025\/04\/Screen-Shot-2025-04-30-at-8.12.24-AM-97x73.png 97w, https:\/\/diarioelpopular.com\/wp-content\/uploads\/2025\/04\/Screen-Shot-2025-04-30-at-8.12.24-AM.png 746w\" sizes=\"auto, (max-width: 636px) 100vw, 636px\" \/><\/p>\n<p>&nbsp;<\/p>\n<ul>\n<li><em><strong>Un hombre falleci\u00f3 el martes por la noche tras un choque entre un cami\u00f3n y un autob\u00fas de la TTC cerca del Zool\u00f3gico de Toronto.<\/strong><\/em><\/li>\n<\/ul>\n<p>&nbsp;<\/p>\n<p>La Polic\u00eda de Toronto inform\u00f3 en redes sociales que respondi\u00f3 poco despu\u00e9s de las 6 p. m. a reportes de una colisi\u00f3n entre dos veh\u00edculos que provoc\u00f3 que un conductor fuera &#8220;posiblemente expulsado&#8221; de su cami\u00f3n en la zona de Meadowvale Rd.-Sheppard Ave. E. de Scarborough.<\/p>\n<p>La polic\u00eda inform\u00f3 que el conductor del cami\u00f3n fue declarado muerto en el lugar. No se reportaron otras lesiones.<\/p>\n<p>La v\u00eda Sheppard permaneci\u00f3 cerrada entre Meadowvale e Idagrove Gate, mientras que la v\u00eda Meadowvale permaneci\u00f3 cerrada entre Dean Park y Zoo Rds. mientras la polic\u00eda investigaba el accidente.<\/p>\n<p>Se solicita a cualquier persona que tenga informaci\u00f3n que se comunique con los servicios de tr\u00e1nsito al 416-808-1900.<\/p>\n","protected":false},"excerpt":{"rendered":"<p>&nbsp; Un hombre falleci\u00f3 el martes por la noche tras un choque entre un cami\u00f3n y un autob\u00fas de la TTC cerca del Zool\u00f3gico de&hellip;<\/p>\n","protected":false},"author":99,"featured_media":531289,"comment_status":"open","ping_status":"open","sticky":false,"template":"","format":"standard","meta":{"footnotes":""},"categories":[11364],"tags":[],"class_list":["post-531288","post","type-post","status-publish","format-standard","has-post-thumbnail","hentry","category-toronto-gta"],"_links":{"self":[{"href":"https:\/\/diarioelpopular.com\/index.php\/wp-json\/wp\/v2\/posts\/531288","targetHints":{"allow":["GET"]}}],"collection":[{"href":"https:\/\/diarioelpopular.com\/index.php\/wp-json\/wp\/v2\/posts"}],"about":[{"href":"https:\/\/diarioelpopular.com\/index.php\/wp-json\/wp\/v2\/types\/post"}],"author":[{"embeddable":true,"href":"https:\/\/diarioelpopular.com\/index.php\/wp-json\/wp\/v2\/users\/99"}],"replies":[{"embeddable":true,"href":"https:\/\/diarioelpopular.com\/index.php\/wp-json\/wp\/v2\/comments?post=531288"}],"version-history":[{"count":1,"href":"https:\/\/diarioelpopular.com\/index.php\/wp-json\/wp\/v2\/posts\/531288\/revisions"}],"predecessor-version":[{"id":531290,"href":"https:\/\/diarioelpopular.com\/index.php\/wp-json\/wp\/v2\/posts\/531288\/revisions\/531290"}],"wp:featuredmedia":[{"embeddable":true,"href":"https:\/\/diarioelpopular.com\/index.php\/wp-json\/wp\/v2\/media\/531289"}],"wp:attachment":[{"href":"https:\/\/diarioelpopular.com\/index.php\/wp-json\/wp\/v2\/media?parent=531288"}],"wp:term":[{"taxonomy":"category","embeddable":true,"href":"https:\/\/diarioelpopular.com\/index.php\/wp-json\/wp\/v2\/categories?post=531288"},{"taxonomy":"post_tag","embeddable":true,"href":"https:\/\/diarioelpopular.com\/index.php\/wp-json\/wp\/v2\/tags?post=531288"}],"curies":[{"name":"wp","href":"https:\/\/api.w.org\/{rel}","templated":true}]}}