{"id":531309,"date":"2025-04-30T08:56:38","date_gmt":"2025-04-30T12:56:38","guid":{"rendered":"https:\/\/diarioelpopular.com\/?p=531309"},"modified":"2025-04-30T08:56:38","modified_gmt":"2025-04-30T12:56:38","slug":"que-ventajas-e-inconvenientes-tienen-espana-y-portugal-al-estar-en-una-isla-energetica-y-como-influyo-eso-en-el-masivo-apagon-de-esta-semana","status":"publish","type":"post","link":"https:\/\/diarioelpopular.com\/index.php\/2025\/04\/30\/que-ventajas-e-inconvenientes-tienen-espana-y-portugal-al-estar-en-una-isla-energetica-y-como-influyo-eso-en-el-masivo-apagon-de-esta-semana\/","title":{"rendered":"Qu\u00e9 ventajas e inconvenientes tienen Espa\u00f1a y Portugal al estar en una &#8220;isla energ\u00e9tica&#8221; (y c\u00f3mo influy\u00f3 eso en el masivo apag\u00f3n de esta semana)"},"content":{"rendered":"<div id=\"attachment_531310\" style=\"width: 646px\" class=\"wp-caption alignnone\"><img loading=\"lazy\" decoding=\"async\" aria-describedby=\"caption-attachment-531310\" class=\"wp-image-531310 size-custom-full-size\" src=\"https:\/\/diarioelpopular.com\/wp-content\/uploads\/2025\/04\/Screen-Shot-2025-04-30-at-8.55.51-AM-636x358.png\" alt=\"\" width=\"636\" height=\"358\" srcset=\"https:\/\/diarioelpopular.com\/wp-content\/uploads\/2025\/04\/Screen-Shot-2025-04-30-at-8.55.51-AM-636x358.png 636w, https:\/\/diarioelpopular.com\/wp-content\/uploads\/2025\/04\/Screen-Shot-2025-04-30-at-8.55.51-AM-300x169.png 300w, https:\/\/diarioelpopular.com\/wp-content\/uploads\/2025\/04\/Screen-Shot-2025-04-30-at-8.55.51-AM-768x433.png 768w, https:\/\/diarioelpopular.com\/wp-content\/uploads\/2025\/04\/Screen-Shot-2025-04-30-at-8.55.51-AM-130x73.png 130w, https:\/\/diarioelpopular.com\/wp-content\/uploads\/2025\/04\/Screen-Shot-2025-04-30-at-8.55.51-AM.png 1024w\" sizes=\"auto, (max-width: 636px) 100vw, 636px\" \/><p id=\"caption-attachment-531310\" class=\"wp-caption-text\">La Pen\u00ednsula Ib\u00e9rica de noche desde el espacio.<\/p><\/div>\n<p>&nbsp;<\/p>\n<p>&nbsp;<\/p>\n<div class=\"bbc-19j92fr ebmt73l0\" dir=\"ltr\">\n<ul>\n<li class=\"bbc-hhl7in e17g058b0\" dir=\"ltr\"><em><b>El apag\u00f3n masivo que este lunes dej\u00f3 sin luz a millones de personas en Espa\u00f1a y Portugal puso de relieve la situaci\u00f3n \u00fanica de sus sistemas el\u00e9ctricos.<\/b><\/em><\/li>\n<\/ul>\n<\/div>\n<div class=\"bbc-19j92fr ebmt73l0\" dir=\"ltr\">\n<p dir=\"ltr\">\n<p class=\"bbc-hhl7in e17g058b0\" dir=\"ltr\">Los dos pa\u00edses de la pen\u00ednsula ib\u00e9rica conforman lo que expertos llaman &#8220;una isla energ\u00e9tica&#8221; sin apenas conexi\u00f3n con el resto de Europa.<\/p>\n<\/div>\n<div class=\"bbc-19j92fr ebmt73l0\" dir=\"ltr\">\n<p class=\"bbc-hhl7in e17g058b0\" dir=\"ltr\">El lunes la red de Espa\u00f1a y Portugal colaps\u00f3 por causas que a\u00fan se investigan, lo que despoj\u00f3 durante horas a sus habitantes de luz y otros servicios esenciales como el transporte ferroviario, las telecomunicaciones o la actividad comercial.<\/p>\n<\/div>\n<div class=\"bbc-19j92fr ebmt73l0\" dir=\"ltr\">\n<p class=\"bbc-hhl7in e17g058b0\" dir=\"ltr\">Aunque el suministro ya se ha restablecido, el incidente ha servido para visibilizar las particularidades del sistema el\u00e9ctrico de la pen\u00ednsula ib\u00e9rica, cuya autonom\u00eda conlleva implicaciones tanto positivas como negativas.<\/p>\n<\/div>\n<section class=\"bbc-geybui\" role=\"region\" aria-label=\"Publicidad 2\" aria-hidden=\"true\" data-e2e=\"advertisement\">\n<div id=\"dotcom-mpu\" class=\"dotcom-ad active\" aria-hidden=\"true\">\n<div class=\"dotcom-ad-inner\"><\/div>\n<\/div>\n<\/section>\n<div class=\"bbc-19j92fr ebmt73l0\" dir=\"ltr\">\n<p class=\"bbc-hhl7in e17g058b0\" dir=\"ltr\">Analizamos qu\u00e9 implica ser una &#8220;isla energ\u00e9tica&#8221; y c\u00f3mo afecta esto a los ciudadanos y a la seguridad del suministro.<\/p>\n<\/div>\n<section class=\"bbc-1o3v5ug\" role=\"region\" data-e2e=\"recommendations-heading\" aria-labelledby=\"recommendations-heading\"><\/section>\n<div class=\"bbc-19j92fr ebmt73l0\" dir=\"ltr\">\n<h2 id=\"C\u00f3mo-es-la-isla-energ\u00e9tica-ib\u00e9rica\" class=\"bbc-1lgzob2 eglt09e0\" tabindex=\"-1\">C\u00f3mo es la &#8220;isla energ\u00e9tica&#8221; ib\u00e9rica<\/h2>\n<\/div>\n<div class=\"bbc-19j92fr ebmt73l0\" dir=\"ltr\">\n<p class=\"bbc-hhl7in e17g058b0\" dir=\"ltr\">Espa\u00f1a y Portugal comparten un sistema el\u00e9ctrico altamente integrado entre s\u00ed que conforma una &#8220;isla energ\u00e9tica&#8221; ya que, aunque ambos pa\u00edses no est\u00e1n aislados geogr\u00e1ficamente, tienen una capacidad muy limitada para importar o exportar electricidad con sus vecinos.<\/p>\n<p dir=\"ltr\">\n<\/div>\n<figure class=\"bbc-1qn0xuy\">\n<div class=\"bbc-18ywsw9\">\n<div style=\"width: 2131px\" class=\"wp-caption alignnone\"><img loading=\"lazy\" decoding=\"async\" class=\"bbc-139onq\" src=\"https:\/\/ichef.bbci.co.uk\/ace\/ws\/640\/cpsprodpb\/ca0c\/live\/832f78f0-253b-11f0-8f57-b7237f6a66e6.jpg.webp\" alt=\"Presa de energ\u00eda hidr\u00e1ulica de Aldeadavila en el R\u00edo Duero, en la frontera entre Espa\u00f1a y Portugal.\" width=\"2121\" height=\"1414\" \/><p class=\"wp-caption-text\">Fuente de la imagen,Getty Images.\u00a0\u00a0Presa de energ\u00eda hidr\u00e1ulica de Aldeadavila en el R\u00edo Duero, en la frontera entre Espa\u00f1a y Portugal.<\/p><\/div>\n<p class=\"bbc-by8ykd\" role=\"text\">\n<\/div>\n<\/figure>\n<div class=\"bbc-19j92fr ebmt73l0\" dir=\"ltr\">\n<p dir=\"ltr\">\n<p class=\"bbc-hhl7in e17g058b0\" dir=\"ltr\">La tasa de interconexi\u00f3n de la pen\u00ednsula ib\u00e9rica es de aproximadamente del 2%, seg\u00fan el operador espa\u00f1ol Redeia, muy por debajo del 10% que la Uni\u00f3n Europea recomendaba para 2022 y a\u00fan m\u00e1s lejos del 15% para 2030.<\/p>\n<\/div>\n<div class=\"bbc-19j92fr ebmt73l0\" dir=\"ltr\">\n<p class=\"bbc-hhl7in e17g058b0\" dir=\"ltr\">Este bajo nivel de conexi\u00f3n se debe, en parte, a su posici\u00f3n geogr\u00e1fica en el extremo suroeste del continente europeo, con la cordillera de los Pirineos como barrera natural entre Espa\u00f1a y Francia, as\u00ed como a obst\u00e1culos t\u00e9cnicos y pol\u00edticos para aumentar la capacidad de los enlaces transfronterizos con el pa\u00eds galo o con Marruecos por mar en el sur.<\/p>\n<\/div>\n<div class=\"bbc-19j92fr ebmt73l0\" dir=\"ltr\">\n<p class=\"bbc-hhl7in e17g058b0\" dir=\"ltr\">&#8220;Con Marruecos la conexi\u00f3n es muy peque\u00f1a; la \u00fanica importante que tenemos es con Francia, y desde hace relativamente poco. En ese sentido, se dice que es una isla energ\u00e9tica&#8221;, explica Carlos Guti\u00e9rrez Hita, profesor titular en el Centro de Investigaci\u00f3n Operativa de la Universidad Miguel Hern\u00e1ndez de Elche.<\/p>\n<\/div>\n<div class=\"bbc-19j92fr ebmt73l0\" dir=\"ltr\">\n<p class=\"bbc-hhl7in e17g058b0\" dir=\"ltr\">Pese a este aislamiento, la pen\u00ednsula cuenta con una amplia red interna compartida, lo que permite una coordinaci\u00f3n estrecha entre ambos pa\u00edses gestionada por el Mercado Ib\u00e9rico de Electricidad (MIBEL), donde productores y comercializadores portugueses y espa\u00f1oles compran y venden electricidad diariamente.<\/p>\n<\/div>\n<div class=\"bbc-19j92fr ebmt73l0\" dir=\"ltr\">\n<p class=\"bbc-hhl7in e17g058b0\" dir=\"ltr\">Guti\u00e9rrez Hita describe el MIBEL como &#8220;una plataforma gigantesca con toda la informaci\u00f3n de pujas de plantas y empresas&#8221;.<\/p>\n<\/div>\n<div class=\"bbc-19j92fr ebmt73l0\" dir=\"ltr\">\n<p class=\"bbc-hhl7in e17g058b0\" dir=\"ltr\">&#8220;La plataforma ordena esas pujas para crear la funci\u00f3n de oferta y tambi\u00e9n recoge las previsiones de demanda de las distribuidoras, muchas de las cuales tambi\u00e9n son generadoras&#8221;, explica.<\/p>\n<p dir=\"ltr\">\n<\/div>\n<figure class=\"bbc-1qn0xuy\">\n<div class=\"bbc-18ywsw9\">\n<div style=\"width: 2131px\" class=\"wp-caption alignnone\"><img loading=\"lazy\" decoding=\"async\" class=\"bbc-139onq\" src=\"https:\/\/ichef.bbci.co.uk\/ace\/ws\/640\/cpsprodpb\/a354\/live\/b8933a40-253b-11f0-b26b-ab62c890638b.jpg.webp\" alt=\"Torres el\u00e9ctricas\" width=\"2121\" height=\"1414\" \/><p class=\"wp-caption-text\">Fuente de la imagen,Getty Images.\u00a0\u00a0La electricidad fluye por la pen\u00ednsula ib\u00e9rica en un solo sistema integrado.<\/p><\/div>\n<p class=\"bbc-by8ykd\" role=\"text\">\n<\/div>\n<\/figure>\n<div class=\"bbc-19j92fr ebmt73l0\" dir=\"ltr\">\n<p dir=\"ltr\">\n<p class=\"bbc-hhl7in e17g058b0\" dir=\"ltr\">Gracias a este modelo conjunto, la energ\u00eda circula libremente entre Espa\u00f1a y Portugal y el precio mayorista es casi siempre el mismo en todas las regiones de ambos pa\u00edses: &#8220;Si en un momento dado hay un precio muy alto en Portugal, se relaja un poco con interconexiones de energ\u00eda desde Espa\u00f1a&#8221;, se\u00f1ala el profesor.<\/p>\n<\/div>\n<div class=\"bbc-19j92fr ebmt73l0\" dir=\"ltr\">\n<p class=\"bbc-hhl7in e17g058b0\" dir=\"ltr\">Este dise\u00f1o presenta limitaciones cuando surgen eventos extremos, como el apag\u00f3n masivo del pasado lunes, ya que, ante una emergencia, la escasa capacidad de importar electricidad obliga a los dos vecinos a depender de sus propios recursos para solucionarlos.<\/p>\n<\/div>\n<div class=\"bbc-19j92fr ebmt73l0\" dir=\"ltr\">\n<p class=\"bbc-hhl7in e17g058b0\" dir=\"ltr\">Pero tambi\u00e9n tiene ciertas ventajas.<\/p>\n<p dir=\"ltr\">\n<\/div>\n<figure class=\"bbc-1qn0xuy\">\n<div class=\"bbc-18ywsw9\">\n<div style=\"width: 1161px\" class=\"wp-caption alignnone\"><img loading=\"lazy\" decoding=\"async\" class=\"bbc-139onq\" src=\"https:\/\/ichef.bbci.co.uk\/ace\/ws\/640\/cpsprodpb\/5cc3\/live\/3cc3d830-254e-11f0-b26b-ab62c890638b.png.webp\" alt=\"El apag\u00f3n del lunes dej\u00f3 a millones de personas sin electricidad.\" width=\"1151\" height=\"764\" \/><p class=\"wp-caption-text\">Fuente de la imagen,Reuters.\u00a0\u00a0El apag\u00f3n del lunes dej\u00f3 a millones de personas sin electricidad.<\/p><\/div>\n<p class=\"bbc-by8ykd\" role=\"text\">\n<\/div>\n<\/figure>\n<div class=\"bbc-19j92fr ebmt73l0\" dir=\"ltr\">\n<h2 id=\"Las-ventajas\" class=\"bbc-1lgzob2 eglt09e0\" tabindex=\"-1\">Las ventajas<\/h2>\n<\/div>\n<div class=\"bbc-19j92fr ebmt73l0\" dir=\"ltr\">\n<p class=\"bbc-hhl7in e17g058b0\" dir=\"ltr\">El hecho de que Espa\u00f1a y Portugal formen una &#8220;isla energ\u00e9tica&#8221; ha tra\u00eddo beneficios en los \u00faltimos a\u00f1os, especialmente en contextos de crisis.<\/p>\n<\/div>\n<div class=\"bbc-19j92fr ebmt73l0\" dir=\"ltr\">\n<p class=\"bbc-hhl7in e17g058b0\" dir=\"ltr\">Un ejemplo claro fue el llamado &#8220;mecanismo ib\u00e9rico&#8221; aprobado por la Uni\u00f3n Europea en 2022 tras el inicio de la guerra en Ucrania y el corte en el suministro del gas ruso.<\/p>\n<\/div>\n<div class=\"bbc-19j92fr ebmt73l0\" dir=\"ltr\">\n<p class=\"bbc-hhl7in e17g058b0\" dir=\"ltr\">Gracias a su situaci\u00f3n excepcional como sistema poco interconectado, la pen\u00ednsula ib\u00e9rica recibi\u00f3 el visto bueno para limitar temporalmente el precio del gas utilizado en la generaci\u00f3n el\u00e9ctrica, lo que ayud\u00f3 a contener los precios en el mercado mayorista y a proteger tanto a consumidores como a industrias intensivas en uso de electricidad.<\/p>\n<\/div>\n<div class=\"bbc-19j92fr ebmt73l0\" dir=\"ltr\">\n<p class=\"bbc-hhl7in e17g058b0\" dir=\"ltr\">Adem\u00e1s, aunque la insularidad energ\u00e9tica limita la capacidad de recibir ayuda externa en momentos cr\u00edticos, tambi\u00e9n ha impulsado un modelo m\u00e1s autosuficiente, eficiente y resiliente, al menos en condiciones normales de funcionamiento.<\/p>\n<\/div>\n<div class=\"bbc-19j92fr ebmt73l0\" dir=\"ltr\">\n<p class=\"bbc-hhl7in e17g058b0\" dir=\"ltr\">En el momento del apag\u00f3n del 28 de abril, m\u00e1s del 75% de la electricidad que consum\u00eda Espa\u00f1a proced\u00eda de fuentes renovables, seg\u00fan datos de Redeia, que sit\u00faan al sistema ib\u00e9rico como uno de los m\u00e1s verdes del mundo.<\/p>\n<\/div>\n<div class=\"bbc-19j92fr ebmt73l0\" dir=\"ltr\">\n<p class=\"bbc-hhl7in e17g058b0\" dir=\"ltr\">Carlos Guti\u00e9rrez Hita subraya que, debido a su autonom\u00eda, Espa\u00f1a y Portugal se han visto forzadas a desarrollar un sistema m\u00e1s vers\u00e1til, variado y potente.<\/p>\n<\/div>\n<div class=\"bbc-19j92fr ebmt73l0\" dir=\"ltr\">\n<p class=\"bbc-hhl7in e17g058b0\" dir=\"ltr\">&#8220;Tenemos m\u00e1s centrales f\u00f3siles, ciclos combinados, alguna planta con carb\u00f3n aunque quedan muy pocas, m\u00e1s versatilidad de e\u00f3lica y fotovoltaica repartidas por el territorio, y alguna planta nuclear. Todo eso permite jugar con m\u00e1s opciones&#8221;, se\u00f1ala el experto.<\/p>\n<\/div>\n<div class=\"bbc-19j92fr ebmt73l0\" dir=\"ltr\">\n<p class=\"bbc-hhl7in e17g058b0\" dir=\"ltr\">Guti\u00e9rrez Hita destaca que la pen\u00ednsula ib\u00e9rica tiene capacidad para generar mucha m\u00e1s energ\u00eda de la que consume, &#8220;en especial energ\u00eda renovable, que incluso se ha llegado a inyectar a precios negativos&#8221;.<\/p>\n<p dir=\"ltr\">\n<\/div>\n<figure class=\"bbc-1qn0xuy\">\n<div class=\"bbc-18ywsw9\">\n<div style=\"width: 2131px\" class=\"wp-caption alignnone\"><img loading=\"lazy\" decoding=\"async\" class=\"bbc-139onq\" src=\"https:\/\/ichef.bbci.co.uk\/ace\/ws\/640\/cpsprodpb\/595b\/live\/fc0b42e0-253b-11f0-8c66-ebf25fc2cfef.jpg.webp\" alt=\"Paneles solares\" width=\"2121\" height=\"1414\" \/><p class=\"wp-caption-text\">Fuente de la imagen,Getty Images.\u00a0\u00a0Espa\u00f1a es una potencia en renovables gracias, en parte, a su necesidad de autoabastecerse.<\/p><\/div>\n<p class=\"bbc-by8ykd\" role=\"text\">\n<\/div>\n<\/figure>\n<div class=\"bbc-19j92fr ebmt73l0\" dir=\"ltr\">\n<p dir=\"ltr\">\n<p class=\"bbc-hhl7in e17g058b0\" dir=\"ltr\">Adem\u00e1s, la coordinaci\u00f3n entre Espa\u00f1a y Portugal permite optimizar el uso de los recursos energ\u00e9ticos en funci\u00f3n del precio y la demanda.<\/p>\n<\/div>\n<div class=\"bbc-19j92fr ebmt73l0\" dir=\"ltr\">\n<p class=\"bbc-hhl7in e17g058b0\" dir=\"ltr\">&#8220;Si el mercado es m\u00e1s peque\u00f1o, tienes menos margen para repartir energ\u00eda. Desde ese punto de vista, tener un sistema conjunto es mucho mejor&#8221;, a\u00f1ade.<\/p>\n<\/div>\n<div class=\"bbc-19j92fr ebmt73l0\" dir=\"ltr\">\n<p class=\"bbc-hhl7in e17g058b0\" dir=\"ltr\">De cara al futuro, esta configuraci\u00f3n tambi\u00e9n abre la puerta a que Espa\u00f1a y Portugal se conviertan en exportadores netos de energ\u00eda limpia, siempre que se logre aumentar la capacidad de las interconexiones con Europa.<\/p>\n<\/div>\n<div class=\"bbc-19j92fr ebmt73l0\" dir=\"ltr\">\n<h2 id=\"Las-desventajas\" class=\"bbc-1lgzob2 eglt09e0\" tabindex=\"-1\">Las desventajas<\/h2>\n<\/div>\n<div class=\"bbc-19j92fr ebmt73l0\" dir=\"ltr\">\n<p class=\"bbc-hhl7in e17g058b0\" dir=\"ltr\">El apag\u00f3n de este lunes puso en evidencia uno de los mayores riesgos de que Espa\u00f1a y Portugal formen una isla energ\u00e9tica: la dificultad para recibir apoyo externo en caso de emergencia.<\/p>\n<\/div>\n<div class=\"bbc-19j92fr ebmt73l0\" dir=\"ltr\">\n<p class=\"bbc-hhl7in e17g058b0\" dir=\"ltr\">Cuando se produjo el colapso, las interconexiones con Francia se interrumpieron autom\u00e1ticamente por precauci\u00f3n y el sistema ib\u00e9rico tuvo que restituirse en gran medida con sus propios medios.<\/p>\n<\/div>\n<div class=\"bbc-19j92fr ebmt73l0\" dir=\"ltr\">\n<p class=\"bbc-hhl7in e17g058b0\" dir=\"ltr\">&#8220;En cuanto Francia detect\u00f3 que hab\u00eda trasvases de energ\u00eda muy fuertes, por precauci\u00f3n los interrumpi\u00f3&#8221;, explica el profesor Carlos Guti\u00e9rrez Hita.<\/p>\n<\/div>\n<div class=\"bbc-19j92fr ebmt73l0\" dir=\"ltr\">\n<p class=\"bbc-hhl7in e17g058b0\" dir=\"ltr\">Al apenas poder importar electricidad desde Francia y Marruecos, el sistema qued\u00f3 sin respaldo, aunque tras el apag\u00f3n ambos pa\u00edses enviaron electricidad hacia la pen\u00ednsula para ayudar al restablecimiento del suministro.<\/p>\n<\/div>\n<div class=\"bbc-19j92fr ebmt73l0\" dir=\"ltr\">\n<p class=\"bbc-hhl7in e17g058b0\" dir=\"ltr\">&#8220;En un momento delicado pueden pasar estas cosas: que tengas un apag\u00f3n porque nadie te puede suplir&#8221;, sentencia el experto.<\/p>\n<p dir=\"ltr\">\n<\/div>\n<figure class=\"bbc-1qn0xuy\">\n<div class=\"bbc-18ywsw9\">\n<div style=\"width: 1034px\" class=\"wp-caption alignnone\"><img loading=\"lazy\" decoding=\"async\" class=\"bbc-139onq\" src=\"https:\/\/ichef.bbci.co.uk\/ace\/ws\/640\/cpsprodpb\/d67e\/live\/31ece6c0-253c-11f0-8c66-ebf25fc2cfef.jpg.webp\" alt=\"Comercio cerrado\" width=\"1024\" height=\"683\" \/><p class=\"wp-caption-text\">Fuente de la imagen,Getty Images.\u00a0\u00a0El apag\u00f3n del lunes oblig\u00f3 a cerrar comercios en Espa\u00f1a y Portugal.<\/p><\/div>\n<p class=\"bbc-by8ykd\" role=\"text\">\n<\/div>\n<\/figure>\n<div class=\"bbc-19j92fr ebmt73l0\" dir=\"ltr\">\n<p dir=\"ltr\">\n<p class=\"bbc-hhl7in e17g058b0\" dir=\"ltr\">Otro factor de vulnerabilidad es la intermitencia de las energ\u00edas renovables: aunque son limpias y abundantes su producci\u00f3n depende de factores meteorol\u00f3gicos, lo que exige contar con tecnolog\u00edas capaces de compensar los picos y ca\u00eddas repentinas.<\/p>\n<\/div>\n<div class=\"bbc-19j92fr ebmt73l0\" dir=\"ltr\">\n<p class=\"bbc-hhl7in e17g058b0\" dir=\"ltr\">Por otro lado, los intentos de reforzar la interconexi\u00f3n el\u00e9ctrica con Europa se han topado durante a\u00f1os con la oposici\u00f3n de Francia, que cuenta con una gran red de centrales nucleares y, seg\u00fan algunos analistas, teme que el aumento de conexiones con la Pen\u00ednsula afecte a su posici\u00f3n en el mercado.<\/p>\n<\/div>\n<div class=\"bbc-19j92fr ebmt73l0\" dir=\"ltr\">\n<p class=\"bbc-hhl7in e17g058b0\" dir=\"ltr\">Aunque hay proyectos en marcha para nuevos enlaces a trav\u00e9s de los Pirineos y del Golfo de Vizcaya, su construcci\u00f3n ha sido lenta y se ha visto afectada por la oposici\u00f3n de ciertos sectores.<\/p>\n<\/div>\n<div class=\"bbc-19j92fr ebmt73l0\" dir=\"ltr\">\n<p class=\"bbc-hhl7in e17g058b0\" dir=\"ltr\">Ante esta situaci\u00f3n, expertos como Guti\u00e9rrez Hita insisten en la urgencia de invertir en bater\u00edas, redes inteligentes y sistemas de almacenamiento que permitan gestionar mejor la gran cantidad de energ\u00eda renovable sobrante en la pen\u00ednsula ib\u00e9rica.<\/p>\n<\/div>\n<div class=\"bbc-19j92fr ebmt73l0\" dir=\"ltr\">\n<p class=\"bbc-hhl7in e17g058b0\" dir=\"ltr\">&#8220;Es viable, pero con un coste alto. El gran reto tecnol\u00f3gico es hacer bater\u00edas m\u00e1s baratas, que duren m\u00e1s y contaminen menos al final de su vida \u00fatil&#8221;, afirma.<\/p>\n<\/div>\n<div class=\"bbc-19j92fr ebmt73l0\" dir=\"ltr\">\n<p class=\"bbc-hhl7in e17g058b0\" dir=\"ltr\">Esto permitir\u00eda a hogares y comunidades con sistemas propios de energ\u00eda solar reducir su dependencia del sistema centralizado, lo que aliviar\u00eda la presi\u00f3n sobre la red general, aumentando el excedente para consumo y exportaciones.<\/p>\n<\/div>\n<div class=\"bbc-19j92fr ebmt73l0\" dir=\"ltr\">\n<p class=\"bbc-hhl7in e17g058b0\" dir=\"ltr\">Sin embargo, apunta el experto, para lograrlo es fundamental que Espa\u00f1a y Portugal superen su aislamiento el\u00e9ctrico y que la Uni\u00f3n Europea considere esta cuesti\u00f3n como una prioridad estrat\u00e9gica.<\/p>\n<\/div>\n","protected":false},"excerpt":{"rendered":"<p>&nbsp; &nbsp; El apag\u00f3n masivo que este lunes dej\u00f3 sin luz a millones de personas en Espa\u00f1a y Portugal puso de relieve la situaci\u00f3n \u00fanica&hellip;<\/p>\n","protected":false},"author":99,"featured_media":531310,"comment_status":"open","ping_status":"open","sticky":false,"template":"","format":"standard","meta":{"footnotes":""},"categories":[24],"tags":[],"class_list":["post-531309","post","type-post","status-publish","format-standard","has-post-thumbnail","hentry","category-mundo"],"_links":{"self":[{"href":"https:\/\/diarioelpopular.com\/index.php\/wp-json\/wp\/v2\/posts\/531309","targetHints":{"allow":["GET"]}}],"collection":[{"href":"https:\/\/diarioelpopular.com\/index.php\/wp-json\/wp\/v2\/posts"}],"about":[{"href":"https:\/\/diarioelpopular.com\/index.php\/wp-json\/wp\/v2\/types\/post"}],"author":[{"embeddable":true,"href":"https:\/\/diarioelpopular.com\/index.php\/wp-json\/wp\/v2\/users\/99"}],"replies":[{"embeddable":true,"href":"https:\/\/diarioelpopular.com\/index.php\/wp-json\/wp\/v2\/comments?post=531309"}],"version-history":[{"count":1,"href":"https:\/\/diarioelpopular.com\/index.php\/wp-json\/wp\/v2\/posts\/531309\/revisions"}],"predecessor-version":[{"id":531311,"href":"https:\/\/diarioelpopular.com\/index.php\/wp-json\/wp\/v2\/posts\/531309\/revisions\/531311"}],"wp:featuredmedia":[{"embeddable":true,"href":"https:\/\/diarioelpopular.com\/index.php\/wp-json\/wp\/v2\/media\/531310"}],"wp:attachment":[{"href":"https:\/\/diarioelpopular.com\/index.php\/wp-json\/wp\/v2\/media?parent=531309"}],"wp:term":[{"taxonomy":"category","embeddable":true,"href":"https:\/\/diarioelpopular.com\/index.php\/wp-json\/wp\/v2\/categories?post=531309"},{"taxonomy":"post_tag","embeddable":true,"href":"https:\/\/diarioelpopular.com\/index.php\/wp-json\/wp\/v2\/tags?post=531309"}],"curies":[{"name":"wp","href":"https:\/\/api.w.org\/{rel}","templated":true}]}}