{"id":531344,"date":"2025-05-01T09:22:51","date_gmt":"2025-05-01T13:22:51","guid":{"rendered":"https:\/\/diarioelpopular.com\/?p=531344"},"modified":"2025-05-01T09:22:51","modified_gmt":"2025-05-01T13:22:51","slug":"3-frenos-con-los-que-trump-se-ha-topado-al-intentar-ampliar-su-poder-en-ee-uu","status":"publish","type":"post","link":"https:\/\/diarioelpopular.com\/index.php\/2025\/05\/01\/3-frenos-con-los-que-trump-se-ha-topado-al-intentar-ampliar-su-poder-en-ee-uu\/","title":{"rendered":"3 frenos con los que Trump se ha topado al intentar ampliar su poder en EE.UU."},"content":{"rendered":"<p><img loading=\"lazy\" decoding=\"async\" class=\"alignnone size-custom-full-size wp-image-531345\" src=\"https:\/\/diarioelpopular.com\/wp-content\/uploads\/2025\/05\/Screen-Shot-2025-05-01-at-9.22.27-AM-636x424.png\" alt=\"\" width=\"636\" height=\"424\" srcset=\"https:\/\/diarioelpopular.com\/wp-content\/uploads\/2025\/05\/Screen-Shot-2025-05-01-at-9.22.27-AM-636x424.png 636w, https:\/\/diarioelpopular.com\/wp-content\/uploads\/2025\/05\/Screen-Shot-2025-05-01-at-9.22.27-AM-300x200.png 300w, https:\/\/diarioelpopular.com\/wp-content\/uploads\/2025\/05\/Screen-Shot-2025-05-01-at-9.22.27-AM-768x512.png 768w, https:\/\/diarioelpopular.com\/wp-content\/uploads\/2025\/05\/Screen-Shot-2025-05-01-at-9.22.27-AM-110x73.png 110w, https:\/\/diarioelpopular.com\/wp-content\/uploads\/2025\/05\/Screen-Shot-2025-05-01-at-9.22.27-AM.png 1024w\" sizes=\"auto, (max-width: 636px) 100vw, 636px\" \/><\/p>\n<p>&nbsp;<\/p>\n<div class=\"bbc-19j92fr ebmt73l0\" dir=\"ltr\">\n<ul>\n<li class=\"bbc-hhl7in e17g058b0\" dir=\"ltr\"><em><b>En los primeros 100 d\u00edas de su segundo mandato, Donald Trump mostr\u00f3 que busca ampliar el poder de por s\u00ed descomunal que tiene como presidente de Estados Unidos.<\/b><\/em><\/li>\n<\/ul>\n<\/div>\n<div class=\"bbc-19j92fr ebmt73l0\" dir=\"ltr\">\n<p dir=\"ltr\">\n<p class=\"bbc-hhl7in e17g058b0\" dir=\"ltr\">Ha invocado una autoridad extraordinaria para diversos cometidos: desde remodelar el comercio internacional hasta deportar migrantes sin seguir necesariamente el debido proceso.<\/p>\n<\/div>\n<div class=\"bbc-19j92fr ebmt73l0\" dir=\"ltr\">\n<p class=\"bbc-hhl7in e17g058b0\" dir=\"ltr\">Con una catarata de \u00f3rdenes ejecutivas firmadas en este lapso, el presidente quiere modificar el gobierno de EE.UU. a su gusto y reclama mayor influencia sobre los bufetes de abogados, las universidades y las reglas electorales de su pa\u00eds.<\/p>\n<\/div>\n<div class=\"bbc-19j92fr ebmt73l0\" dir=\"ltr\">\n<p class=\"bbc-hhl7in e17g058b0\" dir=\"ltr\">Trump ha indicado incluso que podr\u00eda buscar un tercer mandato pese a que la Constituci\u00f3n le impone un l\u00edmite de dos.<\/p>\n<\/div>\n<div class=\"bbc-19j92fr ebmt73l0\" dir=\"ltr\">\n<p class=\"bbc-hhl7in e17g058b0\" dir=\"ltr\">Pero Erica Frantz, una profesora de ciencia pol\u00edtica en la Universidad Estatal de Michigan experta en autoritarismo, descarta que el apetito de poder de Trump sea mayor ahora que en su primer gobierno (2017-2021).<\/p>\n<\/div>\n<section class=\"bbc-1o3v5ug\" role=\"region\" data-e2e=\"recommendations-heading\" aria-labelledby=\"recommendations-heading\"><\/section>\n<div class=\"bbc-19j92fr ebmt73l0\" dir=\"ltr\">\n<p class=\"bbc-hhl7in e17g058b0\" dir=\"ltr\">&#8220;Lo que es diferente es su capacidad para tener \u00e9xito en la b\u00fasqueda del poder&#8221;, dice Frantz. &#8220;Est\u00e1 siendo mucho m\u00e1s exitoso en marginar, silenciar o desmantelar a cualquier individuo, instituci\u00f3n o grupo que potencialmente pudiera limitar su poder&#8221;.<\/p>\n<\/div>\n<div class=\"bbc-19j92fr ebmt73l0\" dir=\"ltr\">\n<p class=\"bbc-hhl7in e17g058b0\" dir=\"ltr\">Sin embargo, Trump tampoco se ha salido siempre con las suyas. Y esto se debe en gran medida a tres obst\u00e1culos importantes con los que se ha topado hasta ahora:<\/p>\n<\/div>\n<div class=\"bbc-19j92fr ebmt73l0\" dir=\"ltr\">\n<h2 id=\"1-La-Justicia\" class=\"bbc-1lgzob2 eglt09e0\" tabindex=\"-1\">1. La Justicia<\/h2>\n<\/div>\n<div class=\"bbc-19j92fr ebmt73l0\" dir=\"ltr\">\n<p class=\"bbc-hhl7in e17g058b0\" dir=\"ltr\">Trump domina a su Partido Republicano, que a su vez tiene mayor\u00edas en ambas c\u00e1maras del Congreso, por lo que el Poder Judicial es un contrapeso clave del presidente de EE.UU.<\/p>\n<\/div>\n<div class=\"bbc-19j92fr ebmt73l0\" dir=\"ltr\">\n<p class=\"bbc-hhl7in e17g058b0\" dir=\"ltr\">Los tribunales federales han suspendido temporalmente medidas pol\u00e9micas de Trump, como su intento de terminar con la ciudadan\u00eda autom\u00e1tica que la Constituci\u00f3n otorga a quien nace en el pa\u00eds.<\/p>\n<p dir=\"ltr\">\n<\/div>\n<figure class=\"bbc-1qn0xuy\">\n<div class=\"bbc-18ywsw9\">\n<div style=\"width: 1034px\" class=\"wp-caption alignnone\"><img loading=\"lazy\" decoding=\"async\" class=\"bbc-139onq\" src=\"https:\/\/ichef.bbci.co.uk\/ace\/ws\/640\/cpsprodpb\/4608\/live\/9d6c69d0-24af-11f0-b26b-ab62c890638b.jpg.webp\" alt=\"Fachada de la sede de la Corte Suprema de EE.UU. con andamios.\" width=\"1024\" height=\"683\" \/><p class=\"wp-caption-text\">Fuente de la imagen,Getty Images.\u00a0\u00a0Todo indica que en la Corte Suprema de EE.UU. se dirimir\u00e1n algunas de las mayores pol\u00e9micas de la presidencia de Trump.<\/p><\/div>\n<p class=\"bbc-by8ykd\" role=\"text\">\n<\/div>\n<\/figure>\n<div class=\"bbc-19j92fr ebmt73l0\" dir=\"ltr\">\n<p dir=\"ltr\">\n<p class=\"bbc-hhl7in e17g058b0\" dir=\"ltr\">Otro caso notorio en el que intervino la justicia es la deportaci\u00f3n de un inmigrante al que Trump acusa, sin prueba alguna, de pertenecer a la pandilla MS-13.<\/p>\n<\/div>\n<div class=\"bbc-19j92fr ebmt73l0\" dir=\"ltr\">\n<p class=\"bbc-hhl7in e17g058b0\" dir=\"ltr\">Kilmar Abrego Garc\u00eda fue enviado a una c\u00e1rcel de El Salvador junto a otros inmigrantes pese a que un fallo judicial prohib\u00eda hacerlo. El gobierno primero dijo que se trat\u00f3 de un error administrativo y luego reivindic\u00f3 la expulsi\u00f3n.<\/p>\n<\/div>\n<div class=\"bbc-19j92fr ebmt73l0\" dir=\"ltr\">\n<p class=\"bbc-hhl7in e17g058b0\" dir=\"ltr\">El asunto lleg\u00f3 a la Corte Suprema, que exigi\u00f3 al gobierno &#8220;facilitar&#8221; la liberaci\u00f3n de Abrego Garc\u00eda. Y, ante se\u00f1ales de que esto se demoraba, la jueza federal que supervisa el caso, Paula Xinis, acus\u00f3 al Ejecutivo de actuar de &#8220;mala fe&#8221; por negarse a informar sobre el caso y orden\u00f3 una investigaci\u00f3n inusual al respecto, que luego paus\u00f3 por unos d\u00edas.<\/p>\n<\/div>\n<div class=\"bbc-19j92fr ebmt73l0\" dir=\"ltr\">\n<p class=\"bbc-hhl7in e17g058b0\" dir=\"ltr\">El m\u00e1ximo tribunal de EE.UU. ha fallado sobre otras acciones del gobierno, por ejemplo al ordenarle que le avise con &#8220;tiempo razonable&#8221; a los migrantes venezolanos que quiere deportar, para que puedan desafiar legalmente su expulsi\u00f3n.<\/p>\n<\/div>\n<div class=\"bbc-19j92fr ebmt73l0\" dir=\"ltr\">\n<p class=\"bbc-hhl7in e17g058b0\" dir=\"ltr\">Pero tambi\u00e9n ha desactivado bloqueos que jueces de menor rango pusieron a medidas controversiales de Trump, como los despidos de personal y congelamientos de fondos en el gobierno.<\/p>\n<\/div>\n<div class=\"bbc-19j92fr ebmt73l0\" dir=\"ltr\">\n<p class=\"bbc-hhl7in e17g058b0\" dir=\"ltr\">Con una mayor\u00eda conservadora de seis jueces en nueve \u2014tres de ellos nombrados por Trump\u2014, la Corte Suprema ser\u00e1 decisiva en varios de estos casos y, seg\u00fan Frantz, a\u00fan est\u00e1 por verse su voluntad de servir de control significativo al mandatario.<\/p>\n<\/div>\n<div class=\"bbc-19j92fr ebmt73l0\" dir=\"ltr\">\n<p class=\"bbc-hhl7in e17g058b0\" dir=\"ltr\">&#8220;Otros tribunales pueden desempe\u00f1ar un papel importante, como lo est\u00e1n haciendo, en los intentos de hacer retroceder a Trump&#8221;, dice la experta. &#8220;Pero en \u00faltima instancia, si la Corte Suprema cede, la puerta se abre de par en par para que siga la toma de poder y la democracia decaiga&#8221;.<\/p>\n<\/div>\n<div class=\"bbc-19j92fr ebmt73l0\" dir=\"ltr\">\n<h2 id=\"2-Harvard\" class=\"bbc-1lgzob2 eglt09e0\" tabindex=\"-1\">2. Harvard<\/h2>\n<\/div>\n<div class=\"bbc-19j92fr ebmt73l0\" dir=\"ltr\">\n<p class=\"bbc-hhl7in e17g058b0\" dir=\"ltr\">Una de las novedades del regreso de Trump a la Casa Blanca han sido sus esfuerzos para ganar influencia sobre algunas de las principales universidades de EE.UU.<\/p>\n<\/div>\n<div class=\"bbc-19j92fr ebmt73l0\" dir=\"ltr\">\n<p class=\"bbc-hhl7in e17g058b0\" dir=\"ltr\">El mandatario y sus asesores sostienen que buscan combatir el antisemitismo que hay en esas casas de estudios desde las protestas contra la guerra de Israel en Gaza.<\/p>\n<\/div>\n<div class=\"bbc-19j92fr ebmt73l0\" dir=\"ltr\">\n<p class=\"bbc-hhl7in e17g058b0\" dir=\"ltr\">Pero las exigencias que el gobierno ha hecho a las universidades, bajo amenaza de cortarles la ayuda financiera federal, van desde reformas internas hasta cambios en las pol\u00edticas de admisiones, y seg\u00fan sus cr\u00edticos comprometen la libertad acad\u00e9mica.<\/p>\n<p dir=\"ltr\">\n<\/div>\n<figure class=\"bbc-1qn0xuy\">\n<div class=\"bbc-18ywsw9\">\n<div style=\"width: 1034px\" class=\"wp-caption alignnone\"><img loading=\"lazy\" decoding=\"async\" class=\"bbc-139onq\" src=\"https:\/\/ichef.bbci.co.uk\/ace\/ws\/640\/cpsprodpb\/8662\/live\/2d841e90-24b1-11f0-8f57-b7237f6a66e6.jpg.webp\" alt=\"El presidente de Harvard, Alan Garber, saluda a un hombre en el port\u00f3n del campus.\" width=\"1024\" height=\"725\" \/><p class=\"wp-caption-text\">Fuente de la imagen,Getty Images.\u00a0\u00a0El presidente de Harvard, Alan Garber, defendi\u00f3 la independencia de la universidad respecto al gobierno.<\/p><\/div>\n<p class=\"bbc-by8ykd\" role=\"text\">\n<\/div>\n<\/figure>\n<div class=\"bbc-19j92fr ebmt73l0\" dir=\"ltr\">\n<p dir=\"ltr\">\n<p class=\"bbc-hhl7in e17g058b0\" dir=\"ltr\">Muchos se inquietaron cuando la Universidad de Columbia acept\u00f3 en marzo varias demandas del gobierno, incluido un cambio de supervisi\u00f3n en su departamento de Medio Oriente, para intentar mantener US$400 millones de fondos y contratos federales.<\/p>\n<\/div>\n<div class=\"bbc-19j92fr ebmt73l0\" dir=\"ltr\">\n<p class=\"bbc-hhl7in e17g058b0\" dir=\"ltr\">Sin embargo, en abril Trump y sus colaboradores chocaron con una instituci\u00f3n que se neg\u00f3 a cumplir sus exigencias: la Universidad de Harvard.<\/p>\n<\/div>\n<div class=\"bbc-19j92fr ebmt73l0\" dir=\"ltr\">\n<p class=\"bbc-hhl7in e17g058b0\" dir=\"ltr\">&#8220;Ning\u00fan gobierno \u2014sin importar qu\u00e9 partido est\u00e9 en el poder\u2014 debe dictar qu\u00e9 pueden ense\u00f1ar las universidades privadas, a qui\u00e9n pueden admitir y contratar, y qu\u00e9 \u00e1reas de estudio e investigaci\u00f3n pueden seguir&#8221;, sostuvo el presidente de Harvard, Alan Garber, en un comunicado.<\/p>\n<\/div>\n<div class=\"bbc-19j92fr ebmt73l0\" dir=\"ltr\">\n<p class=\"bbc-hhl7in e17g058b0\" dir=\"ltr\">El gobierno congel\u00f3 US$2.200 millones de fondos federales para esa universidad de \u00e9lite, y podr\u00eda hacer lo mismo con cerca de US$8.000 millones m\u00e1s.<\/p>\n<\/div>\n<div class=\"bbc-19j92fr ebmt73l0\" dir=\"ltr\">\n<p class=\"bbc-hhl7in e17g058b0\" dir=\"ltr\">Pero Harvard se mantuvo firme y present\u00f3 una demanda contra la administraci\u00f3n de Trump, quien a su vez amenaz\u00f3 con quitarle la exenci\u00f3n fiscal.<\/p>\n<\/div>\n<div class=\"bbc-19j92fr ebmt73l0\" dir=\"ltr\">\n<p class=\"bbc-hhl7in e17g058b0\" dir=\"ltr\">Joshua Sandman, un profesor em\u00e9rito de ciencia pol\u00edtica en la Universidad de New Haven, sostiene que Harvard no consigui\u00f3 &#8220;proteger a estudiantes jud\u00edos de agresiones f\u00edsicas, intimidaci\u00f3n y acoso&#8221;.<\/p>\n<\/div>\n<div class=\"bbc-19j92fr ebmt73l0\" dir=\"ltr\">\n<p class=\"bbc-hhl7in e17g058b0\" dir=\"ltr\">Pero &#8220;Trump ha utilizado esto como pretexto para presionar a Harvard para que capitule y cambie su cultura y actitud liberal&#8221;, dice Sandman, que es experto en la presidencia de EE.UU.<\/p>\n<\/div>\n<div class=\"bbc-19j92fr ebmt73l0\" dir=\"ltr\">\n<p class=\"bbc-hhl7in e17g058b0\" dir=\"ltr\">Tal vez otras universidades que evitaban confrontar a Trump en p\u00fablico hayan tomado nota de la actitud de Harvard ante la Casa Blanca.<\/p>\n<\/div>\n<div class=\"bbc-19j92fr ebmt73l0\" dir=\"ltr\">\n<p class=\"bbc-hhl7in e17g058b0\" dir=\"ltr\">La semana pasada, los l\u00edderes de m\u00e1s de 400 instituciones de ense\u00f1anza terciaria de EE.UU. emitieron un comunicado conjunto &#8220;contra la extralimitaci\u00f3n gubernamental y la interferencia pol\u00edtica sin precedentes que ahora ponen en peligro la educaci\u00f3n superior estadounidense&#8221;.<\/p>\n<\/div>\n<div class=\"bbc-19j92fr ebmt73l0\" dir=\"ltr\">\n<h2 id=\"3-El-mercado-y-la-Fed\" class=\"bbc-1lgzob2 eglt09e0\" tabindex=\"-1\">3. El mercado (y la Fed)<\/h2>\n<\/div>\n<div class=\"bbc-19j92fr ebmt73l0\" dir=\"ltr\">\n<p class=\"bbc-hhl7in e17g058b0\" dir=\"ltr\">Dos de los mayores retrocesos de Trump desde que asumi\u00f3 el 20 de enero est\u00e1n vinculados a un actor dif\u00edcil de ignorar: el mercado.<\/p>\n<\/div>\n<div class=\"bbc-19j92fr ebmt73l0\" dir=\"ltr\">\n<p class=\"bbc-hhl7in e17g058b0\" dir=\"ltr\">La primera marcha atr\u00e1s de Trump fue la tregua que anunci\u00f3 en su guerra comercial global, ante ca\u00eddas extraordinarias en bolsas de valores y precios de bonos del Tesoro por el temor de los inversores al impacto de esa pol\u00edtica en la econom\u00eda.<\/p>\n<p dir=\"ltr\">\n<\/div>\n<figure class=\"bbc-1qn0xuy\">\n<div class=\"bbc-18ywsw9\">\n<div style=\"width: 1034px\" class=\"wp-caption alignnone\"><img loading=\"lazy\" decoding=\"async\" class=\"bbc-139onq\" src=\"https:\/\/ichef.bbci.co.uk\/ace\/ws\/640\/cpsprodpb\/a9a3\/live\/87576b70-24b1-11f0-b26b-ab62c890638b.jpg.webp\" alt=\"Trump muestra la lista de pa\u00edses a los que anunci\u00f3 que impondr\u00eda aranceles.\" width=\"1024\" height=\"683\" \/><p class=\"wp-caption-text\">Fuente de la imagen,Getty Images.\u00a0\u00a0Trump puso en suspenso sus aranceles a decenas de pa\u00edses tras la reacci\u00f3n adversa que provocaron en el mercado.<\/p><\/div>\n<p class=\"bbc-by8ykd\" role=\"text\">\n<\/div>\n<\/figure>\n<div class=\"bbc-19j92fr ebmt73l0\" dir=\"ltr\">\n<p dir=\"ltr\">\n<p class=\"bbc-hhl7in e17g058b0\" dir=\"ltr\">&#8220;La gente se estaba pasando un poco de la raya, se estaban poniendo un poco nerviosos&#8221;, declar\u00f3 el mandatario al anunciar en abril que suspend\u00eda por 90 d\u00edas el aumento de aranceles a decenas de pa\u00edses excepto China.<\/p>\n<\/div>\n<div class=\"bbc-19j92fr ebmt73l0\" dir=\"ltr\">\n<p class=\"bbc-hhl7in e17g058b0\" dir=\"ltr\">Eso provoc\u00f3 cierto alivio en el mercado, pero Wall Street y los bonos volvieron a caer la semana pasada junto al d\u00f3lar cuando Trump arremeti\u00f3 contra el presidente de la Reserva Federal (banco central) de EE.UU., Jerome Powell, por resistirse a sus reclamos de bajar las tasas de inter\u00e9s para impulsar la econom\u00eda.<\/p>\n<\/div>\n<div class=\"bbc-19j92fr ebmt73l0\" dir=\"ltr\">\n<p class=\"bbc-hhl7in e17g058b0\" dir=\"ltr\">Trump lleg\u00f3 a pedir en redes sociales el despido de Powell, pese a que su labor es independiente, pero volvi\u00f3 a ceder tras otra reacci\u00f3n adversa del mercado a sus presiones.<\/p>\n<\/div>\n<div class=\"bbc-19j92fr ebmt73l0\" dir=\"ltr\">\n<p class=\"bbc-hhl7in e17g058b0\" dir=\"ltr\">&#8220;No tengo intenci\u00f3n de despedirlo&#8221;, declar\u00f3 el mandatario sobre Powell y el mercado volvi\u00f3 a dar se\u00f1ales de alivio.<\/p>\n<\/div>\n<div class=\"bbc-19j92fr ebmt73l0\" dir=\"ltr\">\n<p class=\"bbc-hhl7in e17g058b0\" dir=\"ltr\">Trump tambi\u00e9n sugiri\u00f3 que podr\u00eda buscar una salida a la guerra comercial con China, ante advertencias empresariales de que los aranceles de 145% que anunci\u00f3 a importaciones de ese pa\u00eds podr\u00edan causar aumentos de precios y escasez de ciertos productos.<\/p>\n<\/div>\n<div class=\"bbc-19j92fr ebmt73l0\" dir=\"ltr\">\n<p class=\"bbc-hhl7in e17g058b0\" dir=\"ltr\">&#8220;145% es muy alto, y no ser\u00e1 tan alto&#8221;, declar\u00f3 Trump a la prensa, aunque China ha descartado negociar bajo coerci\u00f3n y tom\u00f3 sus propias medidas de represalia comercial contra EE.UU.<\/p>\n<p dir=\"ltr\">\n<\/div>\n<figure class=\"bbc-1qn0xuy\">\n<div class=\"bbc-18ywsw9\">\n<div style=\"width: 1034px\" class=\"wp-caption alignnone\"><img loading=\"lazy\" decoding=\"async\" class=\"bbc-139onq\" src=\"https:\/\/ichef.bbci.co.uk\/ace\/ws\/640\/cpsprodpb\/87f3\/live\/d4473360-24b2-11f0-8c66-ebf25fc2cfef.jpg.webp\" alt=\"Operadores trabajan en el piso de la Bolsa de Valores de Nueva York.\" width=\"1024\" height=\"683\" \/><p class=\"wp-caption-text\">Fuente de la imagen,Getty Images.\u00a0\u00a0En Wall Street han mostrado desconfianza ante algunas pol\u00edticas impulsadas por Trump.<\/p><\/div>\n<p class=\"bbc-by8ykd\" role=\"text\">\n<\/div>\n<\/figure>\n<div class=\"bbc-19j92fr ebmt73l0\" dir=\"ltr\">\n<p dir=\"ltr\">\n<p class=\"bbc-hhl7in e17g058b0\" dir=\"ltr\">Los analistas creen que el mandatario podr\u00eda volver a cambiar sus posturas en cualquier momento, pero advierten que el mercado ya prob\u00f3 que puede doblarle el brazo.<\/p>\n<\/div>\n<div class=\"bbc-19j92fr ebmt73l0\" dir=\"ltr\">\n<p class=\"bbc-hhl7in e17g058b0\" dir=\"ltr\">&#8220;(Trump) es un empresario nato, as\u00ed que claro que le importa cuando el mercado financiero \u2014ya sea la bolsa, los bonos o las monedas\u2014 le pone el pulgar hacia abajo&#8221;, dice Arturo Porzecanski, un economista basado en Washington con experiencia en Wall Street.<\/p>\n<\/div>\n<div class=\"bbc-19j92fr ebmt73l0\" dir=\"ltr\">\n<p class=\"bbc-hhl7in e17g058b0\" dir=\"ltr\">A su juicio, tambi\u00e9n es significativo que Elon Musk anunciara que reducir\u00e1 &#8220;significativamente&#8221; su participaci\u00f3n en el gobierno de Trump despu\u00e9s de que un informe mostr\u00f3 un desplome en los beneficios de su empresa Tesla, atribuido entre otros factores a sus actividades pol\u00edticas.<\/p>\n<\/div>\n<div class=\"bbc-19j92fr ebmt73l0\" dir=\"ltr\">\n<p class=\"bbc-hhl7in e17g058b0\" dir=\"ltr\">&#8220;Lo que le saca la alfombra a Trump&#8221;, concluye Porzecanski, &#8220;es lo que pasa en los mercados&#8221;.<\/p>\n<\/div>\n","protected":false},"excerpt":{"rendered":"<p>&nbsp; En los primeros 100 d\u00edas de su segundo mandato, Donald Trump mostr\u00f3 que busca ampliar el poder de por s\u00ed descomunal que tiene como&hellip;<\/p>\n","protected":false},"author":99,"featured_media":531345,"comment_status":"open","ping_status":"open","sticky":false,"template":"","format":"standard","meta":{"footnotes":""},"categories":[24],"tags":[],"class_list":["post-531344","post","type-post","status-publish","format-standard","has-post-thumbnail","hentry","category-mundo"],"_links":{"self":[{"href":"https:\/\/diarioelpopular.com\/index.php\/wp-json\/wp\/v2\/posts\/531344","targetHints":{"allow":["GET"]}}],"collection":[{"href":"https:\/\/diarioelpopular.com\/index.php\/wp-json\/wp\/v2\/posts"}],"about":[{"href":"https:\/\/diarioelpopular.com\/index.php\/wp-json\/wp\/v2\/types\/post"}],"author":[{"embeddable":true,"href":"https:\/\/diarioelpopular.com\/index.php\/wp-json\/wp\/v2\/users\/99"}],"replies":[{"embeddable":true,"href":"https:\/\/diarioelpopular.com\/index.php\/wp-json\/wp\/v2\/comments?post=531344"}],"version-history":[{"count":1,"href":"https:\/\/diarioelpopular.com\/index.php\/wp-json\/wp\/v2\/posts\/531344\/revisions"}],"predecessor-version":[{"id":531346,"href":"https:\/\/diarioelpopular.com\/index.php\/wp-json\/wp\/v2\/posts\/531344\/revisions\/531346"}],"wp:featuredmedia":[{"embeddable":true,"href":"https:\/\/diarioelpopular.com\/index.php\/wp-json\/wp\/v2\/media\/531345"}],"wp:attachment":[{"href":"https:\/\/diarioelpopular.com\/index.php\/wp-json\/wp\/v2\/media?parent=531344"}],"wp:term":[{"taxonomy":"category","embeddable":true,"href":"https:\/\/diarioelpopular.com\/index.php\/wp-json\/wp\/v2\/categories?post=531344"},{"taxonomy":"post_tag","embeddable":true,"href":"https:\/\/diarioelpopular.com\/index.php\/wp-json\/wp\/v2\/tags?post=531344"}],"curies":[{"name":"wp","href":"https:\/\/api.w.org\/{rel}","templated":true}]}}