{"id":531466,"date":"2025-05-04T10:41:39","date_gmt":"2025-05-04T14:41:39","guid":{"rendered":"https:\/\/diarioelpopular.com\/?p=531466"},"modified":"2025-05-04T10:41:39","modified_gmt":"2025-05-04T14:41:39","slug":"los-ninos-que-aprenden-a-cultivar-la-tierra-en-el-primer-municipio-agroecologico-de-mexico","status":"publish","type":"post","link":"https:\/\/diarioelpopular.com\/index.php\/2025\/05\/04\/los-ninos-que-aprenden-a-cultivar-la-tierra-en-el-primer-municipio-agroecologico-de-mexico\/","title":{"rendered":"Los ni\u00f1os que aprenden a cultivar la tierra en el primer municipio agroecol\u00f3gico de M\u00e9xico"},"content":{"rendered":"<div id=\"attachment_531467\" style=\"width: 1210px\" class=\"wp-caption alignnone\"><img loading=\"lazy\" decoding=\"async\" aria-describedby=\"caption-attachment-531467\" class=\"wp-image-531467 size-custom-big-size\" src=\"https:\/\/diarioelpopular.com\/wp-content\/uploads\/2025\/05\/Screen-Shot-2025-05-04-at-10.40.55-AM-1200x790.png\" alt=\"\" width=\"1200\" height=\"790\" srcset=\"https:\/\/diarioelpopular.com\/wp-content\/uploads\/2025\/05\/Screen-Shot-2025-05-04-at-10.40.55-AM-1200x790.png 1200w, https:\/\/diarioelpopular.com\/wp-content\/uploads\/2025\/05\/Screen-Shot-2025-05-04-at-10.40.55-AM-300x198.png 300w, https:\/\/diarioelpopular.com\/wp-content\/uploads\/2025\/05\/Screen-Shot-2025-05-04-at-10.40.55-AM-768x506.png 768w, https:\/\/diarioelpopular.com\/wp-content\/uploads\/2025\/05\/Screen-Shot-2025-05-04-at-10.40.55-AM-85x55.png 85w, https:\/\/diarioelpopular.com\/wp-content\/uploads\/2025\/05\/Screen-Shot-2025-05-04-at-10.40.55-AM-636x419.png 636w, https:\/\/diarioelpopular.com\/wp-content\/uploads\/2025\/05\/Screen-Shot-2025-05-04-at-10.40.55-AM-111x73.png 111w, https:\/\/diarioelpopular.com\/wp-content\/uploads\/2025\/05\/Screen-Shot-2025-05-04-at-10.40.55-AM.png 1024w\" sizes=\"auto, (max-width: 1200px) 100vw, 1200px\" \/><p id=\"caption-attachment-531467\" class=\"wp-caption-text\">Fernanda Ramos, Samara Mardue\u00f1o y Jos\u00e9 Bautista, estudiantes de la preparatoria, El Lim\u00f3n, trabajan en el centro del \u00e1rea verde de la escuela.\u00a0 Foto Roberto Antill\u00f3n.<\/p><\/div>\n<p>&nbsp;<\/p>\n<p>&nbsp;<\/p>\n<h4 class=\"a_st\"><em>&#8211; El 60% de las escuelas de El Lim\u00f3n, en Jalisco, tienen huertos donde siembran sin qu\u00edmicos para mejorar la relaci\u00f3n con el medio ambiente, la salud y la alimentaci\u00f3n<\/em><\/h4>\n<p>&nbsp;<\/p>\n<p class=\"\">Axel tiene cinco a\u00f1os y ya conoce el sabor de las zanahorias que siembra y cosecha. Camina entre las camas de cultivo de la escuela Cuauht\u00e9moc, donde cursa tercero de preescolar, con una regadera que apenas puede sostener para mojar sus favoritas: las flores de<a title=\"https:\/\/elpais.com\/mexico\/2024-06-19\/granizo-sequia-y-altas-temperaturas-las-causas-del-encarecimiento-del-cilantro-en-el-centro-y-norte-de-mexico.html\" href=\"https:\/\/elpais.com\/mexico\/2024-06-19\/granizo-sequia-y-altas-temperaturas-las-causas-del-encarecimiento-del-cilantro-en-el-centro-y-norte-de-mexico.html\" target=\"_self\" rel=\"\" data-link-track-dtm=\"\" data-mrf-link=\"https:\/\/elpais.com\/mexico\/2024-06-19\/granizo-sequia-y-altas-temperaturas-las-causas-del-encarecimiento-del-cilantro-en-el-centro-y-norte-de-mexico.html\">\u00a0cilantro<\/a>.<\/p>\n<p class=\"\">All\u00ed cerca, coloc\u00f3 sus primeras semillas y regres\u00f3 todos los d\u00edas para ver c\u00f3mo se convert\u00edan en plantas. \u201cMe gusta regar porque siento que van a nacer las zanahorias\u201d, dice. Su escuela est\u00e1 en El Lim\u00f3n, una localidad de Jalisco con poco m\u00e1s de 5.500 habitantes, en el occidente de M\u00e9xico, que en 2021 se convirti\u00f3 en el primer<a title=\"https:\/\/elpais.com\/elpais\/2020\/05\/05\/alterconsumismo\/1588666678_462257.html\" href=\"https:\/\/elpais.com\/elpais\/2020\/05\/05\/alterconsumismo\/1588666678_462257.html\" target=\"_self\" rel=\"\" data-link-track-dtm=\"\" data-mrf-link=\"https:\/\/elpais.com\/elpais\/2020\/05\/05\/alterconsumismo\/1588666678_462257.html\">\u00a0municipio agroecol\u00f3gico\u00a0<\/a>del pa\u00eds. Desde entonces, uno de sus pilares para proteger el medio ambiente ha sido la introducci\u00f3n de huertos en las escuelas. El 60% de ellas tienen uno. Ni\u00f1os y adolescentes aprenden, entre las clases de espa\u00f1ol y matem\u00e1ticas, a sembrar hortalizas y \u00e1rboles end\u00e9micos sin qu\u00edmicos.<\/p>\n<p>&nbsp;<\/p>\n<figure class=\"a_m a_m-h \">\n<p><div style=\"width: 424px\" class=\"wp-caption alignnone\"><img loading=\"lazy\" decoding=\"async\" class=\"_re lazyload a_m-h\" src=\"https:\/\/imagenes.elpais.com\/resizer\/v2\/MVTC7KRUQZCF5JAIWCPTX32N34.jpg?auth=7edc7660b8e5b17860fcd93615adf55bc7e8eff2c44d135786332fbca7191ba7&amp;width=414\" sizes=\"auto, (min-width:1199px) 1155px,(min-width:1001px) calc(100vw - 44px),(min-width:768px) 767px, 100vw\" srcset=\"https:\/\/imagenes.elpais.com\/resizer\/v2\/MVTC7KRUQZCF5JAIWCPTX32N34.jpg?auth=7edc7660b8e5b17860fcd93615adf55bc7e8eff2c44d135786332fbca7191ba7&amp;width=414 414w,https:\/\/imagenes.elpais.com\/resizer\/v2\/MVTC7KRUQZCF5JAIWCPTX32N34.jpg?auth=7edc7660b8e5b17860fcd93615adf55bc7e8eff2c44d135786332fbca7191ba7&amp;width=828 640w,https:\/\/imagenes.elpais.com\/resizer\/v2\/MVTC7KRUQZCF5JAIWCPTX32N34.jpg?auth=7edc7660b8e5b17860fcd93615adf55bc7e8eff2c44d135786332fbca7191ba7&amp;width=980 1000w,https:\/\/imagenes.elpais.com\/resizer\/v2\/MVTC7KRUQZCF5JAIWCPTX32N34.jpg?auth=7edc7660b8e5b17860fcd93615adf55bc7e8eff2c44d135786332fbca7191ba7&amp;width=1960 1960w\" alt=\"Se\u00f1alamientos en el huerto de la preparatoria agroecol\u00f3gica.\" width=\"414\" height=\"276\" \/><p class=\"wp-caption-text\">Se\u00f1alamientos en el huerto de la preparatoria agroecol\u00f3gica.\u00a0 \u00a0 Foto Roberto Antill\u00f3n.<\/p><\/div><figcaption class=\"a_m_p\" aria-hidden=\"true\"><\/figcaption><\/figure>\n<p>&nbsp;<\/p>\n<p class=\"\">V\u00edctor Castillo Parra, director de Agroecolog\u00eda y fomento agropecuario del municipio, explica que la alcald\u00eda apoya los huertos escolares con capacitaciones y dona insumos como tierra, semillas y herramientas. \u201cLa manera m\u00e1s efectiva de cambiar la forma de pensar de una sociedad es iniciando con los m\u00e1s peque\u00f1os\u201d, dice Nelson Gonz\u00e1lez Figueroa, presidente municipal de El Lim\u00f3n. \u201cLos aprendizajes sobre que hay una manera saludable de producir alimentos se quedar\u00e1n grabados en ellos para siempre\u201d.<\/p>\n<p class=\"\"><a title=\"https:\/\/elpais.com\/gastronomia\/2023-10-03\/huertos-escolares-y-cocina-en-las-aulas-la-gastronomia-se-cuela-aunque-poco-en-los-colegios.html\" href=\"https:\/\/elpais.com\/gastronomia\/2023-10-03\/huertos-escolares-y-cocina-en-las-aulas-la-gastronomia-se-cuela-aunque-poco-en-los-colegios.html\" target=\"_self\" rel=\"\" data-link-track-dtm=\"\" data-mrf-link=\"https:\/\/elpais.com\/gastronomia\/2023-10-03\/huertos-escolares-y-cocina-en-las-aulas-la-gastronomia-se-cuela-aunque-poco-en-los-colegios.html\">En la escuela de Axel crearon el huerto\u00a0<\/a>hace dos a\u00f1os, cuando los padres llevaron madera y tierra para construir las camas de cultivo, donde ahora crecen calabacitas, r\u00e1banos y zanahorias, cuenta Jessica Covarrubias Villa, la directora del preescolar. Ah\u00ed, entre letreros que indican el nombre de cada planta y una albahaca casi tan alta como ellos, los estudiantes descubrieron que no es bueno arrojar muchas semillas en un solo lugar, porque las plantas no crecen bien, sino que es mejor sembrarlas ordenadas en l\u00edneas.<\/p>\n<p>&nbsp;<\/p>\n<figure class=\"a_m a_m-h \">\n<p><div style=\"width: 424px\" class=\"wp-caption alignnone\"><img loading=\"lazy\" decoding=\"async\" class=\"_re lazyload a_m-h\" src=\"https:\/\/imagenes.elpais.com\/resizer\/v2\/VA5Q6PH2ORAPVFQ5NFQIQD74IY.jpg?auth=c43f5505c0e4322c018bdc46fcf7677acc256ff955a31bc62745c31035ae92e2&amp;width=414\" sizes=\"auto, (min-width:1199px) 1155px,(min-width:1001px) calc(100vw - 44px),(min-width:768px) 767px, 100vw\" srcset=\"https:\/\/imagenes.elpais.com\/resizer\/v2\/VA5Q6PH2ORAPVFQ5NFQIQD74IY.jpg?auth=c43f5505c0e4322c018bdc46fcf7677acc256ff955a31bc62745c31035ae92e2&amp;width=414 414w,https:\/\/imagenes.elpais.com\/resizer\/v2\/VA5Q6PH2ORAPVFQ5NFQIQD74IY.jpg?auth=c43f5505c0e4322c018bdc46fcf7677acc256ff955a31bc62745c31035ae92e2&amp;width=828 640w,https:\/\/imagenes.elpais.com\/resizer\/v2\/VA5Q6PH2ORAPVFQ5NFQIQD74IY.jpg?auth=c43f5505c0e4322c018bdc46fcf7677acc256ff955a31bc62745c31035ae92e2&amp;width=980 1000w,https:\/\/imagenes.elpais.com\/resizer\/v2\/VA5Q6PH2ORAPVFQ5NFQIQD74IY.jpg?auth=c43f5505c0e4322c018bdc46fcf7677acc256ff955a31bc62745c31035ae92e2&amp;width=1960 1960w\" alt=\"Estudiantes de la preparatoria trabajan en el huerto de la escuela.\" width=\"414\" height=\"276\" \/><p class=\"wp-caption-text\">Estudiantes de la preparatoria trabajan en el huerto de la escuela. Foto Roberto Antill\u00f3n.<\/p><\/div><figcaption class=\"a_m_p\" aria-hidden=\"true\"><\/figcaption><\/figure>\n<p>&nbsp;<\/p>\n<p class=\"\">Cuando los ni\u00f1os<a title=\"https:\/\/elpais.com\/gastronomia\/recetas\/2022\/05\/30\/receta\/1653896110_593234.html\" href=\"https:\/\/elpais.com\/gastronomia\/recetas\/2022\/05\/30\/receta\/1653896110_593234.html\" target=\"_self\" rel=\"\" data-link-track-dtm=\"\" data-mrf-link=\"https:\/\/elpais.com\/gastronomia\/recetas\/2022\/05\/30\/receta\/1653896110_593234.html\">\u00a0cosechan las hortalizas, en la cocina escolar las utilizan para preparar los alimentos<\/a>\u00a0o tienen la opci\u00f3n de llevarlas a sus casas. Los alumnos han probado taquitos con el cilantro que sembraron y sopa hecha con sus propios tomates. La gu\u00eda para cuidar que todo lo que crece en la escuela no tiene ning\u00fan qu\u00edmico es \u00c1ngela Le\u00f3n Gonz\u00e1lez, quien ense\u00f1\u00f3 a profesoras y alumnos a preparar la tierra con una primera capa de hojarasca y a hacer abono con pl\u00e1tano, huevo y caf\u00e9. \u201cMientras m\u00e1s saludable sea nuestra alimentaci\u00f3n, tendremos menos enfermedades en nuestro cuerpo. Hay que cuidar la tierra porque hay mucho contaminante y es necesario cambiar ese estilo de siembra y llevar uno de la forma m\u00e1s natural posible\u201d, dice. La salud de los ni\u00f1os fue una de las principales razones para declarar el municipio\u00a0<a title=\"https:\/\/elpais.com\/elpais\/2018\/04\/04\/planeta_futuro\/1522837672_950573.html\" href=\"https:\/\/elpais.com\/elpais\/2018\/04\/04\/planeta_futuro\/1522837672_950573.html\" target=\"_self\" rel=\"\" data-link-track-dtm=\"\" data-mrf-link=\"https:\/\/elpais.com\/elpais\/2018\/04\/04\/planeta_futuro\/1522837672_950573.html\">agroecol\u00f3gico<\/a>. Un estudio realizado en 2019 por investigadores de la Universidad de Guadalajara y del Centro de Investigaciones y Estudios Superiores en Antropolog\u00eda r<a title=\"https:\/\/letrafria.com\/investigadores-encuentran-plaguicidas-en-la-orina-de-adolescentes-de-el-mentidero\/\" href=\"https:\/\/letrafria.com\/investigadores-encuentran-plaguicidas-en-la-orina-de-adolescentes-de-el-mentidero\/\" target=\"_blank\" rel=\"noopener\" data-link-track-dtm=\"\" data-mrf-link=\"https:\/\/letrafria.com\/investigadores-encuentran-plaguicidas-en-la-orina-de-adolescentes-de-el-mentidero\/\">evel\u00f3 la presencia de herbicidas<\/a>\u00a0como el glifosato en la orina de estudiantes de El Mentidero, una comunidad cercana a El Lim\u00f3n.<\/p>\n<h3 class=\"\">Del huerto al aula<\/h3>\n<p class=\"\">A unas cuadras del preescolar, en la primaria 316, algunos alumnos toman una carretilla para transportar hojas al hoyo donde hacen la composta, otros sacan palas y rastrillos de una bodega y los m\u00e1s tranquilos cortan las hojas secas. \u201cLo que m\u00e1s me gusta es que podemos cosechar nuestra propia comida sana\u201d, dice uno de los alumnos, Diego, de 10 a\u00f1os. \u201cEs importante que todos se fijen en la naturaleza para que no contaminen tanto, que no utilicen qu\u00edmicos porque, sin qu\u00edmicos, pueden salir frutos muy buenos\u201d, a\u00f1ade su compa\u00f1era Heymi.<\/p>\n<p>&nbsp;<\/p>\n<figure class=\"a_m a_m-h \">\n<p><div style=\"width: 424px\" class=\"wp-caption alignnone\"><img loading=\"lazy\" decoding=\"async\" class=\"_re lazyload a_m-h\" src=\"https:\/\/imagenes.elpais.com\/resizer\/v2\/6D4MVCDNIJEMXIJT7TCPH56BXE.jpg?auth=d69ace31098a9d1d8a37102bebbb93f5948162ac0f5da1c1758c1bafe3dd5a85&amp;width=414\" sizes=\"auto, (min-width:1199px) 1155px,(min-width:1001px) calc(100vw - 44px),(min-width:768px) 767px, 100vw\" srcset=\"https:\/\/imagenes.elpais.com\/resizer\/v2\/6D4MVCDNIJEMXIJT7TCPH56BXE.jpg?auth=d69ace31098a9d1d8a37102bebbb93f5948162ac0f5da1c1758c1bafe3dd5a85&amp;width=414 414w,https:\/\/imagenes.elpais.com\/resizer\/v2\/6D4MVCDNIJEMXIJT7TCPH56BXE.jpg?auth=d69ace31098a9d1d8a37102bebbb93f5948162ac0f5da1c1758c1bafe3dd5a85&amp;width=828 640w,https:\/\/imagenes.elpais.com\/resizer\/v2\/6D4MVCDNIJEMXIJT7TCPH56BXE.jpg?auth=d69ace31098a9d1d8a37102bebbb93f5948162ac0f5da1c1758c1bafe3dd5a85&amp;width=980 1000w,https:\/\/imagenes.elpais.com\/resizer\/v2\/6D4MVCDNIJEMXIJT7TCPH56BXE.jpg?auth=d69ace31098a9d1d8a37102bebbb93f5948162ac0f5da1c1758c1bafe3dd5a85&amp;width=1960 1960w\" alt=\"El maestro Alberto Gonz\u00e1lez, coordinador de la preparatoria agroecol\u00f3gica El Lim\u00f3n, coloca un letrero en el espacio llamado El Sendero de la Paz, destinado a dar privacidad a los estudiantes.\" width=\"414\" height=\"276\" \/><p class=\"wp-caption-text\">El maestro Alberto Gonz\u00e1lez, coordinador de la preparatoria agroecol\u00f3gica El Lim\u00f3n, coloca un letrero en el espacio llamado El Sendero de la Paz, destinado a dar privacidad a los estudiantes. Foto Roberto Antill\u00f3n.<\/p><\/div><figcaption class=\"a_m_p\" aria-hidden=\"true\"><\/figcaption><\/figure>\n<p>&nbsp;<\/p>\n<p class=\"\">Seg\u00fan el profesor Ra\u00fal Mor\u00e1n Fonseca, los conocimientos que adquieren los ni\u00f1os en el huerto les ayudan a desarrollar habilidades cient\u00edficas, matem\u00e1ticas y literarias. \u201cVen tiempos para la cosecha y costos, hacen gr\u00e1ficas de barra, toman medidas de las camas (de cultivo). Pueden desde escribir un poema a alg\u00fan producto hasta conocer el proceso de producci\u00f3n y todo es parte de los contenidos que ven en los libros de texto\u201d, explica. Para los docentes,\u00a0<a title=\"https:\/\/elpais.com\/estilo-de-vida\/2022-07-12\/huertos-urbanos-siete-errores-de-principiante-y-como-evitarlos.html\" href=\"https:\/\/elpais.com\/estilo-de-vida\/2022-07-12\/huertos-urbanos-siete-errores-de-principiante-y-como-evitarlos.html\" target=\"_self\" rel=\"\" data-link-track-dtm=\"\" data-mrf-link=\"https:\/\/elpais.com\/estilo-de-vida\/2022-07-12\/huertos-urbanos-siete-errores-de-principiante-y-como-evitarlos.html\">los huertos tambi\u00e9n implican nuevos conocimientos<\/a>. \u00c9l, por ejemplo, tuvo que investigar c\u00f3mo combatir plagas con una mezcla de c\u00e1scaras de naranja, lim\u00f3n y vinagre y aprendi\u00f3 que sembrar plantas arom\u00e1ticas tambi\u00e9n ayuda a espantarlas.<\/p>\n<p class=\"\">En la primaria vecina, la 315, los ni\u00f1os se agachan cerca del huerto para ver los brotes que salen de las semillas que plantaron hace semanas. Los alumnos de quinto y sexto grado cuidan las hortalizas, mientras que los de cuarto tienen un proyecto de plantas medicinales. Una de las experiencias m\u00e1s gratificantes que tuvieron fue durante la \u00faltima cosecha, cuando regresaron despu\u00e9s de vacaciones, y se encontraron que las plantas de ma\u00edz que hab\u00edan sembrado estaban cargadas de mazorcas.<\/p>\n<p class=\"\">\u201c\u00bfQu\u00e9 hacemos con los elotes?\u201d, pregunt\u00f3 un alumno. \u201cQueremos tamales\u201d, respondieron los ni\u00f1os despu\u00e9s de pensarlo un poco. El profesor Juan Carlos Corona Acosta les explic\u00f3 que el ma\u00edz deb\u00eda estar m\u00e1s macizo para ello. Entonces, les toc\u00f3 trabajar la paciencia. Pasado un tiempo, el maestro desgran\u00f3 las mazorcas. Un grupo de ni\u00f1os us\u00f3 un molino el\u00e9ctrico para triturar los granos y otro separ\u00f3 las hojas, donde colocaron la masa. La cosecha fue tan abundante que a cada alumno le tocaron dos tamales.<\/p>\n<h3 class=\"\">Preparatoria modelo<\/h3>\n<p class=\"\">A unas cuadras de las primarias, despu\u00e9s de subir una colina, la Escuela Preparatoria Regional de El Grullo M\u00f3dulo El Lim\u00f3n recibe al visitante con la consigna\u00a0<i>Sembrar, cultivar y educar es aprender a respetar la vida<\/i>. El centro, que recibi\u00f3 el a\u00f1o pasado la certificaci\u00f3n Eco School por parte de la Fundaci\u00f3n para la Educaci\u00f3n Ambiental (FEE) de M\u00e9xico, tiene un huerto de hortalizas en forma de mandala, donde hay un papayo con frutos, berenjenas listas para cosechar, plantas utilizadas para remedios como el estafiate y otras ornamentales.<\/p>\n<p>&nbsp;<\/p>\n<figure class=\"a_m a_m-h \">\n<p><div style=\"width: 424px\" class=\"wp-caption alignnone\"><img loading=\"lazy\" decoding=\"async\" class=\"_re lazyload a_m-h\" src=\"https:\/\/imagenes.elpais.com\/resizer\/v2\/5E3GWILLOREYRC2WL6AGTSW7SA.jpg?auth=662dd11f60e98c78eda4afe9fba09f9d5ae12e4581468e8c4ad6aa2935ff793c&amp;width=414\" sizes=\"auto, (min-width:1199px) 1155px,(min-width:1001px) calc(100vw - 44px),(min-width:768px) 767px, 100vw\" srcset=\"https:\/\/imagenes.elpais.com\/resizer\/v2\/5E3GWILLOREYRC2WL6AGTSW7SA.jpg?auth=662dd11f60e98c78eda4afe9fba09f9d5ae12e4581468e8c4ad6aa2935ff793c&amp;width=414 414w,https:\/\/imagenes.elpais.com\/resizer\/v2\/5E3GWILLOREYRC2WL6AGTSW7SA.jpg?auth=662dd11f60e98c78eda4afe9fba09f9d5ae12e4581468e8c4ad6aa2935ff793c&amp;width=828 640w,https:\/\/imagenes.elpais.com\/resizer\/v2\/5E3GWILLOREYRC2WL6AGTSW7SA.jpg?auth=662dd11f60e98c78eda4afe9fba09f9d5ae12e4581468e8c4ad6aa2935ff793c&amp;width=980 1000w,https:\/\/imagenes.elpais.com\/resizer\/v2\/5E3GWILLOREYRC2WL6AGTSW7SA.jpg?auth=662dd11f60e98c78eda4afe9fba09f9d5ae12e4581468e8c4ad6aa2935ff793c&amp;width=1960 1960w\" alt=\"Olivia Garc\u00eda, Jennifer Gonz\u00e1lez, Mar\u00eda del Rosario Isidro, Melissa S\u00e1nchez. Equipo de estudiantes de la preparatoria El Lim\u00f3n, que fabrican jab\u00f3n a partir de aceite de cocina quemado.\" width=\"414\" height=\"276\" \/><p class=\"wp-caption-text\">Olivia Garc\u00eda, Jennifer Gonz\u00e1lez, Mar\u00eda del Rosario Isidro, Melissa S\u00e1nchez. Equipo de estudiantes de la preparatoria El Lim\u00f3n, que fabrican jab\u00f3n a partir de aceite de cocina quemado.\u00a0 \u00a0 \u00a0 \u00a0 \u00a0 \u00a0 \u00a0 \u00a0 \u00a0 \u00a0Foto Roberto Antill\u00f3n.<\/p><\/div><figcaption class=\"a_m_p\" aria-hidden=\"true\"><\/figcaption><\/figure>\n<p>&nbsp;<\/p>\n<p class=\"\">El coordinador de la preparatoria, Alberto Dar\u00edo Gonz\u00e1lez Hinojosa, cuenta que decidieron convertir la escuela en un espacio agroecol\u00f3gico hace casi seis a\u00f1os. Y no solo cultivan hortalizas y plantas medicinales, sino que reproducen \u00e1rboles end\u00e9micos, hacen capacitaciones y se preocupan por la salud mental de los adolescentes. Aqu\u00ed el huerto tambi\u00e9n lleva a aprender sobre las materias m\u00e1s tradicionales. Pedro Figueroa Gonz\u00e1lez, el profesor de geograf\u00eda y f\u00edsica, explica que los estudiantes elaboran composta en cubos de madera y en tambos para aprender sobre las materias que imparte. Los de f\u00edsica observan el calor en\u00a0<a title=\"https:\/\/cincodias.elpais.com\/cincodias\/2023\/02\/02\/extras\/1675335676_108404.html\" href=\"https:\/\/cincodias.elpais.com\/cincodias\/2023\/02\/02\/extras\/1675335676_108404.html\" target=\"_self\" rel=\"\" data-link-track-dtm=\"\" data-mrf-link=\"https:\/\/cincodias.elpais.com\/cincodias\/2023\/02\/02\/extras\/1675335676_108404.html\">compostas con materia org\u00e1nica\u00a0<\/a>o esti\u00e9rcol, mientras que los de geograf\u00eda aprenden sobre la composici\u00f3n del suelo al usar el humus de lombrices para germinar semillas de \u00e1rboles end\u00e9micos.<\/p>\n<p>&nbsp;<\/p>\n<figure class=\"a_m a_m-h \">\n<p><div style=\"width: 424px\" class=\"wp-caption alignnone\"><img loading=\"lazy\" decoding=\"async\" class=\"_re lazyload a_m-h\" src=\"https:\/\/imagenes.elpais.com\/resizer\/v2\/4JT327LDPZE2TPQTOM2BTVCKLE.jpg?auth=d658de1491916406fdead3c88b0af26f3f4ab822cf13bcad17218579b952c538&amp;width=414\" sizes=\"auto, (min-width:1199px) 1155px,(min-width:1001px) calc(100vw - 44px),(min-width:768px) 767px, 100vw\" srcset=\"https:\/\/imagenes.elpais.com\/resizer\/v2\/4JT327LDPZE2TPQTOM2BTVCKLE.jpg?auth=d658de1491916406fdead3c88b0af26f3f4ab822cf13bcad17218579b952c538&amp;width=414 414w,https:\/\/imagenes.elpais.com\/resizer\/v2\/4JT327LDPZE2TPQTOM2BTVCKLE.jpg?auth=d658de1491916406fdead3c88b0af26f3f4ab822cf13bcad17218579b952c538&amp;width=828 640w,https:\/\/imagenes.elpais.com\/resizer\/v2\/4JT327LDPZE2TPQTOM2BTVCKLE.jpg?auth=d658de1491916406fdead3c88b0af26f3f4ab822cf13bcad17218579b952c538&amp;width=980 1000w,https:\/\/imagenes.elpais.com\/resizer\/v2\/4JT327LDPZE2TPQTOM2BTVCKLE.jpg?auth=d658de1491916406fdead3c88b0af26f3f4ab822cf13bcad17218579b952c538&amp;width=1960 1960w\" alt=\"Los estudiantes trabajan en la elaboraci\u00f3n de la  composta de la escuela.\" width=\"414\" height=\"276\" \/><p class=\"wp-caption-text\">Los estudiantes trabajan en la elaboraci\u00f3n de la composta de la escuela. Foto Roberto Antill\u00f3n.<\/p><\/div><figcaption class=\"a_m_p\" aria-hidden=\"true\"><\/figcaption><\/figure>\n<p>&nbsp;<\/p>\n<p class=\"\">Cerca de las compostas, la alumna Mar\u00eda Magdalena Acosta Robles seca prototipos de su invento: macetas hechas con cart\u00f3n de huevo impregnadas con un repelente de clavo de olor, canela y laurel que remplazar\u00e1n las bolsas de pl\u00e1stico que se usan para cultivar \u00e1rboles, ya que se degradan por completo. Los estudiantes tambi\u00e9n han creado sales que nutren las plantas a base de aguas residuales procesadas y un jab\u00f3n ecol\u00f3gico a partir del aceite del comedor escolar.<\/p>\n<p class=\"\">Y tienen un vivero donde crecen \u00e1rboles regionales como guam\u00fachil y tabach\u00edn. Para cultivarlos, recogen semillas, las siembran en charolas y, despu\u00e9s, las trasplantan a bolsas. Con esa vegetaci\u00f3n, han reforestado \u00e1reas de la escuela y un camino que conecta El Lim\u00f3n con otros municipios. Finalmente, est\u00e1 El refugio de la semilla, un aula donde guardan semillas de la Sierra de Amula en un proyecto nacido con apoyo de la Comisi\u00f3n Nacional para el Conocimiento y Uso de la Biodiversidad\u00a0<a href=\"https:\/\/elpais.com\/mexico\/2024-03-28\/alarma-en-la-comunidad-cientifica-mexicana-ante-la-degradacion-de-la-conabio-es-matarla-lentamente-de-hambre.html\" rel=\"\" data-link-track-dtm=\"\" data-mrf-link=\"https:\/\/elpais.com\/mexico\/2024-03-28\/alarma-en-la-comunidad-cientifica-mexicana-ante-la-degradacion-de-la-conabio-es-matarla-lentamente-de-hambre.html\">(Conabio)<\/a>. Campesinos de la zona y estudiantes llevan semillas desde rancher\u00edas para intercambiarlas o donarlas y ya han resguardado 40 tipos, como ma\u00edz y caoba.<\/p>\n<h3 class=\"\">Un jard\u00edn para la salud mental<\/h3>\n<p class=\"\">El coordinador toma una hoja de una planta que llama Vaporub por su olor similar al ung\u00fcento, la frota entre sus dedos y la huele para explicar que eso lo pueden hacer los estudiantes cuando van al\u00a0<i>Sendero de la paz,<\/i>\u00a0un\u00a0<a title=\"https:\/\/elpais.com\/america-futura\/2024-08-16\/sol-plantas-y-mermelada-cuando-los-estigmas-de-salud-mental-se-desarman-en-un-huerto.html\" href=\"https:\/\/elpais.com\/america-futura\/2024-08-16\/sol-plantas-y-mermelada-cuando-los-estigmas-de-salud-mental-se-desarman-en-un-huerto.html\" target=\"_self\" rel=\"\" data-link-track-dtm=\"\" data-mrf-link=\"https:\/\/elpais.com\/america-futura\/2024-08-16\/sol-plantas-y-mermelada-cuando-los-estigmas-de-salud-mental-se-desarman-en-un-huerto.html\">camino rodeado por plantas de olor, \u00e1rboles y letreros con palabras como felicidad o amor<\/a>\u00a0que culmina en una banca, donde los estudiantes pueden pasar tiempo a solas o platicar con una orientadora escolar sobre sus problemas.<\/p>\n<p>&nbsp;<\/p>\n<figure class=\"a_m a_m-h \">\n<p><div style=\"width: 424px\" class=\"wp-caption alignnone\"><img loading=\"lazy\" decoding=\"async\" class=\"_re lazyload a_m-h\" src=\"https:\/\/imagenes.elpais.com\/resizer\/v2\/NKVJZDSM2VE7FILQIT4M2J5KEM.jpg?auth=53d14bd7c6cb364a485ef771ecdf2ad6cb1b1973ba4c07d0df3ebce4c6f88ccb&amp;width=414\" sizes=\"auto, (min-width:1199px) 1155px,(min-width:1001px) calc(100vw - 44px),(min-width:768px) 767px, 100vw\" srcset=\"https:\/\/imagenes.elpais.com\/resizer\/v2\/NKVJZDSM2VE7FILQIT4M2J5KEM.jpg?auth=53d14bd7c6cb364a485ef771ecdf2ad6cb1b1973ba4c07d0df3ebce4c6f88ccb&amp;width=414 414w,https:\/\/imagenes.elpais.com\/resizer\/v2\/NKVJZDSM2VE7FILQIT4M2J5KEM.jpg?auth=53d14bd7c6cb364a485ef771ecdf2ad6cb1b1973ba4c07d0df3ebce4c6f88ccb&amp;width=828 640w,https:\/\/imagenes.elpais.com\/resizer\/v2\/NKVJZDSM2VE7FILQIT4M2J5KEM.jpg?auth=53d14bd7c6cb364a485ef771ecdf2ad6cb1b1973ba4c07d0df3ebce4c6f88ccb&amp;width=980 1000w,https:\/\/imagenes.elpais.com\/resizer\/v2\/NKVJZDSM2VE7FILQIT4M2J5KEM.jpg?auth=53d14bd7c6cb364a485ef771ecdf2ad6cb1b1973ba4c07d0df3ebce4c6f88ccb&amp;width=1960 1960w\" alt=\"Alumnos de la preparatoria agroecol\u00f3gica El Lim\u00f3n.\" width=\"414\" height=\"276\" \/><p class=\"wp-caption-text\">Alumnos de la preparatoria agroecol\u00f3gica El Lim\u00f3n.\u00a0 \u00a0 \u00a0 \u00a0 \u00a0 \u00a0 \u00a0 \u00a0 \u00a0 \u00a0 Foto Roberto Antill\u00f3n.<\/p><\/div><figcaption class=\"a_m_p\" aria-hidden=\"true\"><\/figcaption><\/figure>\n<p>&nbsp;<\/p>\n<p class=\"\">Es un espacio destinado a la salud mental de los estudiantes. \u201cDespu\u00e9s de la pandemia, nos dimos cuenta de que nuestros j\u00f3venes tienen mucha ansiedad. En lugar de recibir una terapia psicol\u00f3gica en un cub\u00edculo, lo hacen aqu\u00ed, al aire libre, rodeados de plantas arom\u00e1ticas y hortalizas\u201d, explica el coordinador.<\/p>\n<p class=\"\">Ah\u00ed, entre los cultivos, tambi\u00e9n hacen encuentros agroecol\u00f3gicos, festivales pedag\u00f3gicos en los que reciben a estudiantes de otras preparatorias de Jalisco y activistas e intercambian conocimientos y experiencias. \u201cLo que hacemos puede replicarse en muchos espacios\u201d, afirma Gonz\u00e1lez Hinojosa. \u201cSe trata de hacer las cosas y compartirlas, a la mejor de 100 que vengan, tres o cinco se llevar\u00e1n la espinita, y lo replicar\u00e1n\u201d.<\/p>\n","protected":false},"excerpt":{"rendered":"<p>&nbsp; &nbsp; &#8211; El 60% de las escuelas de El Lim\u00f3n, en Jalisco, tienen huertos donde siembran sin qu\u00edmicos para mejorar la relaci\u00f3n con el&hellip;<\/p>\n","protected":false},"author":99,"featured_media":531467,"comment_status":"open","ping_status":"open","sticky":false,"template":"","format":"standard","meta":{"footnotes":""},"categories":[23],"tags":[],"class_list":["post-531466","post","type-post","status-publish","format-standard","has-post-thumbnail","hentry","category-latinoamerica"],"_links":{"self":[{"href":"https:\/\/diarioelpopular.com\/index.php\/wp-json\/wp\/v2\/posts\/531466","targetHints":{"allow":["GET"]}}],"collection":[{"href":"https:\/\/diarioelpopular.com\/index.php\/wp-json\/wp\/v2\/posts"}],"about":[{"href":"https:\/\/diarioelpopular.com\/index.php\/wp-json\/wp\/v2\/types\/post"}],"author":[{"embeddable":true,"href":"https:\/\/diarioelpopular.com\/index.php\/wp-json\/wp\/v2\/users\/99"}],"replies":[{"embeddable":true,"href":"https:\/\/diarioelpopular.com\/index.php\/wp-json\/wp\/v2\/comments?post=531466"}],"version-history":[{"count":1,"href":"https:\/\/diarioelpopular.com\/index.php\/wp-json\/wp\/v2\/posts\/531466\/revisions"}],"predecessor-version":[{"id":531468,"href":"https:\/\/diarioelpopular.com\/index.php\/wp-json\/wp\/v2\/posts\/531466\/revisions\/531468"}],"wp:featuredmedia":[{"embeddable":true,"href":"https:\/\/diarioelpopular.com\/index.php\/wp-json\/wp\/v2\/media\/531467"}],"wp:attachment":[{"href":"https:\/\/diarioelpopular.com\/index.php\/wp-json\/wp\/v2\/media?parent=531466"}],"wp:term":[{"taxonomy":"category","embeddable":true,"href":"https:\/\/diarioelpopular.com\/index.php\/wp-json\/wp\/v2\/categories?post=531466"},{"taxonomy":"post_tag","embeddable":true,"href":"https:\/\/diarioelpopular.com\/index.php\/wp-json\/wp\/v2\/tags?post=531466"}],"curies":[{"name":"wp","href":"https:\/\/api.w.org\/{rel}","templated":true}]}}