{"id":531737,"date":"2025-05-06T09:19:15","date_gmt":"2025-05-06T13:19:15","guid":{"rendered":"https:\/\/diarioelpopular.com\/?p=531737"},"modified":"2025-05-06T09:19:15","modified_gmt":"2025-05-06T13:19:15","slug":"el-complejo-proceso-para-crear-humo-negro-o-blanco-durante-el-conclave-y-por-que-el-vaticano-no-quiere-simplificarlo","status":"publish","type":"post","link":"https:\/\/diarioelpopular.com\/index.php\/2025\/05\/06\/el-complejo-proceso-para-crear-humo-negro-o-blanco-durante-el-conclave-y-por-que-el-vaticano-no-quiere-simplificarlo\/","title":{"rendered":"El complejo proceso para crear humo negro o blanco durante el c\u00f3nclave y por qu\u00e9 el Vaticano no quiere simplificarlo"},"content":{"rendered":"<p><img loading=\"lazy\" decoding=\"async\" class=\"alignnone size-custom-full-size wp-image-531738\" src=\"https:\/\/diarioelpopular.com\/wp-content\/uploads\/2025\/05\/Screen-Shot-2025-05-06-at-9.18.50-AM-636x362.png\" alt=\"\" width=\"636\" height=\"362\" srcset=\"https:\/\/diarioelpopular.com\/wp-content\/uploads\/2025\/05\/Screen-Shot-2025-05-06-at-9.18.50-AM-636x362.png 636w, https:\/\/diarioelpopular.com\/wp-content\/uploads\/2025\/05\/Screen-Shot-2025-05-06-at-9.18.50-AM-300x171.png 300w, https:\/\/diarioelpopular.com\/wp-content\/uploads\/2025\/05\/Screen-Shot-2025-05-06-at-9.18.50-AM-768x437.png 768w, https:\/\/diarioelpopular.com\/wp-content\/uploads\/2025\/05\/Screen-Shot-2025-05-06-at-9.18.50-AM-128x73.png 128w, https:\/\/diarioelpopular.com\/wp-content\/uploads\/2025\/05\/Screen-Shot-2025-05-06-at-9.18.50-AM.png 1024w\" sizes=\"auto, (max-width: 636px) 100vw, 636px\" \/><\/p>\n<p>&nbsp;<\/p>\n<div class=\"bbc-19j92fr ebmt73l0\" dir=\"ltr\">\n<ul>\n<li class=\"bbc-hhl7in e17g058b0\" dir=\"ltr\"><em><b>Cuando la Iglesia cat\u00f3lica elige a un nuevo Papa, el mundo no est\u00e1 pendiente de una rueda de prensa o de una publicaci\u00f3n en las redes sociales, sino del humo que sale de una peque\u00f1a chimenea en lo alto de la Capilla Sixtina.<\/b><\/em><\/li>\n<\/ul>\n<\/div>\n<div class=\"bbc-19j92fr ebmt73l0\" dir=\"ltr\">\n<p dir=\"ltr\">\n<p class=\"bbc-hhl7in e17g058b0\" dir=\"ltr\">Si el humo es negro, no se ha elegido nuevo Papa. Si es blanco, se ha tomado una decisi\u00f3n:\u00a0<i class=\"bbc-h1y5j7 eih42320\">Habemus Papam<\/i>\u00a0&#8211; tenemos un Papa. Es un gran acontecimiento, retransmitido en directo a millones de personas.<\/p>\n<\/div>\n<div class=\"bbc-19j92fr ebmt73l0\" dir=\"ltr\">\n<p class=\"bbc-hhl7in e17g058b0\" dir=\"ltr\">Pero lo que los telespectadores no ven es la complejidad oculta de este centenario ritual: la chimenea cuidadosamente construida, la estufa dise\u00f1ada y las recetas qu\u00edmicas precisas, cada parte minuciosamente dise\u00f1ada para garantizar que una voluta de humo transmita un mensaje claro.<\/p>\n<\/div>\n<div class=\"bbc-19j92fr ebmt73l0\" dir=\"ltr\">\n<p class=\"bbc-hhl7in e17g058b0\" dir=\"ltr\">Expertos explicaron a la BBC que el proceso requiere &#8220;dos fuegos artificiales a medida&#8221;, ensayos de pruebas de humo y bomberos en estado de alerta.<\/p>\n<\/div>\n<div class=\"bbc-19j92fr ebmt73l0\" dir=\"ltr\">\n<p class=\"bbc-hhl7in e17g058b0\" dir=\"ltr\">Todo esto est\u00e1 meticulosamente organizado por un equipo de ingenieros y funcionarios de la Iglesia que trabajan al un\u00edsono.<\/p>\n<\/div>\n<section class=\"bbc-1o3v5ug\" role=\"region\" data-e2e=\"recommendations-heading\" aria-labelledby=\"recommendations-heading\"><\/section>\n<div class=\"bbc-19j92fr ebmt73l0\" dir=\"ltr\">\n<h2 id=\"Transparencia-\" class=\"bbc-1lgzob2 eglt09e0\" tabindex=\"-1\">Transparencia<\/h2>\n<\/div>\n<div class=\"bbc-19j92fr ebmt73l0\" dir=\"ltr\">\n<p class=\"bbc-hhl7in e17g058b0\" dir=\"ltr\">El papa Francisco falleci\u00f3 el 21 de abril, lunes de Pascua, a los 88 a\u00f1os y, una vez finalizado el funeral, la atenci\u00f3n se centr\u00f3 en el c\u00f3nclave, una reuni\u00f3n privada en la que se elegir\u00e1 a su sucesor.<\/p>\n<\/div>\n<div class=\"bbc-19j92fr ebmt73l0\" dir=\"ltr\">\n<p class=\"bbc-hhl7in e17g058b0\" dir=\"ltr\">El Vaticano confirm\u00f3 que los cardenales se reunir\u00e1n en la Bas\u00edlica de San Pedro el 7 de mayo para celebrar una misa especial antes de reunirse en la Capilla Sixtina, donde comenzar\u00e1 la compleja votaci\u00f3n.<\/p>\n<\/div>\n<div class=\"bbc-19j92fr ebmt73l0\" dir=\"ltr\">\n<p class=\"bbc-hhl7in e17g058b0\" dir=\"ltr\">La tradici\u00f3n de quemar las papeletas de votaci\u00f3n de los cardenales se remonta al siglo XV y se convirti\u00f3 en parte de los rituales del c\u00f3nclave destinados a garantizar la transparencia y evitar la manipulaci\u00f3n, sobre todo despu\u00e9s de que los retrasos en la elecci\u00f3n papal provocaran frustraci\u00f3n y malestar de la opini\u00f3n p\u00fablica.<\/p>\n<p dir=\"ltr\">\n<\/div>\n<figure class=\"bbc-1qn0xuy\">\n<div class=\"bbc-18ywsw9\">\n<div style=\"width: 986px\" class=\"wp-caption alignnone\"><img loading=\"lazy\" decoding=\"async\" class=\"bbc-139onq\" src=\"https:\/\/ichef.bbci.co.uk\/ace\/ws\/640\/cpsprodpb\/d0db\/live\/ad3760d0-299c-11f0-aaf2-654e6eabcfd9.jpg.webp\" alt=\"Capilla Sixtina\" width=\"976\" height=\"549\" \/><p class=\"wp-caption-text\">Fuente de la imagen,Reuters.\u00a0\u00a0Los preparativos para enviar el mensaje de humo son minuciosos.<\/p><\/div>\n<p class=\"bbc-by8ykd\" role=\"text\">\n<\/div>\n<\/figure>\n<div class=\"bbc-19j92fr ebmt73l0\" dir=\"ltr\">\n<p dir=\"ltr\">\n<p class=\"bbc-hhl7in e17g058b0\" dir=\"ltr\">Con el tiempo, el Vaticano empez\u00f3 a utilizar el humo como medio de comunicaci\u00f3n con el mundo exterior, preservando al mismo tiempo la estricta confidencialidad de la votaci\u00f3n.<\/p>\n<\/div>\n<div class=\"bbc-19j92fr ebmt73l0\" dir=\"ltr\">\n<p class=\"bbc-hhl7in e17g058b0\" dir=\"ltr\">Y hoy, a pesar de los innumerables avances en comunicaci\u00f3n, el Vaticano contin\u00faa preservando la tradici\u00f3n.<\/p>\n<\/div>\n<div class=\"bbc-19j92fr ebmt73l0\" dir=\"ltr\">\n<p class=\"bbc-hhl7in e17g058b0\" dir=\"ltr\">&#8220;Desde la antig\u00fcedad, la gente ha visto el humo que sale -de los sacrificios de animales y granos en la Biblia, o de la quema de incienso en la tradici\u00f3n- como una forma de comunicaci\u00f3n humana con lo divino&#8221;, le dice a la BBC Candida Moss, profesora de teolog\u00eda de la Universidad de Birmingham, Reino Unido.<\/p>\n<\/div>\n<div class=\"bbc-19j92fr ebmt73l0\" dir=\"ltr\">\n<p class=\"bbc-hhl7in e17g058b0\" dir=\"ltr\">&#8220;En la tradici\u00f3n cat\u00f3lica, las oraciones &#8216;ascienden&#8217; hasta Dios. El uso del humo evoca estos rituales religiosos y la est\u00e9tica de asombro y misterio que los acompa\u00f1a&#8221;.<\/p>\n<\/div>\n<div class=\"bbc-19j92fr ebmt73l0\" dir=\"ltr\">\n<p class=\"bbc-hhl7in e17g058b0\" dir=\"ltr\">Moss se\u00f1ala tambi\u00e9n que el humo ascendente permite a las personas que se re\u00fanen en la plaza de San Pedro &#8220;sentirse incluidas, como si estuvieran incorporadas a este asunto misterioso y secreto&#8221;.<\/p>\n<p class=\"bbc-hhl7in e17g058b0\" dir=\"ltr\">Los motivos son simb\u00f3licos, pero hacer que funcione en el siglo XXI requiere ingenier\u00eda del mundo real.<\/p>\n<\/div>\n<div class=\"bbc-19j92fr ebmt73l0\" dir=\"ltr\">\n<h2 id=\"Proceso-complejo\" class=\"bbc-1lgzob2 eglt09e0\" tabindex=\"-1\">Proceso complejo<\/h2>\n<\/div>\n<div class=\"bbc-19j92fr ebmt73l0\" dir=\"ltr\">\n<p class=\"bbc-hhl7in e17g058b0\" dir=\"ltr\">En el interior de la Capilla Sixtina se instalan temporalmente dos estufas espec\u00edficas para el c\u00f3nclave: una para quemar las papeletas y otra para generar las se\u00f1ales de humo.<\/p>\n<\/div>\n<div class=\"bbc-19j92fr ebmt73l0\" dir=\"ltr\">\n<p class=\"bbc-hhl7in e17g058b0\" dir=\"ltr\">Ambas estufas est\u00e1n conectadas a un peque\u00f1o conducto -un tubo dentro de una chimenea que permite la salida del humo- que sube por el tejado de la capilla hasta el exterior.<\/p>\n<\/div>\n<div class=\"bbc-19j92fr ebmt73l0\" dir=\"ltr\">\n<p class=\"bbc-hhl7in e17g058b0\" dir=\"ltr\">Recientemente se vio a bomberos en el tejado, que aseguraban con cuidado la parte superior de la chimenea en su sitio, mientras los obreros montaban andamios y constru\u00edan las estufas en el interior.<\/p>\n<\/div>\n<div class=\"bbc-19j92fr ebmt73l0\" dir=\"ltr\">\n<p class=\"bbc-hhl7in e17g058b0\" dir=\"ltr\">La Capilla Sixtina, construida hace m\u00e1s de 500 a\u00f1os, alberga uno de los techos m\u00e1s famosos del mundo. Adornado con los frescos de Miguel \u00c1ngel, no est\u00e1 precisamente dise\u00f1ado para se\u00f1ales de humo, y la chimenea debe instalarse de forma discreta y segura.<\/p>\n<p dir=\"ltr\">\n<\/div>\n<figure class=\"bbc-1qn0xuy\">\n<div class=\"bbc-18ywsw9\">\n<div style=\"width: 634px\" class=\"wp-caption alignnone\"><img loading=\"lazy\" decoding=\"async\" class=\"bbc-139onq\" src=\"https:\/\/ichef.bbci.co.uk\/ace\/ws\/640\/cpsprodpb\/d323\/live\/38b7cfa0-299d-11f0-b26b-ab62c890638b.jpg.webp\" alt=\"Chimeneas en la Capilla Sixtina\" width=\"624\" height=\"935\" \/><p class=\"wp-caption-text\">Fuente de la imagen,EPA.\u00a0\u00a0Hay que tener cuidados extremos cuando se instala la chimenea para no da\u00f1ar el techo de la capilla.<\/p><\/div>\n<p class=\"bbc-by8ykd\" role=\"text\">\n<\/div>\n<\/figure>\n<div class=\"bbc-19j92fr ebmt73l0\" dir=\"ltr\">\n<p dir=\"ltr\">\n<p class=\"bbc-hhl7in e17g058b0\" dir=\"ltr\">Es un proceso complejo.<\/p>\n<\/div>\n<div class=\"bbc-19j92fr ebmt73l0\" dir=\"ltr\">\n<p class=\"bbc-hhl7in e17g058b0\" dir=\"ltr\">Los t\u00e9cnicos utilizan una abertura existente o crean una trampilla provisional por la que se introduce el conducto para que salga el humo, normalmente de un metal como el hierro o el acero.<\/p>\n<\/div>\n<div class=\"bbc-19j92fr ebmt73l0\" dir=\"ltr\">\n<p class=\"bbc-hhl7in e17g058b0\" dir=\"ltr\">La tuber\u00eda va desde las estufas hasta el exterior, y emerge a trav\u00e9s del techo de tejas sobre la plaza de San Pedro.<\/p>\n<\/div>\n<div class=\"bbc-19j92fr ebmt73l0\" dir=\"ltr\">\n<p class=\"bbc-hhl7in e17g058b0\" dir=\"ltr\">Cada junta se sella para evitar fugas y cada componente se somete a pruebas.<\/p>\n<\/div>\n<div class=\"bbc-19j92fr ebmt73l0\" dir=\"ltr\">\n<p class=\"bbc-hhl7in e17g058b0\" dir=\"ltr\">Los especialistas ensayan con humo en los d\u00edas previos al comienzo del c\u00f3nclave, asegur\u00e1ndose de que el tiro de la chimenea funciona en tiempo real. Incluso participan los bomberos del Vaticano, en alerta por si hay una aver\u00eda.<\/p>\n<\/div>\n<div class=\"bbc-19j92fr ebmt73l0\" dir=\"ltr\">\n<p class=\"bbc-hhl7in e17g058b0\" dir=\"ltr\">&#8220;Se trata de un proceso muy preciso, porque si algo sale mal, no es s\u00f3lo un fallo t\u00e9cnico, sino que se convierte en un incidente internacional&#8221;, le explica a la BBC Kevin Farlam, ingeniero de estructuras que ha trabajado en edificios patrimoniales.<\/p>\n<\/div>\n<div class=\"bbc-19j92fr ebmt73l0\" dir=\"ltr\">\n<p class=\"bbc-hhl7in e17g058b0\" dir=\"ltr\">&#8220;No es como poner una tuber\u00eda en un horno de pizza. Cada parte del sistema tiene que instalarse sin da\u00f1ar nada&#8221;.<\/p>\n<\/div>\n<div class=\"bbc-19j92fr ebmt73l0\" dir=\"ltr\">\n<p class=\"bbc-hhl7in e17g058b0\" dir=\"ltr\">Este montaje se construye d\u00edas antes de la llegada de los cardenales y se desmonta una vez elegido el Papa.<\/p>\n<p dir=\"ltr\">\n<\/div>\n<figure class=\"bbc-1qn0xuy\">\n<div class=\"bbc-18ywsw9\">\n<div style=\"width: 984px\" class=\"wp-caption alignnone\"><img loading=\"lazy\" decoding=\"async\" class=\"bbc-139onq\" src=\"https:\/\/ichef.bbci.co.uk\/ace\/ws\/640\/cpsprodpb\/bf2d\/live\/bab00ef0-299d-11f0-aaf2-654e6eabcfd9.jpg.webp\" alt=\"Dos hombres trabajan en el montaje de una tuber\u00eda\" width=\"974\" height=\"548\" \/><p class=\"wp-caption-text\">Fuente de la imagen,Reuters.\u00a0\u00a0Las tuber\u00edas est\u00e1n de forma temporal. Una vez finalizado el c\u00f3nclave, se retiran.<\/p><\/div>\n<p class=\"bbc-by8ykd\" role=\"text\">\n<\/div>\n<\/figure>\n<div class=\"bbc-19j92fr ebmt73l0\" dir=\"ltr\">\n<p dir=\"ltr\">\n<p class=\"bbc-hhl7in e17g058b0\" dir=\"ltr\">Para que la se\u00f1al sea visible, los t\u00e9cnicos del Vaticano utilizan una combinaci\u00f3n de compuestos qu\u00edmicos.<\/p>\n<\/div>\n<div class=\"bbc-19j92fr ebmt73l0\" dir=\"ltr\">\n<p class=\"bbc-hhl7in e17g058b0\" dir=\"ltr\">&#8220;En esencia, lo que est\u00e1n construyendo aqu\u00ed son dos fuegos artificiales a medida&#8221;, le explica a la BBC el profesor Mark Lorch, jefe del departamento de qu\u00edmica y bioqu\u00edmica de la Universidad de Hull, Reino Unido.<\/p>\n<\/div>\n<div class=\"bbc-19j92fr ebmt73l0\" dir=\"ltr\">\n<p class=\"bbc-hhl7in e17g058b0\" dir=\"ltr\">&#8220;Para el humo negro, se quema una mezcla de perclorato pot\u00e1sico, antraceno y azufre, que produce un humo espeso y oscuro.<\/p>\n<\/div>\n<div class=\"bbc-19j92fr ebmt73l0\" dir=\"ltr\">\n<p class=\"bbc-hhl7in e17g058b0\" dir=\"ltr\">&#8220;Para el humo blanco, se utiliza una combinaci\u00f3n de clorato pot\u00e1sico, lactosa y colofonia de pino, que se quema de forma limpia y p\u00e1lida.<\/p>\n<\/div>\n<div class=\"bbc-19j92fr ebmt73l0\" dir=\"ltr\">\n<p class=\"bbc-hhl7in e17g058b0\" dir=\"ltr\">&#8220;En el pasado se intentaba quemar paja h\u00fameda para crear un humo m\u00e1s oscuro y paja seca para hacer un humo m\u00e1s claro &#8211; pero esto causaba cierta confusi\u00f3n porque a veces parec\u00eda gris&#8221;.<\/p>\n<\/div>\n<div class=\"bbc-19j92fr ebmt73l0\" dir=\"ltr\">\n<p class=\"bbc-hhl7in e17g058b0\" dir=\"ltr\">Lorch dice que estos productos qu\u00edmicos est\u00e1n &#8220;preenvasados en cartuchos y se encienden electr\u00f3nicamente&#8221;, por lo que no hay ambig\u00fcedad.<\/p>\n<p dir=\"ltr\">\n<\/div>\n<figure class=\"bbc-1qn0xuy\">\n<div class=\"bbc-18ywsw9\">\n<div style=\"width: 1033px\" class=\"wp-caption alignnone\"><img loading=\"lazy\" decoding=\"async\" class=\"bbc-139onq\" src=\"https:\/\/ichef.bbci.co.uk\/ace\/ws\/640\/cpsprodpb\/216d\/live\/173890c0-299e-11f0-aaf2-654e6eabcfd9.jpg.webp\" alt=\"San Pedro\" width=\"1023\" height=\"575\" \/><p class=\"wp-caption-text\">Fuente de la imagen,Getty Images.\u00a0\u00a0Miles de personas acuden a la plaza San Pedro para presenciar el resultado de la elecci\u00f3n.<\/p><\/div>\n<p class=\"bbc-by8ykd\" role=\"text\">\n<\/div>\n<\/figure>\n<div class=\"bbc-19j92fr ebmt73l0\" dir=\"ltr\">\n<p dir=\"ltr\">\n<p class=\"bbc-hhl7in e17g058b0\" dir=\"ltr\">El toque de campana -introducido durante la elecci\u00f3n del papa Benedicto XVI- sirve ahora de confirmaci\u00f3n y se utiliza junto a la se\u00f1al de humo.<\/p>\n<\/div>\n<div class=\"bbc-19j92fr ebmt73l0\" dir=\"ltr\">\n<p class=\"bbc-hhl7in e17g058b0\" dir=\"ltr\">A lo largo de los a\u00f1os se han hecho propuestas para modernizar el sistema: luces de colores, alertas digitales o incluso votaciones televisadas.<\/p>\n<\/div>\n<div class=\"bbc-19j92fr ebmt73l0\" dir=\"ltr\">\n<p class=\"bbc-hhl7in e17g058b0\" dir=\"ltr\">Pero para el Vaticano, el ritual no es s\u00f3lo una herramienta de comunicaci\u00f3n: es un momento de continuidad con siglos de tradici\u00f3n.<\/p>\n<\/div>\n<div class=\"bbc-19j92fr ebmt73l0\" dir=\"ltr\">\n<p class=\"bbc-hhl7in e17g058b0\" dir=\"ltr\">&#8220;Se trata de tradici\u00f3n y secretismo, pero tambi\u00e9n tiene un peso teol\u00f3gico real&#8221;, afirma Moss.<\/p>\n<\/div>\n<div class=\"bbc-19j92fr ebmt73l0\" dir=\"ltr\">\n<p class=\"bbc-hhl7in e17g058b0\" dir=\"ltr\">&#8220;Adem\u00e1s, &#8216;Iglesia cat\u00f3lica&#8217; y &#8216;vanguardia&#8217; distan mucho de ser sin\u00f3nimos: la innovaci\u00f3n es casi antit\u00e9tica al ritual&#8221;.<\/p>\n<\/div>\n","protected":false},"excerpt":{"rendered":"<p>&nbsp; Cuando la Iglesia cat\u00f3lica elige a un nuevo Papa, el mundo no est\u00e1 pendiente de una rueda de prensa o de una publicaci\u00f3n en&hellip;<\/p>\n","protected":false},"author":99,"featured_media":531738,"comment_status":"open","ping_status":"open","sticky":false,"template":"","format":"standard","meta":{"footnotes":""},"categories":[24],"tags":[],"class_list":["post-531737","post","type-post","status-publish","format-standard","has-post-thumbnail","hentry","category-mundo"],"_links":{"self":[{"href":"https:\/\/diarioelpopular.com\/index.php\/wp-json\/wp\/v2\/posts\/531737","targetHints":{"allow":["GET"]}}],"collection":[{"href":"https:\/\/diarioelpopular.com\/index.php\/wp-json\/wp\/v2\/posts"}],"about":[{"href":"https:\/\/diarioelpopular.com\/index.php\/wp-json\/wp\/v2\/types\/post"}],"author":[{"embeddable":true,"href":"https:\/\/diarioelpopular.com\/index.php\/wp-json\/wp\/v2\/users\/99"}],"replies":[{"embeddable":true,"href":"https:\/\/diarioelpopular.com\/index.php\/wp-json\/wp\/v2\/comments?post=531737"}],"version-history":[{"count":1,"href":"https:\/\/diarioelpopular.com\/index.php\/wp-json\/wp\/v2\/posts\/531737\/revisions"}],"predecessor-version":[{"id":531739,"href":"https:\/\/diarioelpopular.com\/index.php\/wp-json\/wp\/v2\/posts\/531737\/revisions\/531739"}],"wp:featuredmedia":[{"embeddable":true,"href":"https:\/\/diarioelpopular.com\/index.php\/wp-json\/wp\/v2\/media\/531738"}],"wp:attachment":[{"href":"https:\/\/diarioelpopular.com\/index.php\/wp-json\/wp\/v2\/media?parent=531737"}],"wp:term":[{"taxonomy":"category","embeddable":true,"href":"https:\/\/diarioelpopular.com\/index.php\/wp-json\/wp\/v2\/categories?post=531737"},{"taxonomy":"post_tag","embeddable":true,"href":"https:\/\/diarioelpopular.com\/index.php\/wp-json\/wp\/v2\/tags?post=531737"}],"curies":[{"name":"wp","href":"https:\/\/api.w.org\/{rel}","templated":true}]}}