{"id":531859,"date":"2025-05-10T09:21:16","date_gmt":"2025-05-10T13:21:16","guid":{"rendered":"https:\/\/diarioelpopular.com\/?p=531859"},"modified":"2025-05-10T09:21:16","modified_gmt":"2025-05-10T13:21:16","slug":"prevost-el-papa-peruano-misionero-y-politico","status":"publish","type":"post","link":"https:\/\/diarioelpopular.com\/index.php\/2025\/05\/10\/prevost-el-papa-peruano-misionero-y-politico\/","title":{"rendered":"Prevost, el Papa \u2018peruano\u2019: misionero y pol\u00edtico"},"content":{"rendered":"<div id=\"attachment_531860\" style=\"width: 1210px\" class=\"wp-caption alignnone\"><img loading=\"lazy\" decoding=\"async\" aria-describedby=\"caption-attachment-531860\" class=\"wp-image-531860 size-custom-big-size\" src=\"https:\/\/diarioelpopular.com\/wp-content\/uploads\/2025\/05\/Screen-Shot-2025-05-10-at-9.20.24-AM-1200x589.png\" alt=\"\" width=\"1200\" height=\"589\" srcset=\"https:\/\/diarioelpopular.com\/wp-content\/uploads\/2025\/05\/Screen-Shot-2025-05-10-at-9.20.24-AM-1200x589.png 1200w, https:\/\/diarioelpopular.com\/wp-content\/uploads\/2025\/05\/Screen-Shot-2025-05-10-at-9.20.24-AM-300x147.png 300w, https:\/\/diarioelpopular.com\/wp-content\/uploads\/2025\/05\/Screen-Shot-2025-05-10-at-9.20.24-AM-768x377.png 768w, https:\/\/diarioelpopular.com\/wp-content\/uploads\/2025\/05\/Screen-Shot-2025-05-10-at-9.20.24-AM-1536x754.png 1536w, https:\/\/diarioelpopular.com\/wp-content\/uploads\/2025\/05\/Screen-Shot-2025-05-10-at-9.20.24-AM-636x312.png 636w, https:\/\/diarioelpopular.com\/wp-content\/uploads\/2025\/05\/Screen-Shot-2025-05-10-at-9.20.24-AM-146x73.png 146w, https:\/\/diarioelpopular.com\/wp-content\/uploads\/2025\/05\/Screen-Shot-2025-05-10-at-9.20.24-AM.png 1024w\" sizes=\"auto, (max-width: 1200px) 100vw, 1200px\" \/><p id=\"caption-attachment-531860\" class=\"wp-caption-text\">Robert Francis Prevost montado a caballo, en una comunidad de Trujillo, (Per\u00fa). Foto: Di\u00f3cesis Chiclayo<\/p><\/div>\n<p>&nbsp;<\/p>\n<h4 class=\"a_st\"><em>&#8211; Le\u00f3n XIV deja una huella profunda tras m\u00e1s de 20 a\u00f1os en Per\u00fa, su segunda patria religiosa<\/em><\/h4>\n<p>&nbsp;<\/p>\n<p class=\"\">En Per\u00fa no tienen dudas.\u00a0<a title=\"https:\/\/elpais.com\/internacional\/2025-05-09\/los-catolicos-de-chicago-aplauden-el-nombramiento-de-uno-de-los-suyos-va-a-ser-un-papa-de-todos-nosotros.html\" href=\"https:\/\/elpais.com\/internacional\/2025-05-09\/los-catolicos-de-chicago-aplauden-el-nombramiento-de-uno-de-los-suyos-va-a-ser-un-papa-de-todos-nosotros.html\" target=\"_self\" rel=\"\" data-link-track-dtm=\"\" data-mrf-link=\"https:\/\/elpais.com\/internacional\/2025-05-09\/los-catolicos-de-chicago-aplauden-el-nombramiento-de-uno-de-los-suyos-va-a-ser-un-papa-de-todos-nosotros.html\">Le\u00f3n XIV naci\u00f3 en Estados Unidos,<\/a>\u00a0pero es peruano. Consideran que los m\u00e1s de 20 a\u00f1os que pas\u00f3 en el pa\u00eds forjaron la imagen de \u201cpastor con olor a oveja\u201d que tanto gustaba a Francisco. Sin Per\u00fa en su historia, dicen, Robert Francis Prevost no ser\u00eda Papa. Y algo de raz\u00f3n pueden tener.<\/p>\n<p class=\"\">Fue all\u00ed donde meti\u00f3 \u201clos pies en el barro\u201d. Quienes lo frecuentaron durante aquellos a\u00f1os lo recuerdan callado, casi t\u00edmido, pero firme en sus convicciones. Fue misionero, pero tambi\u00e9n pol\u00edtico. Lleg\u00f3 como pastor agustino a Churucanas, en el norte rural del pa\u00eds, en 1985, con 30 a\u00f1os. En 2023, antes de ser llevado a Roma por Francisco, era vicepresidente de la Conferencia Episcopal en Lima, la capital.<\/p>\n<p class=\"\">As\u00ed como les habl\u00f3 a los pobres en su idioma,\u00a0<a title=\"https:\/\/elpais.com\/america\/2024-09-12\/muere-alberto-fujimori-expresidente-peruano-a-los-86-anos.html\" href=\"https:\/\/elpais.com\/america\/2024-09-12\/muere-alberto-fujimori-expresidente-peruano-a-los-86-anos.html\" target=\"_self\" rel=\"\" data-link-track-dtm=\"\" data-mrf-link=\"https:\/\/elpais.com\/america\/2024-09-12\/muere-alberto-fujimori-expresidente-peruano-a-los-86-anos.html\">exigi\u00f3 al aut\u00f3crata Alberto Fujimori que pidiese perd\u00f3n\u00a0<\/a>a las v\u00edctimas de sus pr\u00e1cticas represivas. Cuando estall\u00f3 el esc\u00e1ndalo de\u00a0<a title=\"https:\/\/elpais.com\/sociedad\/2024-11-08\/los-periodistas-que-destaparon-los-abusos-del-sodalicio-en-peru-denuncian-una-persecucion-judicial-por-sus-investigaciones-a-la-iglesia.html\" href=\"https:\/\/elpais.com\/sociedad\/2024-11-08\/los-periodistas-que-destaparon-los-abusos-del-sodalicio-en-peru-denuncian-una-persecucion-judicial-por-sus-investigaciones-a-la-iglesia.html\" target=\"_self\" rel=\"\" data-link-track-dtm=\"\" data-mrf-link=\"https:\/\/elpais.com\/sociedad\/2024-11-08\/los-periodistas-que-destaparon-los-abusos-del-sodalicio-en-peru-denuncian-una-persecucion-judicial-por-sus-investigaciones-a-la-iglesia.html\">abusos sexuales en el Sodalicio para la Vida<\/a>, fue uno de los pocos que escuch\u00f3 a las v\u00edctimas y llev\u00f3 el caso\u00a0<a title=\"https:\/\/elpais.com\/sociedad\/2025-01-20\/el-papa-disuelve-el-sodalicio-poderoso-grupo-ultraconservador-peruano-tras-los-escandalos-de-abusos-y-corrupcion-economica.html\" href=\"https:\/\/elpais.com\/sociedad\/2025-01-20\/el-papa-disuelve-el-sodalicio-poderoso-grupo-ultraconservador-peruano-tras-los-escandalos-de-abusos-y-corrupcion-economica.html\" target=\"_self\" rel=\"\" data-link-track-dtm=\"\" data-mrf-link=\"https:\/\/elpais.com\/sociedad\/2025-01-20\/el-papa-disuelve-el-sodalicio-poderoso-grupo-ultraconservador-peruano-tras-los-escandalos-de-abusos-y-corrupcion-economica.html\">hasta Francisco, quien termin\u00f3 por disolver la congregaci\u00f3n.\u00a0<\/a>\u201cEs el Papa que necesit\u00e1bamos\u201d, resume monse\u00f1or Guillermo Cornejo, obispo auxiliar de Lima y sucesor de Prevost en la di\u00f3cesis de Chiclayo.<\/p>\n<p>&nbsp;<\/p>\n<figure class=\"a_m a_m-h \">\n<p><div style=\"width: 424px\" class=\"wp-caption alignnone\"><img loading=\"lazy\" decoding=\"async\" class=\"_re lazyload a_m-h\" src=\"https:\/\/imagenes.elpais.com\/resizer\/v2\/B4G7LBXISZAGDLMY45APRQDYMM.jpg?auth=a5cdd4aca505d71d8899739c571b890599732e88a278b10de919f8b86afdc431&amp;width=414\" sizes=\"auto, (min-width:1199px) 1155px,(min-width:1001px) calc(100vw - 44px),(min-width:768px) 767px, 100vw\" srcset=\"https:\/\/imagenes.elpais.com\/resizer\/v2\/B4G7LBXISZAGDLMY45APRQDYMM.jpg?auth=a5cdd4aca505d71d8899739c571b890599732e88a278b10de919f8b86afdc431&amp;width=414 414w,https:\/\/imagenes.elpais.com\/resizer\/v2\/B4G7LBXISZAGDLMY45APRQDYMM.jpg?auth=a5cdd4aca505d71d8899739c571b890599732e88a278b10de919f8b86afdc431&amp;width=828 640w,https:\/\/imagenes.elpais.com\/resizer\/v2\/B4G7LBXISZAGDLMY45APRQDYMM.jpg?auth=a5cdd4aca505d71d8899739c571b890599732e88a278b10de919f8b86afdc431&amp;width=980 1000w,https:\/\/imagenes.elpais.com\/resizer\/v2\/B4G7LBXISZAGDLMY45APRQDYMM.jpg?auth=a5cdd4aca505d71d8899739c571b890599732e88a278b10de919f8b86afdc431&amp;width=1960 1960w\" alt=\"Robert Francis Prevost con ni\u00f1os peruanos de la  provincia de Trujillo.\" width=\"414\" height=\"351\" \/><p class=\"wp-caption-text\">Robert Francis Prevost con ni\u00f1os peruanos de la provincia de Trujillo.Di\u00f3cesis Chiclayo<\/p><\/div><figcaption class=\"a_m_p\" aria-hidden=\"true\"><\/figcaption><\/figure>\n<p>&nbsp;<\/p>\n<p class=\"\">Una foto muestra a Robert Prevost sobre un caballo y rodeado de ni\u00f1os en una peque\u00f1a comunidad del norte peruano; en otra se lo ve con el agua por encima de las rodillas durante una inundaci\u00f3n; en una mesa de madera r\u00fastica comparte comida bajo un tinglado de troncos. Cuando Le\u00f3n XIV era Prevost en Per\u00fa, hablaba poco y hac\u00eda mucho. \u201cEra un cura como le gustaba a Francisco.<\/p>\n<p class=\"\">Cuando hubo desastres, se hizo de pico y pala y trabaj\u00f3 con todos. Con su maletita y muy humilde,\u00a0<a title=\"https:\/\/elpais.com\/internacional\/2025-05-09\/el-papa-inicia-su-mandato-con-estilo-conciliador-para-cerrar-heridas.html\" href=\"https:\/\/elpais.com\/internacional\/2025-05-09\/el-papa-inicia-su-mandato-con-estilo-conciliador-para-cerrar-heridas.html\" target=\"_self\" rel=\"\" data-link-track-dtm=\"\" data-mrf-link=\"https:\/\/elpais.com\/internacional\/2025-05-09\/el-papa-inicia-su-mandato-con-estilo-conciliador-para-cerrar-heridas.html\">nadie imagin\u00f3 que llegar\u00eda a Papa\u201d<\/a>, dice Cornejo. Las estad\u00edas de Prevost en Per\u00fa se dividen en tres etapas. La de Churucunas termina en 1987. Un a\u00f1o despu\u00e9s, tal vez movido por la a\u00f1oranza, decide volver. Per\u00fa era entonces un caos, devastado por la hiperinflaci\u00f3n y con la guerrilla de Sendero Luminoso en su apogeo. Se qued\u00f3 diez a\u00f1os, suficientes para compartir todo el gobierno de Fujimori, devenido en dictadura tras un autogolpe de Estado. Se instal\u00f3 entonces en Trujillo, al norte de Lima, y desde all\u00ed dirigi\u00f3 la formaci\u00f3n de los aspirantes agustinos. En 1999 volvi\u00f3 a irse.<\/p>\n<p>&nbsp;<\/p>\n<figure class=\"a_m a_m-h \">\n<p><div style=\"width: 424px\" class=\"wp-caption alignnone\"><img loading=\"lazy\" decoding=\"async\" class=\"_re lazyload a_m-h\" src=\"https:\/\/imagenes.elpais.com\/resizer\/v2\/G6NRY6FP5M4R5XSCXODXT2STJU.jpg?auth=3cdb985f9e431b8a9d438e55b9fc61a362c6ae7eb45eaf801adec3aa0a5b0657&amp;width=414\" sizes=\"auto, (min-width:1199px) 1155px,(min-width:1001px) calc(100vw - 44px),(min-width:768px) 767px, 100vw\" srcset=\"https:\/\/imagenes.elpais.com\/resizer\/v2\/G6NRY6FP5M4R5XSCXODXT2STJU.jpg?auth=3cdb985f9e431b8a9d438e55b9fc61a362c6ae7eb45eaf801adec3aa0a5b0657&amp;width=414 414w,https:\/\/imagenes.elpais.com\/resizer\/v2\/G6NRY6FP5M4R5XSCXODXT2STJU.jpg?auth=3cdb985f9e431b8a9d438e55b9fc61a362c6ae7eb45eaf801adec3aa0a5b0657&amp;width=828 640w,https:\/\/imagenes.elpais.com\/resizer\/v2\/G6NRY6FP5M4R5XSCXODXT2STJU.jpg?auth=3cdb985f9e431b8a9d438e55b9fc61a362c6ae7eb45eaf801adec3aa0a5b0657&amp;width=980 1000w,https:\/\/imagenes.elpais.com\/resizer\/v2\/G6NRY6FP5M4R5XSCXODXT2STJU.jpg?auth=3cdb985f9e431b8a9d438e55b9fc61a362c6ae7eb45eaf801adec3aa0a5b0657&amp;width=1960 1960w\" alt=\"Robert Prevost, predica durante la celebraci\u00f3n del Corpus Christi en un el  estadio de Chiclayo, Per\u00fa, el viernes 19 de junio de 2015. \" width=\"414\" height=\"276\" \/><p class=\"wp-caption-text\">Robert Prevost, predica durante la celebraci\u00f3n del Corpus Christi en un el estadio de Chiclayo, Per\u00fa, el viernes 19 de junio de 2015.Associated Press\/LaPresse (APN)<\/p><\/div><figcaption class=\"a_m_p\" aria-hidden=\"true\"><\/figcaption><\/figure>\n<p>&nbsp;<\/p>\n<p class=\"\">Pablo Larr\u00e1n es un agustino espa\u00f1ol que lleg\u00f3 a Per\u00fa en 1979 como misionero y nunca se fue. Conoce a Prevost desde hace cuatro d\u00e9cadas. \u201cTenemos 69 a\u00f1os los dos. A m\u00ed, la vida me llev\u00f3 a un seminario menor en Le\u00f3n y a Roberto a un seminario menor en Chicago. \u00c9l se forma como agustino. La identidad de un agustino es la de un hombre que crea en la unidad, unidos un alma sola y un solo coraz\u00f3n en Dios\u201d, dice en una sala del colegio Nuestra Se\u00f1ora del Consuelo, en Lima, del que es director. Pocos como el padre Pablo \u2014as\u00ed lo llaman\u2014 conocen tanto a Prevost. \u201c\u00c9l era una persona normal, no sal\u00eda en los medios, no escrib\u00eda libros, no ten\u00eda charlas multitudinarias. Pero se sub\u00eda a su caballo y se iba a la sierra y como en la sierra hablan el quechua aprendi\u00f3 quechua. Era un matem\u00e1tico, pero cuando lleg\u00f3 a Churucanas supo d\u00f3nde estaba. Lo que interesa no es lo yo le ense\u00f1e a la gente, sino que la gente me comprenda. \u00bfY qu\u00e9 comprende? A veces no lo que les digo, sino que me vean con un caballito llegar a su lugar y saludarlos en su idioma\u201d, dice. Y de ah\u00ed sale la foto del caballo y los ni\u00f1os.<\/p>\n<p class=\"\">La tercera etapa de Prevost en Per\u00fa es la del trampol\u00edn a Roma.\u00a0<a title=\"https:\/\/elpais.com\/america\/2025-05-09\/fervor-en-chiclayo-por-el-papa-peruano-era-uno-mas-del-pueblo.html\" href=\"https:\/\/elpais.com\/america\/2025-05-09\/fervor-en-chiclayo-por-el-papa-peruano-era-uno-mas-del-pueblo.html\" target=\"_self\" rel=\"\" data-link-track-dtm=\"\" data-mrf-link=\"https:\/\/elpais.com\/america\/2025-05-09\/fervor-en-chiclayo-por-el-papa-peruano-era-uno-mas-del-pueblo.html\">Regresa en 2014 como jefe de la di\u00f3cesis de Chiclayo,<\/a>\u00a0una ciudad de medio mill\u00f3n de habitantes al norte de Lima, por orden de Francisco. El argentino lo conoc\u00eda desde hac\u00eda m\u00e1s de 20 a\u00f1os. Como general de los agustinos, Prevost hab\u00eda viajado a Buenos Aires, ciudad de la que Bergoglio era arzobispo. Fue entonces que Prevost se hizo ciudadano peruano. Jos\u00e9 Luis P\u00e9rez Guadalupe es te\u00f3logo y fue ministro de Interior de Ollanta Humala. En 2015 firm\u00f3 el documento de nacionalizaci\u00f3n de Prevost. El tr\u00e1mite, obligatorio por ley, no fue, sin embargo, sencillo. \u201cMe llaman de la Conferencia Episcopal y me dicen \u2018Jos\u00e9, hace seis meses que no hay obispo en Chiclayo y el nuevo titular no puede asumir porque el tr\u00e1mite de nacionalidad est\u00e1 atorado en migraciones\u2019. Encuentro una serie de burocracias, no s\u00e9 si adrede o no, eran trabas absurdas. Hablo con el presidente y le dijo \u2018esto tiene que salir\u2019. Y ah\u00ed sale la firma del presidente\u201d, revela P\u00e9rez Guadalupe.<\/p>\n<p>&nbsp;<\/p>\n<figure class=\"a_m a_m-h \">\n<p><div style=\"width: 424px\" class=\"wp-caption alignnone\"><img loading=\"lazy\" decoding=\"async\" class=\"_re lazyload a_m-h\" src=\"https:\/\/imagenes.elpais.com\/resizer\/v2\/DOMWE7E5PNBT3D6H5A3YXTD4UU.jpg?auth=fdf556170e02451d16e90c928d616074eb2e053443f0d6a4c8e74f8ef4f3ba30&amp;width=414\" sizes=\"auto, (min-width:1199px) 1155px,(min-width:1001px) calc(100vw - 44px),(min-width:768px) 767px, 100vw\" srcset=\"https:\/\/imagenes.elpais.com\/resizer\/v2\/DOMWE7E5PNBT3D6H5A3YXTD4UU.jpg?auth=fdf556170e02451d16e90c928d616074eb2e053443f0d6a4c8e74f8ef4f3ba30&amp;width=414 414w,https:\/\/imagenes.elpais.com\/resizer\/v2\/DOMWE7E5PNBT3D6H5A3YXTD4UU.jpg?auth=fdf556170e02451d16e90c928d616074eb2e053443f0d6a4c8e74f8ef4f3ba30&amp;width=828 640w,https:\/\/imagenes.elpais.com\/resizer\/v2\/DOMWE7E5PNBT3D6H5A3YXTD4UU.jpg?auth=fdf556170e02451d16e90c928d616074eb2e053443f0d6a4c8e74f8ef4f3ba30&amp;width=980 1000w,https:\/\/imagenes.elpais.com\/resizer\/v2\/DOMWE7E5PNBT3D6H5A3YXTD4UU.jpg?auth=fdf556170e02451d16e90c928d616074eb2e053443f0d6a4c8e74f8ef4f3ba30&amp;width=1960 1960w\" alt=\"El padre agustino Pablo Larr\u00e1n, en el Colegio Nuestra Se\u00f1ora del Consuelo, en Lima, el d\u00eda 9 de mayo de 2025. \" width=\"414\" height=\"276\" \/><p class=\"wp-caption-text\">El padre agustino Pablo Larr\u00e1n, en el Colegio Nuestra Se\u00f1ora del Consuelo, en Lima, el d\u00eda 9 de mayo de 2025. Franchesca Chac\u00f3n<\/p><\/div><figcaption class=\"a_m_p\" aria-hidden=\"true\"><\/figcaption><\/figure>\n<p>&nbsp;<\/p>\n<p class=\"\">El paso de Prevost por Chiclayo lo saca, en parte, del anonimato. En 2017,<a title=\"https:\/\/elpais.com\/america\/2023-12-05\/el-tribunal-constitucional-de-peru-ordena-la-liberacion-inmediata-de-alberto-fujimori.html\" href=\"https:\/\/elpais.com\/america\/2023-12-05\/el-tribunal-constitucional-de-peru-ordena-la-liberacion-inmediata-de-alberto-fujimori.html\" target=\"_self\" rel=\"\" data-link-track-dtm=\"\" data-mrf-link=\"https:\/\/elpais.com\/america\/2023-12-05\/el-tribunal-constitucional-de-peru-ordena-la-liberacion-inmediata-de-alberto-fujimori.html\">\u00a0Fujimori recibe el indulto presidencial<\/a>\u00a0en la condena por delitos de lesa humanidad y se va a su casa. Prevost le exige entonces p\u00fablicamente que pida perd\u00f3n a las v\u00edctimas del terrorismo de Estado. P\u00e9rez Guadalupe dice que \u201clo de Fujimori fue bien importante\u201d. \u201cCentrado en las v\u00edctimas, le dice de forma directa que tiene que pedir perd\u00f3n, y lo hace de un modo no violento pero con firmeza. M\u00e1s que a Fujimori, fue un mensaje en defensa de las v\u00edctimas. Lo mismo en los casos de pederastia: su posici\u00f3n fue clar\u00edsima a favor de las v\u00edctimas\u201d.<\/p>\n<p class=\"\">Los casos de pederastia a los que refiere el exministro son los del Soladicio para la Vida, una congregaci\u00f3n de ultraderecha creada en Per\u00fa en 1971.\u00a0<a title=\"https:\/\/elpais.com\/america\/2025-05-04\/pedro-salinas-el-periodista-que-propicio-la-caida-del-sodalicio-si-bergoglio-no-hubiese-sido-el-papa-nada-hubiese-ocurrido.html\" href=\"https:\/\/elpais.com\/america\/2025-05-04\/pedro-salinas-el-periodista-que-propicio-la-caida-del-sodalicio-si-bergoglio-no-hubiese-sido-el-papa-nada-hubiese-ocurrido.html\" target=\"_self\" rel=\"\" data-link-track-dtm=\"\" data-mrf-link=\"https:\/\/elpais.com\/america\/2025-05-04\/pedro-salinas-el-periodista-que-propicio-la-caida-del-sodalicio-si-bergoglio-no-hubiese-sido-el-papa-nada-hubiese-ocurrido.html\">Pedro Salinas<\/a>\u00a0es uno de los periodistas que con sus investigaciones propici\u00f3 la ca\u00edda del grupo suprimido por Francisco el 20 de enero pasado, tras revelarse m\u00faltiples casos de violaciones a los derechos humanos contra sus miembros. \u201cEn 25 a\u00f1os de historia de abusos, solo hemos tenido cinco obispos que asumieron el caso del Sodalicio, y uno de ellos fue Prevost\u201d, dice desde Roma, adonde ha viajado para presenciar la elecci\u00f3n del nuevo Papa.<\/p>\n<p>&nbsp;<\/p>\n<figure class=\"a_m a_m-h \">\n<p><div style=\"width: 424px\" class=\"wp-caption alignnone\"><img loading=\"lazy\" decoding=\"async\" class=\"_re lazyload a_m-h\" src=\"https:\/\/imagenes.elpais.com\/resizer\/v2\/SJ6AOPNE24ZZPZT2FE52FX4W4Y.jpg?auth=d50e85cb796a93ae432c9e4d78c78b3dc5ccd41a380fcfb68e75c327a7878cec&amp;width=414\" sizes=\"auto, (min-width:1199px) 1155px,(min-width:1001px) calc(100vw - 44px),(min-width:768px) 767px, 100vw\" srcset=\"https:\/\/imagenes.elpais.com\/resizer\/v2\/SJ6AOPNE24ZZPZT2FE52FX4W4Y.jpg?auth=d50e85cb796a93ae432c9e4d78c78b3dc5ccd41a380fcfb68e75c327a7878cec&amp;width=414 414w,https:\/\/imagenes.elpais.com\/resizer\/v2\/SJ6AOPNE24ZZPZT2FE52FX4W4Y.jpg?auth=d50e85cb796a93ae432c9e4d78c78b3dc5ccd41a380fcfb68e75c327a7878cec&amp;width=828 640w,https:\/\/imagenes.elpais.com\/resizer\/v2\/SJ6AOPNE24ZZPZT2FE52FX4W4Y.jpg?auth=d50e85cb796a93ae432c9e4d78c78b3dc5ccd41a380fcfb68e75c327a7878cec&amp;width=980 1000w,https:\/\/imagenes.elpais.com\/resizer\/v2\/SJ6AOPNE24ZZPZT2FE52FX4W4Y.jpg?auth=d50e85cb796a93ae432c9e4d78c78b3dc5ccd41a380fcfb68e75c327a7878cec&amp;width=1960 1960w\" alt=\"AME6361. CHICLAYO (PER\u00da), 09\/05\/2025.- Fotograf\u00eda del entonces obispo Robert Francis Prevost este viernes, en el obispado de Chiclayo (Per\u00fa). \" width=\"414\" height=\"276\" \/><p class=\"wp-caption-text\">AME6361. CHICLAYO (PER\u00da), 09\/05\/2025.- Fotograf\u00eda del entonces obispo Robert Francis Prevost este viernes, en el obispado de Chiclayo (Per\u00fa).Paolo Aguilar (EFE)<\/p><\/div><figcaption class=\"a_m_p\" aria-hidden=\"true\"><\/figcaption><\/figure>\n<p>&nbsp;<\/p>\n<p class=\"\">\u201cPrevost fue uno lo que hace de intermediario cuando las v\u00edctimas y sobrevivientes reclamamos una reuni\u00f3n con los obispos en Lima. Lamentablemente, ese Episcopado cobarde nos hizo creer que iba a hacer alg\u00fan tipo de acciones, pero no hizo nada. Prevost se diferencia del resto y siempre estuvo atento al caso. Cuando Francisco lo hace cardenal y lo nombra prefecto para el Dicasterio de los Obispos se convierte en uno de los asesores del Papa. Se reun\u00eda con \u00e9l cada s\u00e1bado y el caso del Sodalicio siempre estaba presente. En diciembre del a\u00f1o pasado, fue Prevost quien finalmente nos gestion\u00f3 la reuni\u00f3n con el Papa\u201d, cuenta. Salinas est\u00e1 convencido de que las denuncias de encubrimiento de casos de abuso que Prevost enfrent\u00f3 antes del c\u00f3nclave fueron \u201cuna venganza del Sodalicio junto con la facci\u00f3n m\u00e1s ultraconservadora de la Iglesia\u201d. \u201cLa salida del arzobispo m\u00e1s emblem\u00e1tico del Sodalicio, Jos\u00e9 Antonio Anselmi, fue una decisi\u00f3n conversada entre Prevost y Francisco, y eso no se lo perdonaron jam\u00e1s. Por eso a este Papa hay que cuidarlo\u201d, advierte.<\/p>\n<p>&nbsp;<\/p>\n<figure class=\"a_m a_m-h \">\n<p><div style=\"width: 424px\" class=\"wp-caption alignnone\"><img loading=\"lazy\" decoding=\"async\" class=\"_re lazyload a_m-h\" src=\"https:\/\/imagenes.elpais.com\/resizer\/v2\/G4VJP5PT3G4QUZOVXBJJOPKN7I.jpg?auth=00c5ff389fd717cbdf4f78d64db2762f892bf7801cf5217f2fc741c7109e362e&amp;width=414\" sizes=\"auto, (min-width:1199px) 1155px,(min-width:1001px) calc(100vw - 44px),(min-width:768px) 767px, 100vw\" srcset=\"https:\/\/imagenes.elpais.com\/resizer\/v2\/G4VJP5PT3G4QUZOVXBJJOPKN7I.jpg?auth=00c5ff389fd717cbdf4f78d64db2762f892bf7801cf5217f2fc741c7109e362e&amp;width=414 414w,https:\/\/imagenes.elpais.com\/resizer\/v2\/G4VJP5PT3G4QUZOVXBJJOPKN7I.jpg?auth=00c5ff389fd717cbdf4f78d64db2762f892bf7801cf5217f2fc741c7109e362e&amp;width=828 640w,https:\/\/imagenes.elpais.com\/resizer\/v2\/G4VJP5PT3G4QUZOVXBJJOPKN7I.jpg?auth=00c5ff389fd717cbdf4f78d64db2762f892bf7801cf5217f2fc741c7109e362e&amp;width=980 1000w,https:\/\/imagenes.elpais.com\/resizer\/v2\/G4VJP5PT3G4QUZOVXBJJOPKN7I.jpg?auth=00c5ff389fd717cbdf4f78d64db2762f892bf7801cf5217f2fc741c7109e362e&amp;width=1960 1960w\" alt=\"Robert Francis Prevost, participa en las celebraciones para conmemorar el 60.\u00ba aniversario de la fundaci\u00f3n de la Di\u00f3cesis de Chiclayo, el 10 de agosto de 2024. \" width=\"414\" height=\"276\" \/><p class=\"wp-caption-text\">Robert Francis Prevost, participa en las celebraciones para conmemorar el 60.\u00ba aniversario de la fundaci\u00f3n de la Di\u00f3cesis de Chiclayo, el 10 de agosto de 2024. Foto DPA v\u00eda Europa Press (DPA v\u00eda Europa Press)<\/p><\/div><figcaption class=\"a_m_p\" aria-hidden=\"true\"><\/figcaption><\/figure>\n<p>&nbsp;<\/p>\n<p class=\"\">Prevost es callado y extremadamente reservado, pero sabe lo que quiere, dicen quienes lo han tratado. Monse\u00f1or Cornejo lo reemplaz\u00f3 en el obispado de Chiclayo y recuerda perfectamente la recomendaci\u00f3n que recibi\u00f3 de su predecesor. \u201cEn pol\u00edtica es muy prudente\u201d, cuenta. \u201cCuando lo reemplac\u00e9 me recomend\u00f3 que fuese a los eventos a los que me invitasen, que hablase con los alcaldes. Yo segu\u00ed su consejo todo ese tiempo que estuve all\u00e1. Me dec\u00eda que siempre que hubiese una oportunidad de hacer presente a la Iglesia, no hab\u00eda que desaprovecharla. Por eso era una persona muy cercana a las autoridades\u201d, explica.<\/p>\n<p class=\"\">P\u00e9rez Guadalupe coincide en que este perfil pol\u00edtico de Prevost es el que lo lleva, finalmente, a la Conferencia Episcopal como parte de una estrategia m\u00e1s amplia planificada desde el Vaticano. \u201cLa Conferencia Episcopal no representaba a la Iglesia peruana porque estaba controlada por el Opus Dei, que en Per\u00fa no tiene tradici\u00f3n, ni parroquias ni nada. La punta de lanza del giro que quiso darle Francisco a la situaci\u00f3n fue Prevost. Y lo pusieron a prueba. Le fue bien porque tiene una gran capacidad conciliatoria. Lleg\u00f3 a ser vicepresidente de la Conferencia y eso es raro siendo extranjero\u201d, dice.<\/p>\n<p class=\"\">Y tras el pol\u00edtico, otra vez el hombre que cultivaba la amistad y las pocas palabras. El padre Pablo rememora el \u00faltimo encuentro en el Vaticano con su amigo, ya cardenal: \u201cYo siempre le dije Roberto. La \u00faltima vez que nos vimos le pregunt\u00e9 c\u00f3mo deb\u00eda llamarlo, si eminencia o cardenal. Me dijo \u2018oye, como te digo yo a ti\u2019. Pablo, le respond\u00ed. \u2018Pues yo soy Roberto\u201d. As\u00ed, con esa sencillez, Prevost dej\u00f3 su marca en un pa\u00eds que ahora lo siente como propio. \u201cA la vida le dar\u00eda cinco minutos m\u00e1s para entender\u201d, dice el padre Pablo, \u201cy Prevost le da 15 minutos. Por eso es Papa\u201d.<\/p>\n","protected":false},"excerpt":{"rendered":"<p>&nbsp; &#8211; Le\u00f3n XIV deja una huella profunda tras m\u00e1s de 20 a\u00f1os en Per\u00fa, su segunda patria religiosa &nbsp; En Per\u00fa no tienen dudas.\u00a0Le\u00f3n&hellip;<\/p>\n","protected":false},"author":99,"featured_media":531860,"comment_status":"open","ping_status":"open","sticky":false,"template":"","format":"standard","meta":{"footnotes":""},"categories":[],"tags":[],"class_list":["post-531859","post","type-post","status-publish","format-standard","has-post-thumbnail","hentry"],"_links":{"self":[{"href":"https:\/\/diarioelpopular.com\/index.php\/wp-json\/wp\/v2\/posts\/531859","targetHints":{"allow":["GET"]}}],"collection":[{"href":"https:\/\/diarioelpopular.com\/index.php\/wp-json\/wp\/v2\/posts"}],"about":[{"href":"https:\/\/diarioelpopular.com\/index.php\/wp-json\/wp\/v2\/types\/post"}],"author":[{"embeddable":true,"href":"https:\/\/diarioelpopular.com\/index.php\/wp-json\/wp\/v2\/users\/99"}],"replies":[{"embeddable":true,"href":"https:\/\/diarioelpopular.com\/index.php\/wp-json\/wp\/v2\/comments?post=531859"}],"version-history":[{"count":1,"href":"https:\/\/diarioelpopular.com\/index.php\/wp-json\/wp\/v2\/posts\/531859\/revisions"}],"predecessor-version":[{"id":531861,"href":"https:\/\/diarioelpopular.com\/index.php\/wp-json\/wp\/v2\/posts\/531859\/revisions\/531861"}],"wp:featuredmedia":[{"embeddable":true,"href":"https:\/\/diarioelpopular.com\/index.php\/wp-json\/wp\/v2\/media\/531860"}],"wp:attachment":[{"href":"https:\/\/diarioelpopular.com\/index.php\/wp-json\/wp\/v2\/media?parent=531859"}],"wp:term":[{"taxonomy":"category","embeddable":true,"href":"https:\/\/diarioelpopular.com\/index.php\/wp-json\/wp\/v2\/categories?post=531859"},{"taxonomy":"post_tag","embeddable":true,"href":"https:\/\/diarioelpopular.com\/index.php\/wp-json\/wp\/v2\/tags?post=531859"}],"curies":[{"name":"wp","href":"https:\/\/api.w.org\/{rel}","templated":true}]}}