{"id":531867,"date":"2025-05-10T09:34:06","date_gmt":"2025-05-10T13:34:06","guid":{"rendered":"https:\/\/diarioelpopular.com\/?p=531867"},"modified":"2025-05-10T09:34:06","modified_gmt":"2025-05-10T13:34:06","slug":"sheinbaum-confirmo-demanda-a-google-por-cambio-de-nombre-del-golfo-de-mexico","status":"publish","type":"post","link":"https:\/\/diarioelpopular.com\/index.php\/2025\/05\/10\/sheinbaum-confirmo-demanda-a-google-por-cambio-de-nombre-del-golfo-de-mexico\/","title":{"rendered":"Sheinbaum confirm\u00f3 demanda a Google por cambio de nombre del Golfo de M\u00e9xico"},"content":{"rendered":"<p><img loading=\"lazy\" decoding=\"async\" class=\"alignnone size-custom-big-size wp-image-531868\" src=\"https:\/\/diarioelpopular.com\/wp-content\/uploads\/2025\/05\/Screen-Shot-2025-05-10-at-9.33.32-AM-1200x874.png\" alt=\"\" width=\"1200\" height=\"874\" srcset=\"https:\/\/diarioelpopular.com\/wp-content\/uploads\/2025\/05\/Screen-Shot-2025-05-10-at-9.33.32-AM-1200x874.png 1200w, https:\/\/diarioelpopular.com\/wp-content\/uploads\/2025\/05\/Screen-Shot-2025-05-10-at-9.33.32-AM-300x219.png 300w, https:\/\/diarioelpopular.com\/wp-content\/uploads\/2025\/05\/Screen-Shot-2025-05-10-at-9.33.32-AM-768x559.png 768w, https:\/\/diarioelpopular.com\/wp-content\/uploads\/2025\/05\/Screen-Shot-2025-05-10-at-9.33.32-AM-636x463.png 636w, https:\/\/diarioelpopular.com\/wp-content\/uploads\/2025\/05\/Screen-Shot-2025-05-10-at-9.33.32-AM-100x73.png 100w, https:\/\/diarioelpopular.com\/wp-content\/uploads\/2025\/05\/Screen-Shot-2025-05-10-at-9.33.32-AM.png 1024w\" sizes=\"auto, (max-width: 1200px) 100vw, 1200px\" \/><\/p>\n<p>&nbsp;<\/p>\n<div id=\"\" class=\"portlet-boundary portlet-static-end content-viewer-portlet last full-access norestricted\">\n<div class=\"ecr_articulo_titulo_multimedia art_27362413\">\n<div class=\"block-headline\">\n<ul>\n<li class=\"lead cita\"><em><strong>La C\u00e1mara de Representantes de EE. UU. aprob\u00f3 un proyecto de ley para cambiar oficialmente la nomenclatura.<\/strong><\/em><\/li>\n<\/ul>\n<\/div>\n<div class=\"block-image\">\n<div class=\"multimediaMacroWrapper\">\n<div class=\"slick-list draggable\">\n<div class=\"slick-track\"><\/div>\n<\/div>\n<\/div>\n<\/div>\n<\/div>\n<\/div>\n<div id=\"\" class=\"portlet-boundary portlet-static-end htmlcontainer-portlet\">\n<div>\n<div id=\"powerbeans-widget\" class=\"pb-tw light\" data-current-content=\"https:\/\/www.elcolombiano.com\/internacional\/claudia-sheinbaum-demanda-google-golfo-de-mexico-golfo-de-america-trump-EA27362413\" data-should-refetch=\"false\" data-refetching=\"false\" data-mounted=\"true\" data-fetched=\"true\">\n<div class=\"App !beans-px-[16px] !beans-pt-[12px] !beans-pb-[8px] beans-bg-primary beans-relative beans-flex beans-justify-around beans-flex-row beans-items-center beans-rounded-xl beans-py-1 beans-px-3 beans-drop-shadow-md\">\n<div id=\"powerbeans-player-container\" class=\"!beans-flex beans-items-center beans-justify-center !beans-w-full\">\n<div class=\"beans-flex beans-flex-col !beans-w-full\">\n<div class=\"beans-flex beans-flex-col\">\n<div class=\"beans-flex beans-grow\">\n<div class=\"beans-flex beans-mr-[12px]\">\n<div class=\"beans-ml-[3px] beans-flex beans-justify-center\"><\/div>\n<\/div>\n<div class=\"beans-flex beans-flex-col beans-grow\">\n<div class=\"beans-flex beans-gap-[4px] beans-w-full\">\n<p>La presidente mexicana, <a href=\"https:\/\/www.elcolombiano.com\/cronologia\/noticias\/meta\/claudia-sheinbaum\" target=\"_blank\" rel=\"noopener noreferrer\">Claudia Sheinbaum<\/a>, anunci\u00f3 este viernes que su gobierno demand\u00f3 a la gigante tecnol\u00f3gica Google\u00a0por cambiar el nombre del Golfo de M\u00e9xico por Golfo de Am\u00e9rica en los mapas de su plataforma en Estados Unidos, tras un decreto del presidente republicano Donald Trump.<\/p>\n<p>Google \u201cya est\u00e1 demandado\u201d, dijo la mandataria durante su habitual conferencia de prensa matutina, sin especificar cu\u00e1ndo o d\u00f3nde fue presentada la demanda.<\/p>\n<p>\u201cLo que decimos es que Google le ponga Golfo de Am\u00e9rica donde es Golfo de Am\u00e9rica, que es la parte que le corresponde al territorio de Estados Unidos y le ponga Golfo de M\u00e9xico a la parte territorial que le corresponde a M\u00e9xico y a Cuba\u201d, agreg\u00f3.<\/p>\n<p>Sin embargo, el tema no ha sido abordado durante las conversaciones telef\u00f3nicas que sostuvo \u00faltimamente con Trump, admiti\u00f3 Sheinbaum.<\/p>\n<p>El pasado 20 de enero, en el primer d\u00eda de su segundo mandato,\u00a0Trump firm\u00f3 un decreto que cambi\u00f3 la denominaci\u00f3n del\u00a0<a href=\"https:\/\/www.elcolombiano.com\/cronologia\/noticias\/meta\/golfo-de-mexico\" target=\"_blank\" rel=\"noopener noreferrer\">Golfo de M\u00e9xico<\/a>\u00a0por el nombre de Golfo de Am\u00e9rica.<\/p>\n<p>Sheinbaum respondi\u00f3 ir\u00f3nicamente al decreto de Trump sugiriendo llamar a Estados Unidos \u201cAm\u00e9rica Mexicana\u201d, bas\u00e1ndose en mapas del siglo XVII, cuando gran parte del territorio occidental estadounidense pertenec\u00eda a M\u00e9xico.<\/p>\n<p>La decisi\u00f3n de Trump fue respaldada el jueves por la C\u00e1mara de Representantes estadounidense, que aprob\u00f3 un proyecto de ley para cambiar oficialmente la nomenclatura.<\/p>\n<p>Adem\u00e1s de Google,\u00a0otra gigante tecnol\u00f3gica, Apple, modific\u00f3 el nombre en sus mapas para los usuarios estadounidenses.<\/p>\n<p>Sheinbaum hab\u00eda enviado ya dos cartas a Google cuestionando la determinaci\u00f3n de la corporaci\u00f3n californiana y amenazado con recurrir a tribunales.<\/p>\n<p>Las autoridades mexicanas han argumentado que el nombre actual del golfo es\u00a0\u201cuna denominaci\u00f3n aceptada y registrada hist\u00f3ricamente, lo cual adem\u00e1s de constituir una costumbre internacional, se encuentra registrado legalmente en los \u00edndices de la Organizaci\u00f3n Hidrogr\u00e1fica Internacional (OHI)\u201d,\u00a0de la cual hacen parte Estados Unidos como M\u00e9xico.<\/p>\n<p>Este no ser\u00eda el \u00fanico golfo al que Donald Trump quiere cambiarle el nombre, pues de acuerdo con medios estadounidenses,\u00a0se pretende hacer lo mismo con el golfo P\u00e9rsico. Este pasar\u00eda a denominarse golfo de Arabia. La idea podr\u00eda ser lanzada en la gira por Oriente Medio en donde el gobierno de Estados Unidos estar\u00e1 en Arabia Saud\u00ed, Qatar y Emiratos \u00c1rabes Unidos.<\/p>\n<\/div>\n<\/div>\n<\/div>\n<\/div>\n<\/div>\n<\/div>\n<\/div>\n<\/div>\n<\/div>\n<\/div>\n","protected":false},"excerpt":{"rendered":"<p>&nbsp; La C\u00e1mara de Representantes de EE. UU. aprob\u00f3 un proyecto de ley para cambiar oficialmente la nomenclatura. La presidente mexicana, Claudia Sheinbaum, anunci\u00f3 este&hellip;<\/p>\n","protected":false},"author":99,"featured_media":531868,"comment_status":"open","ping_status":"open","sticky":false,"template":"","format":"standard","meta":{"footnotes":""},"categories":[],"tags":[],"class_list":["post-531867","post","type-post","status-publish","format-standard","has-post-thumbnail","hentry"],"_links":{"self":[{"href":"https:\/\/diarioelpopular.com\/index.php\/wp-json\/wp\/v2\/posts\/531867","targetHints":{"allow":["GET"]}}],"collection":[{"href":"https:\/\/diarioelpopular.com\/index.php\/wp-json\/wp\/v2\/posts"}],"about":[{"href":"https:\/\/diarioelpopular.com\/index.php\/wp-json\/wp\/v2\/types\/post"}],"author":[{"embeddable":true,"href":"https:\/\/diarioelpopular.com\/index.php\/wp-json\/wp\/v2\/users\/99"}],"replies":[{"embeddable":true,"href":"https:\/\/diarioelpopular.com\/index.php\/wp-json\/wp\/v2\/comments?post=531867"}],"version-history":[{"count":1,"href":"https:\/\/diarioelpopular.com\/index.php\/wp-json\/wp\/v2\/posts\/531867\/revisions"}],"predecessor-version":[{"id":531869,"href":"https:\/\/diarioelpopular.com\/index.php\/wp-json\/wp\/v2\/posts\/531867\/revisions\/531869"}],"wp:featuredmedia":[{"embeddable":true,"href":"https:\/\/diarioelpopular.com\/index.php\/wp-json\/wp\/v2\/media\/531868"}],"wp:attachment":[{"href":"https:\/\/diarioelpopular.com\/index.php\/wp-json\/wp\/v2\/media?parent=531867"}],"wp:term":[{"taxonomy":"category","embeddable":true,"href":"https:\/\/diarioelpopular.com\/index.php\/wp-json\/wp\/v2\/categories?post=531867"},{"taxonomy":"post_tag","embeddable":true,"href":"https:\/\/diarioelpopular.com\/index.php\/wp-json\/wp\/v2\/tags?post=531867"}],"curies":[{"name":"wp","href":"https:\/\/api.w.org\/{rel}","templated":true}]}}