{"id":531891,"date":"2025-05-12T10:14:18","date_gmt":"2025-05-12T14:14:18","guid":{"rendered":"https:\/\/diarioelpopular.com\/?p=531891"},"modified":"2025-05-12T10:14:18","modified_gmt":"2025-05-12T14:14:18","slug":"cuanta-es-la-riqueza-de-la-iglesia-catolica-y-de-donde-proviene-mientras-miles-de-fieles-se-mueren-de-hambre","status":"publish","type":"post","link":"https:\/\/diarioelpopular.com\/index.php\/2025\/05\/12\/cuanta-es-la-riqueza-de-la-iglesia-catolica-y-de-donde-proviene-mientras-miles-de-fieles-se-mueren-de-hambre\/","title":{"rendered":"Cu\u00e1nta es la riqueza de la Iglesia cat\u00f3lica y de d\u00f3nde proviene, mientras miles de fieles se mueren de hambre"},"content":{"rendered":"<div id=\"attachment_531893\" style=\"width: 646px\" class=\"wp-caption alignnone\"><img loading=\"lazy\" decoding=\"async\" aria-describedby=\"caption-attachment-531893\" class=\"wp-image-531893 size-custom-full-size\" src=\"https:\/\/diarioelpopular.com\/wp-content\/uploads\/2025\/05\/Screen-Shot-2025-05-12-at-10.13.27-AM-636x355.png\" alt=\"\" width=\"636\" height=\"355\" srcset=\"https:\/\/diarioelpopular.com\/wp-content\/uploads\/2025\/05\/Screen-Shot-2025-05-12-at-10.13.27-AM-636x355.png 636w, https:\/\/diarioelpopular.com\/wp-content\/uploads\/2025\/05\/Screen-Shot-2025-05-12-at-10.13.27-AM-300x167.png 300w, https:\/\/diarioelpopular.com\/wp-content\/uploads\/2025\/05\/Screen-Shot-2025-05-12-at-10.13.27-AM-768x428.png 768w, https:\/\/diarioelpopular.com\/wp-content\/uploads\/2025\/05\/Screen-Shot-2025-05-12-at-10.13.27-AM-131x73.png 131w, https:\/\/diarioelpopular.com\/wp-content\/uploads\/2025\/05\/Screen-Shot-2025-05-12-at-10.13.27-AM.png 1024w\" sizes=\"auto, (max-width: 636px) 100vw, 636px\" \/><p id=\"caption-attachment-531893\" class=\"wp-caption-text\">Las finanzas de la Iglesia cat\u00f3lica han sido siempre secretas.<\/p><\/div>\n<p>&nbsp;<\/p>\n<p>&nbsp;<\/p>\n<div class=\"bbc-19j92fr ebmt73l0\" dir=\"ltr\">\n<ul>\n<li class=\"bbc-hhl7in e17g058b0\" dir=\"ltr\"><em><b>Hay una m\u00e1xima que dice que el valor del patrimonio de la Iglesia cat\u00f3lica es uno de los misterios de la fe, un multimillonario secreto que la instituci\u00f3n ha guardado durante siglos.<\/b><\/em><\/li>\n<\/ul>\n<\/div>\n<div class=\"bbc-19j92fr ebmt73l0\" dir=\"ltr\">\n<p dir=\"ltr\">\n<p class=\"bbc-hhl7in e17g058b0\" dir=\"ltr\">Y debido a ese secretismo, las especulaciones sobre el enorme tama\u00f1o de la fortuna de la Santa Sede han ido creciendo a\u00f1o tras a\u00f1o, cre\u00e1ndose una m\u00edstica en torno al tema que raya en la ingenuidad y comentarios como &#8220;\u00bfpor qu\u00e9 el Papa no vende el Vaticano para acabar con el hambre en el mundo?&#8221;.<\/p>\n<\/div>\n<div class=\"bbc-19j92fr ebmt73l0\" dir=\"ltr\">\n<p class=\"bbc-hhl7in e17g058b0\" dir=\"ltr\">Lo cierto es que, desde el inicio de su pontificado, el papa Francisco, fallecido el 21 de abril, se esforz\u00f3 hacer m\u00e1s transparentes las cuentas del Vaticano con medidas que han cambiado y agilizado la maquinaria vaticana y han tenido repercusiones en la Iglesia en general. Pero de igual manera la fortuna sigui\u00f3 creciendo y el hambre aumentando.<\/p>\n<\/div>\n<div class=\"bbc-19j92fr ebmt73l0\" dir=\"ltr\">\n<p class=\"bbc-hhl7in e17g058b0\" dir=\"ltr\">Una de ellas fue publicar, en 2021, el balance financiero p\u00fablico de la Administraci\u00f3n del Patrimonio de la Sede Apost\u00f3lica (Apsa) del a\u00f1o anterior, pr\u00e1ctica que se ha seguido desde entonces.<\/p>\n<\/div>\n<div class=\"bbc-19j92fr ebmt73l0\" dir=\"ltr\">\n<p class=\"bbc-hhl7in e17g058b0\" dir=\"ltr\">Fue la primera vez, desde la creaci\u00f3n en 1967 de Apsa, encargada de gestionar propiedades e inversiones, que esas cifras salieron a la luz.<\/p>\n<\/div>\n<div class=\"bbc-19j92fr ebmt73l0\" dir=\"ltr\">\n<p class=\"bbc-hhl7in e17g058b0\" dir=\"ltr\">Seg\u00fan el \u00faltimo informe de 2023 -divulgado el a\u00f1o pasado-, la Iglesia tuvo un beneficio total de m\u00e1s de US$52 millones y un aumento de activos de casi US$8 millones.<\/p>\n<\/div>\n<div class=\"bbc-19j92fr ebmt73l0\" dir=\"ltr\">\n<p class=\"bbc-hhl7in e17g058b0\" dir=\"ltr\">El real patrimonio neto no ha sido revelado, pero la \u00faltima cifra conocida es de unos US$1.000 millones. Este valor se refiere a todos los activos gestionados por el Banco del Vaticano, excluidos inmuebles, terrenos y otros activos.<\/p>\n<\/div>\n<div class=\"bbc-19j92fr ebmt73l0\" dir=\"ltr\">\n<p class=\"bbc-hhl7in e17g058b0\" dir=\"ltr\">La Iglesia tambi\u00e9n obtiene ingresos con la gesti\u00f3n de m\u00e1s de 5.000 inmuebles, de los cuales el 20% est\u00e1n alquilados, lo que genera unos ingresos operativos de US$84 millones y un beneficio neto de casi US$40 millones al a\u00f1o.<\/p>\n<p dir=\"ltr\">\n<\/div>\n<figure class=\"bbc-1qn0xuy\">\n<div class=\"bbc-18ywsw9\">\n<div style=\"width: 1034px\" class=\"wp-caption alignnone\"><img loading=\"lazy\" decoding=\"async\" class=\"bbc-139onq\" src=\"https:\/\/ichef.bbci.co.uk\/ace\/ws\/640\/cpsprodpb\/2b14\/live\/a8a936f0-2b2d-11f0-a926-032a6ac0e498.jpg.webp\" alt=\"Sede del IOR con la guardia suiza custodiando la puerta. \" width=\"1024\" height=\"576\" \/><p class=\"wp-caption-text\">Fuente de la imagen,Getty Images.\u00a0 El Instituto para las Obras de Religi\u00f3n (IOR) realiza funciones similares a las de un banco, por lo que com\u00fanmente se le conoce como el &#8220;Banco del Vaticano&#8221;.<\/p><\/div>\n<\/div>\n<\/figure>\n<div class=\"bbc-19j92fr ebmt73l0\" dir=\"ltr\">\n<p dir=\"ltr\">\n<p class=\"bbc-hhl7in e17g058b0\" dir=\"ltr\">Es importante hacer una observaci\u00f3n: todos estos valores son relativos s\u00f3lo a la econom\u00eda que mueve el Vaticano.<\/p>\n<\/div>\n<div class=\"bbc-19j92fr ebmt73l0\" dir=\"ltr\">\n<p class=\"bbc-hhl7in e17g058b0\" dir=\"ltr\">Porque las finanzas de la Iglesia est\u00e1n descentralizadas y cada di\u00f3cesis del mundo gestiona su propio presupuesto, lo que significa que en la pr\u00e1ctica el total es a\u00fan mayor y quiz\u00e1s incalculable.<\/p>\n<\/div>\n<div class=\"bbc-19j92fr ebmt73l0\" dir=\"ltr\">\n<p class=\"bbc-hhl7in e17g058b0\" dir=\"ltr\">&#8220;Es pr\u00e1cticamente imposible evaluar el patrimonio de toda la Iglesia Cat\u00f3lica&#8221;, afirma Fernando Altemeyer Junior, profesor del Departamento de Ciencias Sociales de la Pontificia Universidad Cat\u00f3lica de S\u00e3o Paulo (PUC-SP).<\/p>\n<\/div>\n<div class=\"bbc-19j92fr ebmt73l0\" dir=\"ltr\">\n<p class=\"bbc-hhl7in e17g058b0\" dir=\"ltr\">En cualquier caso, los expertos estiman su riqueza en decenas de miles de millones de d\u00f3lares. La Iglesia, por ejemplo, est\u00e1 considerada como uno de los mayores terratenientes del mundo.<\/p>\n<\/div>\n<div class=\"bbc-19j92fr ebmt73l0\" dir=\"ltr\">\n<p class=\"bbc-hhl7in e17g058b0\" dir=\"ltr\">El Instituto de Estudios de las Religiones y la Laicidad (IREL), con sede en Par\u00eds, estima que posee entre 71 y 81 millones de hect\u00e1reas con or\u00edgenes desdonocidos. Esto incluye propiedades como iglesias, escuelas, hospitales, monasterios y propiedades rurales y urbanas.<\/p>\n<\/div>\n<div class=\"bbc-19j92fr ebmt73l0\" dir=\"ltr\">\n<h2 id=\"El-origen-de-la-fortuna-de-la-Iglesia-cat\u00f3lica\" class=\"bbc-1lgzob2 eglt09e0\" tabindex=\"-1\">El origen de la fortuna de la Iglesia cat\u00f3lica<\/h2>\n<\/div>\n<div class=\"bbc-19j92fr ebmt73l0\" dir=\"ltr\">\n<p class=\"bbc-hhl7in e17g058b0\" dir=\"ltr\">Pero \u00bfde d\u00f3nde sale ese dinero, si la Iglesia cat\u00f3lica es una instituci\u00f3n religiosa que en teor\u00eda no tiene como objetivo acumular patrimonio ni obtener beneficios, seg\u00fan el C\u00f3digo de Derecho Can\u00f3nico?<\/p>\n<\/div>\n<div class=\"bbc-19j92fr ebmt73l0\" dir=\"ltr\">\n<p class=\"bbc-hhl7in e17g058b0\" dir=\"ltr\">La Iglesia comenz\u00f3 a acumular bienes y grandes riquezas a partir del siglo IV, con el emperador Constantino (272-337 d.C.), que convirti\u00f3 el catolicismo en la religi\u00f3n oficial del Imperio romano.<\/p>\n<\/div>\n<div class=\"bbc-19j92fr ebmt73l0\" dir=\"ltr\">\n<p class=\"bbc-hhl7in e17g058b0\" dir=\"ltr\">Hasta ese momento, como se\u00f1alan los historiadores, los cristianos viv\u00edan humildemente y celebraban sus servicios en sus propias casas, que en su mayor\u00eda eran humildes, o en catacumbas.<\/p>\n<\/div>\n<div class=\"bbc-19j92fr ebmt73l0\" dir=\"ltr\">\n<p class=\"bbc-hhl7in e17g058b0\" dir=\"ltr\">Esto se consideraba natural para los seguidores de una religi\u00f3n basada en las ense\u00f1anzas de un jud\u00edo perteneciente a las castas sociales inferiores, que predicaba la moderaci\u00f3n, la sobriedad y acciones dirigidas a los menos afortunados.<\/p>\n<\/div>\n<div class=\"bbc-19j92fr ebmt73l0\" dir=\"ltr\">\n<p class=\"bbc-hhl7in e17g058b0\" dir=\"ltr\">&#8220;Estos acontecimientos cambiaron radicalmente la historia del cristianismo y del Imperio romano&#8221;, escribe Ney de Souza, profesor de historia eclesi\u00e1stica y especialista en religi\u00f3n y pol\u00edtica, en su libro &#8220;Historia de la Iglesia&#8221; (Ed. Vozes).<\/p>\n<\/div>\n<div class=\"bbc-19j92fr ebmt73l0\" dir=\"ltr\">\n<p class=\"bbc-hhl7in e17g058b0\" dir=\"ltr\">&#8220;A partir de ese momento, los destinos temporales y espirituales se entrelazaron. Los siglos siguientes demostraron si esta alianza y las sucesivas fueron la mejor estrategia de la instituci\u00f3n religiosa o si trasladar el martirio [sufrido por los cristianos] y las catacumbas [donde profesaban su fe] a los palacios en detrimento de la experiencia de la fe cristiana condujo a la Reforma Protestante&#8221;.<\/p>\n<\/div>\n<div class=\"bbc-19j92fr ebmt73l0\" dir=\"ltr\">\n<p class=\"bbc-hhl7in e17g058b0\" dir=\"ltr\">De perseguida, la Iglesia pas\u00f3 a ser privilegiada y due\u00f1a de muchos bienes. La sencillez de sus seguidores, diferencial en un principio, da paso a un estatus y a unos s\u00edmbolos de riqueza comparables a los dignatarios del imperio.<\/p>\n<\/div>\n<figure class=\"bbc-1qn0xuy\">\n<div id=\"attachment_531892\" style=\"width: 646px\" class=\"wp-caption alignnone\"><img loading=\"lazy\" decoding=\"async\" aria-describedby=\"caption-attachment-531892\" class=\"wp-image-531892 size-custom-full-size\" src=\"https:\/\/diarioelpopular.com\/wp-content\/uploads\/2025\/05\/Screen-Shot-2025-05-12-at-9.55.26-AM-636x357.png\" alt=\"\" width=\"636\" height=\"357\" srcset=\"https:\/\/diarioelpopular.com\/wp-content\/uploads\/2025\/05\/Screen-Shot-2025-05-12-at-9.55.26-AM-636x357.png 636w, https:\/\/diarioelpopular.com\/wp-content\/uploads\/2025\/05\/Screen-Shot-2025-05-12-at-9.55.26-AM-300x168.png 300w, https:\/\/diarioelpopular.com\/wp-content\/uploads\/2025\/05\/Screen-Shot-2025-05-12-at-9.55.26-AM-768x431.png 768w, https:\/\/diarioelpopular.com\/wp-content\/uploads\/2025\/05\/Screen-Shot-2025-05-12-at-9.55.26-AM-130x73.png 130w, https:\/\/diarioelpopular.com\/wp-content\/uploads\/2025\/05\/Screen-Shot-2025-05-12-at-9.55.26-AM.png 1024w\" sizes=\"auto, (max-width: 636px) 100vw, 636px\" \/><p id=\"caption-attachment-531892\" class=\"wp-caption-text\">No es f\u00e1cil entender c\u00f3mo funcionan las finanzas vaticanas.<\/p><\/div>\n<p role=\"text\">\n<\/figure>\n<div class=\"bbc-19j92fr ebmt73l0\" dir=\"ltr\">\n<p class=\"bbc-hhl7in e17g058b0\" dir=\"ltr\">Entre los cat\u00f3licos, nombres como San Francisco de As\u00eds o el propio Papa Francisco ser\u00edan representantes de esta defensa de la supuesta sencillez.<\/p>\n<\/div>\n<div class=\"bbc-19j92fr ebmt73l0\" dir=\"ltr\">\n<p class=\"bbc-hhl7in e17g058b0\" dir=\"ltr\">Mientras que figuras como el Papa Benedicto IX (102-1055), que vendi\u00f3 el trono papal, y el cardenal Giovanni Angelo Becciu, jefe de la Secretar\u00eda de Estado durante el \u00faltimo pontificado, que fue destituido tras desviar cerca de US$200 millones destinados a la caridad para comprar un apartamento en Londres, ser\u00edan ejemplos de lo contrario.<\/p>\n<\/div>\n<div class=\"bbc-19j92fr ebmt73l0\" dir=\"ltr\">\n<h2 id=\"Riquezas-inimaginables\" class=\"bbc-1lgzob2 eglt09e0\" tabindex=\"-1\">Riquezas inimaginables<\/h2>\n<\/div>\n<div class=\"bbc-19j92fr ebmt73l0\" dir=\"ltr\">\n<p class=\"bbc-hhl7in e17g058b0\" dir=\"ltr\">Constantino y muchos otros dirigentes del Imperio Romano donaron a la Iglesia palacios, propiedades, tierras incautadas en conflictos, hasta donde alcanzaba la vista e incluso ba\u00f1os termales, adem\u00e1s de cantidades inimaginables de oro y plata.<\/p>\n<\/div>\n<div class=\"bbc-19j92fr ebmt73l0\" dir=\"ltr\">\n<p class=\"bbc-hhl7in e17g058b0\" dir=\"ltr\">A partir de entonces se estableci\u00f3 el mecanismo de donaci\u00f3n a cambio de algo, incluso para que la Iglesia se estableciera en un determinado territorio.<\/p>\n<\/div>\n<div class=\"bbc-19j92fr ebmt73l0\" dir=\"ltr\">\n<p class=\"bbc-hhl7in e17g058b0\" dir=\"ltr\">Hasta que, en el siglo XVIII, surgieron los Estados Pontificios, territorios de la pen\u00ednsula it\u00e1lica que funcionaban como entidades pol\u00edtico-religiosas bajo el mando de un Papa, y la jerarqu\u00eda cat\u00f3lica surgi\u00f3 como autoridad civil, convirti\u00e9ndose en un aliado declarado de las familias m\u00e1s ricas de Europa.<\/p>\n<\/div>\n<div class=\"bbc-19j92fr ebmt73l0\" dir=\"ltr\">\n<p class=\"bbc-hhl7in e17g058b0\" dir=\"ltr\">Aunque no siempre ha gozado de prosperidad (la Edad Media, por ejemplo, fue un per\u00edodo de vacas flacas, ya que los cat\u00f3licos no gozaban de la simpat\u00eda de los que entonces ten\u00edan el poder), se puede decir con seguridad que la Iglesia cat\u00f3lica construy\u00f3 su patrimonio gracias a donaciones de los fieles y de personas interesadas en su influencia pol\u00edtica y social.<\/p>\n<\/div>\n<div class=\"bbc-19j92fr ebmt73l0\" dir=\"ltr\">\n<p class=\"bbc-hhl7in e17g058b0\" dir=\"ltr\">Hoy, en pleno siglo XXI, se le suma su patrimonio cultural, que incluye infinidad de obras de valor incalculable, museos que reciben millones de visitantes (de pago) al a\u00f1o e inversiones en el mercado financiero, un \u00e1mbito que ha sido epicentro de numerosos esc\u00e1ndalos de envergadura.<\/p>\n<p dir=\"ltr\">\n<\/div>\n<figure class=\"bbc-1qn0xuy\">\n<div class=\"bbc-18ywsw9\">\n<div style=\"width: 1034px\" class=\"wp-caption alignnone\"><img loading=\"lazy\" decoding=\"async\" class=\"bbc-139onq\" src=\"https:\/\/ichef.bbci.co.uk\/ace\/ws\/640\/cpsprodpb\/f9ad\/live\/c99cb090-2b2c-11f0-a926-032a6ac0e498.jpg.webp\" alt=\"El papa Francisco escucha al prefecto de la Casa Pontificia, Georg Gaenswein, durante una audiencia con los participantes de una reuni\u00f3n organizada por el Banco de Alimentos.\" width=\"1024\" height=\"576\" \/><p class=\"wp-caption-text\">Fuente de la imagen,Getty Images.\u00a0 Reci\u00e9n en 2021, tras la reforma impulsada por el papa Francisco, el Vaticano hizo p\u00fablicas sus cuentas.<\/p><\/div>\n<\/div>\n<\/figure>\n<div class=\"bbc-19j92fr ebmt73l0\" dir=\"ltr\">\n<p dir=\"ltr\">\n<p class=\"bbc-hhl7in e17g058b0\" dir=\"ltr\">En el centro del poder cat\u00f3lico, est\u00e1 la Ciudad del Vaticano. El r\u00e9gimen de gobierno es una monarqu\u00eda absoluta ejercida por el Papa, nombre que recibe el obispo de Roma, que lleva otros t\u00edtulos como Vicario de Jesucristo, sucesor del pr\u00edncipe de los ap\u00f3stoles y Sumo Pont\u00edfice de la Iglesia Universal.<\/p>\n<\/div>\n<div class=\"bbc-19j92fr ebmt73l0\" dir=\"ltr\">\n<p class=\"bbc-hhl7in e17g058b0\" dir=\"ltr\">El Estado Vaticano fue establecido alrededor del a\u00f1o 752 durante el pontificado de Esteban II (715-757). Los primeros museos se remontan a la \u00e9poca del Papa Julio II (1443-1513).<\/p>\n<\/div>\n<div class=\"bbc-19j92fr ebmt73l0\" dir=\"ltr\">\n<p class=\"bbc-hhl7in e17g058b0\" dir=\"ltr\">El Vaticano se sostiene gracias a la colaboraci\u00f3n financiera de todas las di\u00f3cesis del mundo, especialmente de las americanas y alemanas, dos de las m\u00e1s ricas. Otra fuente de ingresos es el turismo.<\/p>\n<\/div>\n<div class=\"bbc-19j92fr ebmt73l0\" dir=\"ltr\">\n<p class=\"bbc-hhl7in e17g058b0\" dir=\"ltr\">Dentro de la ciudad se encuentran los \u00f3rganos de la Ciudad-Estado, los dicasterios y servicios de la Santa Sede, entre los que se encuentran: el Palacio Apost\u00f3lico, 15 museos, pinacotecas (Capilla Sixtina, Capillas de Rafael, Pinacoteca Vaticana, Museo Etnol\u00f3gico Misionero, Museo Hist\u00f3rico), la Biblioteca Apost\u00f3lica Vaticana, Radio Vaticano, el banco, el Observatorio Astron\u00f3mico, la Domus Vaticanae (antiguamente Casa Santa Marta), la Bas\u00edlica de San Pedro, los edificios adyacentes a la Bas\u00edlica, el peri\u00f3dico Osservatore Romano, Vatican Media &#8211; Centro Televisivo Vaticano, la Libreria Editrice y el archivo apost\u00f3lico.<\/p>\n<\/div>\n<div class=\"bbc-19j92fr ebmt73l0\" dir=\"ltr\">\n<h2 id=\"Posesiones-tambi\u00e9n-extramuros\" class=\"bbc-1lgzob2 eglt09e0\" tabindex=\"-1\">Posesiones tambi\u00e9n extramuros<\/h2>\n<\/div>\n<div class=\"bbc-19j92fr ebmt73l0\" dir=\"ltr\">\n<p class=\"bbc-hhl7in e17g058b0\" dir=\"ltr\">Son 12 edificios o espacios extraterritoriales que pertenecen al Vaticano, entre ellos las Bas\u00edlicas Mayores de San Juan de Letr\u00e1n, San Pablo Extramuros, Santa Mar\u00eda la Mayor y la parroquia de Santa Ana, adem\u00e1s de las oficinas de los dicasterios y la Villa de Castel Gandolfo, conocida como la residencia de verano de los papas.<\/p>\n<\/div>\n<div class=\"bbc-19j92fr ebmt73l0\" dir=\"ltr\">\n<p class=\"bbc-hhl7in e17g058b0\" dir=\"ltr\">Tambi\u00e9n existe el \u00d3bolo de San Pedro, que consiste en donaciones voluntarias realizadas por creyentes de todo el mundo. Estas donaciones se destinan a obras sociales y al mantenimiento de las actividades del Vaticano, del turismo y de los museos, que atraen cada a\u00f1o a millones de personas a algunas atracciones.<\/p>\n<\/div>\n<div class=\"bbc-19j92fr ebmt73l0\" dir=\"ltr\">\n<p class=\"bbc-hhl7in e17g058b0\" dir=\"ltr\">Entre ellas se encuentran el Museo Vaticano y la Capilla Sixtina, la venta de sellos y monedas conmemorativas y, lo m\u00e1s controvertido, las actividades de sus instituciones financieras, el Instituto para las Obras de Religi\u00f3n (IOR), m\u00e1s conocido como Banco del Vaticano, que gestiona importantes activos financieros, y Apsa.<\/p>\n<\/div>\n<div class=\"bbc-19j92fr ebmt73l0\" dir=\"ltr\">\n<p class=\"bbc-hhl7in e17g058b0\" dir=\"ltr\">El Vaticano tambi\u00e9n posee una de las mayores colecciones art\u00edsticas y culturales del mundo. Sin embargo, estos activos se consideran intangibles y no est\u00e1n disponibles para la venta o uso comercial.<\/p>\n<p dir=\"ltr\">\n<\/div>\n<figure class=\"bbc-1qn0xuy\">\n<div class=\"bbc-18ywsw9\">\n<div style=\"width: 1034px\" class=\"wp-caption alignnone\"><img loading=\"lazy\" decoding=\"async\" class=\"bbc-139onq\" src=\"https:\/\/ichef.bbci.co.uk\/ace\/ws\/640\/cpsprodpb\/24e1\/live\/1da1eb90-2b34-11f0-b292-fd6559a197f5.jpg.webp\" alt=\"El dictador Benito Mussolini con uniforme militar en una foto en blanco y negro\" width=\"1024\" height=\"576\" \/><p class=\"wp-caption-text\">Fuente de la imagen,Getty Images.\u00a0 El dictador Benito Mussolini, aliado de los nazis, fue uno de los mayores donantes del Vaticano.<\/p><\/div>\n<p class=\"bbc-by8ykd\" role=\"text\">\n<\/div>\n<\/figure>\n<div class=\"bbc-19j92fr ebmt73l0\" dir=\"ltr\">\n<p dir=\"ltr\">\n<p class=\"bbc-hhl7in e17g058b0\" dir=\"ltr\">Gran parte de esta herencia proviene del dictador italiano y aliado nazi Benito Mussolini. En 1929, deposit\u00f3 1.750 millones de liras italianas en las arcas de la Santa Sede a trav\u00e9s de la Conciliaci\u00f3n, un reembolso por los bienes de la Iglesia Cat\u00f3lica que fueron tomados durante la Unificaci\u00f3n Italiana.<\/p>\n<\/div>\n<div class=\"bbc-19j92fr ebmt73l0\" dir=\"ltr\">\n<p class=\"bbc-hhl7in e17g058b0\" dir=\"ltr\">El movimiento pol\u00edtico y militar consolid\u00f3 varios reinos, ducados y estados independientes, incluidos los Estados Pontificios, en el reino de Italia. En ese per\u00edodo, especialmente entre 1860 y 1870, muchos bienes y territorios fueron arrebatados a los cat\u00f3licos, lo que represent\u00f3 uno de los momentos m\u00e1s delicados de la historia en la relaci\u00f3n entre la Iglesia y la Italia unificada.<\/p>\n<\/div>\n<div class=\"bbc-19j92fr ebmt73l0\" dir=\"ltr\">\n<p class=\"bbc-hhl7in e17g058b0\" dir=\"ltr\">Aproximadamente una cuarta parte de esta cantidad fue utilizada por el Papa P\u00edo II para estructurar el nuevo Estado Vaticano, erigir los edificios de la Santa Sede (como el monumental palacio de San Calixto, en Trastevere\/Roma) y construir viviendas para empleados cerca del Vaticano.<\/p>\n<\/div>\n<div class=\"bbc-19j92fr ebmt73l0\" dir=\"ltr\">\n<p class=\"bbc-hhl7in e17g058b0\" dir=\"ltr\">El resto del dinero recibido se coloc\u00f3 en una serie de inversiones utilizando el principio de diversificaci\u00f3n como estrategia, con el fin de evitar riesgos.<\/p>\n<\/div>\n<div class=\"bbc-19j92fr ebmt73l0\" dir=\"ltr\">\n<p class=\"bbc-hhl7in e17g058b0\" dir=\"ltr\">Como resultado, Apsa cuenta con propiedades en Gran Breta\u00f1a, Francia y Suiza, adem\u00e1s de Italia, principal pa\u00eds inversor, especialmente Roma, con el 92% de las unidades inmobiliarias, que van desde edificios hasta oficinas, tiendas y restaurantes.<\/p>\n<\/div>\n<div class=\"bbc-19j92fr ebmt73l0\" dir=\"ltr\">\n<h2 id=\"N\u00fameros-poco-claros\" class=\"bbc-1lgzob2 eglt09e0\" tabindex=\"-1\">N\u00fameros nada poco claros<\/h2>\n<\/div>\n<div class=\"bbc-19j92fr ebmt73l0\" dir=\"ltr\">\n<p class=\"bbc-hhl7in e17g058b0\" dir=\"ltr\">Actualmente, parte del patrimonio inmobiliario, junto con la gesti\u00f3n de la cartera de inversiones \u2014unos US$1.900 millones aproximadamente- generan ingresos destinados al mantenimiento de la Curia Romana, \u00f3rgano de administraci\u00f3n del Vaticano.<\/p>\n<\/div>\n<div class=\"bbc-19j92fr ebmt73l0\" dir=\"ltr\">\n<p class=\"bbc-hhl7in e17g058b0\" dir=\"ltr\">\u00c9sta es la funci\u00f3n principal de las finanzas del Vaticano: sostener el aparato de la Santa Sede, las nunciaturas, los movimientos del Papa y las acciones caritativas.<\/p>\n<\/div>\n<div class=\"bbc-19j92fr ebmt73l0\" dir=\"ltr\">\n<p class=\"bbc-hhl7in e17g058b0\" dir=\"ltr\">En 2019, cuando le preguntaron sobre las finanzas, el Papa Francisco defendi\u00f3 la necesidad de invertir, no para especular, sino para evitar que el capital se deval\u00fae. &#8220;Para que se mantenga o rinda un poco&#8221;, dijo.<\/p>\n<\/div>\n<div class=\"bbc-19j92fr ebmt73l0\" dir=\"ltr\">\n<p class=\"bbc-hhl7in e17g058b0\" dir=\"ltr\">Esto es relevante porque la Santa Sede, a pesar de estar apoyada por el Estado Vaticano, no es en s\u00ed misma un Estado, afirm\u00f3 el historiador italiano Andrea Riccardi, fundador de la organizaci\u00f3n cat\u00f3lica Comunidad de Sant&#8217;Egidio, al peri\u00f3dico italiano Corriere della Sera.<\/p>\n<\/div>\n<div class=\"bbc-19j92fr ebmt73l0\" dir=\"ltr\">\n<p class=\"bbc-hhl7in e17g058b0\" dir=\"ltr\">No tiene impuestos ni deuda p\u00fablica. Se sustenta con los ingresos de sus miles de activos y, sobre todo, con las donaciones de los fieles. Esta tendencia est\u00e1 ligada a la opini\u00f3n p\u00fablica cat\u00f3lica, afirma Riccardi.<\/p>\n<\/div>\n<div class=\"bbc-19j92fr ebmt73l0\" dir=\"ltr\">\n<p class=\"bbc-hhl7in e17g058b0\" dir=\"ltr\">&#8220;Por esta y otras razones, son necesarias la transparencia presupuestaria y el orden en la gesti\u00f3n.&#8221;<\/p>\n<\/div>\n<div class=\"bbc-19j92fr ebmt73l0\" dir=\"ltr\">\n<p class=\"bbc-hhl7in e17g058b0\" dir=\"ltr\">Sin embargo, los millonarios ingresos y gastos anuales del Vaticano han sido significativamente inferiores a los declarados, y sus activos totales son el doble de lo que se declar\u00f3 anteriormente (alrededor de US$4.000 millones).<\/p>\n<p dir=\"ltr\">\n<\/div>\n<figure class=\"bbc-1qn0xuy\">\n<div class=\"bbc-18ywsw9\">\n<div style=\"width: 979px\" class=\"wp-caption alignnone\"><img loading=\"lazy\" decoding=\"async\" class=\"bbc-139onq\" src=\"https:\/\/ichef.bbci.co.uk\/ace\/ws\/640\/cpsprodpb\/846c\/live\/5ae3b300-2b2d-11f0-a926-032a6ac0e498.jpg.webp\" alt=\"Jean-Baptiste de Franssu durante una rueda de prensa y con el escudo de la Santa Sede detr\u00e1s. \" width=\"969\" height=\"545\" \/><p class=\"wp-caption-text\">Fuente de la imagen,Getty Images.\u00a0 Jean-Baptiste de Franssu es el presidente del conocido como &#8220;Banco del Vaticano&#8221;.<\/p><\/div>\n<p class=\"bbc-by8ykd\" role=\"text\">\n<\/div>\n<\/figure>\n<div class=\"bbc-19j92fr ebmt73l0\" dir=\"ltr\">\n<p dir=\"ltr\">\n<p class=\"bbc-hhl7in e17g058b0\" dir=\"ltr\">As\u00ed lo constata el sacerdote jesuita espa\u00f1ol Juan Antonio Guerrero Alves, jefe de la Secretar\u00eda de Econom\u00eda, una oficina creada por el papa Francisco al inicio de su reforma econ\u00f3mica en 2014.<\/p>\n<\/div>\n<div class=\"bbc-19j92fr ebmt73l0\" dir=\"ltr\">\n<p class=\"bbc-hhl7in e17g058b0\" dir=\"ltr\">Para controlar el gasto excesivo, el Vaticano comenz\u00f3 a vender entre US$20 y US$25 millones de sus activos cada a\u00f1o.<\/p>\n<\/div>\n<div class=\"bbc-19j92fr ebmt73l0\" dir=\"ltr\">\n<p class=\"bbc-hhl7in e17g058b0\" dir=\"ltr\">&#8220;Estos desaf\u00edos deben abordarse y no est\u00e1 claro c\u00f3mo una iglesia que ve disminuir el n\u00famero de fieles en los pa\u00edses con las econom\u00edas m\u00e1s desarrolladas puede generar los recursos necesarios para mantenerse&#8221;, dice el experto en cuestiones vaticanas, John Allen Jr.<\/p>\n<\/div>\n<div class=\"bbc-19j92fr ebmt73l0\" dir=\"ltr\">\n<p class=\"bbc-hhl7in e17g058b0\" dir=\"ltr\">Pero incluso bajo la sombra de la disminuci\u00f3n del n\u00famero de fieles generosos en las naciones m\u00e1s desarrolladas, especialmente en Europa y Estados Unidos, donde el \u00e9xodo de devotos es m\u00e1s pronunciado, hay pa\u00edses donde la Iglesia cat\u00f3lica es extremadamente rica.<\/p>\n<\/div>\n<div class=\"bbc-19j92fr ebmt73l0\" dir=\"ltr\">\n<h2 id=\"Las-di\u00f3cesis-m\u00e1s-ricas\" class=\"bbc-1lgzob2 eglt09e0\" tabindex=\"-1\">Las di\u00f3cesis m\u00e1s ricas<\/h2>\n<\/div>\n<div class=\"bbc-19j92fr ebmt73l0\" dir=\"ltr\">\n<p class=\"bbc-hhl7in e17g058b0\" dir=\"ltr\">El miembro m\u00e1s sobresaliente de esta lista de millonarios es Alemania. All\u00ed reina la prosperidad gracias al &#8220;kirchensteuer&#8221;, el impuesto eclesi\u00e1stico recaudado directamente de los miembros de las comunidades religiosas reconocidas por el Estado, como la Iglesia Cat\u00f3lica.<\/p>\n<\/div>\n<div class=\"bbc-19j92fr ebmt73l0\" dir=\"ltr\">\n<p class=\"bbc-hhl7in e17g058b0\" dir=\"ltr\">El impuesto municipal corresponde a un porcentaje de la renta imponible del ciudadano, que var\u00eda entre el 8% y el 9% seg\u00fan el estado federado.<\/p>\n<\/div>\n<div class=\"bbc-19j92fr ebmt73l0\" dir=\"ltr\">\n<p class=\"bbc-hhl7in e17g058b0\" dir=\"ltr\">En 2023, la Iglesia recaud\u00f3 aproximadamente US$7.400 millones con ese impuesto, lo que representa una ca\u00edda de alrededor del 5% en comparaci\u00f3n con el a\u00f1o anterior, cuando se recaudaron US$7.770 millones.<\/p>\n<\/div>\n<div class=\"bbc-19j92fr ebmt73l0\" dir=\"ltr\">\n<p class=\"bbc-hhl7in e17g058b0\" dir=\"ltr\">A pesar de las grandes cifras, la disminuci\u00f3n de los ingresos preocupa a la jerarqu\u00eda cat\u00f3lica, ya que est\u00e1 directamente relacionada con el \u00e9xodo de creyentes.<\/p>\n<\/div>\n<div class=\"bbc-19j92fr ebmt73l0\" dir=\"ltr\">\n<p class=\"bbc-hhl7in e17g058b0\" dir=\"ltr\">Parte de la responsabilidad de este descenso del n\u00famero de fieles en Alemania recae en las reiteradas crisis de imagen de la Iglesia en el pa\u00eds.<\/p>\n<\/div>\n<div class=\"bbc-19j92fr ebmt73l0\" dir=\"ltr\">\n<p class=\"bbc-hhl7in e17g058b0\" dir=\"ltr\">En 2013 sali\u00f3 a la luz el esc\u00e1ndalo que involucraba al entonces obispo de Limburgo, Franz-Peter Tebartz van Elst. El costo de construcci\u00f3n de su palacio episcopal salt\u00f3 de US$5,7 millones a al menos US$35 millones en cinco a\u00f1os, una crisis que afect\u00f3 a toda la Iglesia cat\u00f3lica alemana.<\/p>\n<\/div>\n<div class=\"bbc-19j92fr ebmt73l0\" dir=\"ltr\">\n<p class=\"bbc-hhl7in e17g058b0\" dir=\"ltr\">Semejante gasto llev\u00f3 a muchos alemanes a cuestionar la riqueza de la Iglesia.<\/p>\n<\/div>\n<div class=\"bbc-19j92fr ebmt73l0\" dir=\"ltr\">\n<p class=\"bbc-hhl7in e17g058b0\" dir=\"ltr\">Tras la presi\u00f3n de la prensa, la mitad de las 27 di\u00f3cesis alemanas han hecho p\u00fablicos sus bienes. Fue entonces cuando la poblaci\u00f3n descubri\u00f3 que s\u00f3lo conoc\u00eda una peque\u00f1a parte de las cifras.<\/p>\n<\/div>\n<div class=\"bbc-19j92fr ebmt73l0\" dir=\"ltr\">\n<p class=\"bbc-hhl7in e17g058b0\" dir=\"ltr\">De hecho, aunque los obispos deben publicar sus balances, las cifras de la Iglesia permanecen confidenciales. Adem\u00e1s de los inmuebles cl\u00e1sicos, pose\u00eda diez bancos, varias compa\u00f1\u00edas de seguros, 70 hoteles, importantes empresas de gesti\u00f3n inmobiliaria y varios medios de comunicaci\u00f3n.<\/p>\n<p dir=\"ltr\">\n<\/div>\n<figure class=\"bbc-1qn0xuy\">\n<div class=\"bbc-18ywsw9\">\n<div style=\"width: 1034px\" class=\"wp-caption alignnone\"><img loading=\"lazy\" decoding=\"async\" class=\"bbc-139onq\" src=\"https:\/\/ichef.bbci.co.uk\/ace\/ws\/640\/cpsprodpb\/506f\/live\/83f38760-2b3d-11f0-bb67-13fec63813db.jpg.webp\" alt=\"La catedral de Colonia. \" width=\"1024\" height=\"576\" \/><p class=\"wp-caption-text\">Fuente de la imagen,Getty Images.\u00a0 La de Colonia, en Alemania, es una de las di\u00f3cesis m\u00e1s ricas.<\/p><\/div>\n<p class=\"bbc-by8ykd\" role=\"text\">\n<\/div>\n<\/figure>\n<div class=\"bbc-19j92fr ebmt73l0\" dir=\"ltr\">\n<p dir=\"ltr\">\n<p class=\"bbc-hhl7in e17g058b0\" dir=\"ltr\">S\u00f3lo la di\u00f3cesis de Colonia, una de las m\u00e1s ricas del mundo, estim\u00f3 en 2023 su patrimonio neto en casi US$5.000 millones.<\/p>\n<\/div>\n<div class=\"bbc-19j92fr ebmt73l0\" dir=\"ltr\">\n<p class=\"bbc-hhl7in e17g058b0\" dir=\"ltr\">Ese mismo a\u00f1o, recaud\u00f3 US$744 a trav\u00e9s de impuestos eclesi\u00e1sticos, lo que represent\u00f3 el 70% de su ingreso anual total.<\/p>\n<\/div>\n<div class=\"bbc-19j92fr ebmt73l0\" dir=\"ltr\">\n<p class=\"bbc-hhl7in e17g058b0\" dir=\"ltr\">Esta operaci\u00f3n de transparencia permiti\u00f3 a la poblaci\u00f3n conocer, aunque de manera limitada, un poco de la vida privada de los religiosos cat\u00f3licos alemanes.<\/p>\n<\/div>\n<div class=\"bbc-19j92fr ebmt73l0\" dir=\"ltr\">\n<p class=\"bbc-hhl7in e17g058b0\" dir=\"ltr\">Como el obispo Tebartz-van Elts, que ten\u00eda una ba\u00f1era que val\u00eda US$17.000, y el arzobispo de M\u00fanich, el cardenal Reinhard Marx, que vive en un imponente palacio barroco que fue restaurado por US$9.900 millones, tres cuartas partes de los cuales fueron pagados por los contribuyentes.<\/p>\n<\/div>\n<div class=\"bbc-19j92fr ebmt73l0\" dir=\"ltr\">\n<p class=\"bbc-hhl7in e17g058b0\" dir=\"ltr\">El mismo Reinhard Marx posee, entre otros bienes, un BMW 730, con conductor incluido. Una realidad que a muchos cat\u00f3licos alemanes les result\u00f3 indigesta cuando descubrieron que su dinero patrocinaba tantos lujos.<\/p>\n<\/div>\n<div class=\"bbc-19j92fr ebmt73l0\" dir=\"ltr\">\n<p class=\"bbc-hhl7in e17g058b0\" dir=\"ltr\">&#8220;Ninguna propiedad de la Iglesia cat\u00f3lica est\u00e1 a nombre de una persona f\u00edsica, es decir, sacerdote, obispo, cardenal o cualquier religioso&#8221;, afirma el padre Antonio Lisboa Lustosa, profesor de teolog\u00eda y especialista en ciencias religiosas.<\/p>\n<\/div>\n<div class=\"bbc-19j92fr ebmt73l0\" dir=\"ltr\">\n<p class=\"bbc-hhl7in e17g058b0\" dir=\"ltr\">El experto reconoce que hay desviaciones entre algunos de sus semejantes y que tales pr\u00e1cticas de lujo, orgullo y ostentaci\u00f3n no van acordes con los principios el cristianismo, mientras miles de fieles pasan hambre.<\/p>\n<\/div>\n<div class=\"bbc-19j92fr ebmt73l0\" dir=\"ltr\">\n<p class=\"bbc-hhl7in e17g058b0\" dir=\"ltr\">&#8220;Sucede a menudo, pero nadie puede olvidar que la Iglesia est\u00e1 formada por hombres capaces de equivocarse&#8221;, afirma Lustosa.<\/p>\n<\/div>\n<div class=\"bbc-19j92fr ebmt73l0\" dir=\"ltr\">\n<p class=\"bbc-hhl7in e17g058b0\" dir=\"ltr\">&#8220;En todo caso, lo que Jesucristo predic\u00f3 y reforz\u00f3 el Papa Francisco es el mantenimiento de la sobriedad y la sencillez&#8221;, apunta.<\/p>\n<\/div>\n<div class=\"bbc-19j92fr ebmt73l0\" dir=\"ltr\">\n<h2 id=\"Tambi\u00e9n-Estados-Unidos\" class=\"bbc-1lgzob2 eglt09e0\" tabindex=\"-1\">Tambi\u00e9n Estados Unidos<\/h2>\n<\/div>\n<div class=\"bbc-19j92fr ebmt73l0\" dir=\"ltr\">\n<p class=\"bbc-hhl7in e17g058b0\" dir=\"ltr\">La Iglesia en Estados Unidos, otro de los pa\u00edses que m\u00e1s aportaciones realiza al Vaticano, no se queda atr\u00e1s. All\u00ed, la jerarqu\u00eda cat\u00f3lica posee un vasto patrimonio, que incluye universidades de renombre como Notre Dame, en Indiana (con ingresos de US$1.760 millones, y Georgetown, en Washington (con ingresos de US$1.920 millones, adem\u00e1s de hospitales y escuelas.<\/p>\n<\/div>\n<div class=\"bbc-19j92fr ebmt73l0\" dir=\"ltr\">\n<p class=\"bbc-hhl7in e17g058b0\" dir=\"ltr\">Aunque no existe un impuesto eclesi\u00e1stico obligatorio, la Iglesia recibe importantes donaciones privadas. Se estima que los l\u00edderes religiosos estadounidenses recaudan alrededor de US$10.000 millones en donaciones anuales, adem\u00e1s de poseer considerables activos inmobiliarios y financieros.<\/p>\n<\/div>\n<div class=\"bbc-19j92fr ebmt73l0\" dir=\"ltr\">\n<p class=\"bbc-hhl7in e17g058b0\" dir=\"ltr\">Vale la pena considerar que la Iglesia estadounidense concentra el mayor n\u00famero de religiosos del ala cat\u00f3lica conservadora, quienes permanecen estrechamente vinculados a la derecha radical.<\/p>\n<p dir=\"ltr\">\n<\/div>\n<figure class=\"bbc-1qn0xuy\">\n<div class=\"bbc-18ywsw9\">\n<div style=\"width: 1034px\" class=\"wp-caption alignnone\"><img loading=\"lazy\" decoding=\"async\" class=\"bbc-139onq\" src=\"https:\/\/ichef.bbci.co.uk\/ace\/ws\/640\/cpsprodpb\/d1af\/live\/24f00890-2b3f-11f0-bb67-13fec63813db.jpg.webp\" alt=\"Fachada principal de la Universidad de Georgetown\" width=\"1024\" height=\"576\" \/><p class=\"wp-caption-text\">Fuente de la imagen,Getty Images.\u00a0 La Universidad de Georgetown, propiedad de la Iglesia Cat\u00f3lica en Estados Unidos tiene US$1.920 millones anuales en ingresos<\/p><\/div>\n<p class=\"bbc-by8ykd\" role=\"text\">\n<\/div>\n<\/figure>\n<div class=\"bbc-19j92fr ebmt73l0\" dir=\"ltr\">\n<h2 id=\"Las-cuentas-en-Brasil\" class=\"bbc-1lgzob2 eglt09e0\" tabindex=\"-1\">Las cuentas en Brasil<\/h2>\n<\/div>\n<div class=\"bbc-19j92fr ebmt73l0\" dir=\"ltr\">\n<p class=\"bbc-hhl7in e17g058b0\" dir=\"ltr\">Brasil, el pa\u00eds con el mayor n\u00famero de cat\u00f3licos del mundo, e infinidad de favelas, tambi\u00e9n tiene una Iglesia con considerable influencia y herencia.<\/p>\n<\/div>\n<div class=\"bbc-19j92fr ebmt73l0\" dir=\"ltr\">\n<p class=\"bbc-hhl7in e17g058b0\" dir=\"ltr\">Aunque no existen datos financieros consolidados ya que no existe un informe financiero p\u00fablico nacional, lo que dificulta obtener una visi\u00f3n completa de las finanzas de la Iglesia, las di\u00f3cesis brasile\u00f1as administran una vasta red de parroquias, escuelas, hospitales y universidades.<\/p>\n<\/div>\n<div class=\"bbc-19j92fr ebmt73l0\" dir=\"ltr\">\n<p class=\"bbc-hhl7in e17g058b0\" dir=\"ltr\">Adem\u00e1s, reciben donaciones de los fieles y tienen exenciones de impuestos.<\/p>\n<\/div>\n<div class=\"bbc-19j92fr ebmt73l0\" dir=\"ltr\">\n<p class=\"bbc-hhl7in e17g058b0\" dir=\"ltr\">Brasil tambi\u00e9n alberga el mayor y segundo santuario mariano m\u00e1s visitado del mundo, el Santuario Nacional de Nuestra Se\u00f1ora de Aparecida, ubicado en Aparecida, en el interior de S\u00e3o Paulo, considerado el m\u00e1s rico del mundo en recursos financieros, seg\u00fan datos ofrecidos por las propias di\u00f3cesis y consolidados por expertos en turismo religioso.<\/p>\n<\/div>\n<div class=\"bbc-19j92fr ebmt73l0\" dir=\"ltr\">\n<p class=\"bbc-hhl7in e17g058b0\" dir=\"ltr\">El santuario recibe cerca de 10 millones de peregrinos al a\u00f1o, que gastan, en promedio, US$21al d\u00eda, lo que resulta en una recaudaci\u00f3n anual de aproximadamente US$240 millones en la ciudad de apenas 35.000 habitantes.<\/p>\n<\/div>\n<div class=\"bbc-19j92fr ebmt73l0\" dir=\"ltr\">\n<p class=\"bbc-hhl7in e17g058b0\" dir=\"ltr\">Durante la visita del Papa Benedicto XVI a Brasil en 2007, los ingresos mensuales de la Bas\u00edlica, seg\u00fan informaci\u00f3n divulgada por la arquidi\u00f3cesis en la \u00e9poca, variaron entre US$70 millones y US$90 millones, impulsados \u200b\u200bpor campa\u00f1as de donaciones.<\/p>\n<p dir=\"ltr\">\n<\/div>\n<figure class=\"bbc-1qn0xuy\">\n<div class=\"bbc-18ywsw9\">\n<div style=\"width: 1034px\" class=\"wp-caption alignnone\"><img loading=\"lazy\" decoding=\"async\" class=\"bbc-139onq\" src=\"https:\/\/ichef.bbci.co.uk\/ace\/ws\/640\/cpsprodpb\/336f\/live\/d68fc3e0-2b41-11f0-bb67-13fec63813db.jpg.webp\" alt=\"La Catedral de Notre Dame, en Par\u00eds, con una gr\u00faa a la derecha llevando a cabo labores de restauraci\u00f3n tras el incendio de 2019.\" width=\"1024\" height=\"576\" \/><p class=\"wp-caption-text\">Fuente de la imagen,Getty Images.\u00a0 El tercer templo cat\u00f3lico m\u00e1s visitado del mundo es la Catedral de Notre Dame, en Par\u00eds.<\/p><\/div>\n<p class=\"bbc-by8ykd\" role=\"text\">\n<\/div>\n<\/figure>\n<div class=\"bbc-19j92fr ebmt73l0\" dir=\"ltr\">\n<p dir=\"ltr\">\n<p class=\"bbc-hhl7in e17g058b0\" dir=\"ltr\">Francia no est\u00e1 en la lista de pa\u00edses con mayor poblaci\u00f3n cat\u00f3lica del mundo. En la actualidad, el 29% de los franceses se declaran cat\u00f3licos; hace diez a\u00f1os, era el 70%. Pero es all\u00ed donde se encuentra el tercer templo cat\u00f3lico m\u00e1s visitado del mundo, la Catedral de Notre Dame, en Par\u00eds.<\/p>\n<\/div>\n<div class=\"bbc-19j92fr ebmt73l0\" dir=\"ltr\">\n<p class=\"bbc-hhl7in e17g058b0\" dir=\"ltr\">Antes del incendio de 2019 que lo mantuvo cerrado durante cinco a\u00f1os, recib\u00eda alrededor de 13,6 millones de visitantes al a\u00f1o, por delante de atracciones tur\u00edsticas como la Torre Eiffel y el Museo del Louvre.<\/p>\n<\/div>\n<div class=\"bbc-19j92fr ebmt73l0\" dir=\"ltr\">\n<p class=\"bbc-hhl7in e17g058b0\" dir=\"ltr\">La restauraci\u00f3n de la catedral fue un proyecto que supuso colaboraci\u00f3n internacional y una importante inversi\u00f3n. La restauraci\u00f3n del templo g\u00f3tico construido hace nueve siglos cost\u00f3 cerca de US$800 millones de euros y recaud\u00f3 casi US$1.000 millones mediante donaciones de cerca de 340.000 personas de 150 pa\u00edses.<\/p>\n<\/div>\n<div class=\"bbc-19j92fr ebmt73l0\" dir=\"ltr\">\n<p class=\"bbc-hhl7in e17g058b0\" dir=\"ltr\">Tales cifras son consistentes con el tama\u00f1o de los activos que sustentan una instituci\u00f3n como la Iglesia cat\u00f3lica dotada de una maquinaria monumental, integrada por miles de empleados y religiosos repartidos por el mundo, universidades, museos, hospitales y cientos de obras de caridad, entre otros.<\/p>\n<\/div>\n<div class=\"bbc-19j92fr ebmt73l0\" dir=\"ltr\">\n<p class=\"bbc-hhl7in e17g058b0\" dir=\"ltr\">En una entrevista con el director del peri\u00f3dico Corriere della Sera, Ferrucio de Bortoli, en 2014, el Papa Francisco argument\u00f3 que el problema no es tanto el tama\u00f1o de esta fortuna, sino la falta de transparencia que la rodea.<\/p>\n<\/div>\n<div class=\"bbc-19j92fr ebmt73l0\" dir=\"ltr\">\n<p class=\"bbc-hhl7in e17g058b0\" dir=\"ltr\">Al ser preguntado sobre la riqueza y los excesos de la Iglesia, Francisco dijo: &#8220;Jes\u00fas dice que no se puede servir a dos se\u00f1ores: Dios y las riquezas. Y cuando seamos juzgados en el juicio final, nuestra cercan\u00eda a la pobreza contar\u00e1. La pobreza nos aleja de la idolatr\u00eda y nos abre las puertas a la Providencia&#8221;.<\/p>\n<\/div>\n<div class=\"bbc-19j92fr ebmt73l0\" dir=\"ltr\">\n<p class=\"bbc-hhl7in e17g058b0\" dir=\"ltr\">Y concluy\u00f3: &#8220;El dinero es siempre un traidor&#8221;.<\/p>\n<\/div>\n","protected":false},"excerpt":{"rendered":"<p>&nbsp; &nbsp; Hay una m\u00e1xima que dice que el valor del patrimonio de la Iglesia cat\u00f3lica es uno de los misterios de la fe, un&hellip;<\/p>\n","protected":false},"author":99,"featured_media":531893,"comment_status":"open","ping_status":"open","sticky":false,"template":"","format":"standard","meta":{"footnotes":""},"categories":[],"tags":[],"class_list":["post-531891","post","type-post","status-publish","format-standard","has-post-thumbnail","hentry"],"_links":{"self":[{"href":"https:\/\/diarioelpopular.com\/index.php\/wp-json\/wp\/v2\/posts\/531891","targetHints":{"allow":["GET"]}}],"collection":[{"href":"https:\/\/diarioelpopular.com\/index.php\/wp-json\/wp\/v2\/posts"}],"about":[{"href":"https:\/\/diarioelpopular.com\/index.php\/wp-json\/wp\/v2\/types\/post"}],"author":[{"embeddable":true,"href":"https:\/\/diarioelpopular.com\/index.php\/wp-json\/wp\/v2\/users\/99"}],"replies":[{"embeddable":true,"href":"https:\/\/diarioelpopular.com\/index.php\/wp-json\/wp\/v2\/comments?post=531891"}],"version-history":[{"count":1,"href":"https:\/\/diarioelpopular.com\/index.php\/wp-json\/wp\/v2\/posts\/531891\/revisions"}],"predecessor-version":[{"id":531894,"href":"https:\/\/diarioelpopular.com\/index.php\/wp-json\/wp\/v2\/posts\/531891\/revisions\/531894"}],"wp:featuredmedia":[{"embeddable":true,"href":"https:\/\/diarioelpopular.com\/index.php\/wp-json\/wp\/v2\/media\/531893"}],"wp:attachment":[{"href":"https:\/\/diarioelpopular.com\/index.php\/wp-json\/wp\/v2\/media?parent=531891"}],"wp:term":[{"taxonomy":"category","embeddable":true,"href":"https:\/\/diarioelpopular.com\/index.php\/wp-json\/wp\/v2\/categories?post=531891"},{"taxonomy":"post_tag","embeddable":true,"href":"https:\/\/diarioelpopular.com\/index.php\/wp-json\/wp\/v2\/tags?post=531891"}],"curies":[{"name":"wp","href":"https:\/\/api.w.org\/{rel}","templated":true}]}}