{"id":531896,"date":"2025-05-12T10:26:17","date_gmt":"2025-05-12T14:26:17","guid":{"rendered":"https:\/\/diarioelpopular.com\/?p=531896"},"modified":"2025-05-12T10:26:17","modified_gmt":"2025-05-12T14:26:17","slug":"la-extorsion-de-trump-a-latinoamerica-lo-que-ha-conseguido-el-republicano-de-la-region-con-sus-amenazas","status":"publish","type":"post","link":"https:\/\/diarioelpopular.com\/index.php\/2025\/05\/12\/la-extorsion-de-trump-a-latinoamerica-lo-que-ha-conseguido-el-republicano-de-la-region-con-sus-amenazas\/","title":{"rendered":"La extorsi\u00f3n de Trump a Latinoam\u00e9rica: lo que ha conseguido el republicano de la regi\u00f3n con sus amenazas"},"content":{"rendered":"<div id=\"attachment_531897\" style=\"width: 1210px\" class=\"wp-caption alignnone\"><img loading=\"lazy\" decoding=\"async\" aria-describedby=\"caption-attachment-531897\" class=\"wp-image-531897 size-custom-big-size\" src=\"https:\/\/diarioelpopular.com\/wp-content\/uploads\/2025\/05\/Screen-Shot-2025-05-12-at-10.25.18-AM-1200x798.png\" alt=\"\" width=\"1200\" height=\"798\" srcset=\"https:\/\/diarioelpopular.com\/wp-content\/uploads\/2025\/05\/Screen-Shot-2025-05-12-at-10.25.18-AM-1200x798.png 1200w, https:\/\/diarioelpopular.com\/wp-content\/uploads\/2025\/05\/Screen-Shot-2025-05-12-at-10.25.18-AM-300x199.png 300w, https:\/\/diarioelpopular.com\/wp-content\/uploads\/2025\/05\/Screen-Shot-2025-05-12-at-10.25.18-AM-768x511.png 768w, https:\/\/diarioelpopular.com\/wp-content\/uploads\/2025\/05\/Screen-Shot-2025-05-12-at-10.25.18-AM-636x423.png 636w, https:\/\/diarioelpopular.com\/wp-content\/uploads\/2025\/05\/Screen-Shot-2025-05-12-at-10.25.18-AM-110x73.png 110w, https:\/\/diarioelpopular.com\/wp-content\/uploads\/2025\/05\/Screen-Shot-2025-05-12-at-10.25.18-AM.png 1024w\" sizes=\"auto, (max-width: 1200px) 100vw, 1200px\" \/><p id=\"caption-attachment-531897\" class=\"wp-caption-text\">Personal militar estadounidense escolta a presuntos miembros de la pandilla Tren de Aragua al Centro de Reclusi\u00f3n del Terrorismo, en El Salvador, en marzo de 2025. SECRETARIA DE PRENSA DE LA PRESI (via REUTERS)<\/p><\/div>\n<p>&nbsp;<\/p>\n<p>&nbsp;<\/p>\n<h4 class=\"a_st\"><em>&#8211; La t\u00e1ctica principal de intimidaci\u00f3n y matoneo usada por Trump han sido los aranceles, con los que ha arrancado concesiones de pa\u00edses aliados como M\u00e9xico o Colombia<\/em><\/h4>\n<p>&nbsp;<\/p>\n<p class=\"\">El chantaje como pol\u00edtica exterior y comercial. Ese ha sido el enfoque que Donald Trump ha adoptado hacia gran parte del mundo,\u00a0<a title=\"https:\/\/elpais.com\/economia\/negocios\/2025-02-15\/latinoamerica-ya-siente-el-yugo-de-trump.html\" href=\"https:\/\/elpais.com\/economia\/negocios\/2025-02-15\/latinoamerica-ya-siente-el-yugo-de-trump.html\" target=\"_self\" rel=\"\" data-link-track-dtm=\"\" data-mrf-link=\"https:\/\/elpais.com\/economia\/negocios\/2025-02-15\/latinoamerica-ya-siente-el-yugo-de-trump.html\">pero especialmente hacia Am\u00e9rica Latina<\/a>. Lo hizo durante su primer mandato, presionando a varios pa\u00edses de la regi\u00f3n para que se hicieran responsables de frenar la migraci\u00f3n al norte y para que accedieran a recibir cientos de deportados.<\/p>\n<p class=\"\">Y ahora, de vuelta en el poder, ha tirado de nuevo de la estrategia que tan fruct\u00edfera le result\u00f3 en aquel entonces para, en esta ocasi\u00f3n, avanzar en su campa\u00f1a de deportaciones masivas. Esta vez, a diferencia de la primera, cuando lanzaba sus amenazas sobre todo en forma de sanciones, su t\u00e1ctica principal de intimidaci\u00f3n han sido los aranceles, con los que ha arrancado concesiones de aliados hist\u00f3ricos como M\u00e9xico o Colombia.<\/p>\n<p class=\"\">\u201cEl peso comercial de Estados Unidos en Am\u00e9rica Latina es tan grande que [Trump] ha logrado extorsionar a casi todos los pa\u00edses\u201d,\u00a0<a title=\"https:\/\/elpais.com\/us\/migracion\/2025-05-06\/juanita-goebertus-hrw-las-deportaciones-a-el-salvador-cumplen-la-definicion-juridica-de-una-desaparicion-forzada.html\" href=\"https:\/\/elpais.com\/us\/migracion\/2025-05-06\/juanita-goebertus-hrw-las-deportaciones-a-el-salvador-cumplen-la-definicion-juridica-de-una-desaparicion-forzada.html\" target=\"_self\" rel=\"\" data-link-track-dtm=\"\" data-mrf-link=\"https:\/\/elpais.com\/us\/migracion\/2025-05-06\/juanita-goebertus-hrw-las-deportaciones-a-el-salvador-cumplen-la-definicion-juridica-de-una-desaparicion-forzada.html\">asegur\u00f3 Juanita Goebertus<\/a>, directora de la Divisi\u00f3n de las Am\u00e9ricas de Human Rights Watch, en una entrevista reciente. Con solo tres meses en el cargo, el presidente ha conseguido que el Gobierno de Claudia Sheinbaum militarice la frontera mexicana con Estados Unidos y que Colombia, Costa Rica y Panam\u00e1 accedan a que las autoridades migratorias estadounidenses deporten a migrantes a sus territorios. Todos bajo la presi\u00f3n de una escalada en los aranceles que el Gobierno del republicano ya les ha impuesto en medio de su guerra comercial global.<\/p>\n<h3 class=\"\">M\u00e9xico<\/h3>\n<p class=\"\">Es el pa\u00eds latinoamericano que m\u00e1s puede perder en la guerra arancelaria de Trump:\u00a0<a title=\"https:\/\/elpais.com\/mexico\/2025-04-03\/mexico-y-estados-unidos-una-intensa-relacion-comercial-en-cinco-graficos.html\" href=\"https:\/\/elpais.com\/mexico\/2025-04-03\/mexico-y-estados-unidos-una-intensa-relacion-comercial-en-cinco-graficos.html\" target=\"_self\" rel=\"\" data-link-track-dtm=\"\" data-mrf-link=\"https:\/\/elpais.com\/mexico\/2025-04-03\/mexico-y-estados-unidos-una-intensa-relacion-comercial-en-cinco-graficos.html\">Estados Unidos es su principal socio comercial<\/a>, a la vez que M\u00e9xico es el principal proveedor de Estados Unidos. Por tanto, y siendo consciente de su ventaja en la relaci\u00f3n bilateral, el republicano hizo de la naci\u00f3n \u2014junto a Canad\u00e1\u2014 el principal blanco de sus amenazas arancelarias desde el inicio de su mandato. En su segunda semana de vuelta en la Casa Blanca<a title=\"https:\/\/elpais.com\/internacional\/2025-02-02\/trump-abre-la-guerra-de-aranceles-contra-mexico-canada-y-china.html\" href=\"https:\/\/elpais.com\/internacional\/2025-02-02\/trump-abre-la-guerra-de-aranceles-contra-mexico-canada-y-china.html\" target=\"_self\" rel=\"\" data-link-track-dtm=\"\" data-mrf-link=\"https:\/\/elpais.com\/internacional\/2025-02-02\/trump-abre-la-guerra-de-aranceles-contra-mexico-canada-y-china.html\">\u00a0anunci\u00f3 la imposici\u00f3n de aranceles del 25%<\/a>\u00a0a las importaciones de M\u00e9xico a partir del 4 de febrero. \u00bfLa justificaci\u00f3n? Que el pa\u00eds vecino no estaba haciendo lo suficiente para frenar el tr\u00e1fico de fentanilo y migrantes a Estados Unidos.<\/p>\n<p class=\"\">El Gobierno de Sheinbaum sucumbi\u00f3 a la presi\u00f3n y\u00a0<a title=\"https:\/\/elpais.com\/internacional\/2025-02-03\/sheinbaum-asegura-que-trump-suspende-un-mes-los-aranceles-a-mexico-tras-hablar-con-el.html\" href=\"https:\/\/elpais.com\/internacional\/2025-02-03\/sheinbaum-asegura-que-trump-suspende-un-mes-los-aranceles-a-mexico-tras-hablar-con-el.html\" target=\"_self\" rel=\"\" data-link-track-dtm=\"\" data-mrf-link=\"https:\/\/elpais.com\/internacional\/2025-02-03\/sheinbaum-asegura-que-trump-suspende-un-mes-los-aranceles-a-mexico-tras-hablar-con-el.html\">logr\u00f3 frenar la entrada en vigor<\/a>\u00a0de las nuevas tarifas a cambio de concesiones. Acept\u00f3 reforzar el lado mexicano de la frontera al desplegar 10.000 militares para combatir el narcotr\u00e1fico y la inmigraci\u00f3n irregular, como Trump le exigi\u00f3. Un mes despu\u00e9s, el republicano impuso los aranceles del 25%, que contin\u00faan en vigor a d\u00eda de hoy, aunque con un impacto muy disminuido, pues todo lo cubierto por el tratado de libre comercio entre los tres pa\u00edses norteamericanos, la inmensa mayor\u00eda del intercambio, no recibe los aranceles.<\/p>\n<p>&nbsp;<\/p>\n<figure class=\"a_m a_m-h \">\n<p><div style=\"width: 424px\" class=\"wp-caption alignnone\"><img loading=\"lazy\" decoding=\"async\" class=\"_re lazyload a_m-h\" src=\"https:\/\/imagenes.elpais.com\/resizer\/v2\/GRCEPH76HLJECTTUVDZDQ6XDVI.jpg?auth=c2621addc0d6a9c364e514dcf830abd9907926ae608d6cfec155444e966411cb&amp;width=414\" sizes=\"auto, (min-width:1199px) 1155px,(min-width:1001px) calc(100vw - 44px),(min-width:768px) 767px, 100vw\" srcset=\"https:\/\/imagenes.elpais.com\/resizer\/v2\/GRCEPH76HLJECTTUVDZDQ6XDVI.jpg?auth=c2621addc0d6a9c364e514dcf830abd9907926ae608d6cfec155444e966411cb&amp;width=414 414w,https:\/\/imagenes.elpais.com\/resizer\/v2\/GRCEPH76HLJECTTUVDZDQ6XDVI.jpg?auth=c2621addc0d6a9c364e514dcf830abd9907926ae608d6cfec155444e966411cb&amp;width=828 640w,https:\/\/imagenes.elpais.com\/resizer\/v2\/GRCEPH76HLJECTTUVDZDQ6XDVI.jpg?auth=c2621addc0d6a9c364e514dcf830abd9907926ae608d6cfec155444e966411cb&amp;width=980 1000w,https:\/\/imagenes.elpais.com\/resizer\/v2\/GRCEPH76HLJECTTUVDZDQ6XDVI.jpg?auth=c2621addc0d6a9c364e514dcf830abd9907926ae608d6cfec155444e966411cb&amp;width=1960 1960w\" alt=\"Un agente de la Patrulla Fronteriza detiene a un hombre al cruzar de M\u00e9xico a Estados Unidos, en San Diego, el 23 de enero de 2025.\" width=\"414\" height=\"276\" \/><p class=\"wp-caption-text\">Un agente de la Patrulla Fronteriza detiene a un hombre al cruzar de M\u00e9xico a Estados Unidos, en San Diego, el 23 de enero de 2025. Foto Gregory Bull (AP)<\/p><\/div><figcaption class=\"a_m_p\" aria-hidden=\"true\"><\/figcaption><\/figure>\n<p>&nbsp;<\/p>\n<p class=\"\">No obstante, la presidente mexicana ha cedido aparentemente a la coacci\u00f3n de Trump en materia migratoria y de seguridad, <a title=\"https:\/\/elpais.com\/mexico\/2025-03-02\/el-extraordinario-envio-de-29-capos-criminales-de-mexico-a-estados-unidos-reformula-la-relacion-entre-ambos-paises.html\" href=\"https:\/\/elpais.com\/mexico\/2025-03-02\/el-extraordinario-envio-de-29-capos-criminales-de-mexico-a-estados-unidos-reformula-la-relacion-entre-ambos-paises.html\" target=\"_self\" rel=\"\" data-link-track-dtm=\"\" data-mrf-link=\"https:\/\/elpais.com\/mexico\/2025-03-02\/el-extraordinario-envio-de-29-capos-criminales-de-mexico-a-estados-unidos-reformula-la-relacion-entre-ambos-paises.html\">con la extraordinaria entrega de 29 capos del narcotr\u00e1fico a Estados Unidos<\/a>\u00a0como ejemplo perfecto de ello. Ahora, el Gobierno trumpista tambi\u00e9n ha resucitado una vieja amenaza de su primer mandato, la de\u00a0<a title=\"https:\/\/elpais.com\/mexico\/2025-05-06\/sheinbaum-hace-frente-a-la-sombra-de-una-intervencion-militar-estadounidense.html\" href=\"https:\/\/elpais.com\/mexico\/2025-05-06\/sheinbaum-hace-frente-a-la-sombra-de-una-intervencion-militar-estadounidense.html\" target=\"_self\" rel=\"\" data-link-track-dtm=\"\" data-mrf-link=\"https:\/\/elpais.com\/mexico\/2025-05-06\/sheinbaum-hace-frente-a-la-sombra-de-una-intervencion-militar-estadounidense.html\">una intervenci\u00f3n militar<\/a>\u00a0contra los carteles en suelo mexicano, para a\u00f1adir a la presi\u00f3n arancelaria, aunque por ahora no ha anunciado nuevos aranceles.<\/p>\n<h3 class=\"\">Colombia<\/h3>\n<p class=\"\">El guion se repite en el caso de Colombia. El republicano tambi\u00e9n amenaz\u00f3 con aranceles al Gobierno de Gustavo Petro desde el comienzo de su mandato, cuando el presidente del pa\u00eds andino se neg\u00f3 la ma\u00f1ana del 27 de enero a aceptar dos vuelos con deportados de Estados Unidos que anteriormente hab\u00eda accedido a recibir. Trump reaccion\u00f3 diciendo\u00a0<a title=\"https:\/\/elpais.com\/america-colombia\/2025-01-26\/trump-anuncia-aranceles-del-25-a-colombia-por-rechazar-el-aterrizaje-de-dos-vuelos-con-migrantes-deportados.html?mrfhud=true\" href=\"https:\/\/elpais.com\/america-colombia\/2025-01-26\/trump-anuncia-aranceles-del-25-a-colombia-por-rechazar-el-aterrizaje-de-dos-vuelos-con-migrantes-deportados.html?mrfhud=true\" target=\"_self\" rel=\"\" data-link-track-dtm=\"\" data-mrf-link=\"https:\/\/elpais.com\/america-colombia\/2025-01-26\/trump-anuncia-aranceles-del-25-a-colombia-por-rechazar-el-aterrizaje-de-dos-vuelos-con-migrantes-deportados.html\">que golpear\u00eda a Colombia con aranceles del 25%<\/a>, los cuales aumentar\u00edan al 50% la siguiente semana, as\u00ed como con una serie de sanciones financieras y bancarias. Tambi\u00e9n suspendi\u00f3 los visados para todos los funcionarios del Gobierno colombiano y sus asociados.<\/p>\n<p class=\"\">El enfrentamiento diplom\u00e1tico dur\u00f3 menos de un d\u00eda. Aunque inicialmente le plant\u00f3 cara al republicano, Petro\u00a0<a title=\"https:\/\/elpais.com\/america\/2025-01-27\/petro-cede-ante-trump-y-aceptara-deportaciones-para-evitar-la-imposicion-de-aranceles.html\" href=\"https:\/\/elpais.com\/america\/2025-01-27\/petro-cede-ante-trump-y-aceptara-deportaciones-para-evitar-la-imposicion-de-aranceles.html\" target=\"_self\" rel=\"\" data-link-track-dtm=\"\" data-mrf-link=\"https:\/\/elpais.com\/america\/2025-01-27\/petro-cede-ante-trump-y-aceptara-deportaciones-para-evitar-la-imposicion-de-aranceles.html\">acab\u00f3 cediendo la misma noche de ese domingo<\/a>\u00a0a todas sus demandas, \u201cincluida la aceptaci\u00f3n sin restricciones de todos los extranjeros ilegales de Colombia que regresen de los Estados Unidos, incluso en aeronaves militares estadounidenses, sin limitaciones ni demoras\u201d, como comunic\u00f3 su Gobierno. M\u00e1s adelante, en marzo, tras\u00a0<a title=\"https:\/\/elpais.com\/america-colombia\/2025-03-28\/la-visita-de-la-secretaria-de-seguridad-de-estados-unidos-a-bogota-marca-una-distension-entre-trump-y-petro.html\" href=\"https:\/\/elpais.com\/america-colombia\/2025-03-28\/la-visita-de-la-secretaria-de-seguridad-de-estados-unidos-a-bogota-marca-una-distension-entre-trump-y-petro.html\" target=\"_self\" rel=\"\" data-link-track-dtm=\"\" data-mrf-link=\"https:\/\/elpais.com\/america-colombia\/2025-03-28\/la-visita-de-la-secretaria-de-seguridad-de-estados-unidos-a-bogota-marca-una-distension-entre-trump-y-petro.html\">una visita a Bogot\u00e1 por parte de la secretaria de Seguridad Nacional<\/a>\u00a0de Estados Unidos, Kristi Noem, Colombia anunci\u00f3 que ambas naciones tambi\u00e9n hab\u00edan acordado compartir datos biom\u00e9tricos para identificar migrantes irregulares y delincuentes transnacionales.<\/p>\n<p>&nbsp;<\/p>\n<figure class=\"a_m a_m-h \">\n<p><div style=\"width: 424px\" class=\"wp-caption alignnone\"><img loading=\"lazy\" decoding=\"async\" class=\"_re lazyload a_m-h\" src=\"https:\/\/imagenes.elpais.com\/resizer\/v2\/WJOGSO6GZDXPX6YHBBY2JK3TX4.jpg?auth=28068f13417f0f5ae25aab4aa52e2bfb10968fb42ba5127ef4f8d89d15a89e22&amp;width=414\" sizes=\"auto, (min-width:1199px) 1155px,(min-width:1001px) calc(100vw - 44px),(min-width:768px) 767px, 100vw\" srcset=\"https:\/\/imagenes.elpais.com\/resizer\/v2\/WJOGSO6GZDXPX6YHBBY2JK3TX4.jpg?auth=28068f13417f0f5ae25aab4aa52e2bfb10968fb42ba5127ef4f8d89d15a89e22&amp;width=414 414w,https:\/\/imagenes.elpais.com\/resizer\/v2\/WJOGSO6GZDXPX6YHBBY2JK3TX4.jpg?auth=28068f13417f0f5ae25aab4aa52e2bfb10968fb42ba5127ef4f8d89d15a89e22&amp;width=828 640w,https:\/\/imagenes.elpais.com\/resizer\/v2\/WJOGSO6GZDXPX6YHBBY2JK3TX4.jpg?auth=28068f13417f0f5ae25aab4aa52e2bfb10968fb42ba5127ef4f8d89d15a89e22&amp;width=980 1000w,https:\/\/imagenes.elpais.com\/resizer\/v2\/WJOGSO6GZDXPX6YHBBY2JK3TX4.jpg?auth=28068f13417f0f5ae25aab4aa52e2bfb10968fb42ba5127ef4f8d89d15a89e22&amp;width=1960 1960w\" alt=\"Kristi Noem\" width=\"414\" height=\"276\" \/><p class=\"wp-caption-text\">Kristi Noem en el Capitolio de Washington, el 8 de mayo de 2025. Foto Julia Demaree Nikhinson (AP)<\/p><\/div><figcaption class=\"a_m_p\" aria-hidden=\"true\"><\/figcaption><\/figure>\n<p>&nbsp;<\/p>\n<p class=\"\">Finalmente, sin embargo, al pa\u00eds s\u00ed se le impusieron los grav\u00e1menes base del 10%, como parte del gran paquete de medidas arancelarias anunciadas por la Administraci\u00f3n Trump a principios de abril.<\/p>\n<h3 class=\"\">Costa Rica y Panam\u00e1<\/h3>\n<p class=\"\">Otros dos pa\u00edses de la regi\u00f3n que han aceptado recibir vuelos de deportados\u00a0<a title=\"https:\/\/elpais.com\/us\/migracion\/2025-05-04\/asiaticos-africanos-o-rusos-a-panama-y-costa-rica-las-deportaciones-de-trump-mas-alla-de-los-venezolanos-enviados-a-el-salvador.html\" href=\"https:\/\/elpais.com\/us\/migracion\/2025-05-04\/asiaticos-africanos-o-rusos-a-panama-y-costa-rica-las-deportaciones-de-trump-mas-alla-de-los-venezolanos-enviados-a-el-salvador.html\" target=\"_self\" rel=\"\" data-link-track-dtm=\"\" data-mrf-link=\"https:\/\/elpais.com\/us\/migracion\/2025-05-04\/asiaticos-africanos-o-rusos-a-panama-y-costa-rica-las-deportaciones-de-trump-mas-alla-de-los-venezolanos-enviados-a-el-salvador.html\">son Costa Rica y Panam\u00e1<\/a>, aunque cabe destacar algunas particularidades. Primero, ninguno de los dos pa\u00edses fueron amenazados, al menos p\u00fablicamente, con aranceles del 25% como lo fueron M\u00e9xico y Colombia. Algunos analistas teorizan que s\u00ed lo fueron a puerta cerrada, ya que el secretario de Estado, Marco Rubio, visit\u00f3 ambos pa\u00edses en febrero, tras lo cual anunciaron que recibir\u00edan deportaciones de Estados Unidos. Pero de momento, al igual que Colombia, ambas naciones fueron gravadas con la tarifa m\u00ednima del 10% en abril.<\/p>\n<p class=\"\">Panam\u00e1, adem\u00e1s, ha tenido que lidiar con las amenazas imperialistas de Trump, que insiste en que quiere retomar el control del canal interoce\u00e1nico del pa\u00eds. Aunque Estados Unidos cedi\u00f3 el control de la v\u00eda fluvial a Panam\u00e1 hace m\u00e1s de 20 a\u00f1os, el presidente se ha quejado de que China ejerce influencia sobre el canal mientras que Washington es obligado a pagar m\u00e1s por utilizarlo. Aunque el Gobierno paname\u00f1o ha rechazado la idea de base,\u00a0<a title=\"https:\/\/elpais.com\/america\/2025-04-10\/el-jefe-del-pentagono-presiona-a-panama-para-lograr-el-uso-gratuito-del-canal-y-reactivar-las-bases-militares.html\" href=\"https:\/\/elpais.com\/america\/2025-04-10\/el-jefe-del-pentagono-presiona-a-panama-para-lograr-el-uso-gratuito-del-canal-y-reactivar-las-bases-militares.html\" target=\"_self\" rel=\"\" data-link-track-dtm=\"\" data-mrf-link=\"https:\/\/elpais.com\/america\/2025-04-10\/el-jefe-del-pentagono-presiona-a-panama-para-lograr-el-uso-gratuito-del-canal-y-reactivar-las-bases-militares.html\">ha tenido que ceder<\/a>\u00a0en otras cosas para aplacar al republicano, como permitir que la empresa estadounidense BlackRock\u00a0<a title=\"https:\/\/elpais.com\/internacional\/2025-03-04\/la-empresa-estadounidense-blackrock-comprara-los-puertos-de-panama-tras-la-presion-de-trump-sobre-el-control-del-canal.html\" href=\"https:\/\/elpais.com\/internacional\/2025-03-04\/la-empresa-estadounidense-blackrock-comprara-los-puertos-de-panama-tras-la-presion-de-trump-sobre-el-control-del-canal.html\" target=\"_self\" rel=\"\" data-link-track-dtm=\"\" data-mrf-link=\"https:\/\/elpais.com\/internacional\/2025-03-04\/la-empresa-estadounidense-blackrock-comprara-los-puertos-de-panama-tras-la-presion-de-trump-sobre-el-control-del-canal.html\">comprara puertos del pa\u00eds<\/a>.<\/p>\n<h3 class=\"\">Venezuela<\/h3>\n<p class=\"\">Las t\u00e1cticas de coacci\u00f3n que el Gobierno de Trump ha empleado contra el r\u00e9gimen de Nicol\u00e1s Maduro en Venezuela son a\u00fan m\u00e1s diversas. Ha usado aranceles, pero tambi\u00e9n la amenaza de sanciones y golpes al sector petrolero del pa\u00eds, a la vez que ha deportado a nacionales venezolanos a El Salvador, donde han sido encarcelados en una c\u00e1rcel de m\u00e1xima seguridad.<\/p>\n<p class=\"\">Despu\u00e9s de que Washington anunciara el 4 de marzo que retiraba las licencias que permit\u00edan la operaci\u00f3n de la petrolera estadounidense Chevron en Venezuela, Caracas inform\u00f3 cuatro d\u00edas despu\u00e9s de que no aceptar\u00eda deportaciones de sus ciudadanos desde Estados Unidos. Esto llev\u00f3 a la Administraci\u00f3n Trump a amenazar al pa\u00eds sudamericano con nuevas sanciones \u201cseveras y crecientes\u201d. Finalmente,\u00a0<a title=\"https:\/\/elpais.com\/america\/2025-03-13\/venezuela-y-estados-unidos-acuerdan-reanudar-las-deportaciones-de-migrantes.html\" href=\"https:\/\/elpais.com\/america\/2025-03-13\/venezuela-y-estados-unidos-acuerdan-reanudar-las-deportaciones-de-migrantes.html\" target=\"_self\" rel=\"\" data-link-track-dtm=\"\" data-mrf-link=\"https:\/\/elpais.com\/america\/2025-03-13\/venezuela-y-estados-unidos-acuerdan-reanudar-las-deportaciones-de-migrantes.html\">Maduro dio marcha atr\u00e1s<\/a>\u00a0y acord\u00f3 reanudar los vuelos,\u00a0<a title=\"https:\/\/elpais.com\/internacional\/2025-03-24\/estados-unidos-deporta-a-cerca-de-200-migrantes-a-venezuela-a-traves-de-honduras.html\" href=\"https:\/\/elpais.com\/internacional\/2025-03-24\/estados-unidos-deporta-a-cerca-de-200-migrantes-a-venezuela-a-traves-de-honduras.html\" target=\"_self\" rel=\"\" data-link-track-dtm=\"\" data-mrf-link=\"https:\/\/elpais.com\/internacional\/2025-03-24\/estados-unidos-deporta-a-cerca-de-200-migrantes-a-venezuela-a-traves-de-honduras.html\">que reiniciaron<\/a>\u00a0poco despu\u00e9s ese mismo mes.<\/p>\n<p>&nbsp;<\/p>\n<figure class=\"a_m a_m-h \">\n<p><div style=\"width: 424px\" class=\"wp-caption alignnone\"><img loading=\"lazy\" decoding=\"async\" class=\"_re lazyload a_m-h\" src=\"https:\/\/imagenes.elpais.com\/resizer\/v2\/ZOIG2H5S7VD7VEMNTY3Q7MLOFM.jpg?auth=755cf238c386cdd02a9047896ae04ff3710281edefe3466abcc4778585f0edb5&amp;width=414\" sizes=\"auto, (min-width:1199px) 1155px,(min-width:1001px) calc(100vw - 44px),(min-width:768px) 767px, 100vw\" srcset=\"https:\/\/imagenes.elpais.com\/resizer\/v2\/ZOIG2H5S7VD7VEMNTY3Q7MLOFM.jpg?auth=755cf238c386cdd02a9047896ae04ff3710281edefe3466abcc4778585f0edb5&amp;width=414 414w,https:\/\/imagenes.elpais.com\/resizer\/v2\/ZOIG2H5S7VD7VEMNTY3Q7MLOFM.jpg?auth=755cf238c386cdd02a9047896ae04ff3710281edefe3466abcc4778585f0edb5&amp;width=828 640w,https:\/\/imagenes.elpais.com\/resizer\/v2\/ZOIG2H5S7VD7VEMNTY3Q7MLOFM.jpg?auth=755cf238c386cdd02a9047896ae04ff3710281edefe3466abcc4778585f0edb5&amp;width=980 1000w,https:\/\/imagenes.elpais.com\/resizer\/v2\/ZOIG2H5S7VD7VEMNTY3Q7MLOFM.jpg?auth=755cf238c386cdd02a9047896ae04ff3710281edefe3466abcc4778585f0edb5&amp;width=1960 1960w\" alt=\"Familiares de migrantes venezolanos deportados de Estados Unidos a la prisi\u00f3n del Centro de Confinamiento del Terrorismo (CECOT) en El Salvador, marchan durante una protesta para exigir su liberaci\u00f3n, en Caracas, el 25 de Marzo de 2025\" width=\"414\" height=\"276\" \/><p class=\"wp-caption-text\">Familiares de migrantes venezolanos deportados, en Caracas, el 25 de marzo de 2025. Foto GABY ORAA<\/p><\/div><figcaption class=\"a_m_p\" aria-hidden=\"true\"><\/figcaption><\/figure>\n<p>&nbsp;<\/p>\n<p class=\"\">El d\u00eda 24, sin embargo, el Gobierno de Trump anunci\u00f3 otras dos medidas. Por un lado, asegur\u00f3 que, a partir del 2 de abril,\u00a0<a title=\"https:\/\/elpais.com\/internacional\/2025-03-24\/trump-dice-que-impondra-aranceles-del-25-a-todos-los-paises-que-compren-petroleo-a-venezuela.html\" href=\"https:\/\/elpais.com\/internacional\/2025-03-24\/trump-dice-que-impondra-aranceles-del-25-a-todos-los-paises-que-compren-petroleo-a-venezuela.html\" target=\"_self\" rel=\"\" data-link-track-dtm=\"\" data-mrf-link=\"https:\/\/elpais.com\/internacional\/2025-03-24\/trump-dice-que-impondra-aranceles-del-25-a-todos-los-paises-que-compren-petroleo-a-venezuela.html\">impondr\u00eda aranceles del 25%<\/a>\u00a0a todos los pa\u00edses que importen petr\u00f3leo y gas venezolano porque, seg\u00fan justific\u00f3, Caracas ha enviado \u201cdecenas de miles\u201d de criminales violentos a Estados Unidos. Y por el otro, prorrog\u00f3 hasta finales de mayo la salida de Chevron, que estaba prevista para principios de abril. Esta pausa le dio un respiro al ya de por s\u00ed asfixiado r\u00e9gimen de Maduro, ya que la multinacional es responsable de un cuarto de la producci\u00f3n petrolera local. A eso se a\u00f1ade la imposici\u00f3n de grav\u00e1menes del 15% a las exportaciones de Venezuela, a\u00fan pendientes de aplicaci\u00f3n debido a la moratoria de 90 d\u00edas anunciada por la Casa Blanca para todos los pa\u00edses, con la salvedad de China.<\/p>\n<h3 class=\"\">Menci\u00f3n aparte: El Salvador<\/h3>\n<p class=\"\">El caso de El Salvador amerita una menci\u00f3n especial. La relaci\u00f3n entre Trump y su hom\u00f3logo salvadore\u00f1o, Nayib Bukele,\u00a0<a title=\"https:\/\/elpais.com\/america\/2025-03-19\/las-ganancias-del-guantanamo-de-bukele-20000-dolares-por-preso-al-ano-y-el-favor-de-trump.html\" href=\"https:\/\/elpais.com\/america\/2025-03-19\/las-ganancias-del-guantanamo-de-bukele-20000-dolares-por-preso-al-ano-y-el-favor-de-trump.html\" target=\"_self\" rel=\"\" data-link-track-dtm=\"\" data-mrf-link=\"https:\/\/elpais.com\/america\/2025-03-19\/las-ganancias-del-guantanamo-de-bukele-20000-dolares-por-preso-al-ano-y-el-favor-de-trump.html\">ha sido beneficiosa para ambos<\/a>. El republicano, por su parte, ha encontrado en Bukele un socio que acepte \u2014y encarcele\u2014 a migrantes deportados por Estados Unidos sin hacer preguntas. As\u00ed Bukele no solo gana el favor del hombre m\u00e1s poderoso del mundo, sino que bajo el acuerdo tambi\u00e9n recibe dinero \u201420.000 d\u00f3lares al a\u00f1o por cada deportado encarcelado en el pa\u00eds centroamericano\u2014 y la convalidaci\u00f3n de su modelo carcelario, duramente criticado por sus malas condiciones y la violaci\u00f3n de derechos humanos de los reclusos.<\/p>\n<p class=\"\">Adem\u00e1s, y probablemente lo m\u00e1s importante para Bukele, El Salvador\u00a0<a title=\"https:\/\/elpais.com\/us\/2025-04-29\/bukele-le-ofrecio-a-trump-un-50-de-descuento-en-su-megaprision-a-cambio-de-nueve-pandilleros-clave-de-la-ms-13-segun-cnn.html\" href=\"https:\/\/elpais.com\/us\/2025-04-29\/bukele-le-ofrecio-a-trump-un-50-de-descuento-en-su-megaprision-a-cambio-de-nueve-pandilleros-clave-de-la-ms-13-segun-cnn.html\" target=\"_self\" rel=\"\" data-link-track-dtm=\"\" data-mrf-link=\"https:\/\/elpais.com\/us\/2025-04-29\/bukele-le-ofrecio-a-trump-un-50-de-descuento-en-su-megaprision-a-cambio-de-nueve-pandilleros-clave-de-la-ms-13-segun-cnn.html\">recibir\u00e1 de devuelta a por lo menos nueve pandilleros clave<\/a>\u00a0de la MS-13 que Estados Unidos tiene bajo su custodia. Por ese tr\u00e1mite, Bukele le ofreci\u00f3 al Gobierno de Trump un descuento del 50\u202f% en la tarifa por recibir migrantes deportados en su megaprisi\u00f3n. Un\u00a0<i>win-win.<\/i><\/p>\n","protected":false},"excerpt":{"rendered":"<p>&nbsp; &nbsp; &#8211; La t\u00e1ctica principal de intimidaci\u00f3n y matoneo usada por Trump han sido los aranceles, con los que ha arrancado concesiones de pa\u00edses&hellip;<\/p>\n","protected":false},"author":99,"featured_media":531897,"comment_status":"open","ping_status":"open","sticky":false,"template":"","format":"standard","meta":{"footnotes":""},"categories":[],"tags":[],"class_list":["post-531896","post","type-post","status-publish","format-standard","has-post-thumbnail","hentry"],"_links":{"self":[{"href":"https:\/\/diarioelpopular.com\/index.php\/wp-json\/wp\/v2\/posts\/531896","targetHints":{"allow":["GET"]}}],"collection":[{"href":"https:\/\/diarioelpopular.com\/index.php\/wp-json\/wp\/v2\/posts"}],"about":[{"href":"https:\/\/diarioelpopular.com\/index.php\/wp-json\/wp\/v2\/types\/post"}],"author":[{"embeddable":true,"href":"https:\/\/diarioelpopular.com\/index.php\/wp-json\/wp\/v2\/users\/99"}],"replies":[{"embeddable":true,"href":"https:\/\/diarioelpopular.com\/index.php\/wp-json\/wp\/v2\/comments?post=531896"}],"version-history":[{"count":1,"href":"https:\/\/diarioelpopular.com\/index.php\/wp-json\/wp\/v2\/posts\/531896\/revisions"}],"predecessor-version":[{"id":531898,"href":"https:\/\/diarioelpopular.com\/index.php\/wp-json\/wp\/v2\/posts\/531896\/revisions\/531898"}],"wp:featuredmedia":[{"embeddable":true,"href":"https:\/\/diarioelpopular.com\/index.php\/wp-json\/wp\/v2\/media\/531897"}],"wp:attachment":[{"href":"https:\/\/diarioelpopular.com\/index.php\/wp-json\/wp\/v2\/media?parent=531896"}],"wp:term":[{"taxonomy":"category","embeddable":true,"href":"https:\/\/diarioelpopular.com\/index.php\/wp-json\/wp\/v2\/categories?post=531896"},{"taxonomy":"post_tag","embeddable":true,"href":"https:\/\/diarioelpopular.com\/index.php\/wp-json\/wp\/v2\/tags?post=531896"}],"curies":[{"name":"wp","href":"https:\/\/api.w.org\/{rel}","templated":true}]}}