{"id":531924,"date":"2025-05-13T09:59:21","date_gmt":"2025-05-13T13:59:21","guid":{"rendered":"https:\/\/diarioelpopular.com\/?p=531924"},"modified":"2025-05-13T09:59:21","modified_gmt":"2025-05-13T13:59:21","slug":"leon-xiv-un-papa-para-hacer-frente-a-la-campana-de-deportaciones-masivas-de-trump","status":"publish","type":"post","link":"https:\/\/diarioelpopular.com\/index.php\/2025\/05\/13\/leon-xiv-un-papa-para-hacer-frente-a-la-campana-de-deportaciones-masivas-de-trump\/","title":{"rendered":"Le\u00f3n XIV, un papa para hacer frente a la campa\u00f1a de deportaciones masivas de Trump"},"content":{"rendered":"<div id=\"attachment_531925\" style=\"width: 1210px\" class=\"wp-caption alignnone\"><img loading=\"lazy\" decoding=\"async\" aria-describedby=\"caption-attachment-531925\" class=\"wp-image-531925 size-custom-big-size\" src=\"https:\/\/diarioelpopular.com\/wp-content\/uploads\/2025\/05\/Screen-Shot-2025-05-13-at-9.58.35-AM-1200x804.png\" alt=\"\" width=\"1200\" height=\"804\" srcset=\"https:\/\/diarioelpopular.com\/wp-content\/uploads\/2025\/05\/Screen-Shot-2025-05-13-at-9.58.35-AM-1200x804.png 1200w, https:\/\/diarioelpopular.com\/wp-content\/uploads\/2025\/05\/Screen-Shot-2025-05-13-at-9.58.35-AM-300x201.png 300w, https:\/\/diarioelpopular.com\/wp-content\/uploads\/2025\/05\/Screen-Shot-2025-05-13-at-9.58.35-AM-768x514.png 768w, https:\/\/diarioelpopular.com\/wp-content\/uploads\/2025\/05\/Screen-Shot-2025-05-13-at-9.58.35-AM-636x426.png 636w, https:\/\/diarioelpopular.com\/wp-content\/uploads\/2025\/05\/Screen-Shot-2025-05-13-at-9.58.35-AM-80x55.png 80w, https:\/\/diarioelpopular.com\/wp-content\/uploads\/2025\/05\/Screen-Shot-2025-05-13-at-9.58.35-AM-109x73.png 109w, https:\/\/diarioelpopular.com\/wp-content\/uploads\/2025\/05\/Screen-Shot-2025-05-13-at-9.58.35-AM.png 1024w\" sizes=\"auto, (max-width: 1200px) 100vw, 1200px\" \/><p id=\"caption-attachment-531925\" class=\"wp-caption-text\">El papa Le\u00f3n XIV se re\u00fane con miembros de la prensa internacional, este lunes en el Vaticano. Associated Press\/LaPresse (APN)<\/p><\/div>\n<p>&nbsp;<\/p>\n<p>&nbsp;<\/p>\n<h4 class=\"a_st\"><em>&#8211; Personas cercanas al Pont\u00edfice aseguran que no se quedar\u00e1 de brazos cruzados mientras el presidente de su pa\u00eds natal criminaliza, detiene y expulsa a miles de migrantes<\/em><\/h4>\n<p>&nbsp;<\/p>\n<p class=\"\">La primera clave est\u00e1 en el nombre. Cuando el cardenal Robert Francis Prevost se convirti\u00f3 en\u00a0<a title=\"https:\/\/elpais.com\/internacional\/2025-05-10\/leon-xiv-un-papa-de-chicago-para-una-iglesia-estadounidense-en-crisis-y-cada-vez-mas-conservadora.html\" href=\"https:\/\/elpais.com\/internacional\/2025-05-10\/leon-xiv-un-papa-de-chicago-para-una-iglesia-estadounidense-en-crisis-y-cada-vez-mas-conservadora.html\" target=\"_blank\" rel=\"noopener noreferrer\" data-link-track-dtm=\"\" data-mrf-link=\"https:\/\/elpais.com\/internacional\/2025-05-10\/leon-xiv-un-papa-de-chicago-para-una-iglesia-estadounidense-en-crisis-y-cada-vez-mas-conservadora.html\">el primer pont\u00edfice estadounidense<\/a>\u00a0y eligi\u00f3 Le\u00f3n XIV como su nombre papal, el nativo de Chicago dej\u00f3 claro su compromiso con la justicia social. Invocaba con su selecci\u00f3n al Papa Le\u00f3n XIII, considerado el arquitecto de la doctrina social cat\u00f3lica. Esta afirma el derecho de las personas a migrar en busca de seguridad y una vida digna, entre otros.<\/p>\n<p class=\"\">Una se\u00f1al de que, como lo fue su predecesor e \u00edntimo amigo Francisco, Le\u00f3n XIV ser\u00e1 un Papa para los migrantes, lo que seguramente\u00a0<a title=\"https:\/\/elpais.com\/internacional\/2025-05-09\/trump-y-leon-xiv-dos-perfiles-muy-distantes-y-una-conexion-incierta.html\" href=\"https:\/\/elpais.com\/internacional\/2025-05-09\/trump-y-leon-xiv-dos-perfiles-muy-distantes-y-una-conexion-incierta.html\" target=\"_blank\" rel=\"noopener noreferrer\" data-link-track-dtm=\"\" data-mrf-link=\"https:\/\/elpais.com\/internacional\/2025-05-09\/trump-y-leon-xiv-dos-perfiles-muy-distantes-y-una-conexion-incierta.html\">le enfrentar\u00e1 al Gobierno de su pa\u00eds natal<\/a>, donde Donald Trump intenta llevar a cabo la mayor campa\u00f1a de deportaciones de la historia.<\/p>\n<p class=\"\">El propio Prevost confirm\u00f3 este fin de semana que escogi\u00f3 llamarse Le\u00f3n XIV\u00a0<a href=\"https:\/\/elpais.com\/internacional\/2025-05-10\/leon-xiv-se-marca-como-prioridad-defender-la-dignidad-humana-y-el-trabajo-ante-una-nueva-revolucion-industrial-y-de-la-ia.html\" rel=\"\" data-link-track-dtm=\"\" data-mrf-link=\"https:\/\/elpais.com\/internacional\/2025-05-10\/leon-xiv-se-marca-como-prioridad-defender-la-dignidad-humana-y-el-trabajo-ante-una-nueva-revolucion-industrial-y-de-la-ia.html\">como referencia a su antecesor del mismo nombre<\/a>\u00a0y a su legado social. \u201cEleg\u00ed tomar el nombre de Le\u00f3n XIV. Hay varias razones, pero principalmente porque el papa Le\u00f3n XIII, con la hist\u00f3rica enc\u00edclica\u00a0<i>Rerum novarum<\/i>, afront\u00f3 la cuesti\u00f3n social en el contexto de la primera gran revoluci\u00f3n industrial\u201d,\u00a0<a href=\"https:\/\/www.vatican.va\/content\/leo-xiv\/en\/speeches\/2025\/may\/documents\/20250510-collegio-cardinalizio.html\" rel=\"\" data-link-track-dtm=\"\" data-mrf-link=\"https:\/\/www.vatican.va\/content\/leo-xiv\/en\/speeches\/2025\/may\/documents\/20250510-collegio-cardinalizio.html\">asegur\u00f3 en un discurso<\/a>\u00a0ante el Colegio Cardenalicio en el Vaticano el s\u00e1bado.<\/p>\n<p class=\"\">Le\u00f3n XIII, l\u00edder de la Iglesia Cat\u00f3lica de 1878 a 1903, lleg\u00f3 a ser conocido como \u201cel Papa de los trabajadores\u201d por su enc\u00edclica de 1891, en la que defend\u00eda el derecho a un trabajo digno, tambi\u00e9n para los migrantes. \u201cNadie cambiar\u00eda su pa\u00eds por una tierra extranjera si el suyo le proporcionara los medios para vivir una vida decente y feliz\u201d, escribi\u00f3 entonces. El texto pas\u00f3 a convertirse en la base de la ense\u00f1anza social cat\u00f3lica moderna.\u00a0<a title=\"https:\/\/www.usccb.org\/issues-and-action\/human-life-and-dignity\/immigration\/catholic-teaching-on-immigration-and-the-movement-of-peoples\" href=\"https:\/\/www.usccb.org\/issues-and-action\/human-life-and-dignity\/immigration\/catholic-teaching-on-immigration-and-the-movement-of-peoples\" target=\"_self\" rel=\"\" data-link-track-dtm=\"\" data-mrf-link=\"https:\/\/www.usccb.org\/issues-and-action\/human-life-and-dignity\/immigration\/catholic-teaching-on-immigration-and-the-movement-of-peoples\">De acuerdo con la Conferencia de Obispos Cat\u00f3licos de Estados Unidos<\/a>, esta establece que toda persona tiene derecho a migrar para sobrevivir y proveer a sus familias. Aunque la doctrina reconoce que ning\u00fan pa\u00eds est\u00e1 obligado a aceptar a todas las personas que pretendan reasentarse en \u00e9l, apunta que los gobiernos deben \u201cregular sus fronteras con justicia y misericordia\u201d.<\/p>\n<p class=\"\">Son principios que guiaron profundamente al papa Francisco y que, ahora, se espera marquen tambi\u00e9n el papado de Le\u00f3n XIV. Ya en su primer discurso como pont\u00edfice el pasado jueves, Prevost habl\u00f3 de \u201cconstruir puentes\u201d, como hac\u00eda a menudo su predecesor al expresarse sobre la migraci\u00f3n, sobre todo en respuesta a pol\u00edticas que consideraba castigaban a los inmigrantes. \u201cTenemos que buscar juntos c\u00f3mo ser una Iglesia misionera, que construye puentes de di\u00e1logo, siempre dispuesta y abierta a recibir, como esta plaza, con los brazos abiertos a todos\u201d, dijo desde el balc\u00f3n de la Bas\u00edlica de San Pedro.<\/p>\n<p class=\"\">Aquellos cercanos al Papa han confirmado que continuar\u00e1 el legado de Francisco en muchas cuestiones, incluida la migraci\u00f3n.\u00a0<a href=\"https:\/\/www.nytimes.com\/es\/2025\/05\/10\/espanol\/estados-unidos\/john-prevost-hermano-papa-entrevista.html\" rel=\"\" data-link-track-dtm=\"\" data-mrf-link=\"https:\/\/www.nytimes.com\/es\/2025\/05\/10\/espanol\/estados-unidos\/john-prevost-hermano-papa-entrevista.html\">En una entrevista con\u00a0<i>The New York Times<\/i><\/a>\u00a0el d\u00eda de su nombramiento, su hermano, John Prevost, asegur\u00f3 que Le\u00f3n XIV \u201cno est\u00e1 contento con lo que est\u00e1 pasando con la migraci\u00f3n\u201d en Estados Unidos. \u201cLo s\u00e9 a ciencia cierta. Hasta d\u00f3nde llegar\u00e1 es solo una suposici\u00f3n, pero no se quedar\u00e1 de brazos cruzados\u201d, se\u00f1al\u00f3. A\u00f1adi\u00f3 que el Pont\u00edfice \u201ctiene un gran deseo de ayudar a los oprimidos y a los privados de derechos, la gente que es ignorada\u201d y que, por tanto, no cree \u201cque se quede callado mucho tiempo si tiene algo que decir\u201d.<\/p>\n<p>&nbsp;<\/p>\n<figure class=\"a_m a_m-h \">\n<p><div style=\"width: 424px\" class=\"wp-caption alignnone\"><img loading=\"lazy\" decoding=\"async\" class=\"_re lazyload a_m-h\" src=\"https:\/\/imagenes.elpais.com\/resizer\/v2\/S3QPGKTEAFZRNUJIE4I5BVOI3Q.jpg?auth=828fdda553e108b2ba2f88b94638f3e2c8a353ac43b8f68721ce4951c6a7c93c&amp;width=414\" sizes=\"auto, (min-width:1199px) 1155px,(min-width:1001px) calc(100vw - 44px),(min-width:768px) 767px, 100vw\" srcset=\"https:\/\/imagenes.elpais.com\/resizer\/v2\/S3QPGKTEAFZRNUJIE4I5BVOI3Q.jpg?auth=828fdda553e108b2ba2f88b94638f3e2c8a353ac43b8f68721ce4951c6a7c93c&amp;width=414 414w,https:\/\/imagenes.elpais.com\/resizer\/v2\/S3QPGKTEAFZRNUJIE4I5BVOI3Q.jpg?auth=828fdda553e108b2ba2f88b94638f3e2c8a353ac43b8f68721ce4951c6a7c93c&amp;width=828 640w,https:\/\/imagenes.elpais.com\/resizer\/v2\/S3QPGKTEAFZRNUJIE4I5BVOI3Q.jpg?auth=828fdda553e108b2ba2f88b94638f3e2c8a353ac43b8f68721ce4951c6a7c93c&amp;width=980 1000w,https:\/\/imagenes.elpais.com\/resizer\/v2\/S3QPGKTEAFZRNUJIE4I5BVOI3Q.jpg?auth=828fdda553e108b2ba2f88b94638f3e2c8a353ac43b8f68721ce4951c6a7c93c&amp;width=1960 1960w\" alt=\"Leon XIV\" width=\"414\" height=\"277\" \/><p class=\"wp-caption-text\">Robert Francis Prevost recibe su birrete de cardenal de manos del papa Francisco en la Plaza de San Pedro del Vaticano, en septiembre de 2023. Foto Riccardo De Luca (AP)<\/p><\/div><figcaption class=\"a_m_p\" aria-hidden=\"true\"><\/figcaption><\/figure>\n<h3 class=\"\">Trump deporta mientras la Iglesia exige una reforma del sistema migratorio<\/h3>\n<p class=\"\">El arzobispo de Chicago, el cardenal Blase Cupich, fue un paso m\u00e1s all\u00e1 y afirm\u00f3 en una\u00a0<a href=\"https:\/\/abcnews.go.com\/Politics\/pope-leo-xiv-complete-complement-us-political-agenda\/story?id=121676188\" rel=\"\" data-link-track-dtm=\"\" data-mrf-link=\"https:\/\/abcnews.go.com\/Politics\/pope-leo-xiv-complete-complement-us-political-agenda\/story?id=121676188\">entrevista a ABC News<\/a>\u00a0emitida este fin de semana que el Papa influir\u00e1 en la pol\u00edtica estadounidense. \u201cCreo que va a ayudar a completar y complementar nuestra agenda pol\u00edtica. Tambi\u00e9n hablar\u00e1 mucho de inmigraci\u00f3n, porque conoce el sufrimiento de la gente y las necesidades reales que tienen de una vida mejor\u201d, sostuvo. \u201cSabe que esas personas necesitan una opci\u00f3n. Y pedir\u00e1, creo, como han hecho los obispos en Estados Unidos, que se arregle este sistema de inmigraci\u00f3n roto\u201d.<\/p>\n<p class=\"\">La Conferencia de Obispos Cat\u00f3licos del pa\u00eds y la Administraci\u00f3n Trump han diferido en m\u00e1s de una ocasi\u00f3n sobre c\u00f3mo el Gobierno debe hacer cumplir sus leyes de inmigraci\u00f3n. Aunque la Iglesia cat\u00f3lica estadounidense reconoce que se deben defender las fronteras, los obispos abogan desde hace a\u00f1os\u00a0<a href=\"https:\/\/www.usccb.org\/issues-and-action\/human-life-and-dignity\/immigration\/churchteachingonimmigrationreform\" rel=\"\" data-link-track-dtm=\"\" data-mrf-link=\"https:\/\/www.usccb.org\/issues-and-action\/human-life-and-dignity\/immigration\/churchteachingonimmigrationreform\">por una reforma integral del sistema migratorio de Estados Unidos<\/a>\u00a0que ofrezca v\u00edas hacia la ciudadan\u00eda para miles de migrantes, proteja a los solicitantes de asilo, promueva la unidad familiar y respete las garant\u00edas procesales de toda persona. En conjunto, el opuesto a la pol\u00edtica del actual presidente.<\/p>\n<p class=\"\">Trump, por su parte, ha dicho que es una \u201cilusi\u00f3n\u201d y un \u201chonor\u201d que el nuevo Papa sea estadounidense y que est\u00e1 deseando conocerlo. Sin embargo, algunos de sus asesores m\u00e1s fieles han arremetido contra \u00e9l. Laura Loomer, la\u00a0<i>influencer<\/i>\u00a0y activista de extrema derecha que susurra en el o\u00eddo del presidente, tild\u00f3 a Le\u00f3n XIV \u201cde anti-Trump, anti-MAGA, pro-fronteras abiertas y un marxista total\u201d.<\/p>\n<p>&nbsp;<\/p>\n<figure class=\"a_m a_m-h \">\n<p><div style=\"width: 424px\" class=\"wp-caption alignnone\"><img loading=\"lazy\" decoding=\"async\" class=\"_re lazyload a_m-h\" src=\"https:\/\/imagenes.elpais.com\/resizer\/v2\/VLE6TAHK3MPIWA5XHM7KGAZJ4Y.jpg?auth=5f31089a094683e13e95bcc14a77913c0849fa03b6c8837ff60e23925c4b68c2&amp;width=414\" sizes=\"auto, (min-width:1199px) 1155px,(min-width:1001px) calc(100vw - 44px),(min-width:768px) 767px, 100vw\" srcset=\"https:\/\/imagenes.elpais.com\/resizer\/v2\/VLE6TAHK3MPIWA5XHM7KGAZJ4Y.jpg?auth=5f31089a094683e13e95bcc14a77913c0849fa03b6c8837ff60e23925c4b68c2&amp;width=414 414w,https:\/\/imagenes.elpais.com\/resizer\/v2\/VLE6TAHK3MPIWA5XHM7KGAZJ4Y.jpg?auth=5f31089a094683e13e95bcc14a77913c0849fa03b6c8837ff60e23925c4b68c2&amp;width=828 640w,https:\/\/imagenes.elpais.com\/resizer\/v2\/VLE6TAHK3MPIWA5XHM7KGAZJ4Y.jpg?auth=5f31089a094683e13e95bcc14a77913c0849fa03b6c8837ff60e23925c4b68c2&amp;width=980 1000w,https:\/\/imagenes.elpais.com\/resizer\/v2\/VLE6TAHK3MPIWA5XHM7KGAZJ4Y.jpg?auth=5f31089a094683e13e95bcc14a77913c0849fa03b6c8837ff60e23925c4b68c2&amp;width=1960 1960w\" alt=\"Leon XIV\" width=\"414\" height=\"276\" \/><p class=\"wp-caption-text\">De izquierda a derecha, los cardenales estadounidenses Blase Cupich, Joseph Tobin y Timothy Dolan en una rueda de prensa en el Colegio Norteamericano de Roma, el pasado 9 de mayo. Associated Press\/LaPresse (APN)<\/p><\/div><figcaption class=\"a_m_p\" aria-hidden=\"true\"><\/figcaption><\/figure>\n<p>&nbsp;<\/p>\n<p class=\"\">El universo trumpista ha reprochado el hecho de que en un perfil de X (antiguo Twitter) bajo el nombre de\u00a0<a title=\"https:\/\/elpais.com\/internacional\/2025-05-09\/los-catolicos-de-chicago-aplauden-el-nombramiento-de-uno-de-los-suyos-va-a-ser-un-papa-de-todos-nosotros.html\" href=\"https:\/\/elpais.com\/internacional\/2025-05-09\/los-catolicos-de-chicago-aplauden-el-nombramiento-de-uno-de-los-suyos-va-a-ser-un-papa-de-todos-nosotros.html\" target=\"_blank\" rel=\"noopener noreferrer\" data-link-track-dtm=\"\" data-mrf-link=\"https:\/\/elpais.com\/internacional\/2025-05-09\/los-catolicos-de-chicago-aplauden-el-nombramiento-de-uno-de-los-suyos-va-a-ser-un-papa-de-todos-nosotros.html\">Robert Prevost<\/a>\u00a0se critica a la Administraci\u00f3n por muchas de sus pol\u00edticas. La cuenta, aparentemente gestionada por el ahora Papa\u2014o alguien de su equipo\u2014 y creada en 2011, ha compartido publicaciones en contra de muchas de las medidas migratorias de Trump durante sus dos presidencias: desde la separaci\u00f3n de familias migrantes a los intentos del republicano de despojar a los\u00a0<i>dreamers\u00a0<\/i>de sus protecciones.\u00a0<a href=\"https:\/\/x.com\/roccopalmo\/status\/1911914220850946211\" rel=\"\" data-link-track-dtm=\"\" data-mrf-link=\"https:\/\/x.com\/roccopalmo\/status\/1911914220850946211\">Su \u00faltimo post<\/a>, del 14 de abril, es un retuit de una columna escrita por un obispo auxiliar de la archidi\u00f3cesis de Washington, en la que preguntaba si Trump ve \u201cel sufrimiento\u201d causado por su agenda migratoria.<\/p>\n<p class=\"\">Steve Bannon, exestratega del presidente, se ha referido a esos tuits para reprender a Le\u00f3n XIV. \u201cMe resulta chocante que se pueda elegir para Papa a un tipo que ha tenido el Twitter y las declaraciones que ha tenido contra altos pol\u00edticos estadounidenses\u201d, se\u00f1al\u00f3 hace unos d\u00edas a la BBC. Agreg\u00f3 que \u201cdefinitivamente habr\u00e1 fricci\u00f3n\u201d entre Prevost y Trump, como ya la hubo entre Francisco y el republicano. Pero lanz\u00f3 una advertencia: \u201cRecuerden que el presidente Trump no tuvo reparos en arremeter contra el papa Francisco\u201d.<\/p>\n","protected":false},"excerpt":{"rendered":"<p>&nbsp; &nbsp; &#8211; Personas cercanas al Pont\u00edfice aseguran que no se quedar\u00e1 de brazos cruzados mientras el presidente de su pa\u00eds natal criminaliza, detiene y&hellip;<\/p>\n","protected":false},"author":99,"featured_media":531925,"comment_status":"open","ping_status":"open","sticky":false,"template":"","format":"standard","meta":{"footnotes":""},"categories":[],"tags":[],"class_list":["post-531924","post","type-post","status-publish","format-standard","has-post-thumbnail","hentry"],"_links":{"self":[{"href":"https:\/\/diarioelpopular.com\/index.php\/wp-json\/wp\/v2\/posts\/531924","targetHints":{"allow":["GET"]}}],"collection":[{"href":"https:\/\/diarioelpopular.com\/index.php\/wp-json\/wp\/v2\/posts"}],"about":[{"href":"https:\/\/diarioelpopular.com\/index.php\/wp-json\/wp\/v2\/types\/post"}],"author":[{"embeddable":true,"href":"https:\/\/diarioelpopular.com\/index.php\/wp-json\/wp\/v2\/users\/99"}],"replies":[{"embeddable":true,"href":"https:\/\/diarioelpopular.com\/index.php\/wp-json\/wp\/v2\/comments?post=531924"}],"version-history":[{"count":1,"href":"https:\/\/diarioelpopular.com\/index.php\/wp-json\/wp\/v2\/posts\/531924\/revisions"}],"predecessor-version":[{"id":531926,"href":"https:\/\/diarioelpopular.com\/index.php\/wp-json\/wp\/v2\/posts\/531924\/revisions\/531926"}],"wp:featuredmedia":[{"embeddable":true,"href":"https:\/\/diarioelpopular.com\/index.php\/wp-json\/wp\/v2\/media\/531925"}],"wp:attachment":[{"href":"https:\/\/diarioelpopular.com\/index.php\/wp-json\/wp\/v2\/media?parent=531924"}],"wp:term":[{"taxonomy":"category","embeddable":true,"href":"https:\/\/diarioelpopular.com\/index.php\/wp-json\/wp\/v2\/categories?post=531924"},{"taxonomy":"post_tag","embeddable":true,"href":"https:\/\/diarioelpopular.com\/index.php\/wp-json\/wp\/v2\/tags?post=531924"}],"curies":[{"name":"wp","href":"https:\/\/api.w.org\/{rel}","templated":true}]}}