{"id":531932,"date":"2025-05-13T10:09:35","date_gmt":"2025-05-13T14:09:35","guid":{"rendered":"https:\/\/diarioelpopular.com\/?p=531932"},"modified":"2025-05-13T10:09:35","modified_gmt":"2025-05-13T14:09:35","slug":"argentina-descubre-cientos-de-libretas-de-afiliados-al-partido-nazi-ocultas-en-cajas-desde-1941","status":"publish","type":"post","link":"https:\/\/diarioelpopular.com\/index.php\/2025\/05\/13\/argentina-descubre-cientos-de-libretas-de-afiliados-al-partido-nazi-ocultas-en-cajas-desde-1941\/","title":{"rendered":"Argentina descubre cientos de libretas de afiliados al partido nazi ocultas en cajas desde 1941"},"content":{"rendered":"<div id=\"attachment_531933\" style=\"width: 1210px\" class=\"wp-caption alignnone\"><img loading=\"lazy\" decoding=\"async\" aria-describedby=\"caption-attachment-531933\" class=\"wp-image-531933 size-custom-big-size\" src=\"https:\/\/diarioelpopular.com\/wp-content\/uploads\/2025\/05\/Screen-Shot-2025-05-13-at-10.08.43-AM-1200x803.png\" alt=\"\" width=\"1200\" height=\"803\" srcset=\"https:\/\/diarioelpopular.com\/wp-content\/uploads\/2025\/05\/Screen-Shot-2025-05-13-at-10.08.43-AM-1200x803.png 1200w, https:\/\/diarioelpopular.com\/wp-content\/uploads\/2025\/05\/Screen-Shot-2025-05-13-at-10.08.43-AM-300x201.png 300w, https:\/\/diarioelpopular.com\/wp-content\/uploads\/2025\/05\/Screen-Shot-2025-05-13-at-10.08.43-AM-768x514.png 768w, https:\/\/diarioelpopular.com\/wp-content\/uploads\/2025\/05\/Screen-Shot-2025-05-13-at-10.08.43-AM-636x425.png 636w, https:\/\/diarioelpopular.com\/wp-content\/uploads\/2025\/05\/Screen-Shot-2025-05-13-at-10.08.43-AM-80x55.png 80w, https:\/\/diarioelpopular.com\/wp-content\/uploads\/2025\/05\/Screen-Shot-2025-05-13-at-10.08.43-AM-109x73.png 109w, https:\/\/diarioelpopular.com\/wp-content\/uploads\/2025\/05\/Screen-Shot-2025-05-13-at-10.08.43-AM.png 1024w\" sizes=\"auto, (max-width: 1200px) 100vw, 1200px\" \/><p id=\"caption-attachment-531933\" class=\"wp-caption-text\">Una persona sostiene material relacionado con el nazismo en la Corte Suprema de Justicia de la Rep\u00fablica Argentina, el 11 de mayo. Corte Suprema de Justicia de la (via REUTERS)<\/p><\/div>\n<p>&nbsp;<\/p>\n<h4 class=\"a_st\"><em>&#8211; La Corte Suprema de Justicia entrega a los investigadores propaganda y documentos hallados en el subsuelo del edificio<\/em><\/h4>\n<p>&nbsp;<\/p>\n<p class=\"\">Doce cajas de madera arrinconadas durante m\u00e1s de 80 a\u00f1os en el subsuelo del Palacio de Tribunales de Buenos Aires abren una nueva puerta al\u00a0<a title=\"https:\/\/elpais.com\/internacional\/2015\/04\/28\/actualidad\/1430237993_144325.html\" href=\"https:\/\/elpais.com\/internacional\/2015\/04\/28\/actualidad\/1430237993_144325.html\" target=\"_self\" rel=\"\" data-link-track-dtm=\"\" data-mrf-link=\"https:\/\/elpais.com\/internacional\/2015\/04\/28\/actualidad\/1430237993_144325.html\">pasado nazi de Argentina<\/a>. Contienen cientos de libretas de afiliados al partido nazi en el exterior, pasaportes, documentos y material de propaganda del r\u00e9gimen de Adolf Hitler que son un viaje en el tiempo hasta 1941, en plena Segunda Guerra Mundial. La Corte Suprema de Justicia\u00a0<a title=\"https:\/\/www.csjn.gov.ar\/novedades\/detalle\/9842\" href=\"https:\/\/www.csjn.gov.ar\/novedades\/detalle\/9842\" target=\"_self\" rel=\"\" data-link-track-dtm=\"\" data-mrf-link=\"https:\/\/www.csjn.gov.ar\/novedades\/detalle\/9842\">inform\u00f3 este lunes<\/a>\u00a0<a title=\"https:\/\/www.csjn.gov.ar\/novedades\/detalle\/9842\" href=\"https:\/\/www.csjn.gov.ar\/novedades\/detalle\/9842\" target=\"_blank\" rel=\"noopener\" data-link-track-dtm=\"\" data-mrf-link=\"https:\/\/www.csjn.gov.ar\/novedades\/detalle\/9842\">a trav\u00e9s de un comunicado<\/a>\u00a0que el hallazgo ocurri\u00f3 \u201cde manera fortuita\u201d durante las obras de preparaci\u00f3n del futuro museo de este organismo judicial.<\/p>\n<p class=\"\">Las cajas fueron enviadas por la embajada alemana en Tokio a bordo del buque japon\u00e9s Nan-a-Maru e ingresaron al puerto de Buenos Aires el 20 de junio de 1941, seg\u00fan la reconstrucci\u00f3n realizada por el m\u00e1ximo tribunal argentino. La representaci\u00f3n diplom\u00e1tica declar\u00f3 su contenido como \u201cefectos personales\u201d para evitar la inspecci\u00f3n, pero fracas\u00f3. La Aduana fren\u00f3 el cargamento y avis\u00f3 a la Canciller\u00eda \u201csobre la naturaleza del material, que podr\u00eda afectar la neutralidad argentina ante el conflicto europeo\u201d.<\/p>\n<p class=\"\">Al revisar el contenido, los funcionarios argentinos encontraron material propagand\u00edstico del r\u00e9gimen alem\u00e1n, fotograf\u00edas, postales y miles de libretas: algunas pertenecientes a la Organizaci\u00f3n del Partido Nacionalsocialista Obrero Alem\u00e1n en el exterior y otras a la Uni\u00f3n Alemana de Gremios, simpatizante con el nazismo. Estas \u00faltimas, de color rojo, ten\u00edan una esv\u00e1stica rodeada de un engranaje en la tapa. Tambi\u00e9n aparecieron sobres con documentos con el mismo logotipo y fichas con nombres, apellidos y n\u00fameros de afiliaci\u00f3n.<\/p>\n<p>&nbsp;<\/p>\n<figure class=\"a_m a_m-h \">\n<p><div style=\"width: 424px\" class=\"wp-caption alignnone\"><img loading=\"lazy\" decoding=\"async\" class=\"_re lazyload a_m-h\" src=\"https:\/\/imagenes.elpais.com\/resizer\/v2\/YBE6M6S33VHH5APA6VRGCN7OYA.jpg?auth=97cd27ab1e6894c776b90f3072db11e9ec2ccac39694f75e760a384306f6f756&amp;width=414\" sizes=\"auto, (min-width:1199px) 1155px,(min-width:1001px) calc(100vw - 44px),(min-width:768px) 767px, 100vw\" srcset=\"https:\/\/imagenes.elpais.com\/resizer\/v2\/YBE6M6S33VHH5APA6VRGCN7OYA.jpg?auth=97cd27ab1e6894c776b90f3072db11e9ec2ccac39694f75e760a384306f6f756&amp;width=414 414w,https:\/\/imagenes.elpais.com\/resizer\/v2\/YBE6M6S33VHH5APA6VRGCN7OYA.jpg?auth=97cd27ab1e6894c776b90f3072db11e9ec2ccac39694f75e760a384306f6f756&amp;width=828 640w,https:\/\/imagenes.elpais.com\/resizer\/v2\/YBE6M6S33VHH5APA6VRGCN7OYA.jpg?auth=97cd27ab1e6894c776b90f3072db11e9ec2ccac39694f75e760a384306f6f756&amp;width=980 1000w,https:\/\/imagenes.elpais.com\/resizer\/v2\/YBE6M6S33VHH5APA6VRGCN7OYA.jpg?auth=97cd27ab1e6894c776b90f3072db11e9ec2ccac39694f75e760a384306f6f756&amp;width=1960 1960w\" alt=\"La investigadora Marcia Ras, el rabino Eliahu Hamra, el director ejecutivo del Museo del Holocausto de Buenos Aires, Jonathan Karszenbaum, el presidente de la Corte Suprema, Horacio Rosatti, y Pablo Lamounat, director del Centro de Asistencia Judicial Federal, inspeccionan documentos asociados con el r\u00e9gimen nazi.\" width=\"414\" height=\"276\" \/><p class=\"wp-caption-text\">La investigadora Marcia Ras, el rabino Eliahu Hamra, el director ejecutivo del Museo del Holocausto de Buenos Aires, Jonathan Karszenbaum, el presidente de la Corte Suprema, Horacio Rosatti, y Pablo Lamounat, director del Centro de Asistencia Judicial Federal, inspeccionan documentos asociados con el r\u00e9gimen nazi. Foto AP<\/p><\/div><figcaption class=\"a_m_p\" aria-hidden=\"true\"><\/figcaption><\/figure>\n<p class=\"\"><a title=\"https:\/\/museodelholocausto.org.ar\/\" href=\"https:\/\/museodelholocausto.org.ar\/\" target=\"_blank\" rel=\"noopener\" data-link-track-dtm=\"\" data-mrf-link=\"https:\/\/museodelholocausto.org.ar\/\">El Museo del Holocausto de Buenos Aires<\/a>\u00a0est\u00e1 a cargo de digitalizar la informaci\u00f3n encontrada e investigar sobre ella. \u201cLo m\u00e1s relevante es el volumen de material documental encontrado\u201d, dice por tel\u00e9fono el director ejecutivo del Museo, Jonathan Karszenbaum. Este polit\u00f3logo especializado en derechos humanos presenci\u00f3 la apertura de las primeras cajas el pasado viernes. \u201cHay que esperar a que se termine la digitalizaci\u00f3n\u201d, agrega con cautela. Aunque la hip\u00f3tesis m\u00e1s aceptada sobre el origen de la documentaci\u00f3n es la de la embajada alemana en Tokio, Karszenbaum no la considera definitiva por ahora.<\/p>\n<p class=\"\">En 2020, el investigador Pedro Filipuzzi encontr\u00f3 un viejo\u00a0<a title=\"https:\/\/elpais.com\/america\/internacional\/2020-03-03\/un-documento-oculto-durante-casi-80-anos-revela-la-ruta-del-dinero-nazi-desde-argentina.html\" href=\"https:\/\/elpais.com\/america\/internacional\/2020-03-03\/un-documento-oculto-durante-casi-80-anos-revela-la-ruta-del-dinero-nazi-desde-argentina.html\" target=\"_self\" rel=\"\" data-link-track-dtm=\"\" data-mrf-link=\"https:\/\/elpais.com\/america\/internacional\/2020-03-03\/un-documento-oculto-durante-casi-80-anos-revela-la-ruta-del-dinero-nazi-desde-argentina.html\">listado con los nombres de 12.000 simpatizantes nazis en Argentina<\/a>. Es posible que muchas de las libretas encontradas en las cajas correspondan con ese listado de finales de los a\u00f1os 30. \u201cLos nombres se conoc\u00edan, la informaci\u00f3n nueva es la propia libreta\u201d, subraya el director ejecutivo del Museo del Holocausto.<\/p>\n<h3 class=\"\">Apoyo entre la comunidad alemana<\/h3>\n<p class=\"\">\u201cEran afiliados al partido nazi, que entendemos que eran germano parlantes residentes en el pa\u00eds, descendientes de alemanes o austr\u00edacos\u201d, se\u00f1ala Karszenbaum. El apoyo al F\u00fchrer en esa comunidad se plasm\u00f3 en actos multitudinarios como\u00a0<a title=\"https:\/\/elpais.com\/cultura\/2017\/05\/17\/actualidad\/1495040402_437816.html\" href=\"https:\/\/elpais.com\/cultura\/2017\/05\/17\/actualidad\/1495040402_437816.html\" target=\"_self\" rel=\"\" data-link-track-dtm=\"\" data-mrf-link=\"https:\/\/elpais.com\/cultura\/2017\/05\/17\/actualidad\/1495040402_437816.html\">el celebrado en 1938 en el estadio Luna Park de Buenos Aires, al que asistieron cerca de 20.000 personas<\/a>. Ese respaldo, sin embargo, no era un\u00e1nime. \u201cEl mismo d\u00eda del evento en el Luna Park hubo una contramarcha en la Plaza San Mart\u00edn\u201d, pone como ejemplo.<\/p>\n<p class=\"\">Karszenbaum duda que las libretas pertenezcan a criminales de guerra por el momento hist\u00f3rico al que pertenecen: \u201cEn 1941 la perspectiva en Alemania era de triunfo, no estaban escapando\u201d. El escenario cambi\u00f3 tras la derrota del Eje, en 1945. A finales de esa d\u00e9cada, varios jefes nazis cruzaron el oc\u00e9ano Atl\u00e1ntico escapando de la Justicia.\u00a0<a title=\"https:\/\/elpais.com\/argentina\/2025-04-30\/las-huellas-en-argentina-de-los-nazis-mengele-y-eichmann.html\" href=\"https:\/\/elpais.com\/argentina\/2025-04-30\/las-huellas-en-argentina-de-los-nazis-mengele-y-eichmann.html\" target=\"_self\" rel=\"\" data-link-track-dtm=\"\" data-mrf-link=\"https:\/\/elpais.com\/argentina\/2025-04-30\/las-huellas-en-argentina-de-los-nazis-mengele-y-eichmann.html\">Adolf Eichmann, considerado el cerebro del Holocausto, y el despiadado m\u00e9dico Josef Mengele<\/a>\u00a0fueron dos de los criminales de guerra que se ocultaron en Argentina.<\/p>\n<p>&nbsp;<\/p>\n<figure class=\"a_m a_m-h \">\n<p><div style=\"width: 424px\" class=\"wp-caption alignnone\"><img loading=\"lazy\" decoding=\"async\" class=\"_re lazyload a_m-h\" src=\"https:\/\/imagenes.elpais.com\/resizer\/v2\/IDENVTLI55M3SNORQJ5JLI55D4.jpg?auth=a1f25e36233483d913a924d39e77c527854c909efac219dc974706d1858d90b5&amp;width=414\" sizes=\"auto, (min-width:1199px) 1155px,(min-width:1001px) calc(100vw - 44px),(min-width:768px) 767px, 100vw\" srcset=\"https:\/\/imagenes.elpais.com\/resizer\/v2\/IDENVTLI55M3SNORQJ5JLI55D4.jpg?auth=a1f25e36233483d913a924d39e77c527854c909efac219dc974706d1858d90b5&amp;width=414 414w,https:\/\/imagenes.elpais.com\/resizer\/v2\/IDENVTLI55M3SNORQJ5JLI55D4.jpg?auth=a1f25e36233483d913a924d39e77c527854c909efac219dc974706d1858d90b5&amp;width=828 640w,https:\/\/imagenes.elpais.com\/resizer\/v2\/IDENVTLI55M3SNORQJ5JLI55D4.jpg?auth=a1f25e36233483d913a924d39e77c527854c909efac219dc974706d1858d90b5&amp;width=980 1000w,https:\/\/imagenes.elpais.com\/resizer\/v2\/IDENVTLI55M3SNORQJ5JLI55D4.jpg?auth=a1f25e36233483d913a924d39e77c527854c909efac219dc974706d1858d90b5&amp;width=1960 1960w\" alt=\"Documentos asociados con el r\u00e9gimen nazi en cajas encontradas por el personal en los archivos de la corte en Buenos Aires.\" width=\"414\" height=\"276\" \/><p class=\"wp-caption-text\">Documentos asociados con el r\u00e9gimen nazi en cajas encontradas por el personal en los archivos de la corte en Buenos Aires. AP<\/p><\/div><figcaption class=\"a_m_p\" aria-hidden=\"true\"><\/figcaption><\/figure>\n<p>&nbsp;<\/p>\n<p class=\"\">Entre el material encontrado hay sellos que indican aportes econ\u00f3micos y los investigadores conf\u00edan en que pueda arrojar luz sobre\u00a0<a title=\"https:\/\/elpais.com\/america\/internacional\/2020-03-03\/un-documento-oculto-durante-casi-80-anos-revela-la-ruta-del-dinero-nazi-desde-argentina.html\" href=\"https:\/\/elpais.com\/america\/internacional\/2020-03-03\/un-documento-oculto-durante-casi-80-anos-revela-la-ruta-del-dinero-nazi-desde-argentina.html\" target=\"_self\" rel=\"\" data-link-track-dtm=\"\" data-mrf-link=\"https:\/\/elpais.com\/america\/internacional\/2020-03-03\/un-documento-oculto-durante-casi-80-anos-revela-la-ruta-del-dinero-nazi-desde-argentina.html\">la conocida como ruta del dinero nazi en Argentina<\/a>. \u201cEs muy pronto para saber si hay evidencias, por ahora es una conjetura que se viene sosteniendo\u201d, dice Karszenbaum.<\/p>\n<p class=\"\">Seg\u00fan la Corte Suprema, los representantes diplom\u00e1ticos alemanes intentaron recuperar las cajas incautadas en Argentina en 1941. Solicitaron que fueran devueltas a su embajada en Tokio, pero la Comisi\u00f3n especial investigadora de actividades anti argentinas de la C\u00e1mara de Diputados los fren\u00f3 en la Justicia. La Comisi\u00f3n sostuvo que se trataba de \u201cpropaganda antidemocr\u00e1tica y lesiva para las naciones aliadas de Argentina en el material ya examinado\u201d y advirti\u00f3 que la embajada alemana ya hab\u00eda mentido con anterioridad al intentar ingresar un transmisor radiotelegr\u00e1fico como correo diplom\u00e1tico.<\/p>\n<p class=\"\">La Justicia deneg\u00f3 en ese momento la repatriaci\u00f3n del material, pero la investigaci\u00f3n cay\u00f3 en punto muerto tras el golpe de Estado ocurrido en Argentina el 4 de junio de 1943 contra el presidente, el militar Ram\u00f3n Castillo. El r\u00e9gimen liderado por el Grupo de Oficiales Unidos, entre quienes estaba Juan Domingo Per\u00f3n, cerr\u00f3 el Congreso y la Comisi\u00f3n investigadora dej\u00f3 de existir. La pista sobre el contenido de las cajas se perdi\u00f3 hasta reaparecer este 2025 por azar.<\/p>\n","protected":false},"excerpt":{"rendered":"<p>&nbsp; &#8211; La Corte Suprema de Justicia entrega a los investigadores propaganda y documentos hallados en el subsuelo del edificio &nbsp; Doce cajas de madera&hellip;<\/p>\n","protected":false},"author":99,"featured_media":531933,"comment_status":"open","ping_status":"open","sticky":false,"template":"","format":"standard","meta":{"footnotes":""},"categories":[],"tags":[],"class_list":["post-531932","post","type-post","status-publish","format-standard","has-post-thumbnail","hentry"],"_links":{"self":[{"href":"https:\/\/diarioelpopular.com\/index.php\/wp-json\/wp\/v2\/posts\/531932","targetHints":{"allow":["GET"]}}],"collection":[{"href":"https:\/\/diarioelpopular.com\/index.php\/wp-json\/wp\/v2\/posts"}],"about":[{"href":"https:\/\/diarioelpopular.com\/index.php\/wp-json\/wp\/v2\/types\/post"}],"author":[{"embeddable":true,"href":"https:\/\/diarioelpopular.com\/index.php\/wp-json\/wp\/v2\/users\/99"}],"replies":[{"embeddable":true,"href":"https:\/\/diarioelpopular.com\/index.php\/wp-json\/wp\/v2\/comments?post=531932"}],"version-history":[{"count":1,"href":"https:\/\/diarioelpopular.com\/index.php\/wp-json\/wp\/v2\/posts\/531932\/revisions"}],"predecessor-version":[{"id":531934,"href":"https:\/\/diarioelpopular.com\/index.php\/wp-json\/wp\/v2\/posts\/531932\/revisions\/531934"}],"wp:featuredmedia":[{"embeddable":true,"href":"https:\/\/diarioelpopular.com\/index.php\/wp-json\/wp\/v2\/media\/531933"}],"wp:attachment":[{"href":"https:\/\/diarioelpopular.com\/index.php\/wp-json\/wp\/v2\/media?parent=531932"}],"wp:term":[{"taxonomy":"category","embeddable":true,"href":"https:\/\/diarioelpopular.com\/index.php\/wp-json\/wp\/v2\/categories?post=531932"},{"taxonomy":"post_tag","embeddable":true,"href":"https:\/\/diarioelpopular.com\/index.php\/wp-json\/wp\/v2\/tags?post=531932"}],"curies":[{"name":"wp","href":"https:\/\/api.w.org\/{rel}","templated":true}]}}