{"id":531965,"date":"2025-05-14T09:26:59","date_gmt":"2025-05-14T13:26:59","guid":{"rendered":"https:\/\/diarioelpopular.com\/?p=531965"},"modified":"2025-05-14T09:26:59","modified_gmt":"2025-05-14T13:26:59","slug":"el-enfrentamiento-entre-milei-y-macri-escala-con-acusaciones-de-pactos-espurios-nerviosismo-y-alucinaciones","status":"publish","type":"post","link":"https:\/\/diarioelpopular.com\/index.php\/2025\/05\/14\/el-enfrentamiento-entre-milei-y-macri-escala-con-acusaciones-de-pactos-espurios-nerviosismo-y-alucinaciones\/","title":{"rendered":"El enfrentamiento entre Milei y Macri escala con acusaciones de pactos espurios, nerviosismo y alucinaciones"},"content":{"rendered":"<div id=\"attachment_531966\" style=\"width: 1210px\" class=\"wp-caption alignnone\"><img loading=\"lazy\" decoding=\"async\" aria-describedby=\"caption-attachment-531966\" class=\"wp-image-531966 size-custom-big-size\" src=\"https:\/\/diarioelpopular.com\/wp-content\/uploads\/2025\/05\/Screen-Shot-2025-05-14-at-9.25.06-AM-1200x673.png\" alt=\"\" width=\"1200\" height=\"673\" srcset=\"https:\/\/diarioelpopular.com\/wp-content\/uploads\/2025\/05\/Screen-Shot-2025-05-14-at-9.25.06-AM-1200x673.png 1200w, https:\/\/diarioelpopular.com\/wp-content\/uploads\/2025\/05\/Screen-Shot-2025-05-14-at-9.25.06-AM-300x168.png 300w, https:\/\/diarioelpopular.com\/wp-content\/uploads\/2025\/05\/Screen-Shot-2025-05-14-at-9.25.06-AM-768x430.png 768w, https:\/\/diarioelpopular.com\/wp-content\/uploads\/2025\/05\/Screen-Shot-2025-05-14-at-9.25.06-AM-1536x861.png 1536w, https:\/\/diarioelpopular.com\/wp-content\/uploads\/2025\/05\/Screen-Shot-2025-05-14-at-9.25.06-AM-636x356.png 636w, https:\/\/diarioelpopular.com\/wp-content\/uploads\/2025\/05\/Screen-Shot-2025-05-14-at-9.25.06-AM-130x73.png 130w, https:\/\/diarioelpopular.com\/wp-content\/uploads\/2025\/05\/Screen-Shot-2025-05-14-at-9.25.06-AM.png 1024w\" sizes=\"auto, (max-width: 1200px) 100vw, 1200px\" \/><p id=\"caption-attachment-531966\" class=\"wp-caption-text\">Javier Milei y Mauricio Macri en una composici\u00f3n fotogr\u00e1fica. Getty Images<\/p><\/div>\n<p>&nbsp;<\/p>\n<p>&nbsp;<\/p>\n<h4 class=\"a_st\"><em>&#8211; El presidente ultra de Argentina y el exmandatario profundizan su disputa por encabezar a los sectores de derecha y antiperonistas<\/em><\/h4>\n<p>&nbsp;<\/p>\n<p class=\"\">La inminencia de las elecciones exacerba el pulso entre\u00a0<a title=\"https:\/\/elpais.com\/argentina\/2025-05-13\/el-gobierno-de-milei-afronta-un-escandalo-de-desvio-de-fondos-publicos-para-financiar-a-su-partido.html\" href=\"https:\/\/elpais.com\/argentina\/2025-05-13\/el-gobierno-de-milei-afronta-un-escandalo-de-desvio-de-fondos-publicos-para-financiar-a-su-partido.html\" target=\"_self\" rel=\"\" data-link-track-dtm=\"\" data-mrf-link=\"https:\/\/elpais.com\/argentina\/2025-05-13\/el-gobierno-de-milei-afronta-un-escandalo-de-desvio-de-fondos-publicos-para-financiar-a-su-partido.html\">Javier Milei<\/a>\u00a0y el expresidente Mauricio Macri por quedarse con el cetro de la derecha en Argentina. El enfrentamiento se intensific\u00f3 en los \u00faltimos d\u00edas, despu\u00e9s del fracaso en el Congreso de\u00a0<a title=\"https:\/\/elpais.com\/argentina\/2025-05-08\/el-senado-argentino-rechaza-una-ley-de-ficha-limpia-que-sacaba-a-cristina-kirchner-de-la-carrera-politica.html\" href=\"https:\/\/elpais.com\/argentina\/2025-05-08\/el-senado-argentino-rechaza-una-ley-de-ficha-limpia-que-sacaba-a-cristina-kirchner-de-la-carrera-politica.html\" target=\"_self\" rel=\"\" data-link-track-dtm=\"\" data-mrf-link=\"https:\/\/elpais.com\/argentina\/2025-05-08\/el-senado-argentino-rechaza-una-ley-de-ficha-limpia-que-sacaba-a-cristina-kirchner-de-la-carrera-politica.html\">un proyecto de ley de \u201cficha limpia\u201d<\/a>.<\/p>\n<p class=\"\">Esa norma buscaba impedir que sean candidatos quienes tengan una condena por corrupci\u00f3n confirmada en segunda instancia y, en los hechos, hubiera implicado la exclusi\u00f3n electoral de Cristina Kirchner. Milei y Macri se acusaron mutuamente de haber pactado con la exmandataria peronista para que la ley no se aprobara. \u201cHubo un acuerdo entre Cristina y Macri para ensuciarme a m\u00ed\u201d, dijo el presidente ultra. Macri respondi\u00f3 que esas declaraciones fueron \u201crealmente una alucinaci\u00f3n seria\u201d.<\/p>\n<p class=\"\">Los partidos que encabezan Milei y Macri \u2014La Libertad Avanza y el PRO\u2014 protagonizar\u00e1n la disputa del pr\u00f3ximo domingo en los comicios legislativos de la ciudad de Buenos Aires. La capital del pa\u00eds es gobernada por el PRO desde 2007 y los libertarios aspiran a destronarlo. Tanto es as\u00ed que Milei ha participado activamente de la campa\u00f1a electoral y ha postulado a su vocero, Manuel Adorni, al frente de la lista.<\/p>\n<p class=\"\">La ca\u00edda de \u201cficha limpia\u201d, el jueves pasado, abri\u00f3 un sinn\u00famero de especulaciones. El proyecto que impulsaban tanto el PRO como LLA, y que resist\u00eda el peronismo, fue rechazado por la falta de un voto. En el desenlace fue determinante el cambio repentino de dos legisladores de la provincia de Misiones, habituales aliados del Gobierno libertario. El l\u00edder de los misioneros se\u00f1alados, el exgobernador Carlos Rovira, dej\u00f3 trascender que el cambio se debi\u00f3 a un pedido expreso de Milei, a quien le convendr\u00eda la participaci\u00f3n de\u00a0<a title=\"https:\/\/elpais.com\/argentina\/2025-04-15\/cristina-kirchner-cede-y-ordena-una-tregua-en-la-guerra-interna-del-peronismo.html\" href=\"https:\/\/elpais.com\/argentina\/2025-04-15\/cristina-kirchner-cede-y-ordena-una-tregua-en-la-guerra-interna-del-peronismo.html\" target=\"_self\" rel=\"\" data-link-track-dtm=\"\" data-mrf-link=\"https:\/\/elpais.com\/argentina\/2025-04-15\/cristina-kirchner-cede-y-ordena-una-tregua-en-la-guerra-interna-del-peronismo.html\">Cristina Kirchner<\/a>\u00a0para polarizar las elecciones.<\/p>\n<p class=\"\">El PRO aval\u00f3 esa versi\u00f3n y acus\u00f3 a Milei de no haber garantizado el voto favorable de sus aliados. \u201cEste Gobierno defraud\u00f3 a millones de argentinos<b>\u00a0<\/b>en la esperanza, en la ilusi\u00f3n de ir hacia una sociedad normal en donde los corruptos no puedan participar de la pol\u00edtica&#8221;, apunt\u00f3 Macri. El presidente ultra respondi\u00f3 el lunes, en una entrevista con el canal de televisi\u00f3n Telef\u00e9. \u201cHubo un acuerdo entre Cristina y Macri para ensuciarme a m\u00ed. \u00bfSabes por qu\u00e9? Porque el \u00fanico que pierde con esto soy yo. \u00bfQu\u00e9 es lo que hace Cristina? Logra que no salga ficha limpia y Macri me ensucia a m\u00ed, digamos, para conseguir una ventajita electoral. Eso es la pol\u00edtica argentina\u201d, dijo Milei.<\/p>\n<p class=\"\">La discusi\u00f3n no se detuvo ah\u00ed. \u201cJavier, tus declaraciones sobre la votaci\u00f3n de ficha limpia son realmente una alucinaci\u00f3n seria. No puedo creer lo poco que me conoc\u00e9s. La desilusi\u00f3n que tengo es infinita\u201d, continu\u00f3 Macri a trav\u00e9s de sus redes sociales. El siguiente contrapunto estuvo a cargo del jefe de Gabinete de Milei,\u00a0<a title=\"https:\/\/elpais.com\/argentina\/2025-04-30\/el-jefe-de-ministros-de-milei-interpelado-en-el-congreso-por-libra-el-presidente-solo-difundio-informacion-publica.html\" href=\"https:\/\/elpais.com\/argentina\/2025-04-30\/el-jefe-de-ministros-de-milei-interpelado-en-el-congreso-por-libra-el-presidente-solo-difundio-informacion-publica.html\" target=\"_self\" rel=\"\" data-link-track-dtm=\"\" data-mrf-link=\"https:\/\/elpais.com\/argentina\/2025-04-30\/el-jefe-de-ministros-de-milei-interpelado-en-el-congreso-por-libra-el-presidente-solo-difundio-informacion-publica.html\">Guillermo Francos<\/a>. \u201cEs un enfrentamiento en el contexto de una campa\u00f1a electoral donde Macri est\u00e1 exaltado y nervioso por poner en juego su reducto pol\u00edtico, le debe parecer que lo pierde\u201d, desafi\u00f3 el ministro coordinador este martes. Y abund\u00f3: \u201c[Macri] perdi\u00f3 la compostura [&#8230;] Echarle la culpa a Milei del fracaso del tratamiento de la ley es absurdo, no tiene sentido, \u00e9l no tuvo nada que ver\u201d.<\/p>\n<p class=\"\">Si bien Milei ha usufructuado largamente el respaldo parlamentario de Macri para poder gobernar, nunca se ha formalizado una alianza entre sus partidos, pese a que representan electorados afines y pretenden liderar el voto antiperonista. De cara a las elecciones de este a\u00f1o, solo hubo acuerdos puntuales en algunos distritos. La discusi\u00f3n sobre una posible alianza a nivel nacional o, al menos, en la populosa provincia de Buenos Aires promet\u00eda zanjarse, a favor o en contra, con el resultado y el tenor de la disputa en la capital argentina. La cuesti\u00f3n comenzar\u00e1 a dirimirse este domingo, pero, por ahora, parece primar la segunda opci\u00f3n.<\/p>\n","protected":false},"excerpt":{"rendered":"<p>&nbsp; &nbsp; &#8211; El presidente ultra de Argentina y el exmandatario profundizan su disputa por encabezar a los sectores de derecha y antiperonistas &nbsp; La&hellip;<\/p>\n","protected":false},"author":99,"featured_media":531966,"comment_status":"open","ping_status":"open","sticky":false,"template":"","format":"standard","meta":{"footnotes":""},"categories":[],"tags":[],"class_list":["post-531965","post","type-post","status-publish","format-standard","has-post-thumbnail","hentry"],"_links":{"self":[{"href":"https:\/\/diarioelpopular.com\/index.php\/wp-json\/wp\/v2\/posts\/531965","targetHints":{"allow":["GET"]}}],"collection":[{"href":"https:\/\/diarioelpopular.com\/index.php\/wp-json\/wp\/v2\/posts"}],"about":[{"href":"https:\/\/diarioelpopular.com\/index.php\/wp-json\/wp\/v2\/types\/post"}],"author":[{"embeddable":true,"href":"https:\/\/diarioelpopular.com\/index.php\/wp-json\/wp\/v2\/users\/99"}],"replies":[{"embeddable":true,"href":"https:\/\/diarioelpopular.com\/index.php\/wp-json\/wp\/v2\/comments?post=531965"}],"version-history":[{"count":1,"href":"https:\/\/diarioelpopular.com\/index.php\/wp-json\/wp\/v2\/posts\/531965\/revisions"}],"predecessor-version":[{"id":531967,"href":"https:\/\/diarioelpopular.com\/index.php\/wp-json\/wp\/v2\/posts\/531965\/revisions\/531967"}],"wp:featuredmedia":[{"embeddable":true,"href":"https:\/\/diarioelpopular.com\/index.php\/wp-json\/wp\/v2\/media\/531966"}],"wp:attachment":[{"href":"https:\/\/diarioelpopular.com\/index.php\/wp-json\/wp\/v2\/media?parent=531965"}],"wp:term":[{"taxonomy":"category","embeddable":true,"href":"https:\/\/diarioelpopular.com\/index.php\/wp-json\/wp\/v2\/categories?post=531965"},{"taxonomy":"post_tag","embeddable":true,"href":"https:\/\/diarioelpopular.com\/index.php\/wp-json\/wp\/v2\/tags?post=531965"}],"curies":[{"name":"wp","href":"https:\/\/api.w.org\/{rel}","templated":true}]}}